{"id":16714,"date":"2009-04-05T10:20:37","date_gmt":"2009-04-05T08:20:37","guid":{"rendered":"http:\/\/www.visit-ulcinj.com\/blog\/?p=16714"},"modified":"2009-04-05T10:20:37","modified_gmt":"2009-04-05T08:20:37","slug":"prejardhja-e-fjales-aktor","status":"publish","type":"post","link":"https:\/\/www.visit-ulcinj.com\/blog\/2009\/04\/05\/prejardhja-e-fjales-aktor\/","title":{"rendered":"Prejardhja e fjal\u00ebs aktor"},"content":{"rendered":"<p><em><span class=\"newsdate\"><a href=\"http:\/\/www.visit-ulcinj.com\/blog\/wp-content\/uploads\/2009\/04\/aida-per-fjalen-aktor.jpg\"><img loading=\"lazy\" class=\"alignleft size-full wp-image-16715\" title=\"aida-per-fjalen-aktor-big-brother-albania-2\" src=\"http:\/\/www.visit-ulcinj.com\/blog\/wp-content\/uploads\/2009\/04\/aida-per-fjalen-aktor.jpg\" alt=\"aida-per-fjalen-aktor-big-brother-albania-2\" width=\"300\" height=\"205\" \/><\/a>03\/04\/09 00:00<\/span><\/em><\/p>\n<p>Diskutimi i banor\u00ebve p\u00ebr personazhet dhe figurat e ndryshme t\u00eb artit dhe jo vet\u00ebm, ka v\u00ebn\u00eb p\u00ebrball\u00eb Aid\u00ebn dhe Republik\u00ebn. Sipas Republik\u00ebs aktori italian Raul Bova, p\u00eblqehet prej saj sepse \u00ebsht\u00eb i bukur, interpreton mir\u00eb dhe \u00ebsht\u00eb njeri serioz. Aida e pyeti at\u00eb se ku e dinte ajo sesa serioz ishte si njeri, pra n\u00eb jet\u00ebn e tij t\u00eb p\u00ebrditshme, Raul Bova. Republika tha se e kuptonte nga rolet dhe m\u00ebnyra sesi luante.\u201dUn\u00eb kam m\u00ebnyr\u00ebn time t\u00eb t\u00eb parit, ti ke t\u00ebnden!\u201d \u2013 i ka th\u00ebn\u00eb ajo Aid\u00ebs. Sipas Aid\u00ebs, n\u00eb nj\u00eb film, aktori nuk tregon veten, por personazhin q\u00eb interpreton dhe nga roli q\u00eb luan, nuk ka sesi t\u00eb kuptohet se cfar\u00eb njeriu \u00ebsht\u00eb, aq m\u00eb tep\u00ebr q\u00eb her\u00eb pas here nj\u00eb aktor interpreton role t\u00eb ndryshme. Ajo u ka shpjeguar Republik\u00ebs dhe t\u00eb tjer\u00ebve, se edhe vet fjala aktor vjen nga fjala greke hipokritis. Kjo gj\u00eb ka shkaktuar habin\u00eb e tyre. Faktikisht, fjala e greqishtes s\u00eb vjet\u00ebr p\u00ebr fjal\u00ebn e sotme aktor \u00ebsht\u00eb pik\u00ebrisht \u201c?????????\u201d, hipokritis, q\u00eb do t\u00eb thot\u00eb \u201cai q\u00eb interpreton\u201d. M\u00eb pas kjo fjal\u00eb ka marr\u00eb kuptimin tjet\u00ebr, at\u00eb t\u00eb atij q\u00eb shtiret, q\u00eb nuk \u00ebsht\u00eb ai q\u00eb shfaqet.<\/p>\n","protected":false},"excerpt":{"rendered":"<p>03\/04\/09 00:00 Diskutimi i banor\u00ebve p\u00ebr personazhet dhe figurat e ndryshme t\u00eb artit dhe jo vet\u00ebm, ka v\u00ebn\u00eb p\u00ebrball\u00eb Aid\u00ebn dhe Republik\u00ebn. Sipas Republik\u00ebs aktori italian Raul Bova, p\u00eblqehet prej saj sepse \u00ebsht\u00eb i bukur, interpreton mir\u00eb dhe \u00ebsht\u00eb njeri serioz. Aida e pyeti at\u00eb se ku e dinte ajo sesa serioz ishte si njeri, [&hellip;]<\/p>\n","protected":false},"author":1,"featured_media":0,"comment_status":"open","ping_status":"closed","sticky":false,"template":"","format":"standard","meta":{"spay_email":"","jetpack_publicize_message":"","jetpack_is_tweetstorm":false,"jetpack_publicize_feature_enabled":true},"categories":[6502],"tags":[6537,5057,6506,6516,6712,7129,8718,262,6891,6693,6887],"jetpack_publicize_connections":[],"yoast_head":"<!-- This site is optimized with the Yoast SEO plugin v19.1 - https:\/\/yoast.com\/wordpress\/plugins\/seo\/ -->\n<title>Prejardhja e fjal\u00c3\u00abs aktor | Big Brother Albania 2<\/title>\n<meta name=\"description\" content=\"Big Brother Albania 2 - Diskutimi i banor\u00c3\u00abve p\u00c3\u00abr personazhet dhe figurat e ndryshme t\u00c3\u00ab artit dhe jo vet\u00c3\u00abm, ka v\u00c3\u00abn\u00c3\u00ab p\u00c3\u00abrball\u00c3\u00ab Aid\u00c3\u00abn dhe Republik\u00c3\u00abn\" \/>\n<meta name=\"robots\" content=\"index, follow, max-snippet:-1, max-image-preview:large, max-video-preview:-1\" \/>\n<link rel=\"canonical\" href=\"https:\/\/www.visit-ulcinj.com\/blog\/2009\/04\/05\/prejardhja-e-fjales-aktor\/\" \/>\n<meta property=\"og:locale\" content=\"en_US\" \/>\n<meta property=\"og:type\" content=\"article\" \/>\n<meta property=\"og:title\" content=\"Prejardhja e fjal\u00c3\u00abs aktor | Big Brother Albania 2\" \/>\n<meta property=\"og:description\" content=\"Big Brother Albania 2 - Diskutimi i banor\u00c3\u00abve p\u00c3\u00abr personazhet dhe figurat e ndryshme t\u00c3\u00ab artit dhe jo vet\u00c3\u00abm, ka v\u00c3\u00abn\u00c3\u00ab p\u00c3\u00abrball\u00c3\u00ab Aid\u00c3\u00abn dhe Republik\u00c3\u00abn\" \/>\n<meta property=\"og:url\" content=\"https:\/\/www.visit-ulcinj.com\/blog\/2009\/04\/05\/prejardhja-e-fjales-aktor\/\" \/>\n<meta property=\"og:site_name\" content=\"Lajme nga Ulqini\" \/>\n<meta property=\"article:published_time\" content=\"2009-04-05T08:20:37+00:00\" \/>\n<meta property=\"og:image\" content=\"http:\/\/www.visit-ulcinj.com\/blog\/wp-content\/uploads\/2009\/04\/aida-per-fjalen-aktor.jpg\" \/>\n<meta name=\"twitter:label1\" content=\"Written by\" \/>\n\t<meta name=\"twitter:data1\" content=\"ulqini\" \/>\n\t<meta name=\"twitter:label2\" content=\"Est. reading time\" \/>\n\t<meta name=\"twitter:data2\" content=\"1 minute\" \/>\n<script type=\"application\/ld+json\" class=\"yoast-schema-graph\">{\"@context\":\"https:\/\/schema.org\",\"@graph\":[{\"@type\":\"WebSite\",\"@id\":\"https:\/\/www.visit-ulcinj.com\/blog\/#website\",\"url\":\"https:\/\/www.visit-ulcinj.com\/blog\/\",\"name\":\"Lajme nga Ulqini\",\"description\":\"Lajme,Vijesti,Ulqini,Ulqin,Crna Gora,Mali i Zi\",\"potentialAction\":[{\"@type\":\"SearchAction\",\"target\":{\"@type\":\"EntryPoint\",\"urlTemplate\":\"https:\/\/www.visit-ulcinj.com\/blog\/?s={search_term_string}\"},\"query-input\":\"required name=search_term_string\"}],\"inLanguage\":\"en-US\"},{\"@type\":\"ImageObject\",\"inLanguage\":\"en-US\",\"@id\":\"https:\/\/www.visit-ulcinj.com\/blog\/2009\/04\/05\/prejardhja-e-fjales-aktor\/#primaryimage\",\"url\":\"http:\/\/www.visit-ulcinj.com\/blog\/wp-content\/uploads\/2009\/04\/aida-per-fjalen-aktor.jpg\",\"contentUrl\":\"http:\/\/www.visit-ulcinj.com\/blog\/wp-content\/uploads\/2009\/04\/aida-per-fjalen-aktor.jpg\"},{\"@type\":\"WebPage\",\"@id\":\"https:\/\/www.visit-ulcinj.com\/blog\/2009\/04\/05\/prejardhja-e-fjales-aktor\/#webpage\",\"url\":\"https:\/\/www.visit-ulcinj.com\/blog\/2009\/04\/05\/prejardhja-e-fjales-aktor\/\",\"name\":\"Prejardhja e fjal\u00c3\u00abs aktor | Big Brother Albania 2\",\"isPartOf\":{\"@id\":\"https:\/\/www.visit-ulcinj.com\/blog\/#website\"},\"primaryImageOfPage\":{\"@id\":\"https:\/\/www.visit-ulcinj.com\/blog\/2009\/04\/05\/prejardhja-e-fjales-aktor\/#primaryimage\"},\"datePublished\":\"2009-04-05T08:20:37+00:00\",\"dateModified\":\"2009-04-05T08:20:37+00:00\",\"author\":{\"@id\":\"https:\/\/www.visit-ulcinj.com\/blog\/#\/schema\/person\/dcab619c614d3038751c63bc2aadc06d\"},\"description\":\"Big Brother Albania 2 - Diskutimi i banor\u00c3\u00abve p\u00c3\u00abr personazhet dhe figurat e ndryshme t\u00c3\u00ab artit dhe jo vet\u00c3\u00abm, ka v\u00c3\u00abn\u00c3\u00ab p\u00c3\u00abrball\u00c3\u00ab Aid\u00c3\u00abn dhe Republik\u00c3\u00abn\",\"breadcrumb\":{\"@id\":\"https:\/\/www.visit-ulcinj.com\/blog\/2009\/04\/05\/prejardhja-e-fjales-aktor\/#breadcrumb\"},\"inLanguage\":\"en-US\",\"potentialAction\":[{\"@type\":\"ReadAction\",\"target\":[\"https:\/\/www.visit-ulcinj.com\/blog\/2009\/04\/05\/prejardhja-e-fjales-aktor\/\"]}]},{\"@type\":\"BreadcrumbList\",\"@id\":\"https:\/\/www.visit-ulcinj.com\/blog\/2009\/04\/05\/prejardhja-e-fjales-aktor\/#breadcrumb\",\"itemListElement\":[{\"@type\":\"ListItem\",\"position\":1,\"name\":\"Prejardhja e fjal\u00ebs aktor\"}]},{\"@type\":\"Person\",\"@id\":\"https:\/\/www.visit-ulcinj.com\/blog\/#\/schema\/person\/dcab619c614d3038751c63bc2aadc06d\",\"name\":\"ulqini\",\"sameAs\":[\"http:\/\/www.visit-ulcinj.com\"],\"url\":\"https:\/\/www.visit-ulcinj.com\/blog\/author\/admin\/\"}]}<\/script>\n<!-- \/ Yoast SEO plugin. -->","yoast_head_json":{"title":"Prejardhja e fjal\u00c3\u00abs aktor | Big Brother Albania 2","description":"Big Brother Albania 2 - Diskutimi i banor\u00c3\u00abve p\u00c3\u00abr personazhet dhe figurat e ndryshme t\u00c3\u00ab artit dhe jo vet\u00c3\u00abm, ka v\u00c3\u00abn\u00c3\u00ab p\u00c3\u00abrball\u00c3\u00ab Aid\u00c3\u00abn dhe Republik\u00c3\u00abn","robots":{"index":"index","follow":"follow","max-snippet":"max-snippet:-1","max-image-preview":"max-image-preview:large","max-video-preview":"max-video-preview:-1"},"canonical":"https:\/\/www.visit-ulcinj.com\/blog\/2009\/04\/05\/prejardhja-e-fjales-aktor\/","og_locale":"en_US","og_type":"article","og_title":"Prejardhja e fjal\u00c3\u00abs aktor | Big Brother Albania 2","og_description":"Big Brother Albania 2 - Diskutimi i banor\u00c3\u00abve p\u00c3\u00abr personazhet dhe figurat e ndryshme t\u00c3\u00ab artit dhe jo vet\u00c3\u00abm, ka v\u00c3\u00abn\u00c3\u00ab p\u00c3\u00abrball\u00c3\u00ab Aid\u00c3\u00abn dhe Republik\u00c3\u00abn","og_url":"https:\/\/www.visit-ulcinj.com\/blog\/2009\/04\/05\/prejardhja-e-fjales-aktor\/","og_site_name":"Lajme nga Ulqini","article_published_time":"2009-04-05T08:20:37+00:00","og_image":[{"url":"http:\/\/www.visit-ulcinj.com\/blog\/wp-content\/uploads\/2009\/04\/aida-per-fjalen-aktor.jpg"}],"twitter_misc":{"Written by":"ulqini","Est. reading time":"1 minute"},"schema":{"@context":"https:\/\/schema.org","@graph":[{"@type":"WebSite","@id":"https:\/\/www.visit-ulcinj.com\/blog\/#website","url":"https:\/\/www.visit-ulcinj.com\/blog\/","name":"Lajme nga Ulqini","description":"Lajme,Vijesti,Ulqini,Ulqin,Crna Gora,Mali i Zi","potentialAction":[{"@type":"SearchAction","target":{"@type":"EntryPoint","urlTemplate":"https:\/\/www.visit-ulcinj.com\/blog\/?s={search_term_string}"},"query-input":"required name=search_term_string"}],"inLanguage":"en-US"},{"@type":"ImageObject","inLanguage":"en-US","@id":"https:\/\/www.visit-ulcinj.com\/blog\/2009\/04\/05\/prejardhja-e-fjales-aktor\/#primaryimage","url":"http:\/\/www.visit-ulcinj.com\/blog\/wp-content\/uploads\/2009\/04\/aida-per-fjalen-aktor.jpg","contentUrl":"http:\/\/www.visit-ulcinj.com\/blog\/wp-content\/uploads\/2009\/04\/aida-per-fjalen-aktor.jpg"},{"@type":"WebPage","@id":"https:\/\/www.visit-ulcinj.com\/blog\/2009\/04\/05\/prejardhja-e-fjales-aktor\/#webpage","url":"https:\/\/www.visit-ulcinj.com\/blog\/2009\/04\/05\/prejardhja-e-fjales-aktor\/","name":"Prejardhja e fjal\u00c3\u00abs aktor | Big Brother Albania 2","isPartOf":{"@id":"https:\/\/www.visit-ulcinj.com\/blog\/#website"},"primaryImageOfPage":{"@id":"https:\/\/www.visit-ulcinj.com\/blog\/2009\/04\/05\/prejardhja-e-fjales-aktor\/#primaryimage"},"datePublished":"2009-04-05T08:20:37+00:00","dateModified":"2009-04-05T08:20:37+00:00","author":{"@id":"https:\/\/www.visit-ulcinj.com\/blog\/#\/schema\/person\/dcab619c614d3038751c63bc2aadc06d"},"description":"Big Brother Albania 2 - Diskutimi i banor\u00c3\u00abve p\u00c3\u00abr personazhet dhe figurat e ndryshme t\u00c3\u00ab artit dhe jo vet\u00c3\u00abm, ka v\u00c3\u00abn\u00c3\u00ab p\u00c3\u00abrball\u00c3\u00ab Aid\u00c3\u00abn dhe Republik\u00c3\u00abn","breadcrumb":{"@id":"https:\/\/www.visit-ulcinj.com\/blog\/2009\/04\/05\/prejardhja-e-fjales-aktor\/#breadcrumb"},"inLanguage":"en-US","potentialAction":[{"@type":"ReadAction","target":["https:\/\/www.visit-ulcinj.com\/blog\/2009\/04\/05\/prejardhja-e-fjales-aktor\/"]}]},{"@type":"BreadcrumbList","@id":"https:\/\/www.visit-ulcinj.com\/blog\/2009\/04\/05\/prejardhja-e-fjales-aktor\/#breadcrumb","itemListElement":[{"@type":"ListItem","position":1,"name":"Prejardhja e fjal\u00ebs aktor"}]},{"@type":"Person","@id":"https:\/\/www.visit-ulcinj.com\/blog\/#\/schema\/person\/dcab619c614d3038751c63bc2aadc06d","name":"ulqini","sameAs":["http:\/\/www.visit-ulcinj.com"],"url":"https:\/\/www.visit-ulcinj.com\/blog\/author\/admin\/"}]}},"jetpack_featured_media_url":"","jetpack_sharing_enabled":true,"jetpack_shortlink":"https:\/\/wp.me\/pe6lTn-4lA","_links":{"self":[{"href":"https:\/\/www.visit-ulcinj.com\/blog\/wp-json\/wp\/v2\/posts\/16714"}],"collection":[{"href":"https:\/\/www.visit-ulcinj.com\/blog\/wp-json\/wp\/v2\/posts"}],"about":[{"href":"https:\/\/www.visit-ulcinj.com\/blog\/wp-json\/wp\/v2\/types\/post"}],"author":[{"embeddable":true,"href":"https:\/\/www.visit-ulcinj.com\/blog\/wp-json\/wp\/v2\/users\/1"}],"replies":[{"embeddable":true,"href":"https:\/\/www.visit-ulcinj.com\/blog\/wp-json\/wp\/v2\/comments?post=16714"}],"version-history":[{"count":0,"href":"https:\/\/www.visit-ulcinj.com\/blog\/wp-json\/wp\/v2\/posts\/16714\/revisions"}],"wp:attachment":[{"href":"https:\/\/www.visit-ulcinj.com\/blog\/wp-json\/wp\/v2\/media?parent=16714"}],"wp:term":[{"taxonomy":"category","embeddable":true,"href":"https:\/\/www.visit-ulcinj.com\/blog\/wp-json\/wp\/v2\/categories?post=16714"},{"taxonomy":"post_tag","embeddable":true,"href":"https:\/\/www.visit-ulcinj.com\/blog\/wp-json\/wp\/v2\/tags?post=16714"}],"curies":[{"name":"wp","href":"https:\/\/api.w.org\/{rel}","templated":true}]}}