{"id":16717,"date":"2009-04-05T10:22:55","date_gmt":"2009-04-05T08:22:55","guid":{"rendered":"http:\/\/www.visit-ulcinj.com\/blog\/?p=16717"},"modified":"2009-04-05T10:22:55","modified_gmt":"2009-04-05T08:22:55","slug":"adelajda-pse-rri-ti-me-mua","status":"publish","type":"post","link":"https:\/\/www.visit-ulcinj.com\/blog\/2009\/04\/05\/adelajda-pse-rri-ti-me-mua\/","title":{"rendered":"Adelajda : Pse rri ti me mua?"},"content":{"rendered":"<p><em><span class=\"newsdate\"><a href=\"http:\/\/www.visit-ulcinj.com\/blog\/wp-content\/uploads\/2009\/04\/adelabjordiper-rrobat-e-banjes.jpg\"><img loading=\"lazy\" class=\"alignleft size-full wp-image-16718\" title=\"adelabjordiper-rrobat-e-banjes-big-brother-albania-2\" src=\"http:\/\/www.visit-ulcinj.com\/blog\/wp-content\/uploads\/2009\/04\/adelabjordiper-rrobat-e-banjes.jpg\" alt=\"adelabjordiper-rrobat-e-banjes-big-brother-albania-2\" width=\"300\" height=\"205\" \/><\/a>03\/04\/09 02:15<\/span><\/em><\/p>\n<p>Bjordi ka diskutuar me Adel\u00ebn n\u00eb lidhje me prov\u00ebn e jav\u00ebs. Sipas tij, kjo prov\u00eb \u00ebsht\u00eb e humbur, por Adela i ka th\u00ebn\u00eb se gjithsesi ata duhet t\u00eb p\u00ebrpiqen deri n\u00eb fund. Sipas Bjordit, ishte absurd kund\u00ebrshtimi i saj p\u00ebr rrobat e banjos, kur ajo n\u00eb plazh e b\u00ebn nj\u00eb gj\u00eb t\u00eb till\u00eb. \u201cK\u00ebtu nuk jemi n\u00eb plazh!\u201d- i ka th\u00ebn\u00eb ajo. P\u00ebr mendimin e Bjordit, edhe ajo ka pjes\u00ebn e vet t\u00eb fajit, p\u00ebr humbjen e gjysm\u00ebs s\u00eb prov\u00ebs, q\u00eb nuk pranoi t\u00eb dilte me rroba banje. Adela i ka th\u00ebn\u00eb se ai nuk kishte pse ta p\u00ebrforconte, kur ajo e dinte q\u00eb kishte gabuar. \u201cQ\u00eb ta kuptosh se je budallaqe!\u201d \u2013 I \u00ebsht\u00eb p\u00ebrgjigjur ai. Ajo i ka th\u00ebn\u00eb se, n\u00eb fund t\u00eb fundit, ajo ishte veshur me rroba banje, pavar\u00ebsisht se me rrobdishamb\u00ebr sip\u00ebr dhe masat i kishte marr\u00eb. Bjordi e ka pyetur se kush ia kishte marr\u00eb masat dhe Adela i ka treguar se kishte qen\u00eb Adi. Ajo ka shtuar se nuk ishte aspak budallaqe, sepse budallall\u00ebku, nuk tregohej k\u00ebtu. \u201cEdhe k\u00ebtu tregohet!\u201d \u2013 i ka th\u00ebn\u00eb ai. \u201cAt\u00ebher\u00eb pse dreqin rri ti me mua?\u201d- e ka pyetur ajo. \u201cSepse jam njeri i mir\u00eb dhe dua t\u00eb t\u00eb jap edhe ty pak nga e mira ime!\u201d \u2013 i \u00ebsht\u00eb p\u00ebrgjigjur Bjordi.<\/p>\n","protected":false},"excerpt":{"rendered":"<p>03\/04\/09 02:15 Bjordi ka diskutuar me Adel\u00ebn n\u00eb lidhje me prov\u00ebn e jav\u00ebs. Sipas tij, kjo prov\u00eb \u00ebsht\u00eb e humbur, por Adela i ka th\u00ebn\u00eb se gjithsesi ata duhet t\u00eb p\u00ebrpiqen deri n\u00eb fund. Sipas Bjordit, ishte absurd kund\u00ebrshtimi i saj p\u00ebr rrobat e banjos, kur ajo n\u00eb plazh e b\u00ebn nj\u00eb gj\u00eb t\u00eb till\u00eb. [&hellip;]<\/p>\n","protected":false},"author":1,"featured_media":0,"comment_status":"open","ping_status":"closed","sticky":false,"template":"","format":"standard","meta":{"spay_email":"","jetpack_publicize_message":"","jetpack_is_tweetstorm":false,"jetpack_publicize_feature_enabled":true},"categories":[6502],"tags":[6529,5057,6506,6516,6712,7129,6522,6891,6693,6887],"jetpack_publicize_connections":[],"yoast_head":"<!-- This site is optimized with the Yoast SEO plugin v19.1 - https:\/\/yoast.com\/wordpress\/plugins\/seo\/ -->\n<title>Adelajda : Pse rri ti me mua? | Big Brother Albania 2<\/title>\n<meta name=\"description\" content=\"Big Brother Albania 2 - Bjordi ka diskutuar me Adel\u00c3\u00abn n\u00c3\u00ab lidhje me prov\u00c3\u00abn e jav\u00c3\u00abs. Sipas tij, kjo prov\u00c3\u00ab \u00c3\u00absht\u00c3\u00ab e humbur, por Adela i ka th\u00c3\u00abn\u00c3\u00ab se gjithsesi ata duhet t\u00c3\u00ab p\u00c3\u00abrpiqen deri n\u00c3\u00ab fund.\" \/>\n<meta name=\"robots\" content=\"index, follow, max-snippet:-1, max-image-preview:large, max-video-preview:-1\" \/>\n<link rel=\"canonical\" href=\"https:\/\/www.visit-ulcinj.com\/blog\/2009\/04\/05\/adelajda-pse-rri-ti-me-mua\/\" \/>\n<meta property=\"og:locale\" content=\"en_US\" \/>\n<meta property=\"og:type\" content=\"article\" \/>\n<meta property=\"og:title\" content=\"Adelajda : Pse rri ti me mua? | Big Brother Albania 2\" \/>\n<meta property=\"og:description\" content=\"Big Brother Albania 2 - Bjordi ka diskutuar me Adel\u00c3\u00abn n\u00c3\u00ab lidhje me prov\u00c3\u00abn e jav\u00c3\u00abs. Sipas tij, kjo prov\u00c3\u00ab \u00c3\u00absht\u00c3\u00ab e humbur, por Adela i ka th\u00c3\u00abn\u00c3\u00ab se gjithsesi ata duhet t\u00c3\u00ab p\u00c3\u00abrpiqen deri n\u00c3\u00ab fund.\" \/>\n<meta property=\"og:url\" content=\"https:\/\/www.visit-ulcinj.com\/blog\/2009\/04\/05\/adelajda-pse-rri-ti-me-mua\/\" \/>\n<meta property=\"og:site_name\" content=\"Lajme nga Ulqini\" \/>\n<meta property=\"article:published_time\" content=\"2009-04-05T08:22:55+00:00\" \/>\n<meta property=\"og:image\" content=\"http:\/\/www.visit-ulcinj.com\/blog\/wp-content\/uploads\/2009\/04\/adelabjordiper-rrobat-e-banjes.jpg\" \/>\n<meta name=\"twitter:label1\" content=\"Written by\" \/>\n\t<meta name=\"twitter:data1\" content=\"ulqini\" \/>\n\t<meta name=\"twitter:label2\" content=\"Est. reading time\" \/>\n\t<meta name=\"twitter:data2\" content=\"1 minute\" \/>\n<script type=\"application\/ld+json\" class=\"yoast-schema-graph\">{\"@context\":\"https:\/\/schema.org\",\"@graph\":[{\"@type\":\"WebSite\",\"@id\":\"https:\/\/www.visit-ulcinj.com\/blog\/#website\",\"url\":\"https:\/\/www.visit-ulcinj.com\/blog\/\",\"name\":\"Lajme nga Ulqini\",\"description\":\"Lajme,Vijesti,Ulqini,Ulqin,Crna Gora,Mali i Zi\",\"potentialAction\":[{\"@type\":\"SearchAction\",\"target\":{\"@type\":\"EntryPoint\",\"urlTemplate\":\"https:\/\/www.visit-ulcinj.com\/blog\/?s={search_term_string}\"},\"query-input\":\"required name=search_term_string\"}],\"inLanguage\":\"en-US\"},{\"@type\":\"ImageObject\",\"inLanguage\":\"en-US\",\"@id\":\"https:\/\/www.visit-ulcinj.com\/blog\/2009\/04\/05\/adelajda-pse-rri-ti-me-mua\/#primaryimage\",\"url\":\"http:\/\/www.visit-ulcinj.com\/blog\/wp-content\/uploads\/2009\/04\/adelabjordiper-rrobat-e-banjes.jpg\",\"contentUrl\":\"http:\/\/www.visit-ulcinj.com\/blog\/wp-content\/uploads\/2009\/04\/adelabjordiper-rrobat-e-banjes.jpg\"},{\"@type\":\"WebPage\",\"@id\":\"https:\/\/www.visit-ulcinj.com\/blog\/2009\/04\/05\/adelajda-pse-rri-ti-me-mua\/#webpage\",\"url\":\"https:\/\/www.visit-ulcinj.com\/blog\/2009\/04\/05\/adelajda-pse-rri-ti-me-mua\/\",\"name\":\"Adelajda : Pse rri ti me mua? | Big Brother Albania 2\",\"isPartOf\":{\"@id\":\"https:\/\/www.visit-ulcinj.com\/blog\/#website\"},\"primaryImageOfPage\":{\"@id\":\"https:\/\/www.visit-ulcinj.com\/blog\/2009\/04\/05\/adelajda-pse-rri-ti-me-mua\/#primaryimage\"},\"datePublished\":\"2009-04-05T08:22:55+00:00\",\"dateModified\":\"2009-04-05T08:22:55+00:00\",\"author\":{\"@id\":\"https:\/\/www.visit-ulcinj.com\/blog\/#\/schema\/person\/dcab619c614d3038751c63bc2aadc06d\"},\"description\":\"Big Brother Albania 2 - Bjordi ka diskutuar me Adel\u00c3\u00abn n\u00c3\u00ab lidhje me prov\u00c3\u00abn e jav\u00c3\u00abs. Sipas tij, kjo prov\u00c3\u00ab \u00c3\u00absht\u00c3\u00ab e humbur, por Adela i ka th\u00c3\u00abn\u00c3\u00ab se gjithsesi ata duhet t\u00c3\u00ab p\u00c3\u00abrpiqen deri n\u00c3\u00ab fund.\",\"breadcrumb\":{\"@id\":\"https:\/\/www.visit-ulcinj.com\/blog\/2009\/04\/05\/adelajda-pse-rri-ti-me-mua\/#breadcrumb\"},\"inLanguage\":\"en-US\",\"potentialAction\":[{\"@type\":\"ReadAction\",\"target\":[\"https:\/\/www.visit-ulcinj.com\/blog\/2009\/04\/05\/adelajda-pse-rri-ti-me-mua\/\"]}]},{\"@type\":\"BreadcrumbList\",\"@id\":\"https:\/\/www.visit-ulcinj.com\/blog\/2009\/04\/05\/adelajda-pse-rri-ti-me-mua\/#breadcrumb\",\"itemListElement\":[{\"@type\":\"ListItem\",\"position\":1,\"name\":\"Adelajda : Pse rri ti me mua?\"}]},{\"@type\":\"Person\",\"@id\":\"https:\/\/www.visit-ulcinj.com\/blog\/#\/schema\/person\/dcab619c614d3038751c63bc2aadc06d\",\"name\":\"ulqini\",\"sameAs\":[\"http:\/\/www.visit-ulcinj.com\"],\"url\":\"https:\/\/www.visit-ulcinj.com\/blog\/author\/admin\/\"}]}<\/script>\n<!-- \/ Yoast SEO plugin. -->","yoast_head_json":{"title":"Adelajda : Pse rri ti me mua? | Big Brother Albania 2","description":"Big Brother Albania 2 - Bjordi ka diskutuar me Adel\u00c3\u00abn n\u00c3\u00ab lidhje me prov\u00c3\u00abn e jav\u00c3\u00abs. Sipas tij, kjo prov\u00c3\u00ab \u00c3\u00absht\u00c3\u00ab e humbur, por Adela i ka th\u00c3\u00abn\u00c3\u00ab se gjithsesi ata duhet t\u00c3\u00ab p\u00c3\u00abrpiqen deri n\u00c3\u00ab fund.","robots":{"index":"index","follow":"follow","max-snippet":"max-snippet:-1","max-image-preview":"max-image-preview:large","max-video-preview":"max-video-preview:-1"},"canonical":"https:\/\/www.visit-ulcinj.com\/blog\/2009\/04\/05\/adelajda-pse-rri-ti-me-mua\/","og_locale":"en_US","og_type":"article","og_title":"Adelajda : Pse rri ti me mua? | Big Brother Albania 2","og_description":"Big Brother Albania 2 - Bjordi ka diskutuar me Adel\u00c3\u00abn n\u00c3\u00ab lidhje me prov\u00c3\u00abn e jav\u00c3\u00abs. Sipas tij, kjo prov\u00c3\u00ab \u00c3\u00absht\u00c3\u00ab e humbur, por Adela i ka th\u00c3\u00abn\u00c3\u00ab se gjithsesi ata duhet t\u00c3\u00ab p\u00c3\u00abrpiqen deri n\u00c3\u00ab fund.","og_url":"https:\/\/www.visit-ulcinj.com\/blog\/2009\/04\/05\/adelajda-pse-rri-ti-me-mua\/","og_site_name":"Lajme nga Ulqini","article_published_time":"2009-04-05T08:22:55+00:00","og_image":[{"url":"http:\/\/www.visit-ulcinj.com\/blog\/wp-content\/uploads\/2009\/04\/adelabjordiper-rrobat-e-banjes.jpg"}],"twitter_misc":{"Written by":"ulqini","Est. reading time":"1 minute"},"schema":{"@context":"https:\/\/schema.org","@graph":[{"@type":"WebSite","@id":"https:\/\/www.visit-ulcinj.com\/blog\/#website","url":"https:\/\/www.visit-ulcinj.com\/blog\/","name":"Lajme nga Ulqini","description":"Lajme,Vijesti,Ulqini,Ulqin,Crna Gora,Mali i Zi","potentialAction":[{"@type":"SearchAction","target":{"@type":"EntryPoint","urlTemplate":"https:\/\/www.visit-ulcinj.com\/blog\/?s={search_term_string}"},"query-input":"required name=search_term_string"}],"inLanguage":"en-US"},{"@type":"ImageObject","inLanguage":"en-US","@id":"https:\/\/www.visit-ulcinj.com\/blog\/2009\/04\/05\/adelajda-pse-rri-ti-me-mua\/#primaryimage","url":"http:\/\/www.visit-ulcinj.com\/blog\/wp-content\/uploads\/2009\/04\/adelabjordiper-rrobat-e-banjes.jpg","contentUrl":"http:\/\/www.visit-ulcinj.com\/blog\/wp-content\/uploads\/2009\/04\/adelabjordiper-rrobat-e-banjes.jpg"},{"@type":"WebPage","@id":"https:\/\/www.visit-ulcinj.com\/blog\/2009\/04\/05\/adelajda-pse-rri-ti-me-mua\/#webpage","url":"https:\/\/www.visit-ulcinj.com\/blog\/2009\/04\/05\/adelajda-pse-rri-ti-me-mua\/","name":"Adelajda : Pse rri ti me mua? | Big Brother Albania 2","isPartOf":{"@id":"https:\/\/www.visit-ulcinj.com\/blog\/#website"},"primaryImageOfPage":{"@id":"https:\/\/www.visit-ulcinj.com\/blog\/2009\/04\/05\/adelajda-pse-rri-ti-me-mua\/#primaryimage"},"datePublished":"2009-04-05T08:22:55+00:00","dateModified":"2009-04-05T08:22:55+00:00","author":{"@id":"https:\/\/www.visit-ulcinj.com\/blog\/#\/schema\/person\/dcab619c614d3038751c63bc2aadc06d"},"description":"Big Brother Albania 2 - Bjordi ka diskutuar me Adel\u00c3\u00abn n\u00c3\u00ab lidhje me prov\u00c3\u00abn e jav\u00c3\u00abs. Sipas tij, kjo prov\u00c3\u00ab \u00c3\u00absht\u00c3\u00ab e humbur, por Adela i ka th\u00c3\u00abn\u00c3\u00ab se gjithsesi ata duhet t\u00c3\u00ab p\u00c3\u00abrpiqen deri n\u00c3\u00ab fund.","breadcrumb":{"@id":"https:\/\/www.visit-ulcinj.com\/blog\/2009\/04\/05\/adelajda-pse-rri-ti-me-mua\/#breadcrumb"},"inLanguage":"en-US","potentialAction":[{"@type":"ReadAction","target":["https:\/\/www.visit-ulcinj.com\/blog\/2009\/04\/05\/adelajda-pse-rri-ti-me-mua\/"]}]},{"@type":"BreadcrumbList","@id":"https:\/\/www.visit-ulcinj.com\/blog\/2009\/04\/05\/adelajda-pse-rri-ti-me-mua\/#breadcrumb","itemListElement":[{"@type":"ListItem","position":1,"name":"Adelajda : Pse rri ti me mua?"}]},{"@type":"Person","@id":"https:\/\/www.visit-ulcinj.com\/blog\/#\/schema\/person\/dcab619c614d3038751c63bc2aadc06d","name":"ulqini","sameAs":["http:\/\/www.visit-ulcinj.com"],"url":"https:\/\/www.visit-ulcinj.com\/blog\/author\/admin\/"}]}},"jetpack_featured_media_url":"","jetpack_sharing_enabled":true,"jetpack_shortlink":"https:\/\/wp.me\/pe6lTn-4lD","_links":{"self":[{"href":"https:\/\/www.visit-ulcinj.com\/blog\/wp-json\/wp\/v2\/posts\/16717"}],"collection":[{"href":"https:\/\/www.visit-ulcinj.com\/blog\/wp-json\/wp\/v2\/posts"}],"about":[{"href":"https:\/\/www.visit-ulcinj.com\/blog\/wp-json\/wp\/v2\/types\/post"}],"author":[{"embeddable":true,"href":"https:\/\/www.visit-ulcinj.com\/blog\/wp-json\/wp\/v2\/users\/1"}],"replies":[{"embeddable":true,"href":"https:\/\/www.visit-ulcinj.com\/blog\/wp-json\/wp\/v2\/comments?post=16717"}],"version-history":[{"count":0,"href":"https:\/\/www.visit-ulcinj.com\/blog\/wp-json\/wp\/v2\/posts\/16717\/revisions"}],"wp:attachment":[{"href":"https:\/\/www.visit-ulcinj.com\/blog\/wp-json\/wp\/v2\/media?parent=16717"}],"wp:term":[{"taxonomy":"category","embeddable":true,"href":"https:\/\/www.visit-ulcinj.com\/blog\/wp-json\/wp\/v2\/categories?post=16717"},{"taxonomy":"post_tag","embeddable":true,"href":"https:\/\/www.visit-ulcinj.com\/blog\/wp-json\/wp\/v2\/tags?post=16717"}],"curies":[{"name":"wp","href":"https:\/\/api.w.org\/{rel}","templated":true}]}}