{"id":16720,"date":"2009-04-05T10:25:25","date_gmt":"2009-04-05T08:25:25","guid":{"rendered":"http:\/\/www.visit-ulcinj.com\/blog\/?p=16720"},"modified":"2009-04-05T10:25:25","modified_gmt":"2009-04-05T08:25:25","slug":"arjoni-familja-nuk-me-eshte-imponuar","status":"publish","type":"post","link":"https:\/\/www.visit-ulcinj.com\/blog\/2009\/04\/05\/arjoni-familja-nuk-me-eshte-imponuar\/","title":{"rendered":"Arjoni : Familja nuk m\u00eb \u00ebsht\u00eb imponuar!"},"content":{"rendered":"<p><em><span class=\"newsdate\"><a href=\"http:\/\/www.visit-ulcinj.com\/blog\/wp-content\/uploads\/2009\/04\/arjoni-per-familjen.jpg\"><img loading=\"lazy\" class=\"alignleft size-full wp-image-16721\" title=\"arjoni-per-familjen-big-brother-albania-2\" src=\"http:\/\/www.visit-ulcinj.com\/blog\/wp-content\/uploads\/2009\/04\/arjoni-per-familjen.jpg\" alt=\"arjoni-per-familjen-big-brother-albania-2\" width=\"300\" height=\"205\" \/><\/a>03\/04\/09 02:55<\/span><\/em><\/p>\n<p>Arjoni ka th\u00ebn\u00eb, se ngaq\u00eb prind\u00ebrit i kishte t\u00eb rinj, kishte patur gjithmon\u00eb me ta, raporte shum\u00eb shoq\u00ebrore. Ai ka shpjeguar se familja e tij funksionon si nj\u00eb shoq\u00ebri n\u00eb miniatur\u00eb, ku gjithkush ka rolin e vet t\u00eb ve\u00e7ant\u00eb. \u201cBabai \u00ebsht\u00eb babai dhe ka autoritetin e vet!\u201d \u2013 ka th\u00ebn\u00eb Arjoni, por ka shtuar se i ati i tij dinte t\u00eb ishte edhe nj\u00eb shok i mir\u00eb p\u00ebr t\u00eb. Arjoni ka shpjeguar se prind\u00ebrit nuk i jan\u00eb imponuar kurr\u00eb dhe nuk e kan\u00eb v\u00ebn\u00eb p\u00ebrpara zgjedhjeve t\u00eb detyruara, por e kan\u00eb m\u00ebsuar si t\u00eb zgjedh\u00eb at\u00eb q\u00eb duhet, duke i treguar t\u00eb mirat e t\u00eb k\u00ebqijat e cdo gj\u00ebje. Ai tregoi se nj\u00eb nga skenat m\u00eb t\u00eb bukura t\u00eb jet\u00ebs s\u00eb tij, ishte kur i ati i kishte dh\u00ebn\u00eb p\u00ebr her\u00eb t\u00eb par\u00eb \u00e7el\u00ebsat e sht\u00ebpis\u00eb. Kjo kishte ndodhur n\u00eb mosh\u00ebn 14 vje\u00e7are. \u201cBabai m\u00eb tha:Arjon, ti tani je i madh, kthehu n\u00eb sht\u00ebpi kur t\u00eb duash, por para se t\u00eb dal\u00ebsh, dua t\u00eb m\u00eb thuash n\u00eb \u00e7\u2019or\u00eb do t\u00eb kthehesh! Vonove nj\u00eb minut\u00eb, marr\u00ebveshja prishet!\u201d.<\/p>\n","protected":false},"excerpt":{"rendered":"<p>03\/04\/09 02:55 Arjoni ka th\u00ebn\u00eb, se ngaq\u00eb prind\u00ebrit i kishte t\u00eb rinj, kishte patur gjithmon\u00eb me ta, raporte shum\u00eb shoq\u00ebrore. Ai ka shpjeguar se familja e tij funksionon si nj\u00eb shoq\u00ebri n\u00eb miniatur\u00eb, ku gjithkush ka rolin e vet t\u00eb ve\u00e7ant\u00eb. \u201cBabai \u00ebsht\u00eb babai dhe ka autoritetin e vet!\u201d \u2013 ka th\u00ebn\u00eb Arjoni, por ka [&hellip;]<\/p>\n","protected":false},"author":1,"featured_media":0,"comment_status":"open","ping_status":"closed","sticky":false,"template":"","format":"standard","meta":{"spay_email":"","jetpack_publicize_message":"","jetpack_is_tweetstorm":false,"jetpack_publicize_feature_enabled":true},"categories":[6502],"tags":[6525,5057,6506,6516,6712,7129,6891,6693,6887],"jetpack_publicize_connections":[],"yoast_head":"<!-- This site is optimized with the Yoast SEO plugin v19.1 - https:\/\/yoast.com\/wordpress\/plugins\/seo\/ -->\n<title>Arjoni : Familja nuk m\u00c3\u00ab \u00c3\u00absht\u00c3\u00ab imponuar! | Big Brother Albania 2<\/title>\n<meta name=\"description\" content=\"Big Brother Albania 2 - Arjoni ka th\u00c3\u00abn\u00c3\u00ab, se ngaq\u00c3\u00ab prind\u00c3\u00abrit i kishte t\u00c3\u00ab rinj, kishte patur gjithmon\u00c3\u00ab me ta, raporte shum\u00c3\u00ab shoq\u00c3\u00abrore.\" \/>\n<meta name=\"robots\" content=\"index, follow, max-snippet:-1, max-image-preview:large, max-video-preview:-1\" \/>\n<link rel=\"canonical\" href=\"https:\/\/www.visit-ulcinj.com\/blog\/2009\/04\/05\/arjoni-familja-nuk-me-eshte-imponuar\/\" \/>\n<meta property=\"og:locale\" content=\"en_US\" \/>\n<meta property=\"og:type\" content=\"article\" \/>\n<meta property=\"og:title\" content=\"Arjoni : Familja nuk m\u00c3\u00ab \u00c3\u00absht\u00c3\u00ab imponuar! | Big Brother Albania 2\" \/>\n<meta property=\"og:description\" content=\"Big Brother Albania 2 - Arjoni ka th\u00c3\u00abn\u00c3\u00ab, se ngaq\u00c3\u00ab prind\u00c3\u00abrit i kishte t\u00c3\u00ab rinj, kishte patur gjithmon\u00c3\u00ab me ta, raporte shum\u00c3\u00ab shoq\u00c3\u00abrore.\" \/>\n<meta property=\"og:url\" content=\"https:\/\/www.visit-ulcinj.com\/blog\/2009\/04\/05\/arjoni-familja-nuk-me-eshte-imponuar\/\" \/>\n<meta property=\"og:site_name\" content=\"Lajme nga Ulqini\" \/>\n<meta property=\"article:published_time\" content=\"2009-04-05T08:25:25+00:00\" \/>\n<meta property=\"og:image\" content=\"http:\/\/www.visit-ulcinj.com\/blog\/wp-content\/uploads\/2009\/04\/arjoni-per-familjen.jpg\" \/>\n<meta name=\"twitter:label1\" content=\"Written by\" \/>\n\t<meta name=\"twitter:data1\" content=\"ulqini\" \/>\n\t<meta name=\"twitter:label2\" content=\"Est. reading time\" \/>\n\t<meta name=\"twitter:data2\" content=\"1 minute\" \/>\n<script type=\"application\/ld+json\" class=\"yoast-schema-graph\">{\"@context\":\"https:\/\/schema.org\",\"@graph\":[{\"@type\":\"WebSite\",\"@id\":\"https:\/\/www.visit-ulcinj.com\/blog\/#website\",\"url\":\"https:\/\/www.visit-ulcinj.com\/blog\/\",\"name\":\"Lajme nga Ulqini\",\"description\":\"Lajme,Vijesti,Ulqini,Ulqin,Crna Gora,Mali i Zi\",\"potentialAction\":[{\"@type\":\"SearchAction\",\"target\":{\"@type\":\"EntryPoint\",\"urlTemplate\":\"https:\/\/www.visit-ulcinj.com\/blog\/?s={search_term_string}\"},\"query-input\":\"required name=search_term_string\"}],\"inLanguage\":\"en-US\"},{\"@type\":\"ImageObject\",\"inLanguage\":\"en-US\",\"@id\":\"https:\/\/www.visit-ulcinj.com\/blog\/2009\/04\/05\/arjoni-familja-nuk-me-eshte-imponuar\/#primaryimage\",\"url\":\"http:\/\/www.visit-ulcinj.com\/blog\/wp-content\/uploads\/2009\/04\/arjoni-per-familjen.jpg\",\"contentUrl\":\"http:\/\/www.visit-ulcinj.com\/blog\/wp-content\/uploads\/2009\/04\/arjoni-per-familjen.jpg\"},{\"@type\":\"WebPage\",\"@id\":\"https:\/\/www.visit-ulcinj.com\/blog\/2009\/04\/05\/arjoni-familja-nuk-me-eshte-imponuar\/#webpage\",\"url\":\"https:\/\/www.visit-ulcinj.com\/blog\/2009\/04\/05\/arjoni-familja-nuk-me-eshte-imponuar\/\",\"name\":\"Arjoni : Familja nuk m\u00c3\u00ab \u00c3\u00absht\u00c3\u00ab imponuar! | Big Brother Albania 2\",\"isPartOf\":{\"@id\":\"https:\/\/www.visit-ulcinj.com\/blog\/#website\"},\"primaryImageOfPage\":{\"@id\":\"https:\/\/www.visit-ulcinj.com\/blog\/2009\/04\/05\/arjoni-familja-nuk-me-eshte-imponuar\/#primaryimage\"},\"datePublished\":\"2009-04-05T08:25:25+00:00\",\"dateModified\":\"2009-04-05T08:25:25+00:00\",\"author\":{\"@id\":\"https:\/\/www.visit-ulcinj.com\/blog\/#\/schema\/person\/dcab619c614d3038751c63bc2aadc06d\"},\"description\":\"Big Brother Albania 2 - Arjoni ka th\u00c3\u00abn\u00c3\u00ab, se ngaq\u00c3\u00ab prind\u00c3\u00abrit i kishte t\u00c3\u00ab rinj, kishte patur gjithmon\u00c3\u00ab me ta, raporte shum\u00c3\u00ab shoq\u00c3\u00abrore.\",\"breadcrumb\":{\"@id\":\"https:\/\/www.visit-ulcinj.com\/blog\/2009\/04\/05\/arjoni-familja-nuk-me-eshte-imponuar\/#breadcrumb\"},\"inLanguage\":\"en-US\",\"potentialAction\":[{\"@type\":\"ReadAction\",\"target\":[\"https:\/\/www.visit-ulcinj.com\/blog\/2009\/04\/05\/arjoni-familja-nuk-me-eshte-imponuar\/\"]}]},{\"@type\":\"BreadcrumbList\",\"@id\":\"https:\/\/www.visit-ulcinj.com\/blog\/2009\/04\/05\/arjoni-familja-nuk-me-eshte-imponuar\/#breadcrumb\",\"itemListElement\":[{\"@type\":\"ListItem\",\"position\":1,\"name\":\"Arjoni : Familja nuk m\u00eb \u00ebsht\u00eb imponuar!\"}]},{\"@type\":\"Person\",\"@id\":\"https:\/\/www.visit-ulcinj.com\/blog\/#\/schema\/person\/dcab619c614d3038751c63bc2aadc06d\",\"name\":\"ulqini\",\"sameAs\":[\"http:\/\/www.visit-ulcinj.com\"],\"url\":\"https:\/\/www.visit-ulcinj.com\/blog\/author\/admin\/\"}]}<\/script>\n<!-- \/ Yoast SEO plugin. -->","yoast_head_json":{"title":"Arjoni : Familja nuk m\u00c3\u00ab \u00c3\u00absht\u00c3\u00ab imponuar! | Big Brother Albania 2","description":"Big Brother Albania 2 - Arjoni ka th\u00c3\u00abn\u00c3\u00ab, se ngaq\u00c3\u00ab prind\u00c3\u00abrit i kishte t\u00c3\u00ab rinj, kishte patur gjithmon\u00c3\u00ab me ta, raporte shum\u00c3\u00ab shoq\u00c3\u00abrore.","robots":{"index":"index","follow":"follow","max-snippet":"max-snippet:-1","max-image-preview":"max-image-preview:large","max-video-preview":"max-video-preview:-1"},"canonical":"https:\/\/www.visit-ulcinj.com\/blog\/2009\/04\/05\/arjoni-familja-nuk-me-eshte-imponuar\/","og_locale":"en_US","og_type":"article","og_title":"Arjoni : Familja nuk m\u00c3\u00ab \u00c3\u00absht\u00c3\u00ab imponuar! | Big Brother Albania 2","og_description":"Big Brother Albania 2 - Arjoni ka th\u00c3\u00abn\u00c3\u00ab, se ngaq\u00c3\u00ab prind\u00c3\u00abrit i kishte t\u00c3\u00ab rinj, kishte patur gjithmon\u00c3\u00ab me ta, raporte shum\u00c3\u00ab shoq\u00c3\u00abrore.","og_url":"https:\/\/www.visit-ulcinj.com\/blog\/2009\/04\/05\/arjoni-familja-nuk-me-eshte-imponuar\/","og_site_name":"Lajme nga Ulqini","article_published_time":"2009-04-05T08:25:25+00:00","og_image":[{"url":"http:\/\/www.visit-ulcinj.com\/blog\/wp-content\/uploads\/2009\/04\/arjoni-per-familjen.jpg"}],"twitter_misc":{"Written by":"ulqini","Est. reading time":"1 minute"},"schema":{"@context":"https:\/\/schema.org","@graph":[{"@type":"WebSite","@id":"https:\/\/www.visit-ulcinj.com\/blog\/#website","url":"https:\/\/www.visit-ulcinj.com\/blog\/","name":"Lajme nga Ulqini","description":"Lajme,Vijesti,Ulqini,Ulqin,Crna Gora,Mali i Zi","potentialAction":[{"@type":"SearchAction","target":{"@type":"EntryPoint","urlTemplate":"https:\/\/www.visit-ulcinj.com\/blog\/?s={search_term_string}"},"query-input":"required name=search_term_string"}],"inLanguage":"en-US"},{"@type":"ImageObject","inLanguage":"en-US","@id":"https:\/\/www.visit-ulcinj.com\/blog\/2009\/04\/05\/arjoni-familja-nuk-me-eshte-imponuar\/#primaryimage","url":"http:\/\/www.visit-ulcinj.com\/blog\/wp-content\/uploads\/2009\/04\/arjoni-per-familjen.jpg","contentUrl":"http:\/\/www.visit-ulcinj.com\/blog\/wp-content\/uploads\/2009\/04\/arjoni-per-familjen.jpg"},{"@type":"WebPage","@id":"https:\/\/www.visit-ulcinj.com\/blog\/2009\/04\/05\/arjoni-familja-nuk-me-eshte-imponuar\/#webpage","url":"https:\/\/www.visit-ulcinj.com\/blog\/2009\/04\/05\/arjoni-familja-nuk-me-eshte-imponuar\/","name":"Arjoni : Familja nuk m\u00c3\u00ab \u00c3\u00absht\u00c3\u00ab imponuar! | Big Brother Albania 2","isPartOf":{"@id":"https:\/\/www.visit-ulcinj.com\/blog\/#website"},"primaryImageOfPage":{"@id":"https:\/\/www.visit-ulcinj.com\/blog\/2009\/04\/05\/arjoni-familja-nuk-me-eshte-imponuar\/#primaryimage"},"datePublished":"2009-04-05T08:25:25+00:00","dateModified":"2009-04-05T08:25:25+00:00","author":{"@id":"https:\/\/www.visit-ulcinj.com\/blog\/#\/schema\/person\/dcab619c614d3038751c63bc2aadc06d"},"description":"Big Brother Albania 2 - Arjoni ka th\u00c3\u00abn\u00c3\u00ab, se ngaq\u00c3\u00ab prind\u00c3\u00abrit i kishte t\u00c3\u00ab rinj, kishte patur gjithmon\u00c3\u00ab me ta, raporte shum\u00c3\u00ab shoq\u00c3\u00abrore.","breadcrumb":{"@id":"https:\/\/www.visit-ulcinj.com\/blog\/2009\/04\/05\/arjoni-familja-nuk-me-eshte-imponuar\/#breadcrumb"},"inLanguage":"en-US","potentialAction":[{"@type":"ReadAction","target":["https:\/\/www.visit-ulcinj.com\/blog\/2009\/04\/05\/arjoni-familja-nuk-me-eshte-imponuar\/"]}]},{"@type":"BreadcrumbList","@id":"https:\/\/www.visit-ulcinj.com\/blog\/2009\/04\/05\/arjoni-familja-nuk-me-eshte-imponuar\/#breadcrumb","itemListElement":[{"@type":"ListItem","position":1,"name":"Arjoni : Familja nuk m\u00eb \u00ebsht\u00eb imponuar!"}]},{"@type":"Person","@id":"https:\/\/www.visit-ulcinj.com\/blog\/#\/schema\/person\/dcab619c614d3038751c63bc2aadc06d","name":"ulqini","sameAs":["http:\/\/www.visit-ulcinj.com"],"url":"https:\/\/www.visit-ulcinj.com\/blog\/author\/admin\/"}]}},"jetpack_featured_media_url":"","jetpack_sharing_enabled":true,"jetpack_shortlink":"https:\/\/wp.me\/pe6lTn-4lG","_links":{"self":[{"href":"https:\/\/www.visit-ulcinj.com\/blog\/wp-json\/wp\/v2\/posts\/16720"}],"collection":[{"href":"https:\/\/www.visit-ulcinj.com\/blog\/wp-json\/wp\/v2\/posts"}],"about":[{"href":"https:\/\/www.visit-ulcinj.com\/blog\/wp-json\/wp\/v2\/types\/post"}],"author":[{"embeddable":true,"href":"https:\/\/www.visit-ulcinj.com\/blog\/wp-json\/wp\/v2\/users\/1"}],"replies":[{"embeddable":true,"href":"https:\/\/www.visit-ulcinj.com\/blog\/wp-json\/wp\/v2\/comments?post=16720"}],"version-history":[{"count":0,"href":"https:\/\/www.visit-ulcinj.com\/blog\/wp-json\/wp\/v2\/posts\/16720\/revisions"}],"wp:attachment":[{"href":"https:\/\/www.visit-ulcinj.com\/blog\/wp-json\/wp\/v2\/media?parent=16720"}],"wp:term":[{"taxonomy":"category","embeddable":true,"href":"https:\/\/www.visit-ulcinj.com\/blog\/wp-json\/wp\/v2\/categories?post=16720"},{"taxonomy":"post_tag","embeddable":true,"href":"https:\/\/www.visit-ulcinj.com\/blog\/wp-json\/wp\/v2\/tags?post=16720"}],"curies":[{"name":"wp","href":"https:\/\/api.w.org\/{rel}","templated":true}]}}