{"id":16723,"date":"2009-04-05T10:27:17","date_gmt":"2009-04-05T08:27:17","guid":{"rendered":"http:\/\/www.visit-ulcinj.com\/blog\/?p=16723"},"modified":"2009-04-05T10:27:17","modified_gmt":"2009-04-05T08:27:17","slug":"bjordi-debat-per-punet","status":"publish","type":"post","link":"https:\/\/www.visit-ulcinj.com\/blog\/2009\/04\/05\/bjordi-debat-per-punet\/","title":{"rendered":"Bjordi : Debat p\u00ebr pun\u00ebt"},"content":{"rendered":"<p><em><span class=\"newsdate\"><a href=\"http:\/\/www.visit-ulcinj.com\/blog\/wp-content\/uploads\/2009\/04\/per-punet.jpg\"><img loading=\"lazy\" class=\"alignleft size-full wp-image-16724\" title=\"per-punet-big-brother-albania-2\" src=\"http:\/\/www.visit-ulcinj.com\/blog\/wp-content\/uploads\/2009\/04\/per-punet.jpg\" alt=\"per-punet-big-brother-albania-2\" width=\"300\" height=\"205\" \/><\/a>03\/04\/09 12:10<\/span><\/em><\/p>\n<p>Dritani i k\u00ebrkon Bjordit q\u00eb si kryefamiljari i sht\u00ebpis\u00eb, t\u00eb ndaj\u00eb detyrat q\u00eb pun\u00ebt e sht\u00ebpis\u00eb t\u2019i b\u00ebjn\u00eb sot, pasi t\u00eb shtun\u00ebn, ata vonohen shum\u00eb me to dhe ndjehen jo n\u00eb form\u00eb p\u00ebr spektaklin. Bjordi bie dakord dhe mbledh banor\u00ebt n\u00eb kuzhin\u00eb p\u00ebr t\u2019ia u komunikuar k\u00ebt\u00eb vendim. \u201cMiqt\u00eb e mi! K\u00ebt\u00eb jav\u00eb, si kryefamiljar, d\u00ebshira ime ka q\u00ebn\u00eb q\u00eb t\u00eb b\u00ebnim t\u00eb gjith\u00eb qejf, pushime, festa, banjo dielli, shaka, por nuk kemi b\u00ebr\u00eb pun\u00ebt e sht\u00ebpis\u00eb dhe ato do t\u2019i b\u00ebjm\u00eb sot\u201d- ka q\u00ebn\u00eb fjalimi i Bjordit para banor\u00ebve. Disa prej tyre ishin dakord, nd\u00ebrsa disa t\u00eb tjer\u00eb k\u00ebrkuan q\u00eb pun\u00ebt t\u00eb b\u00ebhen si zakonisht, t\u00eb shtun\u00ebn. Adi thot\u00eb me shaka se do ta laj\u00eb ai gjith\u00eb sht\u00ebpin\u00eb, mjaft q\u00eb t\u00eb mos e nominoj\u00eb asnj\u00eb t\u00eb shtun\u00ebn. Bjordi ndan radh\u00ebn e pun\u00ebve dhe personat q\u00eb do t\u00eb merren me to dhe thot\u00eb se t\u00eb gjith\u00eb do t\u00eb merren me pun\u00ebt, p\u00ebrvec atyre q\u00eb merren me gatimin se gjoja lodhen shum\u00eb. Sorit i r\u00ebndon kjo shprehje dhe thot\u00eb se do t\u2019i b\u00ebj\u00eb ai t\u00eb gjitha pun\u00ebt, kurse Bjordi le t\u00eb merret me gatimin n\u00eb m\u00ebnyr\u00eb q\u00eb ta vler\u00ebsoj\u00eb se sa e lodhshme \u00ebsht\u00eb. Edhe Arjoni m\u00ebrzitet me t\u00eb, pasi Bjordi shpesh her\u00eb i ka th\u00ebn\u00eb se ai dhe Sori nuk b\u00ebj\u00ebn pun\u00eb sht\u00ebpie. Bjordi merr kritika nga t\u00eb gjith\u00eb q\u00eb nuk arrin t\u00eb jap\u00eb urdh\u00ebra e q\u00eb ato t\u00eb zbatohen, pasi ai \u00ebsht\u00eb kryefamiljari e i takon t\u00eb merret me k\u00ebto gj\u00ebra. Banor\u00ebt largohen duke mos r\u00ebn\u00eb dakord p\u00ebr asgj\u00eb, por debatet mes tyre vazhdojn\u00eb.<\/p>\n","protected":false},"excerpt":{"rendered":"<p>03\/04\/09 12:10 Dritani i k\u00ebrkon Bjordit q\u00eb si kryefamiljari i sht\u00ebpis\u00eb, t\u00eb ndaj\u00eb detyrat q\u00eb pun\u00ebt e sht\u00ebpis\u00eb t\u2019i b\u00ebjn\u00eb sot, pasi t\u00eb shtun\u00ebn, ata vonohen shum\u00eb me to dhe ndjehen jo n\u00eb form\u00eb p\u00ebr spektaklin. Bjordi bie dakord dhe mbledh banor\u00ebt n\u00eb kuzhin\u00eb p\u00ebr t\u2019ia u komunikuar k\u00ebt\u00eb vendim. \u201cMiqt\u00eb e mi! K\u00ebt\u00eb jav\u00eb, [&hellip;]<\/p>\n","protected":false},"author":1,"featured_media":0,"comment_status":"open","ping_status":"closed","sticky":false,"template":"","format":"standard","meta":{"spay_email":"","jetpack_publicize_message":"","jetpack_is_tweetstorm":false,"jetpack_publicize_feature_enabled":true},"categories":[6502],"tags":[5057,6506,6516,6712,7129,6522,8719,6891,6693,6887],"jetpack_publicize_connections":[],"yoast_head":"<!-- This site is optimized with the Yoast SEO plugin v19.1 - https:\/\/yoast.com\/wordpress\/plugins\/seo\/ -->\n<title>Bjordi : Debat p\u00c3\u00abr pun\u00c3\u00abt | Big Brother Albania 2<\/title>\n<meta name=\"description\" content=\"Big Brother Albania 2 - Dritani i k\u00c3\u00abrkon Bjordit q\u00c3\u00ab si kryefamiljari i sht\u00c3\u00abpis\u00c3\u00ab, t\u00c3\u00ab ndaj\u00c3\u00ab detyrat q\u00c3\u00ab pun\u00c3\u00abt e sht\u00c3\u00abpis\u00c3\u00ab t\u00e2\u20ac\u2122i b\u00c3\u00abjn\u00c3\u00ab sot, pasi t\u00c3\u00ab shtun\u00c3\u00abn, ata vonohen shum\u00c3\u00ab me to dhe ndjehen jo n\u00c3\u00ab form\u00c3\u00ab p\u00c3\u00abr spektaklin.\" \/>\n<meta name=\"robots\" content=\"index, follow, max-snippet:-1, max-image-preview:large, max-video-preview:-1\" \/>\n<link rel=\"canonical\" href=\"https:\/\/www.visit-ulcinj.com\/blog\/2009\/04\/05\/bjordi-debat-per-punet\/\" \/>\n<meta property=\"og:locale\" content=\"en_US\" \/>\n<meta property=\"og:type\" content=\"article\" \/>\n<meta property=\"og:title\" content=\"Bjordi : Debat p\u00c3\u00abr pun\u00c3\u00abt | Big Brother Albania 2\" \/>\n<meta property=\"og:description\" content=\"Big Brother Albania 2 - Dritani i k\u00c3\u00abrkon Bjordit q\u00c3\u00ab si kryefamiljari i sht\u00c3\u00abpis\u00c3\u00ab, t\u00c3\u00ab ndaj\u00c3\u00ab detyrat q\u00c3\u00ab pun\u00c3\u00abt e sht\u00c3\u00abpis\u00c3\u00ab t\u00e2\u20ac\u2122i b\u00c3\u00abjn\u00c3\u00ab sot, pasi t\u00c3\u00ab shtun\u00c3\u00abn, ata vonohen shum\u00c3\u00ab me to dhe ndjehen jo n\u00c3\u00ab form\u00c3\u00ab p\u00c3\u00abr spektaklin.\" \/>\n<meta property=\"og:url\" content=\"https:\/\/www.visit-ulcinj.com\/blog\/2009\/04\/05\/bjordi-debat-per-punet\/\" \/>\n<meta property=\"og:site_name\" content=\"Lajme nga Ulqini\" \/>\n<meta property=\"article:published_time\" content=\"2009-04-05T08:27:17+00:00\" \/>\n<meta property=\"og:image\" content=\"http:\/\/www.visit-ulcinj.com\/blog\/wp-content\/uploads\/2009\/04\/per-punet.jpg\" \/>\n<meta name=\"twitter:label1\" content=\"Written by\" \/>\n\t<meta name=\"twitter:data1\" content=\"ulqini\" \/>\n\t<meta name=\"twitter:label2\" content=\"Est. reading time\" \/>\n\t<meta name=\"twitter:data2\" content=\"2 minutes\" \/>\n<script type=\"application\/ld+json\" class=\"yoast-schema-graph\">{\"@context\":\"https:\/\/schema.org\",\"@graph\":[{\"@type\":\"WebSite\",\"@id\":\"https:\/\/www.visit-ulcinj.com\/blog\/#website\",\"url\":\"https:\/\/www.visit-ulcinj.com\/blog\/\",\"name\":\"Lajme nga Ulqini\",\"description\":\"Lajme,Vijesti,Ulqini,Ulqin,Crna Gora,Mali i Zi\",\"potentialAction\":[{\"@type\":\"SearchAction\",\"target\":{\"@type\":\"EntryPoint\",\"urlTemplate\":\"https:\/\/www.visit-ulcinj.com\/blog\/?s={search_term_string}\"},\"query-input\":\"required name=search_term_string\"}],\"inLanguage\":\"en-US\"},{\"@type\":\"ImageObject\",\"inLanguage\":\"en-US\",\"@id\":\"https:\/\/www.visit-ulcinj.com\/blog\/2009\/04\/05\/bjordi-debat-per-punet\/#primaryimage\",\"url\":\"http:\/\/www.visit-ulcinj.com\/blog\/wp-content\/uploads\/2009\/04\/per-punet.jpg\",\"contentUrl\":\"http:\/\/www.visit-ulcinj.com\/blog\/wp-content\/uploads\/2009\/04\/per-punet.jpg\"},{\"@type\":\"WebPage\",\"@id\":\"https:\/\/www.visit-ulcinj.com\/blog\/2009\/04\/05\/bjordi-debat-per-punet\/#webpage\",\"url\":\"https:\/\/www.visit-ulcinj.com\/blog\/2009\/04\/05\/bjordi-debat-per-punet\/\",\"name\":\"Bjordi : Debat p\u00c3\u00abr pun\u00c3\u00abt | Big Brother Albania 2\",\"isPartOf\":{\"@id\":\"https:\/\/www.visit-ulcinj.com\/blog\/#website\"},\"primaryImageOfPage\":{\"@id\":\"https:\/\/www.visit-ulcinj.com\/blog\/2009\/04\/05\/bjordi-debat-per-punet\/#primaryimage\"},\"datePublished\":\"2009-04-05T08:27:17+00:00\",\"dateModified\":\"2009-04-05T08:27:17+00:00\",\"author\":{\"@id\":\"https:\/\/www.visit-ulcinj.com\/blog\/#\/schema\/person\/dcab619c614d3038751c63bc2aadc06d\"},\"description\":\"Big Brother Albania 2 - Dritani i k\u00c3\u00abrkon Bjordit q\u00c3\u00ab si kryefamiljari i sht\u00c3\u00abpis\u00c3\u00ab, t\u00c3\u00ab ndaj\u00c3\u00ab detyrat q\u00c3\u00ab pun\u00c3\u00abt e sht\u00c3\u00abpis\u00c3\u00ab t\u00e2\u20ac\u2122i b\u00c3\u00abjn\u00c3\u00ab sot, pasi t\u00c3\u00ab shtun\u00c3\u00abn, ata vonohen shum\u00c3\u00ab me to dhe ndjehen jo n\u00c3\u00ab form\u00c3\u00ab p\u00c3\u00abr spektaklin.\",\"breadcrumb\":{\"@id\":\"https:\/\/www.visit-ulcinj.com\/blog\/2009\/04\/05\/bjordi-debat-per-punet\/#breadcrumb\"},\"inLanguage\":\"en-US\",\"potentialAction\":[{\"@type\":\"ReadAction\",\"target\":[\"https:\/\/www.visit-ulcinj.com\/blog\/2009\/04\/05\/bjordi-debat-per-punet\/\"]}]},{\"@type\":\"BreadcrumbList\",\"@id\":\"https:\/\/www.visit-ulcinj.com\/blog\/2009\/04\/05\/bjordi-debat-per-punet\/#breadcrumb\",\"itemListElement\":[{\"@type\":\"ListItem\",\"position\":1,\"name\":\"Bjordi : Debat p\u00ebr pun\u00ebt\"}]},{\"@type\":\"Person\",\"@id\":\"https:\/\/www.visit-ulcinj.com\/blog\/#\/schema\/person\/dcab619c614d3038751c63bc2aadc06d\",\"name\":\"ulqini\",\"sameAs\":[\"http:\/\/www.visit-ulcinj.com\"],\"url\":\"https:\/\/www.visit-ulcinj.com\/blog\/author\/admin\/\"}]}<\/script>\n<!-- \/ Yoast SEO plugin. -->","yoast_head_json":{"title":"Bjordi : Debat p\u00c3\u00abr pun\u00c3\u00abt | Big Brother Albania 2","description":"Big Brother Albania 2 - Dritani i k\u00c3\u00abrkon Bjordit q\u00c3\u00ab si kryefamiljari i sht\u00c3\u00abpis\u00c3\u00ab, t\u00c3\u00ab ndaj\u00c3\u00ab detyrat q\u00c3\u00ab pun\u00c3\u00abt e sht\u00c3\u00abpis\u00c3\u00ab t\u00e2\u20ac\u2122i b\u00c3\u00abjn\u00c3\u00ab sot, pasi t\u00c3\u00ab shtun\u00c3\u00abn, ata vonohen shum\u00c3\u00ab me to dhe ndjehen jo n\u00c3\u00ab form\u00c3\u00ab p\u00c3\u00abr spektaklin.","robots":{"index":"index","follow":"follow","max-snippet":"max-snippet:-1","max-image-preview":"max-image-preview:large","max-video-preview":"max-video-preview:-1"},"canonical":"https:\/\/www.visit-ulcinj.com\/blog\/2009\/04\/05\/bjordi-debat-per-punet\/","og_locale":"en_US","og_type":"article","og_title":"Bjordi : Debat p\u00c3\u00abr pun\u00c3\u00abt | Big Brother Albania 2","og_description":"Big Brother Albania 2 - Dritani i k\u00c3\u00abrkon Bjordit q\u00c3\u00ab si kryefamiljari i sht\u00c3\u00abpis\u00c3\u00ab, t\u00c3\u00ab ndaj\u00c3\u00ab detyrat q\u00c3\u00ab pun\u00c3\u00abt e sht\u00c3\u00abpis\u00c3\u00ab t\u00e2\u20ac\u2122i b\u00c3\u00abjn\u00c3\u00ab sot, pasi t\u00c3\u00ab shtun\u00c3\u00abn, ata vonohen shum\u00c3\u00ab me to dhe ndjehen jo n\u00c3\u00ab form\u00c3\u00ab p\u00c3\u00abr spektaklin.","og_url":"https:\/\/www.visit-ulcinj.com\/blog\/2009\/04\/05\/bjordi-debat-per-punet\/","og_site_name":"Lajme nga Ulqini","article_published_time":"2009-04-05T08:27:17+00:00","og_image":[{"url":"http:\/\/www.visit-ulcinj.com\/blog\/wp-content\/uploads\/2009\/04\/per-punet.jpg"}],"twitter_misc":{"Written by":"ulqini","Est. reading time":"2 minutes"},"schema":{"@context":"https:\/\/schema.org","@graph":[{"@type":"WebSite","@id":"https:\/\/www.visit-ulcinj.com\/blog\/#website","url":"https:\/\/www.visit-ulcinj.com\/blog\/","name":"Lajme nga Ulqini","description":"Lajme,Vijesti,Ulqini,Ulqin,Crna Gora,Mali i Zi","potentialAction":[{"@type":"SearchAction","target":{"@type":"EntryPoint","urlTemplate":"https:\/\/www.visit-ulcinj.com\/blog\/?s={search_term_string}"},"query-input":"required name=search_term_string"}],"inLanguage":"en-US"},{"@type":"ImageObject","inLanguage":"en-US","@id":"https:\/\/www.visit-ulcinj.com\/blog\/2009\/04\/05\/bjordi-debat-per-punet\/#primaryimage","url":"http:\/\/www.visit-ulcinj.com\/blog\/wp-content\/uploads\/2009\/04\/per-punet.jpg","contentUrl":"http:\/\/www.visit-ulcinj.com\/blog\/wp-content\/uploads\/2009\/04\/per-punet.jpg"},{"@type":"WebPage","@id":"https:\/\/www.visit-ulcinj.com\/blog\/2009\/04\/05\/bjordi-debat-per-punet\/#webpage","url":"https:\/\/www.visit-ulcinj.com\/blog\/2009\/04\/05\/bjordi-debat-per-punet\/","name":"Bjordi : Debat p\u00c3\u00abr pun\u00c3\u00abt | Big Brother Albania 2","isPartOf":{"@id":"https:\/\/www.visit-ulcinj.com\/blog\/#website"},"primaryImageOfPage":{"@id":"https:\/\/www.visit-ulcinj.com\/blog\/2009\/04\/05\/bjordi-debat-per-punet\/#primaryimage"},"datePublished":"2009-04-05T08:27:17+00:00","dateModified":"2009-04-05T08:27:17+00:00","author":{"@id":"https:\/\/www.visit-ulcinj.com\/blog\/#\/schema\/person\/dcab619c614d3038751c63bc2aadc06d"},"description":"Big Brother Albania 2 - Dritani i k\u00c3\u00abrkon Bjordit q\u00c3\u00ab si kryefamiljari i sht\u00c3\u00abpis\u00c3\u00ab, t\u00c3\u00ab ndaj\u00c3\u00ab detyrat q\u00c3\u00ab pun\u00c3\u00abt e sht\u00c3\u00abpis\u00c3\u00ab t\u00e2\u20ac\u2122i b\u00c3\u00abjn\u00c3\u00ab sot, pasi t\u00c3\u00ab shtun\u00c3\u00abn, ata vonohen shum\u00c3\u00ab me to dhe ndjehen jo n\u00c3\u00ab form\u00c3\u00ab p\u00c3\u00abr spektaklin.","breadcrumb":{"@id":"https:\/\/www.visit-ulcinj.com\/blog\/2009\/04\/05\/bjordi-debat-per-punet\/#breadcrumb"},"inLanguage":"en-US","potentialAction":[{"@type":"ReadAction","target":["https:\/\/www.visit-ulcinj.com\/blog\/2009\/04\/05\/bjordi-debat-per-punet\/"]}]},{"@type":"BreadcrumbList","@id":"https:\/\/www.visit-ulcinj.com\/blog\/2009\/04\/05\/bjordi-debat-per-punet\/#breadcrumb","itemListElement":[{"@type":"ListItem","position":1,"name":"Bjordi : Debat p\u00ebr pun\u00ebt"}]},{"@type":"Person","@id":"https:\/\/www.visit-ulcinj.com\/blog\/#\/schema\/person\/dcab619c614d3038751c63bc2aadc06d","name":"ulqini","sameAs":["http:\/\/www.visit-ulcinj.com"],"url":"https:\/\/www.visit-ulcinj.com\/blog\/author\/admin\/"}]}},"jetpack_featured_media_url":"","jetpack_sharing_enabled":true,"jetpack_shortlink":"https:\/\/wp.me\/pe6lTn-4lJ","_links":{"self":[{"href":"https:\/\/www.visit-ulcinj.com\/blog\/wp-json\/wp\/v2\/posts\/16723"}],"collection":[{"href":"https:\/\/www.visit-ulcinj.com\/blog\/wp-json\/wp\/v2\/posts"}],"about":[{"href":"https:\/\/www.visit-ulcinj.com\/blog\/wp-json\/wp\/v2\/types\/post"}],"author":[{"embeddable":true,"href":"https:\/\/www.visit-ulcinj.com\/blog\/wp-json\/wp\/v2\/users\/1"}],"replies":[{"embeddable":true,"href":"https:\/\/www.visit-ulcinj.com\/blog\/wp-json\/wp\/v2\/comments?post=16723"}],"version-history":[{"count":0,"href":"https:\/\/www.visit-ulcinj.com\/blog\/wp-json\/wp\/v2\/posts\/16723\/revisions"}],"wp:attachment":[{"href":"https:\/\/www.visit-ulcinj.com\/blog\/wp-json\/wp\/v2\/media?parent=16723"}],"wp:term":[{"taxonomy":"category","embeddable":true,"href":"https:\/\/www.visit-ulcinj.com\/blog\/wp-json\/wp\/v2\/categories?post=16723"},{"taxonomy":"post_tag","embeddable":true,"href":"https:\/\/www.visit-ulcinj.com\/blog\/wp-json\/wp\/v2\/tags?post=16723"}],"curies":[{"name":"wp","href":"https:\/\/api.w.org\/{rel}","templated":true}]}}