{"id":16726,"date":"2009-04-05T10:29:09","date_gmt":"2009-04-05T08:29:09","guid":{"rendered":"http:\/\/www.visit-ulcinj.com\/blog\/?p=16726"},"modified":"2009-04-05T10:29:09","modified_gmt":"2009-04-05T08:29:09","slug":"arjoni-dhe-sori-kunder-bjordit","status":"publish","type":"post","link":"https:\/\/www.visit-ulcinj.com\/blog\/2009\/04\/05\/arjoni-dhe-sori-kunder-bjordit\/","title":{"rendered":"Arjoni dhe Sori kund\u00ebr Bjordit"},"content":{"rendered":"<p><em><span class=\"newsdate\"><a href=\"http:\/\/www.visit-ulcinj.com\/blog\/wp-content\/uploads\/2009\/04\/per-punet-2.jpg\"><img loading=\"lazy\" class=\"alignleft size-full wp-image-16727\" title=\"per-punet-2-big-brother-albania-2\" src=\"http:\/\/www.visit-ulcinj.com\/blog\/wp-content\/uploads\/2009\/04\/per-punet-2.jpg\" alt=\"per-punet-2-big-brother-albania-2\" width=\"300\" height=\"205\" \/><\/a>03\/04\/09 12:20<\/span><\/em><\/p>\n<p>Qetsori del n\u00eb kop\u00ebsht dhe thot\u00eb se nuk ka nd\u00ebrmend t\u2019i b\u00ebj\u00eb m\u00eb as pun\u00ebt, as gatimin pasi edhe dy dit\u00eb mund t\u00eb q\u00ebndroj\u00eb n\u00eb sht\u00ebpi, ndaj do mundohet t\u00eb b\u00ebj\u00eb qejf. Ai u thot\u00eb banor\u00ebve se ka konkuruar n\u00eb Big Brother jo se \u00ebsht\u00eb kuzhinier, por p\u00ebr t\u2019u arg\u00ebtuar. \u201cMeq\u00eb qenkan keqkuptuar njer\u00ebzit, nuk dua t\u00eb b\u00ebj m\u00eb rolin e kuzhinierit. N\u00ebse duan, le t\u00eb m\u00eb nxjerrin.\u201d- shprehet ai i m\u00ebrzitur. Arjoni q\u00ebndron i shtrir\u00eb n\u00eb divan dhe i m\u00ebrzitur me Bjordin p\u00ebr fjal\u00ebt q\u00eb tha. Sori i thot\u00eb Bjordit se po keqmenaxhon situat\u00ebn apo familjen dhe se ka krijuar p\u00ebrcarje mes t\u00eb gjith\u00ebve duke treguar paaft\u00ebsi n\u00eb organizim. \u201cCfar\u00eb t\u00eb b\u00ebj\u00eb un\u00eb?\u201d- ia kthen Bjordi dhe largohet. Si Sori, edhe Arjoni jan\u00eb t\u00eb m\u00ebrzitur sepse ata e b\u00ebjn\u00eb pun\u00ebn e caktuar n\u00eb m\u00ebnyr\u00eb perfekte dhe pretendojn\u00eb q\u00eb edhe t\u00eb tjer\u00ebt t\u00eb b\u00ebjn\u00eb ato q\u00eb iu takojn\u00eb n\u00eb t\u00eb nj\u00ebjt\u00ebn m\u00ebnyr\u00eb, por n\u00eb fakt ata paragjykohen dhe u thon\u00eb patetik\u00eb apo servila ndonj\u00ebher\u00eb.<\/p>\n","protected":false},"excerpt":{"rendered":"<p>03\/04\/09 12:20 Qetsori del n\u00eb kop\u00ebsht dhe thot\u00eb se nuk ka nd\u00ebrmend t\u2019i b\u00ebj\u00eb m\u00eb as pun\u00ebt, as gatimin pasi edhe dy dit\u00eb mund t\u00eb q\u00ebndroj\u00eb n\u00eb sht\u00ebpi, ndaj do mundohet t\u00eb b\u00ebj\u00eb qejf. Ai u thot\u00eb banor\u00ebve se ka konkuruar n\u00eb Big Brother jo se \u00ebsht\u00eb kuzhinier, por p\u00ebr t\u2019u arg\u00ebtuar. \u201cMeq\u00eb qenkan keqkuptuar [&hellip;]<\/p>\n","protected":false},"author":1,"featured_media":0,"comment_status":"open","ping_status":"closed","sticky":false,"template":"","format":"standard","meta":{"spay_email":"","jetpack_publicize_message":"","jetpack_is_tweetstorm":false,"jetpack_publicize_feature_enabled":true},"categories":[6502],"tags":[6529,6525,5057,6506,6516,6712,7129,6522,8276,6891,6693,6887],"jetpack_publicize_connections":[],"yoast_head":"<!-- This site is optimized with the Yoast SEO plugin v19.1 - https:\/\/yoast.com\/wordpress\/plugins\/seo\/ -->\n<title>Arjoni dhe Sori kund\u00c3\u00abr Bjordit | Big Brother Albania 2<\/title>\n<meta name=\"description\" content=\"Big Brother Albania 2 - Qetsori del n\u00c3\u00ab kop\u00c3\u00absht dhe thot\u00c3\u00ab se nuk ka nd\u00c3\u00abrmend t\u00e2\u20ac\u2122i b\u00c3\u00abj\u00c3\u00ab m\u00c3\u00ab as pun\u00c3\u00abt, as gatimin pasi edhe dy dit\u00c3\u00ab mund t\u00c3\u00ab q\u00c3\u00abndroj\u00c3\u00ab n\u00c3\u00ab sht\u00c3\u00abpi, ndaj do mundohet t\u00c3\u00ab b\u00c3\u00abj\u00c3\u00ab qejf.\" \/>\n<meta name=\"robots\" content=\"index, follow, max-snippet:-1, max-image-preview:large, max-video-preview:-1\" \/>\n<link rel=\"canonical\" href=\"https:\/\/www.visit-ulcinj.com\/blog\/2009\/04\/05\/arjoni-dhe-sori-kunder-bjordit\/\" \/>\n<meta property=\"og:locale\" content=\"en_US\" \/>\n<meta property=\"og:type\" content=\"article\" \/>\n<meta property=\"og:title\" content=\"Arjoni dhe Sori kund\u00c3\u00abr Bjordit | Big Brother Albania 2\" \/>\n<meta property=\"og:description\" content=\"Big Brother Albania 2 - Qetsori del n\u00c3\u00ab kop\u00c3\u00absht dhe thot\u00c3\u00ab se nuk ka nd\u00c3\u00abrmend t\u00e2\u20ac\u2122i b\u00c3\u00abj\u00c3\u00ab m\u00c3\u00ab as pun\u00c3\u00abt, as gatimin pasi edhe dy dit\u00c3\u00ab mund t\u00c3\u00ab q\u00c3\u00abndroj\u00c3\u00ab n\u00c3\u00ab sht\u00c3\u00abpi, ndaj do mundohet t\u00c3\u00ab b\u00c3\u00abj\u00c3\u00ab qejf.\" \/>\n<meta property=\"og:url\" content=\"https:\/\/www.visit-ulcinj.com\/blog\/2009\/04\/05\/arjoni-dhe-sori-kunder-bjordit\/\" \/>\n<meta property=\"og:site_name\" content=\"Lajme nga Ulqini\" \/>\n<meta property=\"article:published_time\" content=\"2009-04-05T08:29:09+00:00\" \/>\n<meta property=\"og:image\" content=\"http:\/\/www.visit-ulcinj.com\/blog\/wp-content\/uploads\/2009\/04\/per-punet-2.jpg\" \/>\n<meta name=\"twitter:label1\" content=\"Written by\" \/>\n\t<meta name=\"twitter:data1\" content=\"ulqini\" \/>\n\t<meta name=\"twitter:label2\" content=\"Est. reading time\" \/>\n\t<meta name=\"twitter:data2\" content=\"1 minute\" \/>\n<script type=\"application\/ld+json\" class=\"yoast-schema-graph\">{\"@context\":\"https:\/\/schema.org\",\"@graph\":[{\"@type\":\"WebSite\",\"@id\":\"https:\/\/www.visit-ulcinj.com\/blog\/#website\",\"url\":\"https:\/\/www.visit-ulcinj.com\/blog\/\",\"name\":\"Lajme nga Ulqini\",\"description\":\"Lajme,Vijesti,Ulqini,Ulqin,Crna Gora,Mali i Zi\",\"potentialAction\":[{\"@type\":\"SearchAction\",\"target\":{\"@type\":\"EntryPoint\",\"urlTemplate\":\"https:\/\/www.visit-ulcinj.com\/blog\/?s={search_term_string}\"},\"query-input\":\"required name=search_term_string\"}],\"inLanguage\":\"en-US\"},{\"@type\":\"ImageObject\",\"inLanguage\":\"en-US\",\"@id\":\"https:\/\/www.visit-ulcinj.com\/blog\/2009\/04\/05\/arjoni-dhe-sori-kunder-bjordit\/#primaryimage\",\"url\":\"http:\/\/www.visit-ulcinj.com\/blog\/wp-content\/uploads\/2009\/04\/per-punet-2.jpg\",\"contentUrl\":\"http:\/\/www.visit-ulcinj.com\/blog\/wp-content\/uploads\/2009\/04\/per-punet-2.jpg\"},{\"@type\":\"WebPage\",\"@id\":\"https:\/\/www.visit-ulcinj.com\/blog\/2009\/04\/05\/arjoni-dhe-sori-kunder-bjordit\/#webpage\",\"url\":\"https:\/\/www.visit-ulcinj.com\/blog\/2009\/04\/05\/arjoni-dhe-sori-kunder-bjordit\/\",\"name\":\"Arjoni dhe Sori kund\u00c3\u00abr Bjordit | Big Brother Albania 2\",\"isPartOf\":{\"@id\":\"https:\/\/www.visit-ulcinj.com\/blog\/#website\"},\"primaryImageOfPage\":{\"@id\":\"https:\/\/www.visit-ulcinj.com\/blog\/2009\/04\/05\/arjoni-dhe-sori-kunder-bjordit\/#primaryimage\"},\"datePublished\":\"2009-04-05T08:29:09+00:00\",\"dateModified\":\"2009-04-05T08:29:09+00:00\",\"author\":{\"@id\":\"https:\/\/www.visit-ulcinj.com\/blog\/#\/schema\/person\/dcab619c614d3038751c63bc2aadc06d\"},\"description\":\"Big Brother Albania 2 - Qetsori del n\u00c3\u00ab kop\u00c3\u00absht dhe thot\u00c3\u00ab se nuk ka nd\u00c3\u00abrmend t\u00e2\u20ac\u2122i b\u00c3\u00abj\u00c3\u00ab m\u00c3\u00ab as pun\u00c3\u00abt, as gatimin pasi edhe dy dit\u00c3\u00ab mund t\u00c3\u00ab q\u00c3\u00abndroj\u00c3\u00ab n\u00c3\u00ab sht\u00c3\u00abpi, ndaj do mundohet t\u00c3\u00ab b\u00c3\u00abj\u00c3\u00ab qejf.\",\"breadcrumb\":{\"@id\":\"https:\/\/www.visit-ulcinj.com\/blog\/2009\/04\/05\/arjoni-dhe-sori-kunder-bjordit\/#breadcrumb\"},\"inLanguage\":\"en-US\",\"potentialAction\":[{\"@type\":\"ReadAction\",\"target\":[\"https:\/\/www.visit-ulcinj.com\/blog\/2009\/04\/05\/arjoni-dhe-sori-kunder-bjordit\/\"]}]},{\"@type\":\"BreadcrumbList\",\"@id\":\"https:\/\/www.visit-ulcinj.com\/blog\/2009\/04\/05\/arjoni-dhe-sori-kunder-bjordit\/#breadcrumb\",\"itemListElement\":[{\"@type\":\"ListItem\",\"position\":1,\"name\":\"Arjoni dhe Sori kund\u00ebr Bjordit\"}]},{\"@type\":\"Person\",\"@id\":\"https:\/\/www.visit-ulcinj.com\/blog\/#\/schema\/person\/dcab619c614d3038751c63bc2aadc06d\",\"name\":\"ulqini\",\"sameAs\":[\"http:\/\/www.visit-ulcinj.com\"],\"url\":\"https:\/\/www.visit-ulcinj.com\/blog\/author\/admin\/\"}]}<\/script>\n<!-- \/ Yoast SEO plugin. -->","yoast_head_json":{"title":"Arjoni dhe Sori kund\u00c3\u00abr Bjordit | Big Brother Albania 2","description":"Big Brother Albania 2 - Qetsori del n\u00c3\u00ab kop\u00c3\u00absht dhe thot\u00c3\u00ab se nuk ka nd\u00c3\u00abrmend t\u00e2\u20ac\u2122i b\u00c3\u00abj\u00c3\u00ab m\u00c3\u00ab as pun\u00c3\u00abt, as gatimin pasi edhe dy dit\u00c3\u00ab mund t\u00c3\u00ab q\u00c3\u00abndroj\u00c3\u00ab n\u00c3\u00ab sht\u00c3\u00abpi, ndaj do mundohet t\u00c3\u00ab b\u00c3\u00abj\u00c3\u00ab qejf.","robots":{"index":"index","follow":"follow","max-snippet":"max-snippet:-1","max-image-preview":"max-image-preview:large","max-video-preview":"max-video-preview:-1"},"canonical":"https:\/\/www.visit-ulcinj.com\/blog\/2009\/04\/05\/arjoni-dhe-sori-kunder-bjordit\/","og_locale":"en_US","og_type":"article","og_title":"Arjoni dhe Sori kund\u00c3\u00abr Bjordit | Big Brother Albania 2","og_description":"Big Brother Albania 2 - Qetsori del n\u00c3\u00ab kop\u00c3\u00absht dhe thot\u00c3\u00ab se nuk ka nd\u00c3\u00abrmend t\u00e2\u20ac\u2122i b\u00c3\u00abj\u00c3\u00ab m\u00c3\u00ab as pun\u00c3\u00abt, as gatimin pasi edhe dy dit\u00c3\u00ab mund t\u00c3\u00ab q\u00c3\u00abndroj\u00c3\u00ab n\u00c3\u00ab sht\u00c3\u00abpi, ndaj do mundohet t\u00c3\u00ab b\u00c3\u00abj\u00c3\u00ab qejf.","og_url":"https:\/\/www.visit-ulcinj.com\/blog\/2009\/04\/05\/arjoni-dhe-sori-kunder-bjordit\/","og_site_name":"Lajme nga Ulqini","article_published_time":"2009-04-05T08:29:09+00:00","og_image":[{"url":"http:\/\/www.visit-ulcinj.com\/blog\/wp-content\/uploads\/2009\/04\/per-punet-2.jpg"}],"twitter_misc":{"Written by":"ulqini","Est. reading time":"1 minute"},"schema":{"@context":"https:\/\/schema.org","@graph":[{"@type":"WebSite","@id":"https:\/\/www.visit-ulcinj.com\/blog\/#website","url":"https:\/\/www.visit-ulcinj.com\/blog\/","name":"Lajme nga Ulqini","description":"Lajme,Vijesti,Ulqini,Ulqin,Crna Gora,Mali i Zi","potentialAction":[{"@type":"SearchAction","target":{"@type":"EntryPoint","urlTemplate":"https:\/\/www.visit-ulcinj.com\/blog\/?s={search_term_string}"},"query-input":"required name=search_term_string"}],"inLanguage":"en-US"},{"@type":"ImageObject","inLanguage":"en-US","@id":"https:\/\/www.visit-ulcinj.com\/blog\/2009\/04\/05\/arjoni-dhe-sori-kunder-bjordit\/#primaryimage","url":"http:\/\/www.visit-ulcinj.com\/blog\/wp-content\/uploads\/2009\/04\/per-punet-2.jpg","contentUrl":"http:\/\/www.visit-ulcinj.com\/blog\/wp-content\/uploads\/2009\/04\/per-punet-2.jpg"},{"@type":"WebPage","@id":"https:\/\/www.visit-ulcinj.com\/blog\/2009\/04\/05\/arjoni-dhe-sori-kunder-bjordit\/#webpage","url":"https:\/\/www.visit-ulcinj.com\/blog\/2009\/04\/05\/arjoni-dhe-sori-kunder-bjordit\/","name":"Arjoni dhe Sori kund\u00c3\u00abr Bjordit | Big Brother Albania 2","isPartOf":{"@id":"https:\/\/www.visit-ulcinj.com\/blog\/#website"},"primaryImageOfPage":{"@id":"https:\/\/www.visit-ulcinj.com\/blog\/2009\/04\/05\/arjoni-dhe-sori-kunder-bjordit\/#primaryimage"},"datePublished":"2009-04-05T08:29:09+00:00","dateModified":"2009-04-05T08:29:09+00:00","author":{"@id":"https:\/\/www.visit-ulcinj.com\/blog\/#\/schema\/person\/dcab619c614d3038751c63bc2aadc06d"},"description":"Big Brother Albania 2 - Qetsori del n\u00c3\u00ab kop\u00c3\u00absht dhe thot\u00c3\u00ab se nuk ka nd\u00c3\u00abrmend t\u00e2\u20ac\u2122i b\u00c3\u00abj\u00c3\u00ab m\u00c3\u00ab as pun\u00c3\u00abt, as gatimin pasi edhe dy dit\u00c3\u00ab mund t\u00c3\u00ab q\u00c3\u00abndroj\u00c3\u00ab n\u00c3\u00ab sht\u00c3\u00abpi, ndaj do mundohet t\u00c3\u00ab b\u00c3\u00abj\u00c3\u00ab qejf.","breadcrumb":{"@id":"https:\/\/www.visit-ulcinj.com\/blog\/2009\/04\/05\/arjoni-dhe-sori-kunder-bjordit\/#breadcrumb"},"inLanguage":"en-US","potentialAction":[{"@type":"ReadAction","target":["https:\/\/www.visit-ulcinj.com\/blog\/2009\/04\/05\/arjoni-dhe-sori-kunder-bjordit\/"]}]},{"@type":"BreadcrumbList","@id":"https:\/\/www.visit-ulcinj.com\/blog\/2009\/04\/05\/arjoni-dhe-sori-kunder-bjordit\/#breadcrumb","itemListElement":[{"@type":"ListItem","position":1,"name":"Arjoni dhe Sori kund\u00ebr Bjordit"}]},{"@type":"Person","@id":"https:\/\/www.visit-ulcinj.com\/blog\/#\/schema\/person\/dcab619c614d3038751c63bc2aadc06d","name":"ulqini","sameAs":["http:\/\/www.visit-ulcinj.com"],"url":"https:\/\/www.visit-ulcinj.com\/blog\/author\/admin\/"}]}},"jetpack_featured_media_url":"","jetpack_sharing_enabled":true,"jetpack_shortlink":"https:\/\/wp.me\/pe6lTn-4lM","_links":{"self":[{"href":"https:\/\/www.visit-ulcinj.com\/blog\/wp-json\/wp\/v2\/posts\/16726"}],"collection":[{"href":"https:\/\/www.visit-ulcinj.com\/blog\/wp-json\/wp\/v2\/posts"}],"about":[{"href":"https:\/\/www.visit-ulcinj.com\/blog\/wp-json\/wp\/v2\/types\/post"}],"author":[{"embeddable":true,"href":"https:\/\/www.visit-ulcinj.com\/blog\/wp-json\/wp\/v2\/users\/1"}],"replies":[{"embeddable":true,"href":"https:\/\/www.visit-ulcinj.com\/blog\/wp-json\/wp\/v2\/comments?post=16726"}],"version-history":[{"count":0,"href":"https:\/\/www.visit-ulcinj.com\/blog\/wp-json\/wp\/v2\/posts\/16726\/revisions"}],"wp:attachment":[{"href":"https:\/\/www.visit-ulcinj.com\/blog\/wp-json\/wp\/v2\/media?parent=16726"}],"wp:term":[{"taxonomy":"category","embeddable":true,"href":"https:\/\/www.visit-ulcinj.com\/blog\/wp-json\/wp\/v2\/categories?post=16726"},{"taxonomy":"post_tag","embeddable":true,"href":"https:\/\/www.visit-ulcinj.com\/blog\/wp-json\/wp\/v2\/tags?post=16726"}],"curies":[{"name":"wp","href":"https:\/\/api.w.org\/{rel}","templated":true}]}}