{"id":16729,"date":"2009-04-05T10:31:27","date_gmt":"2009-04-05T08:31:27","guid":{"rendered":"http:\/\/www.visit-ulcinj.com\/blog\/?p=16729"},"modified":"2009-04-05T10:31:27","modified_gmt":"2009-04-05T08:31:27","slug":"arjoni-me-acarojne-te-dy","status":"publish","type":"post","link":"https:\/\/www.visit-ulcinj.com\/blog\/2009\/04\/05\/arjoni-me-acarojne-te-dy\/","title":{"rendered":"Arjoni: M\u00eb acarojn\u00eb t\u00eb dy"},"content":{"rendered":"<p><em><span class=\"newsdate\"><a href=\"http:\/\/www.visit-ulcinj.com\/blog\/wp-content\/uploads\/2009\/04\/per-adelen-dhe-bjordin.jpg\"><img loading=\"lazy\" class=\"alignleft size-full wp-image-16730\" title=\"per-adelen-dhe-bjordin-big-brother-albania-2\" src=\"http:\/\/www.visit-ulcinj.com\/blog\/wp-content\/uploads\/2009\/04\/per-adelen-dhe-bjordin.jpg\" alt=\"per-adelen-dhe-bjordin-big-brother-albania-2\" width=\"300\" height=\"205\" \/><\/a>03\/04\/09 14:27<\/span><\/em><\/p>\n<p>Arjoni d\u00ebgjon Adel\u00ebn edhe Bjordin q\u00eb zihen si zakonisht p\u00ebr gj\u00ebra pa r\u00ebnd\u00ebsi dhe fillon t\u2019i komentoj\u00eb. Ai shprehet se kur ata t\u00eb dy fillojn\u00eb t\u00eb sillen n\u00eb k\u00ebt\u00eb m\u00ebnyr\u00eb, e stresojn\u00eb shum\u00eb. Ai thot\u00eb p\u00ebr Adel\u00ebn se \u00ebsht\u00eb zyshe, vajz\u00eb pa emancipime, \u00ebmb\u00eblsir\u00eb p\u00ebr t\u00eb gjith\u00eb e nd\u00ebrkoh\u00eb zihet me Bjordin p\u00ebr nominimin dhe fillon ta imitoj\u00eb at\u00eb. Aida thot\u00eb se e stresojn\u00eb kur fillojn\u00eb t\u00eb zihen kur han\u00eb drek\u00ebn. Arjoni vazhdon me imitime dhe komentime dhe thot\u00eb p\u00ebr Bjordin se nuk ka lezet q\u00eb sillet ashtu, pasi duhet t\u00eb sillet si i rritur e jo gjith\u00eb koh\u00ebn me lojra si f\u00ebmij\u00eb. Ai shton se Bjordi e mban veten p\u00ebr njeri t\u00eb zgjuar e me shum\u00eb mend po kur vjen puna, b\u00ebn si f\u00ebmij\u00eb gjith\u00eb dit\u00ebn. \u201cEdhe pret q\u00eb ajo t\u2019i jepet\u201d- thot\u00eb Arjoni. Sori e k\u00ebshillon q\u00eb ai t\u00eb mos flas\u00eb p\u00ebr ta. Ai i thot\u00eb se Bjordi v\u00ebrtet\u00eb ka shum\u00eb mend, ndaj nuk duhet q\u00eb asnj\u00eb t\u00eb haet me t\u00eb. Arjoni ia kthen se Bjordi ka v\u00ebrtet\u00eb shum\u00eb fuqi, por nuk po di ta p\u00ebrdor\u00eb n\u00eb m\u00ebnyr\u00ebn e duhur.<\/p>\n","protected":false},"excerpt":{"rendered":"<p>03\/04\/09 14:27 Arjoni d\u00ebgjon Adel\u00ebn edhe Bjordin q\u00eb zihen si zakonisht p\u00ebr gj\u00ebra pa r\u00ebnd\u00ebsi dhe fillon t\u2019i komentoj\u00eb. Ai shprehet se kur ata t\u00eb dy fillojn\u00eb t\u00eb sillen n\u00eb k\u00ebt\u00eb m\u00ebnyr\u00eb, e stresojn\u00eb shum\u00eb. Ai thot\u00eb p\u00ebr Adel\u00ebn se \u00ebsht\u00eb zyshe, vajz\u00eb pa emancipime, \u00ebmb\u00eblsir\u00eb p\u00ebr t\u00eb gjith\u00eb e nd\u00ebrkoh\u00eb zihet me Bjordin p\u00ebr [&hellip;]<\/p>\n","protected":false},"author":1,"featured_media":0,"comment_status":"open","ping_status":"closed","sticky":false,"template":"","format":"standard","meta":{"spay_email":"","jetpack_publicize_message":"","jetpack_is_tweetstorm":false,"jetpack_publicize_feature_enabled":true},"categories":[6502],"tags":[6529,6537,8289,6525,5057,6506,6516,6712,7129,6522,6891,6693,6887],"jetpack_publicize_connections":[],"yoast_head":"<!-- This site is optimized with the Yoast SEO plugin v19.1 - https:\/\/yoast.com\/wordpress\/plugins\/seo\/ -->\n<title>Arjoni: M\u00c3\u00ab acarojn\u00c3\u00ab t\u00c3\u00ab dy | Big Brother Albania 2<\/title>\n<meta name=\"description\" content=\"Big Brother Albania 2 - Arjoni d\u00c3\u00abgjon Adel\u00c3\u00abn edhe Bjordin q\u00c3\u00ab zihen si zakonisht p\u00c3\u00abr gj\u00c3\u00abra pa r\u00c3\u00abnd\u00c3\u00absi dhe fillon t\u00e2\u20ac\u2122i komentoj\u00c3\u00ab. Ai shprehet se kur ata t\u00c3\u00ab dy fillojn\u00c3\u00ab t\u00c3\u00ab sillen n\u00c3\u00ab k\u00c3\u00abt\u00c3\u00ab m\u00c3\u00abnyr\u00c3\u00ab, e stresojn\u00c3\u00ab shum\u00c3\u00ab.\" \/>\n<meta name=\"robots\" content=\"index, follow, max-snippet:-1, max-image-preview:large, max-video-preview:-1\" \/>\n<link rel=\"canonical\" href=\"https:\/\/www.visit-ulcinj.com\/blog\/2009\/04\/05\/arjoni-me-acarojne-te-dy\/\" \/>\n<meta property=\"og:locale\" content=\"en_US\" \/>\n<meta property=\"og:type\" content=\"article\" \/>\n<meta property=\"og:title\" content=\"Arjoni: M\u00c3\u00ab acarojn\u00c3\u00ab t\u00c3\u00ab dy | Big Brother Albania 2\" \/>\n<meta property=\"og:description\" content=\"Big Brother Albania 2 - Arjoni d\u00c3\u00abgjon Adel\u00c3\u00abn edhe Bjordin q\u00c3\u00ab zihen si zakonisht p\u00c3\u00abr gj\u00c3\u00abra pa r\u00c3\u00abnd\u00c3\u00absi dhe fillon t\u00e2\u20ac\u2122i komentoj\u00c3\u00ab. Ai shprehet se kur ata t\u00c3\u00ab dy fillojn\u00c3\u00ab t\u00c3\u00ab sillen n\u00c3\u00ab k\u00c3\u00abt\u00c3\u00ab m\u00c3\u00abnyr\u00c3\u00ab, e stresojn\u00c3\u00ab shum\u00c3\u00ab.\" \/>\n<meta property=\"og:url\" content=\"https:\/\/www.visit-ulcinj.com\/blog\/2009\/04\/05\/arjoni-me-acarojne-te-dy\/\" \/>\n<meta property=\"og:site_name\" content=\"Lajme nga Ulqini\" \/>\n<meta property=\"article:published_time\" content=\"2009-04-05T08:31:27+00:00\" \/>\n<meta property=\"og:image\" content=\"http:\/\/www.visit-ulcinj.com\/blog\/wp-content\/uploads\/2009\/04\/per-adelen-dhe-bjordin.jpg\" \/>\n<meta name=\"twitter:label1\" content=\"Written by\" \/>\n\t<meta name=\"twitter:data1\" content=\"ulqini\" \/>\n\t<meta name=\"twitter:label2\" content=\"Est. reading time\" \/>\n\t<meta name=\"twitter:data2\" content=\"1 minute\" \/>\n<script type=\"application\/ld+json\" class=\"yoast-schema-graph\">{\"@context\":\"https:\/\/schema.org\",\"@graph\":[{\"@type\":\"WebSite\",\"@id\":\"https:\/\/www.visit-ulcinj.com\/blog\/#website\",\"url\":\"https:\/\/www.visit-ulcinj.com\/blog\/\",\"name\":\"Lajme nga Ulqini\",\"description\":\"Lajme,Vijesti,Ulqini,Ulqin,Crna Gora,Mali i Zi\",\"potentialAction\":[{\"@type\":\"SearchAction\",\"target\":{\"@type\":\"EntryPoint\",\"urlTemplate\":\"https:\/\/www.visit-ulcinj.com\/blog\/?s={search_term_string}\"},\"query-input\":\"required name=search_term_string\"}],\"inLanguage\":\"en-US\"},{\"@type\":\"ImageObject\",\"inLanguage\":\"en-US\",\"@id\":\"https:\/\/www.visit-ulcinj.com\/blog\/2009\/04\/05\/arjoni-me-acarojne-te-dy\/#primaryimage\",\"url\":\"http:\/\/www.visit-ulcinj.com\/blog\/wp-content\/uploads\/2009\/04\/per-adelen-dhe-bjordin.jpg\",\"contentUrl\":\"http:\/\/www.visit-ulcinj.com\/blog\/wp-content\/uploads\/2009\/04\/per-adelen-dhe-bjordin.jpg\"},{\"@type\":\"WebPage\",\"@id\":\"https:\/\/www.visit-ulcinj.com\/blog\/2009\/04\/05\/arjoni-me-acarojne-te-dy\/#webpage\",\"url\":\"https:\/\/www.visit-ulcinj.com\/blog\/2009\/04\/05\/arjoni-me-acarojne-te-dy\/\",\"name\":\"Arjoni: M\u00c3\u00ab acarojn\u00c3\u00ab t\u00c3\u00ab dy | Big Brother Albania 2\",\"isPartOf\":{\"@id\":\"https:\/\/www.visit-ulcinj.com\/blog\/#website\"},\"primaryImageOfPage\":{\"@id\":\"https:\/\/www.visit-ulcinj.com\/blog\/2009\/04\/05\/arjoni-me-acarojne-te-dy\/#primaryimage\"},\"datePublished\":\"2009-04-05T08:31:27+00:00\",\"dateModified\":\"2009-04-05T08:31:27+00:00\",\"author\":{\"@id\":\"https:\/\/www.visit-ulcinj.com\/blog\/#\/schema\/person\/dcab619c614d3038751c63bc2aadc06d\"},\"description\":\"Big Brother Albania 2 - Arjoni d\u00c3\u00abgjon Adel\u00c3\u00abn edhe Bjordin q\u00c3\u00ab zihen si zakonisht p\u00c3\u00abr gj\u00c3\u00abra pa r\u00c3\u00abnd\u00c3\u00absi dhe fillon t\u00e2\u20ac\u2122i komentoj\u00c3\u00ab. Ai shprehet se kur ata t\u00c3\u00ab dy fillojn\u00c3\u00ab t\u00c3\u00ab sillen n\u00c3\u00ab k\u00c3\u00abt\u00c3\u00ab m\u00c3\u00abnyr\u00c3\u00ab, e stresojn\u00c3\u00ab shum\u00c3\u00ab.\",\"breadcrumb\":{\"@id\":\"https:\/\/www.visit-ulcinj.com\/blog\/2009\/04\/05\/arjoni-me-acarojne-te-dy\/#breadcrumb\"},\"inLanguage\":\"en-US\",\"potentialAction\":[{\"@type\":\"ReadAction\",\"target\":[\"https:\/\/www.visit-ulcinj.com\/blog\/2009\/04\/05\/arjoni-me-acarojne-te-dy\/\"]}]},{\"@type\":\"BreadcrumbList\",\"@id\":\"https:\/\/www.visit-ulcinj.com\/blog\/2009\/04\/05\/arjoni-me-acarojne-te-dy\/#breadcrumb\",\"itemListElement\":[{\"@type\":\"ListItem\",\"position\":1,\"name\":\"Arjoni: M\u00eb acarojn\u00eb t\u00eb dy\"}]},{\"@type\":\"Person\",\"@id\":\"https:\/\/www.visit-ulcinj.com\/blog\/#\/schema\/person\/dcab619c614d3038751c63bc2aadc06d\",\"name\":\"ulqini\",\"sameAs\":[\"http:\/\/www.visit-ulcinj.com\"],\"url\":\"https:\/\/www.visit-ulcinj.com\/blog\/author\/admin\/\"}]}<\/script>\n<!-- \/ Yoast SEO plugin. -->","yoast_head_json":{"title":"Arjoni: M\u00c3\u00ab acarojn\u00c3\u00ab t\u00c3\u00ab dy | Big Brother Albania 2","description":"Big Brother Albania 2 - Arjoni d\u00c3\u00abgjon Adel\u00c3\u00abn edhe Bjordin q\u00c3\u00ab zihen si zakonisht p\u00c3\u00abr gj\u00c3\u00abra pa r\u00c3\u00abnd\u00c3\u00absi dhe fillon t\u00e2\u20ac\u2122i komentoj\u00c3\u00ab. Ai shprehet se kur ata t\u00c3\u00ab dy fillojn\u00c3\u00ab t\u00c3\u00ab sillen n\u00c3\u00ab k\u00c3\u00abt\u00c3\u00ab m\u00c3\u00abnyr\u00c3\u00ab, e stresojn\u00c3\u00ab shum\u00c3\u00ab.","robots":{"index":"index","follow":"follow","max-snippet":"max-snippet:-1","max-image-preview":"max-image-preview:large","max-video-preview":"max-video-preview:-1"},"canonical":"https:\/\/www.visit-ulcinj.com\/blog\/2009\/04\/05\/arjoni-me-acarojne-te-dy\/","og_locale":"en_US","og_type":"article","og_title":"Arjoni: M\u00c3\u00ab acarojn\u00c3\u00ab t\u00c3\u00ab dy | Big Brother Albania 2","og_description":"Big Brother Albania 2 - Arjoni d\u00c3\u00abgjon Adel\u00c3\u00abn edhe Bjordin q\u00c3\u00ab zihen si zakonisht p\u00c3\u00abr gj\u00c3\u00abra pa r\u00c3\u00abnd\u00c3\u00absi dhe fillon t\u00e2\u20ac\u2122i komentoj\u00c3\u00ab. Ai shprehet se kur ata t\u00c3\u00ab dy fillojn\u00c3\u00ab t\u00c3\u00ab sillen n\u00c3\u00ab k\u00c3\u00abt\u00c3\u00ab m\u00c3\u00abnyr\u00c3\u00ab, e stresojn\u00c3\u00ab shum\u00c3\u00ab.","og_url":"https:\/\/www.visit-ulcinj.com\/blog\/2009\/04\/05\/arjoni-me-acarojne-te-dy\/","og_site_name":"Lajme nga Ulqini","article_published_time":"2009-04-05T08:31:27+00:00","og_image":[{"url":"http:\/\/www.visit-ulcinj.com\/blog\/wp-content\/uploads\/2009\/04\/per-adelen-dhe-bjordin.jpg"}],"twitter_misc":{"Written by":"ulqini","Est. reading time":"1 minute"},"schema":{"@context":"https:\/\/schema.org","@graph":[{"@type":"WebSite","@id":"https:\/\/www.visit-ulcinj.com\/blog\/#website","url":"https:\/\/www.visit-ulcinj.com\/blog\/","name":"Lajme nga Ulqini","description":"Lajme,Vijesti,Ulqini,Ulqin,Crna Gora,Mali i Zi","potentialAction":[{"@type":"SearchAction","target":{"@type":"EntryPoint","urlTemplate":"https:\/\/www.visit-ulcinj.com\/blog\/?s={search_term_string}"},"query-input":"required name=search_term_string"}],"inLanguage":"en-US"},{"@type":"ImageObject","inLanguage":"en-US","@id":"https:\/\/www.visit-ulcinj.com\/blog\/2009\/04\/05\/arjoni-me-acarojne-te-dy\/#primaryimage","url":"http:\/\/www.visit-ulcinj.com\/blog\/wp-content\/uploads\/2009\/04\/per-adelen-dhe-bjordin.jpg","contentUrl":"http:\/\/www.visit-ulcinj.com\/blog\/wp-content\/uploads\/2009\/04\/per-adelen-dhe-bjordin.jpg"},{"@type":"WebPage","@id":"https:\/\/www.visit-ulcinj.com\/blog\/2009\/04\/05\/arjoni-me-acarojne-te-dy\/#webpage","url":"https:\/\/www.visit-ulcinj.com\/blog\/2009\/04\/05\/arjoni-me-acarojne-te-dy\/","name":"Arjoni: M\u00c3\u00ab acarojn\u00c3\u00ab t\u00c3\u00ab dy | Big Brother Albania 2","isPartOf":{"@id":"https:\/\/www.visit-ulcinj.com\/blog\/#website"},"primaryImageOfPage":{"@id":"https:\/\/www.visit-ulcinj.com\/blog\/2009\/04\/05\/arjoni-me-acarojne-te-dy\/#primaryimage"},"datePublished":"2009-04-05T08:31:27+00:00","dateModified":"2009-04-05T08:31:27+00:00","author":{"@id":"https:\/\/www.visit-ulcinj.com\/blog\/#\/schema\/person\/dcab619c614d3038751c63bc2aadc06d"},"description":"Big Brother Albania 2 - Arjoni d\u00c3\u00abgjon Adel\u00c3\u00abn edhe Bjordin q\u00c3\u00ab zihen si zakonisht p\u00c3\u00abr gj\u00c3\u00abra pa r\u00c3\u00abnd\u00c3\u00absi dhe fillon t\u00e2\u20ac\u2122i komentoj\u00c3\u00ab. Ai shprehet se kur ata t\u00c3\u00ab dy fillojn\u00c3\u00ab t\u00c3\u00ab sillen n\u00c3\u00ab k\u00c3\u00abt\u00c3\u00ab m\u00c3\u00abnyr\u00c3\u00ab, e stresojn\u00c3\u00ab shum\u00c3\u00ab.","breadcrumb":{"@id":"https:\/\/www.visit-ulcinj.com\/blog\/2009\/04\/05\/arjoni-me-acarojne-te-dy\/#breadcrumb"},"inLanguage":"en-US","potentialAction":[{"@type":"ReadAction","target":["https:\/\/www.visit-ulcinj.com\/blog\/2009\/04\/05\/arjoni-me-acarojne-te-dy\/"]}]},{"@type":"BreadcrumbList","@id":"https:\/\/www.visit-ulcinj.com\/blog\/2009\/04\/05\/arjoni-me-acarojne-te-dy\/#breadcrumb","itemListElement":[{"@type":"ListItem","position":1,"name":"Arjoni: M\u00eb acarojn\u00eb t\u00eb dy"}]},{"@type":"Person","@id":"https:\/\/www.visit-ulcinj.com\/blog\/#\/schema\/person\/dcab619c614d3038751c63bc2aadc06d","name":"ulqini","sameAs":["http:\/\/www.visit-ulcinj.com"],"url":"https:\/\/www.visit-ulcinj.com\/blog\/author\/admin\/"}]}},"jetpack_featured_media_url":"","jetpack_sharing_enabled":true,"jetpack_shortlink":"https:\/\/wp.me\/pe6lTn-4lP","_links":{"self":[{"href":"https:\/\/www.visit-ulcinj.com\/blog\/wp-json\/wp\/v2\/posts\/16729"}],"collection":[{"href":"https:\/\/www.visit-ulcinj.com\/blog\/wp-json\/wp\/v2\/posts"}],"about":[{"href":"https:\/\/www.visit-ulcinj.com\/blog\/wp-json\/wp\/v2\/types\/post"}],"author":[{"embeddable":true,"href":"https:\/\/www.visit-ulcinj.com\/blog\/wp-json\/wp\/v2\/users\/1"}],"replies":[{"embeddable":true,"href":"https:\/\/www.visit-ulcinj.com\/blog\/wp-json\/wp\/v2\/comments?post=16729"}],"version-history":[{"count":0,"href":"https:\/\/www.visit-ulcinj.com\/blog\/wp-json\/wp\/v2\/posts\/16729\/revisions"}],"wp:attachment":[{"href":"https:\/\/www.visit-ulcinj.com\/blog\/wp-json\/wp\/v2\/media?parent=16729"}],"wp:term":[{"taxonomy":"category","embeddable":true,"href":"https:\/\/www.visit-ulcinj.com\/blog\/wp-json\/wp\/v2\/categories?post=16729"},{"taxonomy":"post_tag","embeddable":true,"href":"https:\/\/www.visit-ulcinj.com\/blog\/wp-json\/wp\/v2\/tags?post=16729"}],"curies":[{"name":"wp","href":"https:\/\/api.w.org\/{rel}","templated":true}]}}