{"id":16738,"date":"2009-04-05T10:37:45","date_gmt":"2009-04-05T08:37:45","guid":{"rendered":"http:\/\/www.visit-ulcinj.com\/blog\/?p=16738"},"modified":"2009-04-05T10:37:45","modified_gmt":"2009-04-05T08:37:45","slug":"bjordi-dua-te-di-mbi-fene-tende","status":"publish","type":"post","link":"https:\/\/www.visit-ulcinj.com\/blog\/2009\/04\/05\/bjordi-dua-te-di-mbi-fene-tende\/","title":{"rendered":"Bjordi : Dua t\u00eb di mbi fen\u00eb t\u00ebnde"},"content":{"rendered":"<p><em><span class=\"newsdate\"><a href=\"http:\/\/www.visit-ulcinj.com\/blog\/wp-content\/uploads\/2009\/04\/per-fene.jpg\"><img loading=\"lazy\" class=\"alignleft size-full wp-image-16739\" title=\"per-fene-big-brother-albania-2\" src=\"http:\/\/www.visit-ulcinj.com\/blog\/wp-content\/uploads\/2009\/04\/per-fene.jpg\" alt=\"per-fene-big-brother-albania-2\" width=\"300\" height=\"205\" \/><\/a>03\/04\/09 14:45<\/span><\/em><\/p>\n<p>Bjordi i k\u00ebrkon Adel\u00ebs q\u00eb t\u00eb flasin p\u00ebr nj\u00eb tem\u00eb paksa delika te p\u00ebr t\u00eb. Ai i tregon se nuk ka shum\u00eb njohuri n\u00eb lidhje me fen\u00eb myslimane dhe k\u00ebrkon prej saj q\u00eb t\u2019i tregoj\u00eb disa gj\u00ebra apo q\u00eb edhe ai t\u2019i b\u00ebj\u00eb pyetje rreth asaj teme. Adela bie dakord dhe fillon t\u2019i tregoj\u00eb. Bjordi \u00ebsht\u00eb m\u00eb shum\u00eb i interesuar t\u00eb dij\u00eb p\u00ebr femrat myslimane q\u00eb mbulohen me shami. Adela ia spjegon k\u00ebt\u00eb gj\u00eb p\u00ebrse ndodh. Bjordit i lindin shum\u00eb pyetje dhe Adela mundohet q\u00eb t\u2019u p\u00ebrgjigjet t\u00eb gjithave. Ata shpesh her\u00eb nuk e kuptojn\u00eb njeri-tjetrin pasi kan\u00eb mendime t\u00eb kund\u00ebrta.<\/p>\n","protected":false},"excerpt":{"rendered":"<p>03\/04\/09 14:45 Bjordi i k\u00ebrkon Adel\u00ebs q\u00eb t\u00eb flasin p\u00ebr nj\u00eb tem\u00eb paksa delika te p\u00ebr t\u00eb. Ai i tregon se nuk ka shum\u00eb njohuri n\u00eb lidhje me fen\u00eb myslimane dhe k\u00ebrkon prej saj q\u00eb t\u2019i tregoj\u00eb disa gj\u00ebra apo q\u00eb edhe ai t\u2019i b\u00ebj\u00eb pyetje rreth asaj teme. Adela bie dakord dhe fillon t\u2019i [&hellip;]<\/p>\n","protected":false},"author":1,"featured_media":0,"comment_status":"open","ping_status":"closed","sticky":false,"template":"","format":"standard","meta":{"spay_email":"","jetpack_publicize_message":"","jetpack_is_tweetstorm":false,"jetpack_publicize_feature_enabled":true},"categories":[6502],"tags":[6529,5057,6506,6516,6712,7129,6522,8720,6891,6693,6887],"jetpack_publicize_connections":[],"yoast_head":"<!-- This site is optimized with the Yoast SEO plugin v19.1 - https:\/\/yoast.com\/wordpress\/plugins\/seo\/ -->\n<title>Bjrodi : Dua t\u00c3\u00ab di mbi fen\u00c3\u00ab t\u00c3\u00abnde | Big Brother Albania 2<\/title>\n<meta name=\"description\" content=\"Big Brother Albania 2 - Bjordi i k\u00c3\u00abrkon Adel\u00c3\u00abs q\u00c3\u00ab t\u00c3\u00ab flasin p\u00c3\u00abr nj\u00c3\u00ab tem\u00c3\u00ab paksa delika te p\u00c3\u00abr t\u00c3\u00ab. Ai i tregon se nuk ka shum\u00c3\u00ab njohuri n\u00c3\u00ab lidhje me fen\u00c3\u00ab myslimane dhe k\u00c3\u00abrkon prej saj q\u00c3\u00ab t\u00e2\u20ac\u2122i tregoj\u00c3\u00ab disa gj\u00c3\u00abra apo q\u00c3\u00ab edhe ai t\u00e2\u20ac\u2122i b\u00c3\u00abj\u00c3\u00ab pyetje rreth asaj teme.\" \/>\n<meta name=\"robots\" content=\"index, follow, max-snippet:-1, max-image-preview:large, max-video-preview:-1\" \/>\n<link rel=\"canonical\" href=\"https:\/\/www.visit-ulcinj.com\/blog\/2009\/04\/05\/bjordi-dua-te-di-mbi-fene-tende\/\" \/>\n<meta property=\"og:locale\" content=\"en_US\" \/>\n<meta property=\"og:type\" content=\"article\" \/>\n<meta property=\"og:title\" content=\"Bjrodi : Dua t\u00c3\u00ab di mbi fen\u00c3\u00ab t\u00c3\u00abnde | Big Brother Albania 2\" \/>\n<meta property=\"og:description\" content=\"Big Brother Albania 2 - Bjordi i k\u00c3\u00abrkon Adel\u00c3\u00abs q\u00c3\u00ab t\u00c3\u00ab flasin p\u00c3\u00abr nj\u00c3\u00ab tem\u00c3\u00ab paksa delika te p\u00c3\u00abr t\u00c3\u00ab. Ai i tregon se nuk ka shum\u00c3\u00ab njohuri n\u00c3\u00ab lidhje me fen\u00c3\u00ab myslimane dhe k\u00c3\u00abrkon prej saj q\u00c3\u00ab t\u00e2\u20ac\u2122i tregoj\u00c3\u00ab disa gj\u00c3\u00abra apo q\u00c3\u00ab edhe ai t\u00e2\u20ac\u2122i b\u00c3\u00abj\u00c3\u00ab pyetje rreth asaj teme.\" \/>\n<meta property=\"og:url\" content=\"https:\/\/www.visit-ulcinj.com\/blog\/2009\/04\/05\/bjordi-dua-te-di-mbi-fene-tende\/\" \/>\n<meta property=\"og:site_name\" content=\"Lajme nga Ulqini\" \/>\n<meta property=\"article:published_time\" content=\"2009-04-05T08:37:45+00:00\" \/>\n<meta property=\"og:image\" content=\"http:\/\/www.visit-ulcinj.com\/blog\/wp-content\/uploads\/2009\/04\/per-fene.jpg\" \/>\n<meta name=\"twitter:label1\" content=\"Written by\" \/>\n\t<meta name=\"twitter:data1\" content=\"ulqini\" \/>\n\t<meta name=\"twitter:label2\" content=\"Est. reading time\" \/>\n\t<meta name=\"twitter:data2\" content=\"1 minute\" \/>\n<script type=\"application\/ld+json\" class=\"yoast-schema-graph\">{\"@context\":\"https:\/\/schema.org\",\"@graph\":[{\"@type\":\"WebSite\",\"@id\":\"https:\/\/www.visit-ulcinj.com\/blog\/#website\",\"url\":\"https:\/\/www.visit-ulcinj.com\/blog\/\",\"name\":\"Lajme nga Ulqini\",\"description\":\"Lajme,Vijesti,Ulqini,Ulqin,Crna Gora,Mali i Zi\",\"potentialAction\":[{\"@type\":\"SearchAction\",\"target\":{\"@type\":\"EntryPoint\",\"urlTemplate\":\"https:\/\/www.visit-ulcinj.com\/blog\/?s={search_term_string}\"},\"query-input\":\"required name=search_term_string\"}],\"inLanguage\":\"en-US\"},{\"@type\":\"ImageObject\",\"inLanguage\":\"en-US\",\"@id\":\"https:\/\/www.visit-ulcinj.com\/blog\/2009\/04\/05\/bjordi-dua-te-di-mbi-fene-tende\/#primaryimage\",\"url\":\"http:\/\/www.visit-ulcinj.com\/blog\/wp-content\/uploads\/2009\/04\/per-fene.jpg\",\"contentUrl\":\"http:\/\/www.visit-ulcinj.com\/blog\/wp-content\/uploads\/2009\/04\/per-fene.jpg\"},{\"@type\":\"WebPage\",\"@id\":\"https:\/\/www.visit-ulcinj.com\/blog\/2009\/04\/05\/bjordi-dua-te-di-mbi-fene-tende\/#webpage\",\"url\":\"https:\/\/www.visit-ulcinj.com\/blog\/2009\/04\/05\/bjordi-dua-te-di-mbi-fene-tende\/\",\"name\":\"Bjrodi : Dua t\u00c3\u00ab di mbi fen\u00c3\u00ab t\u00c3\u00abnde | Big Brother Albania 2\",\"isPartOf\":{\"@id\":\"https:\/\/www.visit-ulcinj.com\/blog\/#website\"},\"primaryImageOfPage\":{\"@id\":\"https:\/\/www.visit-ulcinj.com\/blog\/2009\/04\/05\/bjordi-dua-te-di-mbi-fene-tende\/#primaryimage\"},\"datePublished\":\"2009-04-05T08:37:45+00:00\",\"dateModified\":\"2009-04-05T08:37:45+00:00\",\"author\":{\"@id\":\"https:\/\/www.visit-ulcinj.com\/blog\/#\/schema\/person\/dcab619c614d3038751c63bc2aadc06d\"},\"description\":\"Big Brother Albania 2 - Bjordi i k\u00c3\u00abrkon Adel\u00c3\u00abs q\u00c3\u00ab t\u00c3\u00ab flasin p\u00c3\u00abr nj\u00c3\u00ab tem\u00c3\u00ab paksa delika te p\u00c3\u00abr t\u00c3\u00ab. Ai i tregon se nuk ka shum\u00c3\u00ab njohuri n\u00c3\u00ab lidhje me fen\u00c3\u00ab myslimane dhe k\u00c3\u00abrkon prej saj q\u00c3\u00ab t\u00e2\u20ac\u2122i tregoj\u00c3\u00ab disa gj\u00c3\u00abra apo q\u00c3\u00ab edhe ai t\u00e2\u20ac\u2122i b\u00c3\u00abj\u00c3\u00ab pyetje rreth asaj teme.\",\"breadcrumb\":{\"@id\":\"https:\/\/www.visit-ulcinj.com\/blog\/2009\/04\/05\/bjordi-dua-te-di-mbi-fene-tende\/#breadcrumb\"},\"inLanguage\":\"en-US\",\"potentialAction\":[{\"@type\":\"ReadAction\",\"target\":[\"https:\/\/www.visit-ulcinj.com\/blog\/2009\/04\/05\/bjordi-dua-te-di-mbi-fene-tende\/\"]}]},{\"@type\":\"BreadcrumbList\",\"@id\":\"https:\/\/www.visit-ulcinj.com\/blog\/2009\/04\/05\/bjordi-dua-te-di-mbi-fene-tende\/#breadcrumb\",\"itemListElement\":[{\"@type\":\"ListItem\",\"position\":1,\"name\":\"Bjordi : Dua t\u00eb di mbi fen\u00eb t\u00ebnde\"}]},{\"@type\":\"Person\",\"@id\":\"https:\/\/www.visit-ulcinj.com\/blog\/#\/schema\/person\/dcab619c614d3038751c63bc2aadc06d\",\"name\":\"ulqini\",\"sameAs\":[\"http:\/\/www.visit-ulcinj.com\"],\"url\":\"https:\/\/www.visit-ulcinj.com\/blog\/author\/admin\/\"}]}<\/script>\n<!-- \/ Yoast SEO plugin. -->","yoast_head_json":{"title":"Bjrodi : Dua t\u00c3\u00ab di mbi fen\u00c3\u00ab t\u00c3\u00abnde | Big Brother Albania 2","description":"Big Brother Albania 2 - Bjordi i k\u00c3\u00abrkon Adel\u00c3\u00abs q\u00c3\u00ab t\u00c3\u00ab flasin p\u00c3\u00abr nj\u00c3\u00ab tem\u00c3\u00ab paksa delika te p\u00c3\u00abr t\u00c3\u00ab. Ai i tregon se nuk ka shum\u00c3\u00ab njohuri n\u00c3\u00ab lidhje me fen\u00c3\u00ab myslimane dhe k\u00c3\u00abrkon prej saj q\u00c3\u00ab t\u00e2\u20ac\u2122i tregoj\u00c3\u00ab disa gj\u00c3\u00abra apo q\u00c3\u00ab edhe ai t\u00e2\u20ac\u2122i b\u00c3\u00abj\u00c3\u00ab pyetje rreth asaj teme.","robots":{"index":"index","follow":"follow","max-snippet":"max-snippet:-1","max-image-preview":"max-image-preview:large","max-video-preview":"max-video-preview:-1"},"canonical":"https:\/\/www.visit-ulcinj.com\/blog\/2009\/04\/05\/bjordi-dua-te-di-mbi-fene-tende\/","og_locale":"en_US","og_type":"article","og_title":"Bjrodi : Dua t\u00c3\u00ab di mbi fen\u00c3\u00ab t\u00c3\u00abnde | Big Brother Albania 2","og_description":"Big Brother Albania 2 - Bjordi i k\u00c3\u00abrkon Adel\u00c3\u00abs q\u00c3\u00ab t\u00c3\u00ab flasin p\u00c3\u00abr nj\u00c3\u00ab tem\u00c3\u00ab paksa delika te p\u00c3\u00abr t\u00c3\u00ab. Ai i tregon se nuk ka shum\u00c3\u00ab njohuri n\u00c3\u00ab lidhje me fen\u00c3\u00ab myslimane dhe k\u00c3\u00abrkon prej saj q\u00c3\u00ab t\u00e2\u20ac\u2122i tregoj\u00c3\u00ab disa gj\u00c3\u00abra apo q\u00c3\u00ab edhe ai t\u00e2\u20ac\u2122i b\u00c3\u00abj\u00c3\u00ab pyetje rreth asaj teme.","og_url":"https:\/\/www.visit-ulcinj.com\/blog\/2009\/04\/05\/bjordi-dua-te-di-mbi-fene-tende\/","og_site_name":"Lajme nga Ulqini","article_published_time":"2009-04-05T08:37:45+00:00","og_image":[{"url":"http:\/\/www.visit-ulcinj.com\/blog\/wp-content\/uploads\/2009\/04\/per-fene.jpg"}],"twitter_misc":{"Written by":"ulqini","Est. reading time":"1 minute"},"schema":{"@context":"https:\/\/schema.org","@graph":[{"@type":"WebSite","@id":"https:\/\/www.visit-ulcinj.com\/blog\/#website","url":"https:\/\/www.visit-ulcinj.com\/blog\/","name":"Lajme nga Ulqini","description":"Lajme,Vijesti,Ulqini,Ulqin,Crna Gora,Mali i Zi","potentialAction":[{"@type":"SearchAction","target":{"@type":"EntryPoint","urlTemplate":"https:\/\/www.visit-ulcinj.com\/blog\/?s={search_term_string}"},"query-input":"required name=search_term_string"}],"inLanguage":"en-US"},{"@type":"ImageObject","inLanguage":"en-US","@id":"https:\/\/www.visit-ulcinj.com\/blog\/2009\/04\/05\/bjordi-dua-te-di-mbi-fene-tende\/#primaryimage","url":"http:\/\/www.visit-ulcinj.com\/blog\/wp-content\/uploads\/2009\/04\/per-fene.jpg","contentUrl":"http:\/\/www.visit-ulcinj.com\/blog\/wp-content\/uploads\/2009\/04\/per-fene.jpg"},{"@type":"WebPage","@id":"https:\/\/www.visit-ulcinj.com\/blog\/2009\/04\/05\/bjordi-dua-te-di-mbi-fene-tende\/#webpage","url":"https:\/\/www.visit-ulcinj.com\/blog\/2009\/04\/05\/bjordi-dua-te-di-mbi-fene-tende\/","name":"Bjrodi : Dua t\u00c3\u00ab di mbi fen\u00c3\u00ab t\u00c3\u00abnde | Big Brother Albania 2","isPartOf":{"@id":"https:\/\/www.visit-ulcinj.com\/blog\/#website"},"primaryImageOfPage":{"@id":"https:\/\/www.visit-ulcinj.com\/blog\/2009\/04\/05\/bjordi-dua-te-di-mbi-fene-tende\/#primaryimage"},"datePublished":"2009-04-05T08:37:45+00:00","dateModified":"2009-04-05T08:37:45+00:00","author":{"@id":"https:\/\/www.visit-ulcinj.com\/blog\/#\/schema\/person\/dcab619c614d3038751c63bc2aadc06d"},"description":"Big Brother Albania 2 - Bjordi i k\u00c3\u00abrkon Adel\u00c3\u00abs q\u00c3\u00ab t\u00c3\u00ab flasin p\u00c3\u00abr nj\u00c3\u00ab tem\u00c3\u00ab paksa delika te p\u00c3\u00abr t\u00c3\u00ab. Ai i tregon se nuk ka shum\u00c3\u00ab njohuri n\u00c3\u00ab lidhje me fen\u00c3\u00ab myslimane dhe k\u00c3\u00abrkon prej saj q\u00c3\u00ab t\u00e2\u20ac\u2122i tregoj\u00c3\u00ab disa gj\u00c3\u00abra apo q\u00c3\u00ab edhe ai t\u00e2\u20ac\u2122i b\u00c3\u00abj\u00c3\u00ab pyetje rreth asaj teme.","breadcrumb":{"@id":"https:\/\/www.visit-ulcinj.com\/blog\/2009\/04\/05\/bjordi-dua-te-di-mbi-fene-tende\/#breadcrumb"},"inLanguage":"en-US","potentialAction":[{"@type":"ReadAction","target":["https:\/\/www.visit-ulcinj.com\/blog\/2009\/04\/05\/bjordi-dua-te-di-mbi-fene-tende\/"]}]},{"@type":"BreadcrumbList","@id":"https:\/\/www.visit-ulcinj.com\/blog\/2009\/04\/05\/bjordi-dua-te-di-mbi-fene-tende\/#breadcrumb","itemListElement":[{"@type":"ListItem","position":1,"name":"Bjordi : Dua t\u00eb di mbi fen\u00eb t\u00ebnde"}]},{"@type":"Person","@id":"https:\/\/www.visit-ulcinj.com\/blog\/#\/schema\/person\/dcab619c614d3038751c63bc2aadc06d","name":"ulqini","sameAs":["http:\/\/www.visit-ulcinj.com"],"url":"https:\/\/www.visit-ulcinj.com\/blog\/author\/admin\/"}]}},"jetpack_featured_media_url":"","jetpack_sharing_enabled":true,"jetpack_shortlink":"https:\/\/wp.me\/pe6lTn-4lY","_links":{"self":[{"href":"https:\/\/www.visit-ulcinj.com\/blog\/wp-json\/wp\/v2\/posts\/16738"}],"collection":[{"href":"https:\/\/www.visit-ulcinj.com\/blog\/wp-json\/wp\/v2\/posts"}],"about":[{"href":"https:\/\/www.visit-ulcinj.com\/blog\/wp-json\/wp\/v2\/types\/post"}],"author":[{"embeddable":true,"href":"https:\/\/www.visit-ulcinj.com\/blog\/wp-json\/wp\/v2\/users\/1"}],"replies":[{"embeddable":true,"href":"https:\/\/www.visit-ulcinj.com\/blog\/wp-json\/wp\/v2\/comments?post=16738"}],"version-history":[{"count":0,"href":"https:\/\/www.visit-ulcinj.com\/blog\/wp-json\/wp\/v2\/posts\/16738\/revisions"}],"wp:attachment":[{"href":"https:\/\/www.visit-ulcinj.com\/blog\/wp-json\/wp\/v2\/media?parent=16738"}],"wp:term":[{"taxonomy":"category","embeddable":true,"href":"https:\/\/www.visit-ulcinj.com\/blog\/wp-json\/wp\/v2\/categories?post=16738"},{"taxonomy":"post_tag","embeddable":true,"href":"https:\/\/www.visit-ulcinj.com\/blog\/wp-json\/wp\/v2\/tags?post=16738"}],"curies":[{"name":"wp","href":"https:\/\/api.w.org\/{rel}","templated":true}]}}