{"id":16741,"date":"2009-04-05T10:39:24","date_gmt":"2009-04-05T08:39:24","guid":{"rendered":"http:\/\/www.visit-ulcinj.com\/blog\/?p=16741"},"modified":"2009-04-05T10:39:24","modified_gmt":"2009-04-05T08:39:24","slug":"anjeza-ne-nuk-te-nominojme","status":"publish","type":"post","link":"https:\/\/www.visit-ulcinj.com\/blog\/2009\/04\/05\/anjeza-ne-nuk-te-nominojme\/","title":{"rendered":"Anjeza : Ne nuk t\u00eb nominojm\u00eb"},"content":{"rendered":"<p><em><span class=\"newsdate\"><a href=\"http:\/\/www.visit-ulcinj.com\/blog\/wp-content\/uploads\/2009\/04\/anjeza.jpg\"><img loading=\"lazy\" class=\"alignleft size-full wp-image-16742\" title=\"anjeza-big-brother-albania-2\" src=\"http:\/\/www.visit-ulcinj.com\/blog\/wp-content\/uploads\/2009\/04\/anjeza.jpg\" alt=\"anjeza-big-brother-albania-2\" width=\"300\" height=\"205\" \/><\/a>03\/04\/09 14:55<\/span><\/em><\/p>\n<p>Sori e pyet Anjez\u00ebn n\u00ebse \u00ebsht\u00eb pro mendimeve t\u00eb tij apo kundra dhe ajo i p\u00ebrgjigjet se \u00ebsht\u00eb p\u00ebrgjith\u00ebsisht kundra. Ai e pyet n\u00ebse ajo do e k\u00ebrkoj\u00eb mendimin e tij, por Anjeza thot\u00eb se p\u00ebr momentin nuk i intereson ta dij\u00eb. Sori mendon se ajo mund t\u00eb futet n\u00eb ndonj\u00eb debat dhe ajo do ta k\u00ebrkoj\u00eb mendimin e tij se cil\u00ebn an\u00eb do mbaj\u00eb. P\u00ebr Anjez\u00ebn, \u00ebsht\u00eb gj\u00eb e mir\u00eb t\u00eb futet n\u00eb debate. Sori i thot\u00eb se \u201cturma\u201d mund ta godas\u00eb at\u00eb me stil, por Anjeza ia kthen se dhe ajo do mbrohet me stil. Sori mundohet t\u2019i spjegoj\u00eb se ajo nuk i njeh ata, nd\u00ebrsa ata kan\u00eb dy muaj q\u00eb po njihen me njeri-tjetrin dhe ndaj ajo mund t\u00eb jet\u00eb e sulmuar jav\u00ebn q\u00eb vjen. Si Sori, dhe Arjoni i tregojn\u00eb se nuk kan\u00eb nd\u00ebrmend q\u00eb ta nominojn\u00eb sepse n\u00eb k\u00ebt\u00eb m\u00ebnyr\u00eb ata e b\u00ebjn\u00eb person t\u00eb njohur shum\u00eb shpejt, pa e njohur realisht. Ata thon\u00eb se nuk mund ta nxjerrin at\u00eb n\u00eb nominim pa e treguar ajo se cila \u00ebsht\u00eb. Sipas Arjonit, ata q\u00eb v\u00ebrtet\u00eb din\u00eb t\u00eb luajn\u00eb, nuk do ta nominojn\u00eb at\u00eb pasi do t\u00eb gjykoheshin keq nga publiku sepse n\u00eb k\u00ebt\u00eb m\u00ebnyr\u00eb, ata godasin dik\u00eb pa e njohur me nj\u00eb arsye jo t\u00eb fort\u00eb. Sori i thot\u00eb se ata q\u00eb kan\u00eb p\u00ebr ta nominuar, do ken\u00eb si arsye vet\u00ebm se nuk do duan t\u00eb nominojn\u00eb banor\u00ebt e vjet\u00ebr.<\/p>\n","protected":false},"excerpt":{"rendered":"<p>03\/04\/09 14:55 Sori e pyet Anjez\u00ebn n\u00ebse \u00ebsht\u00eb pro mendimeve t\u00eb tij apo kundra dhe ajo i p\u00ebrgjigjet se \u00ebsht\u00eb p\u00ebrgjith\u00ebsisht kundra. Ai e pyet n\u00ebse ajo do e k\u00ebrkoj\u00eb mendimin e tij, por Anjeza thot\u00eb se p\u00ebr momentin nuk i intereson ta dij\u00eb. Sori mendon se ajo mund t\u00eb futet n\u00eb ndonj\u00eb debat dhe [&hellip;]<\/p>\n","protected":false},"author":1,"featured_media":0,"comment_status":"open","ping_status":"closed","sticky":false,"template":"","format":"standard","meta":{"spay_email":"","jetpack_publicize_message":"","jetpack_is_tweetstorm":false,"jetpack_publicize_feature_enabled":true},"categories":[6502],"tags":[8289,5057,6506,6516,6712,7129,6522,8276,6891,6693,6887],"jetpack_publicize_connections":[],"yoast_head":"<!-- This site is optimized with the Yoast SEO plugin v19.1 - https:\/\/yoast.com\/wordpress\/plugins\/seo\/ -->\n<title>Anjeza : Ne nuk t\u00c3\u00ab nominojm\u00c3\u00ab | Big Brother Albania 2<\/title>\n<meta name=\"description\" content=\"Big Brother Albania 2 - Sori e pyet Anjez\u00c3\u00abn n\u00c3\u00abse \u00c3\u00absht\u00c3\u00ab pro mendimeve t\u00c3\u00ab tij apo kundra dhe ajo i p\u00c3\u00abrgjigjet se \u00c3\u00absht\u00c3\u00ab p\u00c3\u00abrgjith\u00c3\u00absisht kundra. Ai e pyet n\u00c3\u00abse ajo do e k\u00c3\u00abrkoj\u00c3\u00ab mendimin e tij\" \/>\n<meta name=\"robots\" content=\"index, follow, max-snippet:-1, max-image-preview:large, max-video-preview:-1\" \/>\n<link rel=\"canonical\" href=\"https:\/\/www.visit-ulcinj.com\/blog\/2009\/04\/05\/anjeza-ne-nuk-te-nominojme\/\" \/>\n<meta property=\"og:locale\" content=\"en_US\" \/>\n<meta property=\"og:type\" content=\"article\" \/>\n<meta property=\"og:title\" content=\"Anjeza : Ne nuk t\u00c3\u00ab nominojm\u00c3\u00ab | Big Brother Albania 2\" \/>\n<meta property=\"og:description\" content=\"Big Brother Albania 2 - Sori e pyet Anjez\u00c3\u00abn n\u00c3\u00abse \u00c3\u00absht\u00c3\u00ab pro mendimeve t\u00c3\u00ab tij apo kundra dhe ajo i p\u00c3\u00abrgjigjet se \u00c3\u00absht\u00c3\u00ab p\u00c3\u00abrgjith\u00c3\u00absisht kundra. Ai e pyet n\u00c3\u00abse ajo do e k\u00c3\u00abrkoj\u00c3\u00ab mendimin e tij\" \/>\n<meta property=\"og:url\" content=\"https:\/\/www.visit-ulcinj.com\/blog\/2009\/04\/05\/anjeza-ne-nuk-te-nominojme\/\" \/>\n<meta property=\"og:site_name\" content=\"Lajme nga Ulqini\" \/>\n<meta property=\"article:published_time\" content=\"2009-04-05T08:39:24+00:00\" \/>\n<meta property=\"og:image\" content=\"http:\/\/www.visit-ulcinj.com\/blog\/wp-content\/uploads\/2009\/04\/anjeza.jpg\" \/>\n<meta name=\"twitter:label1\" content=\"Written by\" \/>\n\t<meta name=\"twitter:data1\" content=\"ulqini\" \/>\n\t<meta name=\"twitter:label2\" content=\"Est. reading time\" \/>\n\t<meta name=\"twitter:data2\" content=\"1 minute\" \/>\n<script type=\"application\/ld+json\" class=\"yoast-schema-graph\">{\"@context\":\"https:\/\/schema.org\",\"@graph\":[{\"@type\":\"WebSite\",\"@id\":\"https:\/\/www.visit-ulcinj.com\/blog\/#website\",\"url\":\"https:\/\/www.visit-ulcinj.com\/blog\/\",\"name\":\"Lajme nga Ulqini\",\"description\":\"Lajme,Vijesti,Ulqini,Ulqin,Crna Gora,Mali i Zi\",\"potentialAction\":[{\"@type\":\"SearchAction\",\"target\":{\"@type\":\"EntryPoint\",\"urlTemplate\":\"https:\/\/www.visit-ulcinj.com\/blog\/?s={search_term_string}\"},\"query-input\":\"required name=search_term_string\"}],\"inLanguage\":\"en-US\"},{\"@type\":\"ImageObject\",\"inLanguage\":\"en-US\",\"@id\":\"https:\/\/www.visit-ulcinj.com\/blog\/2009\/04\/05\/anjeza-ne-nuk-te-nominojme\/#primaryimage\",\"url\":\"http:\/\/www.visit-ulcinj.com\/blog\/wp-content\/uploads\/2009\/04\/anjeza.jpg\",\"contentUrl\":\"http:\/\/www.visit-ulcinj.com\/blog\/wp-content\/uploads\/2009\/04\/anjeza.jpg\"},{\"@type\":\"WebPage\",\"@id\":\"https:\/\/www.visit-ulcinj.com\/blog\/2009\/04\/05\/anjeza-ne-nuk-te-nominojme\/#webpage\",\"url\":\"https:\/\/www.visit-ulcinj.com\/blog\/2009\/04\/05\/anjeza-ne-nuk-te-nominojme\/\",\"name\":\"Anjeza : Ne nuk t\u00c3\u00ab nominojm\u00c3\u00ab | Big Brother Albania 2\",\"isPartOf\":{\"@id\":\"https:\/\/www.visit-ulcinj.com\/blog\/#website\"},\"primaryImageOfPage\":{\"@id\":\"https:\/\/www.visit-ulcinj.com\/blog\/2009\/04\/05\/anjeza-ne-nuk-te-nominojme\/#primaryimage\"},\"datePublished\":\"2009-04-05T08:39:24+00:00\",\"dateModified\":\"2009-04-05T08:39:24+00:00\",\"author\":{\"@id\":\"https:\/\/www.visit-ulcinj.com\/blog\/#\/schema\/person\/dcab619c614d3038751c63bc2aadc06d\"},\"description\":\"Big Brother Albania 2 - Sori e pyet Anjez\u00c3\u00abn n\u00c3\u00abse \u00c3\u00absht\u00c3\u00ab pro mendimeve t\u00c3\u00ab tij apo kundra dhe ajo i p\u00c3\u00abrgjigjet se \u00c3\u00absht\u00c3\u00ab p\u00c3\u00abrgjith\u00c3\u00absisht kundra. Ai e pyet n\u00c3\u00abse ajo do e k\u00c3\u00abrkoj\u00c3\u00ab mendimin e tij\",\"breadcrumb\":{\"@id\":\"https:\/\/www.visit-ulcinj.com\/blog\/2009\/04\/05\/anjeza-ne-nuk-te-nominojme\/#breadcrumb\"},\"inLanguage\":\"en-US\",\"potentialAction\":[{\"@type\":\"ReadAction\",\"target\":[\"https:\/\/www.visit-ulcinj.com\/blog\/2009\/04\/05\/anjeza-ne-nuk-te-nominojme\/\"]}]},{\"@type\":\"BreadcrumbList\",\"@id\":\"https:\/\/www.visit-ulcinj.com\/blog\/2009\/04\/05\/anjeza-ne-nuk-te-nominojme\/#breadcrumb\",\"itemListElement\":[{\"@type\":\"ListItem\",\"position\":1,\"name\":\"Anjeza : Ne nuk t\u00eb nominojm\u00eb\"}]},{\"@type\":\"Person\",\"@id\":\"https:\/\/www.visit-ulcinj.com\/blog\/#\/schema\/person\/dcab619c614d3038751c63bc2aadc06d\",\"name\":\"ulqini\",\"sameAs\":[\"http:\/\/www.visit-ulcinj.com\"],\"url\":\"https:\/\/www.visit-ulcinj.com\/blog\/author\/admin\/\"}]}<\/script>\n<!-- \/ Yoast SEO plugin. -->","yoast_head_json":{"title":"Anjeza : Ne nuk t\u00c3\u00ab nominojm\u00c3\u00ab | Big Brother Albania 2","description":"Big Brother Albania 2 - Sori e pyet Anjez\u00c3\u00abn n\u00c3\u00abse \u00c3\u00absht\u00c3\u00ab pro mendimeve t\u00c3\u00ab tij apo kundra dhe ajo i p\u00c3\u00abrgjigjet se \u00c3\u00absht\u00c3\u00ab p\u00c3\u00abrgjith\u00c3\u00absisht kundra. Ai e pyet n\u00c3\u00abse ajo do e k\u00c3\u00abrkoj\u00c3\u00ab mendimin e tij","robots":{"index":"index","follow":"follow","max-snippet":"max-snippet:-1","max-image-preview":"max-image-preview:large","max-video-preview":"max-video-preview:-1"},"canonical":"https:\/\/www.visit-ulcinj.com\/blog\/2009\/04\/05\/anjeza-ne-nuk-te-nominojme\/","og_locale":"en_US","og_type":"article","og_title":"Anjeza : Ne nuk t\u00c3\u00ab nominojm\u00c3\u00ab | Big Brother Albania 2","og_description":"Big Brother Albania 2 - Sori e pyet Anjez\u00c3\u00abn n\u00c3\u00abse \u00c3\u00absht\u00c3\u00ab pro mendimeve t\u00c3\u00ab tij apo kundra dhe ajo i p\u00c3\u00abrgjigjet se \u00c3\u00absht\u00c3\u00ab p\u00c3\u00abrgjith\u00c3\u00absisht kundra. Ai e pyet n\u00c3\u00abse ajo do e k\u00c3\u00abrkoj\u00c3\u00ab mendimin e tij","og_url":"https:\/\/www.visit-ulcinj.com\/blog\/2009\/04\/05\/anjeza-ne-nuk-te-nominojme\/","og_site_name":"Lajme nga Ulqini","article_published_time":"2009-04-05T08:39:24+00:00","og_image":[{"url":"http:\/\/www.visit-ulcinj.com\/blog\/wp-content\/uploads\/2009\/04\/anjeza.jpg"}],"twitter_misc":{"Written by":"ulqini","Est. reading time":"1 minute"},"schema":{"@context":"https:\/\/schema.org","@graph":[{"@type":"WebSite","@id":"https:\/\/www.visit-ulcinj.com\/blog\/#website","url":"https:\/\/www.visit-ulcinj.com\/blog\/","name":"Lajme nga Ulqini","description":"Lajme,Vijesti,Ulqini,Ulqin,Crna Gora,Mali i Zi","potentialAction":[{"@type":"SearchAction","target":{"@type":"EntryPoint","urlTemplate":"https:\/\/www.visit-ulcinj.com\/blog\/?s={search_term_string}"},"query-input":"required name=search_term_string"}],"inLanguage":"en-US"},{"@type":"ImageObject","inLanguage":"en-US","@id":"https:\/\/www.visit-ulcinj.com\/blog\/2009\/04\/05\/anjeza-ne-nuk-te-nominojme\/#primaryimage","url":"http:\/\/www.visit-ulcinj.com\/blog\/wp-content\/uploads\/2009\/04\/anjeza.jpg","contentUrl":"http:\/\/www.visit-ulcinj.com\/blog\/wp-content\/uploads\/2009\/04\/anjeza.jpg"},{"@type":"WebPage","@id":"https:\/\/www.visit-ulcinj.com\/blog\/2009\/04\/05\/anjeza-ne-nuk-te-nominojme\/#webpage","url":"https:\/\/www.visit-ulcinj.com\/blog\/2009\/04\/05\/anjeza-ne-nuk-te-nominojme\/","name":"Anjeza : Ne nuk t\u00c3\u00ab nominojm\u00c3\u00ab | Big Brother Albania 2","isPartOf":{"@id":"https:\/\/www.visit-ulcinj.com\/blog\/#website"},"primaryImageOfPage":{"@id":"https:\/\/www.visit-ulcinj.com\/blog\/2009\/04\/05\/anjeza-ne-nuk-te-nominojme\/#primaryimage"},"datePublished":"2009-04-05T08:39:24+00:00","dateModified":"2009-04-05T08:39:24+00:00","author":{"@id":"https:\/\/www.visit-ulcinj.com\/blog\/#\/schema\/person\/dcab619c614d3038751c63bc2aadc06d"},"description":"Big Brother Albania 2 - Sori e pyet Anjez\u00c3\u00abn n\u00c3\u00abse \u00c3\u00absht\u00c3\u00ab pro mendimeve t\u00c3\u00ab tij apo kundra dhe ajo i p\u00c3\u00abrgjigjet se \u00c3\u00absht\u00c3\u00ab p\u00c3\u00abrgjith\u00c3\u00absisht kundra. Ai e pyet n\u00c3\u00abse ajo do e k\u00c3\u00abrkoj\u00c3\u00ab mendimin e tij","breadcrumb":{"@id":"https:\/\/www.visit-ulcinj.com\/blog\/2009\/04\/05\/anjeza-ne-nuk-te-nominojme\/#breadcrumb"},"inLanguage":"en-US","potentialAction":[{"@type":"ReadAction","target":["https:\/\/www.visit-ulcinj.com\/blog\/2009\/04\/05\/anjeza-ne-nuk-te-nominojme\/"]}]},{"@type":"BreadcrumbList","@id":"https:\/\/www.visit-ulcinj.com\/blog\/2009\/04\/05\/anjeza-ne-nuk-te-nominojme\/#breadcrumb","itemListElement":[{"@type":"ListItem","position":1,"name":"Anjeza : Ne nuk t\u00eb nominojm\u00eb"}]},{"@type":"Person","@id":"https:\/\/www.visit-ulcinj.com\/blog\/#\/schema\/person\/dcab619c614d3038751c63bc2aadc06d","name":"ulqini","sameAs":["http:\/\/www.visit-ulcinj.com"],"url":"https:\/\/www.visit-ulcinj.com\/blog\/author\/admin\/"}]}},"jetpack_featured_media_url":"","jetpack_sharing_enabled":true,"jetpack_shortlink":"https:\/\/wp.me\/pe6lTn-4m1","_links":{"self":[{"href":"https:\/\/www.visit-ulcinj.com\/blog\/wp-json\/wp\/v2\/posts\/16741"}],"collection":[{"href":"https:\/\/www.visit-ulcinj.com\/blog\/wp-json\/wp\/v2\/posts"}],"about":[{"href":"https:\/\/www.visit-ulcinj.com\/blog\/wp-json\/wp\/v2\/types\/post"}],"author":[{"embeddable":true,"href":"https:\/\/www.visit-ulcinj.com\/blog\/wp-json\/wp\/v2\/users\/1"}],"replies":[{"embeddable":true,"href":"https:\/\/www.visit-ulcinj.com\/blog\/wp-json\/wp\/v2\/comments?post=16741"}],"version-history":[{"count":0,"href":"https:\/\/www.visit-ulcinj.com\/blog\/wp-json\/wp\/v2\/posts\/16741\/revisions"}],"wp:attachment":[{"href":"https:\/\/www.visit-ulcinj.com\/blog\/wp-json\/wp\/v2\/media?parent=16741"}],"wp:term":[{"taxonomy":"category","embeddable":true,"href":"https:\/\/www.visit-ulcinj.com\/blog\/wp-json\/wp\/v2\/categories?post=16741"},{"taxonomy":"post_tag","embeddable":true,"href":"https:\/\/www.visit-ulcinj.com\/blog\/wp-json\/wp\/v2\/tags?post=16741"}],"curies":[{"name":"wp","href":"https:\/\/api.w.org\/{rel}","templated":true}]}}