{"id":16745,"date":"2009-04-05T10:42:16","date_gmt":"2009-04-05T08:42:16","guid":{"rendered":"http:\/\/www.visit-ulcinj.com\/blog\/?p=16745"},"modified":"2009-04-05T10:42:16","modified_gmt":"2009-04-05T08:42:16","slug":"loja-e-bjordit-dhe-arjonit","status":"publish","type":"post","link":"https:\/\/www.visit-ulcinj.com\/blog\/2009\/04\/05\/loja-e-bjordit-dhe-arjonit\/","title":{"rendered":"Loja e Bjordit dhe Arjonit"},"content":{"rendered":"<p><em><span class=\"newsdate\"><a href=\"http:\/\/www.visit-ulcinj.com\/blog\/wp-content\/uploads\/2009\/04\/loja-e-bjordit-arjonit.jpg\"><img loading=\"lazy\" class=\"alignleft size-full wp-image-16746\" title=\"loja-e-bjordit-arjonit-big-brother-albania-2\" src=\"http:\/\/www.visit-ulcinj.com\/blog\/wp-content\/uploads\/2009\/04\/loja-e-bjordit-arjonit.jpg\" alt=\"loja-e-bjordit-arjonit-big-brother-albania-2\" width=\"300\" height=\"205\" \/><\/a>03\/04\/09 15:25<\/span><\/em><\/p>\n<p>Arjoni i trgon Aid\u00ebs n\u00eb kofidenc\u00eb se ai dhe Bjordi po b\u00ebjn\u00eb nj\u00eb loj\u00eb me njeri-tjetrin. Ai i spjegon se ata po b\u00ebjn\u00eb t\u00eb nj\u00ebjt\u00ebn loj\u00eb q\u00eb nisi Adi me Sorin. Arjoni ia spjegon se ajo nuk duhet t\u00eb ngat\u00ebrrohet si pak m\u00eb par\u00eb, se \u00ebsht\u00eb vecse nj\u00eb loj\u00eb dhe do e cojn\u00eb k\u00ebt\u00eb loj\u00eb deri n\u00eb \u201cpik\u00ebn e fundit\u201d. Aida e komenton k\u00ebt\u00eb lloj loje si nj\u00eb form\u00eb p\u00ebr t\u00eb par\u00eb se si do t\u00eb pozicionohen banor\u00ebt, cil\u00ebt do p\u00ebrkrahin njerin apo tjetrin dhe cil\u00ebt do t\u2019u dalin kund\u00ebr.<\/p>\n","protected":false},"excerpt":{"rendered":"<p>03\/04\/09 15:25 Arjoni i trgon Aid\u00ebs n\u00eb kofidenc\u00eb se ai dhe Bjordi po b\u00ebjn\u00eb nj\u00eb loj\u00eb me njeri-tjetrin. Ai i spjegon se ata po b\u00ebjn\u00eb t\u00eb nj\u00ebjt\u00ebn loj\u00eb q\u00eb nisi Adi me Sorin. Arjoni ia spjegon se ajo nuk duhet t\u00eb ngat\u00ebrrohet si pak m\u00eb par\u00eb, se \u00ebsht\u00eb vecse nj\u00eb loj\u00eb dhe do e cojn\u00eb [&hellip;]<\/p>\n","protected":false},"author":1,"featured_media":0,"comment_status":"open","ping_status":"closed","sticky":false,"template":"","format":"standard","meta":{"spay_email":"","jetpack_publicize_message":"","jetpack_is_tweetstorm":false,"jetpack_publicize_feature_enabled":true},"categories":[6502],"tags":[6529,6537,6525,5057,6506,6516,6712,7129,6522,6513,6891,6693,6887],"jetpack_publicize_connections":[],"yoast_head":"<!-- This site is optimized with the Yoast SEO plugin v19.1 - https:\/\/yoast.com\/wordpress\/plugins\/seo\/ -->\n<title>Loja e Bjordit dhe Arjonit | Big Brother Albania 2<\/title>\n<meta name=\"description\" content=\"Big Brother Albania 2 - Arjoni i trgon Aid\u00c3\u00abs n\u00c3\u00ab kofidenc\u00c3\u00ab se ai dhe Bjordi po b\u00c3\u00abjn\u00c3\u00ab nj\u00c3\u00ab loj\u00c3\u00ab me njeri-tjetrin. Ai i spjegon se ata po b\u00c3\u00abjn\u00c3\u00ab t\u00c3\u00ab nj\u00c3\u00abjt\u00c3\u00abn loj\u00c3\u00ab q\u00c3\u00ab nisi Adi me Sorin.\" \/>\n<meta name=\"robots\" content=\"index, follow, max-snippet:-1, max-image-preview:large, max-video-preview:-1\" \/>\n<link rel=\"canonical\" href=\"https:\/\/www.visit-ulcinj.com\/blog\/2009\/04\/05\/loja-e-bjordit-dhe-arjonit\/\" \/>\n<meta property=\"og:locale\" content=\"en_US\" \/>\n<meta property=\"og:type\" content=\"article\" \/>\n<meta property=\"og:title\" content=\"Loja e Bjordit dhe Arjonit | Big Brother Albania 2\" \/>\n<meta property=\"og:description\" content=\"Big Brother Albania 2 - Arjoni i trgon Aid\u00c3\u00abs n\u00c3\u00ab kofidenc\u00c3\u00ab se ai dhe Bjordi po b\u00c3\u00abjn\u00c3\u00ab nj\u00c3\u00ab loj\u00c3\u00ab me njeri-tjetrin. Ai i spjegon se ata po b\u00c3\u00abjn\u00c3\u00ab t\u00c3\u00ab nj\u00c3\u00abjt\u00c3\u00abn loj\u00c3\u00ab q\u00c3\u00ab nisi Adi me Sorin.\" \/>\n<meta property=\"og:url\" content=\"https:\/\/www.visit-ulcinj.com\/blog\/2009\/04\/05\/loja-e-bjordit-dhe-arjonit\/\" \/>\n<meta property=\"og:site_name\" content=\"Lajme nga Ulqini\" \/>\n<meta property=\"article:published_time\" content=\"2009-04-05T08:42:16+00:00\" \/>\n<meta property=\"og:image\" content=\"http:\/\/www.visit-ulcinj.com\/blog\/wp-content\/uploads\/2009\/04\/loja-e-bjordit-arjonit.jpg\" \/>\n<meta name=\"twitter:label1\" content=\"Written by\" \/>\n\t<meta name=\"twitter:data1\" content=\"ulqini\" \/>\n\t<meta name=\"twitter:label2\" content=\"Est. reading time\" \/>\n\t<meta name=\"twitter:data2\" content=\"1 minute\" \/>\n<script type=\"application\/ld+json\" class=\"yoast-schema-graph\">{\"@context\":\"https:\/\/schema.org\",\"@graph\":[{\"@type\":\"WebSite\",\"@id\":\"https:\/\/www.visit-ulcinj.com\/blog\/#website\",\"url\":\"https:\/\/www.visit-ulcinj.com\/blog\/\",\"name\":\"Lajme nga Ulqini\",\"description\":\"Lajme,Vijesti,Ulqini,Ulqin,Crna Gora,Mali i Zi\",\"potentialAction\":[{\"@type\":\"SearchAction\",\"target\":{\"@type\":\"EntryPoint\",\"urlTemplate\":\"https:\/\/www.visit-ulcinj.com\/blog\/?s={search_term_string}\"},\"query-input\":\"required name=search_term_string\"}],\"inLanguage\":\"en-US\"},{\"@type\":\"ImageObject\",\"inLanguage\":\"en-US\",\"@id\":\"https:\/\/www.visit-ulcinj.com\/blog\/2009\/04\/05\/loja-e-bjordit-dhe-arjonit\/#primaryimage\",\"url\":\"http:\/\/www.visit-ulcinj.com\/blog\/wp-content\/uploads\/2009\/04\/loja-e-bjordit-arjonit.jpg\",\"contentUrl\":\"http:\/\/www.visit-ulcinj.com\/blog\/wp-content\/uploads\/2009\/04\/loja-e-bjordit-arjonit.jpg\"},{\"@type\":\"WebPage\",\"@id\":\"https:\/\/www.visit-ulcinj.com\/blog\/2009\/04\/05\/loja-e-bjordit-dhe-arjonit\/#webpage\",\"url\":\"https:\/\/www.visit-ulcinj.com\/blog\/2009\/04\/05\/loja-e-bjordit-dhe-arjonit\/\",\"name\":\"Loja e Bjordit dhe Arjonit | Big Brother Albania 2\",\"isPartOf\":{\"@id\":\"https:\/\/www.visit-ulcinj.com\/blog\/#website\"},\"primaryImageOfPage\":{\"@id\":\"https:\/\/www.visit-ulcinj.com\/blog\/2009\/04\/05\/loja-e-bjordit-dhe-arjonit\/#primaryimage\"},\"datePublished\":\"2009-04-05T08:42:16+00:00\",\"dateModified\":\"2009-04-05T08:42:16+00:00\",\"author\":{\"@id\":\"https:\/\/www.visit-ulcinj.com\/blog\/#\/schema\/person\/dcab619c614d3038751c63bc2aadc06d\"},\"description\":\"Big Brother Albania 2 - Arjoni i trgon Aid\u00c3\u00abs n\u00c3\u00ab kofidenc\u00c3\u00ab se ai dhe Bjordi po b\u00c3\u00abjn\u00c3\u00ab nj\u00c3\u00ab loj\u00c3\u00ab me njeri-tjetrin. Ai i spjegon se ata po b\u00c3\u00abjn\u00c3\u00ab t\u00c3\u00ab nj\u00c3\u00abjt\u00c3\u00abn loj\u00c3\u00ab q\u00c3\u00ab nisi Adi me Sorin.\",\"breadcrumb\":{\"@id\":\"https:\/\/www.visit-ulcinj.com\/blog\/2009\/04\/05\/loja-e-bjordit-dhe-arjonit\/#breadcrumb\"},\"inLanguage\":\"en-US\",\"potentialAction\":[{\"@type\":\"ReadAction\",\"target\":[\"https:\/\/www.visit-ulcinj.com\/blog\/2009\/04\/05\/loja-e-bjordit-dhe-arjonit\/\"]}]},{\"@type\":\"BreadcrumbList\",\"@id\":\"https:\/\/www.visit-ulcinj.com\/blog\/2009\/04\/05\/loja-e-bjordit-dhe-arjonit\/#breadcrumb\",\"itemListElement\":[{\"@type\":\"ListItem\",\"position\":1,\"name\":\"Loja e Bjordit dhe Arjonit\"}]},{\"@type\":\"Person\",\"@id\":\"https:\/\/www.visit-ulcinj.com\/blog\/#\/schema\/person\/dcab619c614d3038751c63bc2aadc06d\",\"name\":\"ulqini\",\"sameAs\":[\"http:\/\/www.visit-ulcinj.com\"],\"url\":\"https:\/\/www.visit-ulcinj.com\/blog\/author\/admin\/\"}]}<\/script>\n<!-- \/ Yoast SEO plugin. -->","yoast_head_json":{"title":"Loja e Bjordit dhe Arjonit | Big Brother Albania 2","description":"Big Brother Albania 2 - Arjoni i trgon Aid\u00c3\u00abs n\u00c3\u00ab kofidenc\u00c3\u00ab se ai dhe Bjordi po b\u00c3\u00abjn\u00c3\u00ab nj\u00c3\u00ab loj\u00c3\u00ab me njeri-tjetrin. Ai i spjegon se ata po b\u00c3\u00abjn\u00c3\u00ab t\u00c3\u00ab nj\u00c3\u00abjt\u00c3\u00abn loj\u00c3\u00ab q\u00c3\u00ab nisi Adi me Sorin.","robots":{"index":"index","follow":"follow","max-snippet":"max-snippet:-1","max-image-preview":"max-image-preview:large","max-video-preview":"max-video-preview:-1"},"canonical":"https:\/\/www.visit-ulcinj.com\/blog\/2009\/04\/05\/loja-e-bjordit-dhe-arjonit\/","og_locale":"en_US","og_type":"article","og_title":"Loja e Bjordit dhe Arjonit | Big Brother Albania 2","og_description":"Big Brother Albania 2 - Arjoni i trgon Aid\u00c3\u00abs n\u00c3\u00ab kofidenc\u00c3\u00ab se ai dhe Bjordi po b\u00c3\u00abjn\u00c3\u00ab nj\u00c3\u00ab loj\u00c3\u00ab me njeri-tjetrin. Ai i spjegon se ata po b\u00c3\u00abjn\u00c3\u00ab t\u00c3\u00ab nj\u00c3\u00abjt\u00c3\u00abn loj\u00c3\u00ab q\u00c3\u00ab nisi Adi me Sorin.","og_url":"https:\/\/www.visit-ulcinj.com\/blog\/2009\/04\/05\/loja-e-bjordit-dhe-arjonit\/","og_site_name":"Lajme nga Ulqini","article_published_time":"2009-04-05T08:42:16+00:00","og_image":[{"url":"http:\/\/www.visit-ulcinj.com\/blog\/wp-content\/uploads\/2009\/04\/loja-e-bjordit-arjonit.jpg"}],"twitter_misc":{"Written by":"ulqini","Est. reading time":"1 minute"},"schema":{"@context":"https:\/\/schema.org","@graph":[{"@type":"WebSite","@id":"https:\/\/www.visit-ulcinj.com\/blog\/#website","url":"https:\/\/www.visit-ulcinj.com\/blog\/","name":"Lajme nga Ulqini","description":"Lajme,Vijesti,Ulqini,Ulqin,Crna Gora,Mali i Zi","potentialAction":[{"@type":"SearchAction","target":{"@type":"EntryPoint","urlTemplate":"https:\/\/www.visit-ulcinj.com\/blog\/?s={search_term_string}"},"query-input":"required name=search_term_string"}],"inLanguage":"en-US"},{"@type":"ImageObject","inLanguage":"en-US","@id":"https:\/\/www.visit-ulcinj.com\/blog\/2009\/04\/05\/loja-e-bjordit-dhe-arjonit\/#primaryimage","url":"http:\/\/www.visit-ulcinj.com\/blog\/wp-content\/uploads\/2009\/04\/loja-e-bjordit-arjonit.jpg","contentUrl":"http:\/\/www.visit-ulcinj.com\/blog\/wp-content\/uploads\/2009\/04\/loja-e-bjordit-arjonit.jpg"},{"@type":"WebPage","@id":"https:\/\/www.visit-ulcinj.com\/blog\/2009\/04\/05\/loja-e-bjordit-dhe-arjonit\/#webpage","url":"https:\/\/www.visit-ulcinj.com\/blog\/2009\/04\/05\/loja-e-bjordit-dhe-arjonit\/","name":"Loja e Bjordit dhe Arjonit | Big Brother Albania 2","isPartOf":{"@id":"https:\/\/www.visit-ulcinj.com\/blog\/#website"},"primaryImageOfPage":{"@id":"https:\/\/www.visit-ulcinj.com\/blog\/2009\/04\/05\/loja-e-bjordit-dhe-arjonit\/#primaryimage"},"datePublished":"2009-04-05T08:42:16+00:00","dateModified":"2009-04-05T08:42:16+00:00","author":{"@id":"https:\/\/www.visit-ulcinj.com\/blog\/#\/schema\/person\/dcab619c614d3038751c63bc2aadc06d"},"description":"Big Brother Albania 2 - Arjoni i trgon Aid\u00c3\u00abs n\u00c3\u00ab kofidenc\u00c3\u00ab se ai dhe Bjordi po b\u00c3\u00abjn\u00c3\u00ab nj\u00c3\u00ab loj\u00c3\u00ab me njeri-tjetrin. Ai i spjegon se ata po b\u00c3\u00abjn\u00c3\u00ab t\u00c3\u00ab nj\u00c3\u00abjt\u00c3\u00abn loj\u00c3\u00ab q\u00c3\u00ab nisi Adi me Sorin.","breadcrumb":{"@id":"https:\/\/www.visit-ulcinj.com\/blog\/2009\/04\/05\/loja-e-bjordit-dhe-arjonit\/#breadcrumb"},"inLanguage":"en-US","potentialAction":[{"@type":"ReadAction","target":["https:\/\/www.visit-ulcinj.com\/blog\/2009\/04\/05\/loja-e-bjordit-dhe-arjonit\/"]}]},{"@type":"BreadcrumbList","@id":"https:\/\/www.visit-ulcinj.com\/blog\/2009\/04\/05\/loja-e-bjordit-dhe-arjonit\/#breadcrumb","itemListElement":[{"@type":"ListItem","position":1,"name":"Loja e Bjordit dhe Arjonit"}]},{"@type":"Person","@id":"https:\/\/www.visit-ulcinj.com\/blog\/#\/schema\/person\/dcab619c614d3038751c63bc2aadc06d","name":"ulqini","sameAs":["http:\/\/www.visit-ulcinj.com"],"url":"https:\/\/www.visit-ulcinj.com\/blog\/author\/admin\/"}]}},"jetpack_featured_media_url":"","jetpack_sharing_enabled":true,"jetpack_shortlink":"https:\/\/wp.me\/pe6lTn-4m5","_links":{"self":[{"href":"https:\/\/www.visit-ulcinj.com\/blog\/wp-json\/wp\/v2\/posts\/16745"}],"collection":[{"href":"https:\/\/www.visit-ulcinj.com\/blog\/wp-json\/wp\/v2\/posts"}],"about":[{"href":"https:\/\/www.visit-ulcinj.com\/blog\/wp-json\/wp\/v2\/types\/post"}],"author":[{"embeddable":true,"href":"https:\/\/www.visit-ulcinj.com\/blog\/wp-json\/wp\/v2\/users\/1"}],"replies":[{"embeddable":true,"href":"https:\/\/www.visit-ulcinj.com\/blog\/wp-json\/wp\/v2\/comments?post=16745"}],"version-history":[{"count":0,"href":"https:\/\/www.visit-ulcinj.com\/blog\/wp-json\/wp\/v2\/posts\/16745\/revisions"}],"wp:attachment":[{"href":"https:\/\/www.visit-ulcinj.com\/blog\/wp-json\/wp\/v2\/media?parent=16745"}],"wp:term":[{"taxonomy":"category","embeddable":true,"href":"https:\/\/www.visit-ulcinj.com\/blog\/wp-json\/wp\/v2\/categories?post=16745"},{"taxonomy":"post_tag","embeddable":true,"href":"https:\/\/www.visit-ulcinj.com\/blog\/wp-json\/wp\/v2\/tags?post=16745"}],"curies":[{"name":"wp","href":"https:\/\/api.w.org\/{rel}","templated":true}]}}