{"id":16748,"date":"2009-04-05T10:45:03","date_gmt":"2009-04-05T08:45:03","guid":{"rendered":"http:\/\/www.visit-ulcinj.com\/blog\/?p=16748"},"modified":"2009-04-05T10:45:03","modified_gmt":"2009-04-05T08:45:03","slug":"anjeza-adi-me-pelqen-si-tip","status":"publish","type":"post","link":"https:\/\/www.visit-ulcinj.com\/blog\/2009\/04\/05\/anjeza-adi-me-pelqen-si-tip\/","title":{"rendered":"Anjeza: Adi m\u00eb p\u00eblqen si tip"},"content":{"rendered":"<p><em><span class=\"newsdate\"><a href=\"http:\/\/www.visit-ulcinj.com\/blog\/wp-content\/uploads\/2009\/04\/anjeza-per-adin.jpg\"><img loading=\"lazy\" class=\"alignleft size-full wp-image-16749\" title=\"anjeza-per-adin-big-brother-albania-2\" src=\"http:\/\/www.visit-ulcinj.com\/blog\/wp-content\/uploads\/2009\/04\/anjeza-per-adin.jpg\" alt=\"anjeza-per-adin-big-brother-albania-2\" width=\"300\" height=\"205\" \/><\/a>03\/04\/09 20:41<\/span><\/em><\/p>\n<p>Arjoni dhe Anjeza q\u00ebndrojn\u00eb n\u00eb kop\u00ebsht, dhe nj\u00eb bised\u00eb e Adit t\u00ebrheq vemendjen e tyre. Ajo thot\u00eb:-\u201cAdi m\u00eb k\u00ebnaq fare!\u201d Sipas Arjonit arsyeja se pse ajo p\u00eblqen Adin \u00ebsht\u00eb se ai nuk e ka lodhur ende. Ajo i thot\u00eb q\u00eb sipas mendimit t\u00eb saj ai nuk ka p\u00ebr ta lodhur asnj\u00ebher\u00eb. Ai thot\u00eb:-\u201cMua m\u00eb ka ngopur pavarsisht se qesh me batutat e tij!\u201d Ajo i thot\u00eb q\u00eb me Adin ka b\u00ebr\u00eb si biseda p\u00ebr t\u00eb qeshur , si ato seriozet. Arjoni mendon q\u00eb ai (Adi) \u00ebsht\u00eb shum\u00eb serioz jasht\u00eb, pavarsisht se sillet shum\u00eb gazmor brenda sht\u00ebpis\u00eb. Anjeza thot\u00eb:-\u201cMua m\u00eb p\u00eblqen shum\u00eb si tip!\u201d<\/p>\n","protected":false},"excerpt":{"rendered":"<p>03\/04\/09 20:41 Arjoni dhe Anjeza q\u00ebndrojn\u00eb n\u00eb kop\u00ebsht, dhe nj\u00eb bised\u00eb e Adit t\u00ebrheq vemendjen e tyre. Ajo thot\u00eb:-\u201cAdi m\u00eb k\u00ebnaq fare!\u201d Sipas Arjonit arsyeja se pse ajo p\u00eblqen Adin \u00ebsht\u00eb se ai nuk e ka lodhur ende. Ajo i thot\u00eb q\u00eb sipas mendimit t\u00eb saj ai nuk ka p\u00ebr ta lodhur asnj\u00ebher\u00eb. Ai thot\u00eb:-\u201cMua [&hellip;]<\/p>\n","protected":false},"author":1,"featured_media":0,"comment_status":"open","ping_status":"closed","sticky":false,"template":"","format":"standard","meta":{"spay_email":"","jetpack_publicize_message":"","jetpack_is_tweetstorm":false,"jetpack_publicize_feature_enabled":true},"categories":[6502],"tags":[1414,8289,6525,5057,6506,6516,6712,7129,6891,6693,6887],"jetpack_publicize_connections":[],"yoast_head":"<!-- This site is optimized with the Yoast SEO plugin v19.1 - https:\/\/yoast.com\/wordpress\/plugins\/seo\/ -->\n<title>Anjeza: Adi m\u00c3\u00ab p\u00c3\u00ablqen si tip | Big Brother Albania 2<\/title>\n<meta name=\"description\" content=\"Big Brother Albania 2 - Arjoni dhe Anjeza q\u00c3\u00abndrojn\u00c3\u00ab n\u00c3\u00ab kop\u00c3\u00absht, dhe nj\u00c3\u00ab bised\u00c3\u00ab e Adit t\u00c3\u00abrheq vemendjen e tyre. Ajo thot\u00c3\u00ab:-\u00e2\u20ac\u0153Adi m\u00c3\u00ab k\u00c3\u00abnaq fare!\u00e2\u20ac\u009d Sipas Arjonit arsyeja se pse ajo p\u00c3\u00ablqen Adin\" \/>\n<meta name=\"robots\" content=\"index, follow, max-snippet:-1, max-image-preview:large, max-video-preview:-1\" \/>\n<link rel=\"canonical\" href=\"https:\/\/www.visit-ulcinj.com\/blog\/2009\/04\/05\/anjeza-adi-me-pelqen-si-tip\/\" \/>\n<meta property=\"og:locale\" content=\"en_US\" \/>\n<meta property=\"og:type\" content=\"article\" \/>\n<meta property=\"og:title\" content=\"Anjeza: Adi m\u00c3\u00ab p\u00c3\u00ablqen si tip | Big Brother Albania 2\" \/>\n<meta property=\"og:description\" content=\"Big Brother Albania 2 - Arjoni dhe Anjeza q\u00c3\u00abndrojn\u00c3\u00ab n\u00c3\u00ab kop\u00c3\u00absht, dhe nj\u00c3\u00ab bised\u00c3\u00ab e Adit t\u00c3\u00abrheq vemendjen e tyre. Ajo thot\u00c3\u00ab:-\u00e2\u20ac\u0153Adi m\u00c3\u00ab k\u00c3\u00abnaq fare!\u00e2\u20ac\u009d Sipas Arjonit arsyeja se pse ajo p\u00c3\u00ablqen Adin\" \/>\n<meta property=\"og:url\" content=\"https:\/\/www.visit-ulcinj.com\/blog\/2009\/04\/05\/anjeza-adi-me-pelqen-si-tip\/\" \/>\n<meta property=\"og:site_name\" content=\"Lajme nga Ulqini\" \/>\n<meta property=\"article:published_time\" content=\"2009-04-05T08:45:03+00:00\" \/>\n<meta property=\"og:image\" content=\"http:\/\/www.visit-ulcinj.com\/blog\/wp-content\/uploads\/2009\/04\/anjeza-per-adin.jpg\" \/>\n<meta name=\"twitter:label1\" content=\"Written by\" \/>\n\t<meta name=\"twitter:data1\" content=\"ulqini\" \/>\n\t<meta name=\"twitter:label2\" content=\"Est. reading time\" \/>\n\t<meta name=\"twitter:data2\" content=\"1 minute\" \/>\n<script type=\"application\/ld+json\" class=\"yoast-schema-graph\">{\"@context\":\"https:\/\/schema.org\",\"@graph\":[{\"@type\":\"WebSite\",\"@id\":\"https:\/\/www.visit-ulcinj.com\/blog\/#website\",\"url\":\"https:\/\/www.visit-ulcinj.com\/blog\/\",\"name\":\"Lajme nga Ulqini\",\"description\":\"Lajme,Vijesti,Ulqini,Ulqin,Crna Gora,Mali i Zi\",\"potentialAction\":[{\"@type\":\"SearchAction\",\"target\":{\"@type\":\"EntryPoint\",\"urlTemplate\":\"https:\/\/www.visit-ulcinj.com\/blog\/?s={search_term_string}\"},\"query-input\":\"required name=search_term_string\"}],\"inLanguage\":\"en-US\"},{\"@type\":\"ImageObject\",\"inLanguage\":\"en-US\",\"@id\":\"https:\/\/www.visit-ulcinj.com\/blog\/2009\/04\/05\/anjeza-adi-me-pelqen-si-tip\/#primaryimage\",\"url\":\"http:\/\/www.visit-ulcinj.com\/blog\/wp-content\/uploads\/2009\/04\/anjeza-per-adin.jpg\",\"contentUrl\":\"http:\/\/www.visit-ulcinj.com\/blog\/wp-content\/uploads\/2009\/04\/anjeza-per-adin.jpg\"},{\"@type\":\"WebPage\",\"@id\":\"https:\/\/www.visit-ulcinj.com\/blog\/2009\/04\/05\/anjeza-adi-me-pelqen-si-tip\/#webpage\",\"url\":\"https:\/\/www.visit-ulcinj.com\/blog\/2009\/04\/05\/anjeza-adi-me-pelqen-si-tip\/\",\"name\":\"Anjeza: Adi m\u00c3\u00ab p\u00c3\u00ablqen si tip | Big Brother Albania 2\",\"isPartOf\":{\"@id\":\"https:\/\/www.visit-ulcinj.com\/blog\/#website\"},\"primaryImageOfPage\":{\"@id\":\"https:\/\/www.visit-ulcinj.com\/blog\/2009\/04\/05\/anjeza-adi-me-pelqen-si-tip\/#primaryimage\"},\"datePublished\":\"2009-04-05T08:45:03+00:00\",\"dateModified\":\"2009-04-05T08:45:03+00:00\",\"author\":{\"@id\":\"https:\/\/www.visit-ulcinj.com\/blog\/#\/schema\/person\/dcab619c614d3038751c63bc2aadc06d\"},\"description\":\"Big Brother Albania 2 - Arjoni dhe Anjeza q\u00c3\u00abndrojn\u00c3\u00ab n\u00c3\u00ab kop\u00c3\u00absht, dhe nj\u00c3\u00ab bised\u00c3\u00ab e Adit t\u00c3\u00abrheq vemendjen e tyre. Ajo thot\u00c3\u00ab:-\u00e2\u20ac\u0153Adi m\u00c3\u00ab k\u00c3\u00abnaq fare!\u00e2\u20ac\u009d Sipas Arjonit arsyeja se pse ajo p\u00c3\u00ablqen Adin\",\"breadcrumb\":{\"@id\":\"https:\/\/www.visit-ulcinj.com\/blog\/2009\/04\/05\/anjeza-adi-me-pelqen-si-tip\/#breadcrumb\"},\"inLanguage\":\"en-US\",\"potentialAction\":[{\"@type\":\"ReadAction\",\"target\":[\"https:\/\/www.visit-ulcinj.com\/blog\/2009\/04\/05\/anjeza-adi-me-pelqen-si-tip\/\"]}]},{\"@type\":\"BreadcrumbList\",\"@id\":\"https:\/\/www.visit-ulcinj.com\/blog\/2009\/04\/05\/anjeza-adi-me-pelqen-si-tip\/#breadcrumb\",\"itemListElement\":[{\"@type\":\"ListItem\",\"position\":1,\"name\":\"Anjeza: Adi m\u00eb p\u00eblqen si tip\"}]},{\"@type\":\"Person\",\"@id\":\"https:\/\/www.visit-ulcinj.com\/blog\/#\/schema\/person\/dcab619c614d3038751c63bc2aadc06d\",\"name\":\"ulqini\",\"sameAs\":[\"http:\/\/www.visit-ulcinj.com\"],\"url\":\"https:\/\/www.visit-ulcinj.com\/blog\/author\/admin\/\"}]}<\/script>\n<!-- \/ Yoast SEO plugin. -->","yoast_head_json":{"title":"Anjeza: Adi m\u00c3\u00ab p\u00c3\u00ablqen si tip | Big Brother Albania 2","description":"Big Brother Albania 2 - Arjoni dhe Anjeza q\u00c3\u00abndrojn\u00c3\u00ab n\u00c3\u00ab kop\u00c3\u00absht, dhe nj\u00c3\u00ab bised\u00c3\u00ab e Adit t\u00c3\u00abrheq vemendjen e tyre. Ajo thot\u00c3\u00ab:-\u00e2\u20ac\u0153Adi m\u00c3\u00ab k\u00c3\u00abnaq fare!\u00e2\u20ac\u009d Sipas Arjonit arsyeja se pse ajo p\u00c3\u00ablqen Adin","robots":{"index":"index","follow":"follow","max-snippet":"max-snippet:-1","max-image-preview":"max-image-preview:large","max-video-preview":"max-video-preview:-1"},"canonical":"https:\/\/www.visit-ulcinj.com\/blog\/2009\/04\/05\/anjeza-adi-me-pelqen-si-tip\/","og_locale":"en_US","og_type":"article","og_title":"Anjeza: Adi m\u00c3\u00ab p\u00c3\u00ablqen si tip | Big Brother Albania 2","og_description":"Big Brother Albania 2 - Arjoni dhe Anjeza q\u00c3\u00abndrojn\u00c3\u00ab n\u00c3\u00ab kop\u00c3\u00absht, dhe nj\u00c3\u00ab bised\u00c3\u00ab e Adit t\u00c3\u00abrheq vemendjen e tyre. Ajo thot\u00c3\u00ab:-\u00e2\u20ac\u0153Adi m\u00c3\u00ab k\u00c3\u00abnaq fare!\u00e2\u20ac\u009d Sipas Arjonit arsyeja se pse ajo p\u00c3\u00ablqen Adin","og_url":"https:\/\/www.visit-ulcinj.com\/blog\/2009\/04\/05\/anjeza-adi-me-pelqen-si-tip\/","og_site_name":"Lajme nga Ulqini","article_published_time":"2009-04-05T08:45:03+00:00","og_image":[{"url":"http:\/\/www.visit-ulcinj.com\/blog\/wp-content\/uploads\/2009\/04\/anjeza-per-adin.jpg"}],"twitter_misc":{"Written by":"ulqini","Est. reading time":"1 minute"},"schema":{"@context":"https:\/\/schema.org","@graph":[{"@type":"WebSite","@id":"https:\/\/www.visit-ulcinj.com\/blog\/#website","url":"https:\/\/www.visit-ulcinj.com\/blog\/","name":"Lajme nga Ulqini","description":"Lajme,Vijesti,Ulqini,Ulqin,Crna Gora,Mali i Zi","potentialAction":[{"@type":"SearchAction","target":{"@type":"EntryPoint","urlTemplate":"https:\/\/www.visit-ulcinj.com\/blog\/?s={search_term_string}"},"query-input":"required name=search_term_string"}],"inLanguage":"en-US"},{"@type":"ImageObject","inLanguage":"en-US","@id":"https:\/\/www.visit-ulcinj.com\/blog\/2009\/04\/05\/anjeza-adi-me-pelqen-si-tip\/#primaryimage","url":"http:\/\/www.visit-ulcinj.com\/blog\/wp-content\/uploads\/2009\/04\/anjeza-per-adin.jpg","contentUrl":"http:\/\/www.visit-ulcinj.com\/blog\/wp-content\/uploads\/2009\/04\/anjeza-per-adin.jpg"},{"@type":"WebPage","@id":"https:\/\/www.visit-ulcinj.com\/blog\/2009\/04\/05\/anjeza-adi-me-pelqen-si-tip\/#webpage","url":"https:\/\/www.visit-ulcinj.com\/blog\/2009\/04\/05\/anjeza-adi-me-pelqen-si-tip\/","name":"Anjeza: Adi m\u00c3\u00ab p\u00c3\u00ablqen si tip | Big Brother Albania 2","isPartOf":{"@id":"https:\/\/www.visit-ulcinj.com\/blog\/#website"},"primaryImageOfPage":{"@id":"https:\/\/www.visit-ulcinj.com\/blog\/2009\/04\/05\/anjeza-adi-me-pelqen-si-tip\/#primaryimage"},"datePublished":"2009-04-05T08:45:03+00:00","dateModified":"2009-04-05T08:45:03+00:00","author":{"@id":"https:\/\/www.visit-ulcinj.com\/blog\/#\/schema\/person\/dcab619c614d3038751c63bc2aadc06d"},"description":"Big Brother Albania 2 - Arjoni dhe Anjeza q\u00c3\u00abndrojn\u00c3\u00ab n\u00c3\u00ab kop\u00c3\u00absht, dhe nj\u00c3\u00ab bised\u00c3\u00ab e Adit t\u00c3\u00abrheq vemendjen e tyre. Ajo thot\u00c3\u00ab:-\u00e2\u20ac\u0153Adi m\u00c3\u00ab k\u00c3\u00abnaq fare!\u00e2\u20ac\u009d Sipas Arjonit arsyeja se pse ajo p\u00c3\u00ablqen Adin","breadcrumb":{"@id":"https:\/\/www.visit-ulcinj.com\/blog\/2009\/04\/05\/anjeza-adi-me-pelqen-si-tip\/#breadcrumb"},"inLanguage":"en-US","potentialAction":[{"@type":"ReadAction","target":["https:\/\/www.visit-ulcinj.com\/blog\/2009\/04\/05\/anjeza-adi-me-pelqen-si-tip\/"]}]},{"@type":"BreadcrumbList","@id":"https:\/\/www.visit-ulcinj.com\/blog\/2009\/04\/05\/anjeza-adi-me-pelqen-si-tip\/#breadcrumb","itemListElement":[{"@type":"ListItem","position":1,"name":"Anjeza: Adi m\u00eb p\u00eblqen si tip"}]},{"@type":"Person","@id":"https:\/\/www.visit-ulcinj.com\/blog\/#\/schema\/person\/dcab619c614d3038751c63bc2aadc06d","name":"ulqini","sameAs":["http:\/\/www.visit-ulcinj.com"],"url":"https:\/\/www.visit-ulcinj.com\/blog\/author\/admin\/"}]}},"jetpack_featured_media_url":"","jetpack_sharing_enabled":true,"jetpack_shortlink":"https:\/\/wp.me\/pe6lTn-4m8","_links":{"self":[{"href":"https:\/\/www.visit-ulcinj.com\/blog\/wp-json\/wp\/v2\/posts\/16748"}],"collection":[{"href":"https:\/\/www.visit-ulcinj.com\/blog\/wp-json\/wp\/v2\/posts"}],"about":[{"href":"https:\/\/www.visit-ulcinj.com\/blog\/wp-json\/wp\/v2\/types\/post"}],"author":[{"embeddable":true,"href":"https:\/\/www.visit-ulcinj.com\/blog\/wp-json\/wp\/v2\/users\/1"}],"replies":[{"embeddable":true,"href":"https:\/\/www.visit-ulcinj.com\/blog\/wp-json\/wp\/v2\/comments?post=16748"}],"version-history":[{"count":0,"href":"https:\/\/www.visit-ulcinj.com\/blog\/wp-json\/wp\/v2\/posts\/16748\/revisions"}],"wp:attachment":[{"href":"https:\/\/www.visit-ulcinj.com\/blog\/wp-json\/wp\/v2\/media?parent=16748"}],"wp:term":[{"taxonomy":"category","embeddable":true,"href":"https:\/\/www.visit-ulcinj.com\/blog\/wp-json\/wp\/v2\/categories?post=16748"},{"taxonomy":"post_tag","embeddable":true,"href":"https:\/\/www.visit-ulcinj.com\/blog\/wp-json\/wp\/v2\/tags?post=16748"}],"curies":[{"name":"wp","href":"https:\/\/api.w.org\/{rel}","templated":true}]}}