{"id":16751,"date":"2009-04-05T10:46:53","date_gmt":"2009-04-05T08:46:53","guid":{"rendered":"http:\/\/www.visit-ulcinj.com\/blog\/?p=16751"},"modified":"2009-04-05T10:46:53","modified_gmt":"2009-04-05T08:46:53","slug":"tani-dhe-anjeza-nuk-kam-arritur-te-te-njoh","status":"publish","type":"post","link":"https:\/\/www.visit-ulcinj.com\/blog\/2009\/04\/05\/tani-dhe-anjeza-nuk-kam-arritur-te-te-njoh\/","title":{"rendered":"Tani dhe Anjeza : Nuk kam arritur t\u00eb t\u00eb njoh"},"content":{"rendered":"<p><em><span class=\"newsdate\"><a href=\"http:\/\/www.visit-ulcinj.com\/blog\/wp-content\/uploads\/2009\/04\/tanianjeza.jpg\"><img loading=\"lazy\" class=\"alignleft size-full wp-image-16752\" title=\"tanianjeza-big-brother-albania-2\" src=\"http:\/\/www.visit-ulcinj.com\/blog\/wp-content\/uploads\/2009\/04\/tanianjeza.jpg\" alt=\"tanianjeza-big-brother-albania-2\" width=\"300\" height=\"205\" \/><\/a>04\/04\/09 00:01<\/span><\/em><\/p>\n<p>Dritani bisedon me Anjez\u00ebn n\u00eb lidhje me sjelljen e saj brenda n\u00eb sht\u00ebpi dhe afrimitetin q\u00eb ka krijuar me disa banor\u00eb. Ai i v\u00eb n\u00eb dukje se ajo po shoq\u00ebrohet vet\u00ebm me disa, 2 apo 3 banor\u00eb, nd\u00ebrsa me t\u00eb tjer\u00ebt rri shum\u00eb pak. Sipas tij, ajo nuk duhet ta b\u00ebj\u00eb k\u00ebt\u00eb gj\u00eb sepse duhet t\u2019u jap\u00eb mund\u00ebsi t\u00eb gjith\u00ebve p\u00ebr ta njohur apo p\u00ebr t\u2019i njohur. Anjeza e sheh n\u00eb m\u00ebnyr\u00eb t\u00eb habitur dhe i thot\u00eb se ajo mendon se shoq\u00ebrohet me t\u00eb gjith\u00eb, por ndoshta k\u00ebt\u00eb p\u00ebrshtypje ka l\u00ebn\u00eb. Ajo mendon se ka folur shum\u00eb p\u00ebr veten, duke u krijuar mund\u00ebsin\u00eb t\u00eb tjer\u00ebve p\u00ebr ta njohur, por edhe fjal\u00eb kot p\u00ebr veten nuk mund t\u00eb thot\u00eb. Dritani mundohet t\u2019i spjegoj\u00eb se ai e sheh n\u00eb t\u00eb till\u00eb m\u00ebnyr\u00eb: t\u00eb kufizuar e t\u00eb p\u00ebrq\u00ebndruar marr\u00ebdh\u00ebnien e saj n\u00eb pak persona. Ai i tregon se nuk e kishte menduar m\u00eb par\u00eb k\u00ebt\u00eb bised\u00eb, thjesht iu dha mund\u00ebsia e po ia thot\u00eb k\u00ebto gj\u00ebra sepse, sipas tij, \u00ebsht\u00eb e v\u00ebshtir\u00eb q\u00eb ai t\u00eb jap\u00eb nj\u00eb p\u00ebrcaktim p\u00ebr t\u00eb. Anjeza mundohet q\u00eb n\u00eb vija t\u00eb p\u00ebrgjithshme, t\u00eb tregoj\u00eb dicka nga vetja, por duke u ndjer\u00eb n\u00eb siklet nga kjo bised\u00eb.<\/p>\n","protected":false},"excerpt":{"rendered":"<p>04\/04\/09 00:01 Dritani bisedon me Anjez\u00ebn n\u00eb lidhje me sjelljen e saj brenda n\u00eb sht\u00ebpi dhe afrimitetin q\u00eb ka krijuar me disa banor\u00eb. Ai i v\u00eb n\u00eb dukje se ajo po shoq\u00ebrohet vet\u00ebm me disa, 2 apo 3 banor\u00eb, nd\u00ebrsa me t\u00eb tjer\u00ebt rri shum\u00eb pak. Sipas tij, ajo nuk duhet ta b\u00ebj\u00eb k\u00ebt\u00eb gj\u00eb [&hellip;]<\/p>\n","protected":false},"author":1,"featured_media":0,"comment_status":"open","ping_status":"closed","sticky":false,"template":"","format":"standard","meta":{"spay_email":"","jetpack_publicize_message":"","jetpack_is_tweetstorm":false,"jetpack_publicize_feature_enabled":true},"categories":[6502],"tags":[8289,5057,6506,6516,6712,7129,6521,6891,6693,6887],"jetpack_publicize_connections":[],"yoast_head":"<!-- This site is optimized with the Yoast SEO plugin v19.1 - https:\/\/yoast.com\/wordpress\/plugins\/seo\/ -->\n<title>Tani dhe Anjeza : Nuk kam arritur t\u00c3\u00ab t\u00c3\u00ab njoh | Big Brother Albania 2<\/title>\n<meta name=\"description\" content=\"Big Brother Albania 2 - Dritani bisedon me Anjez\u00c3\u00abn n\u00c3\u00ab lidhje me sjelljen e saj brenda n\u00c3\u00ab sht\u00c3\u00abpi dhe afrimitetin q\u00c3\u00ab ka krijuar me disa banor\u00c3\u00ab. Ai i v\u00c3\u00ab n\u00c3\u00ab dukje se ajo po shoq\u00c3\u00abrohet vet\u00c3\u00abm me disa\" \/>\n<meta name=\"robots\" content=\"index, follow, max-snippet:-1, max-image-preview:large, max-video-preview:-1\" \/>\n<link rel=\"canonical\" href=\"https:\/\/www.visit-ulcinj.com\/blog\/2009\/04\/05\/tani-dhe-anjeza-nuk-kam-arritur-te-te-njoh\/\" \/>\n<meta property=\"og:locale\" content=\"en_US\" \/>\n<meta property=\"og:type\" content=\"article\" \/>\n<meta property=\"og:title\" content=\"Tani dhe Anjeza : Nuk kam arritur t\u00c3\u00ab t\u00c3\u00ab njoh | Big Brother Albania 2\" \/>\n<meta property=\"og:description\" content=\"Big Brother Albania 2 - Dritani bisedon me Anjez\u00c3\u00abn n\u00c3\u00ab lidhje me sjelljen e saj brenda n\u00c3\u00ab sht\u00c3\u00abpi dhe afrimitetin q\u00c3\u00ab ka krijuar me disa banor\u00c3\u00ab. Ai i v\u00c3\u00ab n\u00c3\u00ab dukje se ajo po shoq\u00c3\u00abrohet vet\u00c3\u00abm me disa\" \/>\n<meta property=\"og:url\" content=\"https:\/\/www.visit-ulcinj.com\/blog\/2009\/04\/05\/tani-dhe-anjeza-nuk-kam-arritur-te-te-njoh\/\" \/>\n<meta property=\"og:site_name\" content=\"Lajme nga Ulqini\" \/>\n<meta property=\"article:published_time\" content=\"2009-04-05T08:46:53+00:00\" \/>\n<meta property=\"og:image\" content=\"http:\/\/www.visit-ulcinj.com\/blog\/wp-content\/uploads\/2009\/04\/tanianjeza.jpg\" \/>\n<meta name=\"twitter:label1\" content=\"Written by\" \/>\n\t<meta name=\"twitter:data1\" content=\"ulqini\" \/>\n\t<meta name=\"twitter:label2\" content=\"Est. reading time\" \/>\n\t<meta name=\"twitter:data2\" content=\"1 minute\" \/>\n<script type=\"application\/ld+json\" class=\"yoast-schema-graph\">{\"@context\":\"https:\/\/schema.org\",\"@graph\":[{\"@type\":\"WebSite\",\"@id\":\"https:\/\/www.visit-ulcinj.com\/blog\/#website\",\"url\":\"https:\/\/www.visit-ulcinj.com\/blog\/\",\"name\":\"Lajme nga Ulqini\",\"description\":\"Lajme,Vijesti,Ulqini,Ulqin,Crna Gora,Mali i Zi\",\"potentialAction\":[{\"@type\":\"SearchAction\",\"target\":{\"@type\":\"EntryPoint\",\"urlTemplate\":\"https:\/\/www.visit-ulcinj.com\/blog\/?s={search_term_string}\"},\"query-input\":\"required name=search_term_string\"}],\"inLanguage\":\"en-US\"},{\"@type\":\"ImageObject\",\"inLanguage\":\"en-US\",\"@id\":\"https:\/\/www.visit-ulcinj.com\/blog\/2009\/04\/05\/tani-dhe-anjeza-nuk-kam-arritur-te-te-njoh\/#primaryimage\",\"url\":\"http:\/\/www.visit-ulcinj.com\/blog\/wp-content\/uploads\/2009\/04\/tanianjeza.jpg\",\"contentUrl\":\"http:\/\/www.visit-ulcinj.com\/blog\/wp-content\/uploads\/2009\/04\/tanianjeza.jpg\"},{\"@type\":\"WebPage\",\"@id\":\"https:\/\/www.visit-ulcinj.com\/blog\/2009\/04\/05\/tani-dhe-anjeza-nuk-kam-arritur-te-te-njoh\/#webpage\",\"url\":\"https:\/\/www.visit-ulcinj.com\/blog\/2009\/04\/05\/tani-dhe-anjeza-nuk-kam-arritur-te-te-njoh\/\",\"name\":\"Tani dhe Anjeza : Nuk kam arritur t\u00c3\u00ab t\u00c3\u00ab njoh | Big Brother Albania 2\",\"isPartOf\":{\"@id\":\"https:\/\/www.visit-ulcinj.com\/blog\/#website\"},\"primaryImageOfPage\":{\"@id\":\"https:\/\/www.visit-ulcinj.com\/blog\/2009\/04\/05\/tani-dhe-anjeza-nuk-kam-arritur-te-te-njoh\/#primaryimage\"},\"datePublished\":\"2009-04-05T08:46:53+00:00\",\"dateModified\":\"2009-04-05T08:46:53+00:00\",\"author\":{\"@id\":\"https:\/\/www.visit-ulcinj.com\/blog\/#\/schema\/person\/dcab619c614d3038751c63bc2aadc06d\"},\"description\":\"Big Brother Albania 2 - Dritani bisedon me Anjez\u00c3\u00abn n\u00c3\u00ab lidhje me sjelljen e saj brenda n\u00c3\u00ab sht\u00c3\u00abpi dhe afrimitetin q\u00c3\u00ab ka krijuar me disa banor\u00c3\u00ab. Ai i v\u00c3\u00ab n\u00c3\u00ab dukje se ajo po shoq\u00c3\u00abrohet vet\u00c3\u00abm me disa\",\"breadcrumb\":{\"@id\":\"https:\/\/www.visit-ulcinj.com\/blog\/2009\/04\/05\/tani-dhe-anjeza-nuk-kam-arritur-te-te-njoh\/#breadcrumb\"},\"inLanguage\":\"en-US\",\"potentialAction\":[{\"@type\":\"ReadAction\",\"target\":[\"https:\/\/www.visit-ulcinj.com\/blog\/2009\/04\/05\/tani-dhe-anjeza-nuk-kam-arritur-te-te-njoh\/\"]}]},{\"@type\":\"BreadcrumbList\",\"@id\":\"https:\/\/www.visit-ulcinj.com\/blog\/2009\/04\/05\/tani-dhe-anjeza-nuk-kam-arritur-te-te-njoh\/#breadcrumb\",\"itemListElement\":[{\"@type\":\"ListItem\",\"position\":1,\"name\":\"Tani dhe Anjeza : Nuk kam arritur t\u00eb t\u00eb njoh\"}]},{\"@type\":\"Person\",\"@id\":\"https:\/\/www.visit-ulcinj.com\/blog\/#\/schema\/person\/dcab619c614d3038751c63bc2aadc06d\",\"name\":\"ulqini\",\"sameAs\":[\"http:\/\/www.visit-ulcinj.com\"],\"url\":\"https:\/\/www.visit-ulcinj.com\/blog\/author\/admin\/\"}]}<\/script>\n<!-- \/ Yoast SEO plugin. -->","yoast_head_json":{"title":"Tani dhe Anjeza : Nuk kam arritur t\u00c3\u00ab t\u00c3\u00ab njoh | Big Brother Albania 2","description":"Big Brother Albania 2 - Dritani bisedon me Anjez\u00c3\u00abn n\u00c3\u00ab lidhje me sjelljen e saj brenda n\u00c3\u00ab sht\u00c3\u00abpi dhe afrimitetin q\u00c3\u00ab ka krijuar me disa banor\u00c3\u00ab. Ai i v\u00c3\u00ab n\u00c3\u00ab dukje se ajo po shoq\u00c3\u00abrohet vet\u00c3\u00abm me disa","robots":{"index":"index","follow":"follow","max-snippet":"max-snippet:-1","max-image-preview":"max-image-preview:large","max-video-preview":"max-video-preview:-1"},"canonical":"https:\/\/www.visit-ulcinj.com\/blog\/2009\/04\/05\/tani-dhe-anjeza-nuk-kam-arritur-te-te-njoh\/","og_locale":"en_US","og_type":"article","og_title":"Tani dhe Anjeza : Nuk kam arritur t\u00c3\u00ab t\u00c3\u00ab njoh | Big Brother Albania 2","og_description":"Big Brother Albania 2 - Dritani bisedon me Anjez\u00c3\u00abn n\u00c3\u00ab lidhje me sjelljen e saj brenda n\u00c3\u00ab sht\u00c3\u00abpi dhe afrimitetin q\u00c3\u00ab ka krijuar me disa banor\u00c3\u00ab. Ai i v\u00c3\u00ab n\u00c3\u00ab dukje se ajo po shoq\u00c3\u00abrohet vet\u00c3\u00abm me disa","og_url":"https:\/\/www.visit-ulcinj.com\/blog\/2009\/04\/05\/tani-dhe-anjeza-nuk-kam-arritur-te-te-njoh\/","og_site_name":"Lajme nga Ulqini","article_published_time":"2009-04-05T08:46:53+00:00","og_image":[{"url":"http:\/\/www.visit-ulcinj.com\/blog\/wp-content\/uploads\/2009\/04\/tanianjeza.jpg"}],"twitter_misc":{"Written by":"ulqini","Est. reading time":"1 minute"},"schema":{"@context":"https:\/\/schema.org","@graph":[{"@type":"WebSite","@id":"https:\/\/www.visit-ulcinj.com\/blog\/#website","url":"https:\/\/www.visit-ulcinj.com\/blog\/","name":"Lajme nga Ulqini","description":"Lajme,Vijesti,Ulqini,Ulqin,Crna Gora,Mali i Zi","potentialAction":[{"@type":"SearchAction","target":{"@type":"EntryPoint","urlTemplate":"https:\/\/www.visit-ulcinj.com\/blog\/?s={search_term_string}"},"query-input":"required name=search_term_string"}],"inLanguage":"en-US"},{"@type":"ImageObject","inLanguage":"en-US","@id":"https:\/\/www.visit-ulcinj.com\/blog\/2009\/04\/05\/tani-dhe-anjeza-nuk-kam-arritur-te-te-njoh\/#primaryimage","url":"http:\/\/www.visit-ulcinj.com\/blog\/wp-content\/uploads\/2009\/04\/tanianjeza.jpg","contentUrl":"http:\/\/www.visit-ulcinj.com\/blog\/wp-content\/uploads\/2009\/04\/tanianjeza.jpg"},{"@type":"WebPage","@id":"https:\/\/www.visit-ulcinj.com\/blog\/2009\/04\/05\/tani-dhe-anjeza-nuk-kam-arritur-te-te-njoh\/#webpage","url":"https:\/\/www.visit-ulcinj.com\/blog\/2009\/04\/05\/tani-dhe-anjeza-nuk-kam-arritur-te-te-njoh\/","name":"Tani dhe Anjeza : Nuk kam arritur t\u00c3\u00ab t\u00c3\u00ab njoh | Big Brother Albania 2","isPartOf":{"@id":"https:\/\/www.visit-ulcinj.com\/blog\/#website"},"primaryImageOfPage":{"@id":"https:\/\/www.visit-ulcinj.com\/blog\/2009\/04\/05\/tani-dhe-anjeza-nuk-kam-arritur-te-te-njoh\/#primaryimage"},"datePublished":"2009-04-05T08:46:53+00:00","dateModified":"2009-04-05T08:46:53+00:00","author":{"@id":"https:\/\/www.visit-ulcinj.com\/blog\/#\/schema\/person\/dcab619c614d3038751c63bc2aadc06d"},"description":"Big Brother Albania 2 - Dritani bisedon me Anjez\u00c3\u00abn n\u00c3\u00ab lidhje me sjelljen e saj brenda n\u00c3\u00ab sht\u00c3\u00abpi dhe afrimitetin q\u00c3\u00ab ka krijuar me disa banor\u00c3\u00ab. Ai i v\u00c3\u00ab n\u00c3\u00ab dukje se ajo po shoq\u00c3\u00abrohet vet\u00c3\u00abm me disa","breadcrumb":{"@id":"https:\/\/www.visit-ulcinj.com\/blog\/2009\/04\/05\/tani-dhe-anjeza-nuk-kam-arritur-te-te-njoh\/#breadcrumb"},"inLanguage":"en-US","potentialAction":[{"@type":"ReadAction","target":["https:\/\/www.visit-ulcinj.com\/blog\/2009\/04\/05\/tani-dhe-anjeza-nuk-kam-arritur-te-te-njoh\/"]}]},{"@type":"BreadcrumbList","@id":"https:\/\/www.visit-ulcinj.com\/blog\/2009\/04\/05\/tani-dhe-anjeza-nuk-kam-arritur-te-te-njoh\/#breadcrumb","itemListElement":[{"@type":"ListItem","position":1,"name":"Tani dhe Anjeza : Nuk kam arritur t\u00eb t\u00eb njoh"}]},{"@type":"Person","@id":"https:\/\/www.visit-ulcinj.com\/blog\/#\/schema\/person\/dcab619c614d3038751c63bc2aadc06d","name":"ulqini","sameAs":["http:\/\/www.visit-ulcinj.com"],"url":"https:\/\/www.visit-ulcinj.com\/blog\/author\/admin\/"}]}},"jetpack_featured_media_url":"","jetpack_sharing_enabled":true,"jetpack_shortlink":"https:\/\/wp.me\/pe6lTn-4mb","_links":{"self":[{"href":"https:\/\/www.visit-ulcinj.com\/blog\/wp-json\/wp\/v2\/posts\/16751"}],"collection":[{"href":"https:\/\/www.visit-ulcinj.com\/blog\/wp-json\/wp\/v2\/posts"}],"about":[{"href":"https:\/\/www.visit-ulcinj.com\/blog\/wp-json\/wp\/v2\/types\/post"}],"author":[{"embeddable":true,"href":"https:\/\/www.visit-ulcinj.com\/blog\/wp-json\/wp\/v2\/users\/1"}],"replies":[{"embeddable":true,"href":"https:\/\/www.visit-ulcinj.com\/blog\/wp-json\/wp\/v2\/comments?post=16751"}],"version-history":[{"count":0,"href":"https:\/\/www.visit-ulcinj.com\/blog\/wp-json\/wp\/v2\/posts\/16751\/revisions"}],"wp:attachment":[{"href":"https:\/\/www.visit-ulcinj.com\/blog\/wp-json\/wp\/v2\/media?parent=16751"}],"wp:term":[{"taxonomy":"category","embeddable":true,"href":"https:\/\/www.visit-ulcinj.com\/blog\/wp-json\/wp\/v2\/categories?post=16751"},{"taxonomy":"post_tag","embeddable":true,"href":"https:\/\/www.visit-ulcinj.com\/blog\/wp-json\/wp\/v2\/tags?post=16751"}],"curies":[{"name":"wp","href":"https:\/\/api.w.org\/{rel}","templated":true}]}}