{"id":16754,"date":"2009-04-05T10:48:24","date_gmt":"2009-04-05T08:48:24","guid":{"rendered":"http:\/\/www.visit-ulcinj.com\/blog\/?p=16754"},"modified":"2009-04-05T10:48:24","modified_gmt":"2009-04-05T08:48:24","slug":"arjoni-do-nominohem","status":"publish","type":"post","link":"https:\/\/www.visit-ulcinj.com\/blog\/2009\/04\/05\/arjoni-do-nominohem\/","title":{"rendered":"Arjoni: Do nominohem"},"content":{"rendered":"<p><em><span class=\"newsdate\"><a href=\"http:\/\/www.visit-ulcinj.com\/blog\/wp-content\/uploads\/2009\/04\/arjonaida.jpg\"><img loading=\"lazy\" class=\"alignleft size-full wp-image-16755\" title=\"arjonaida-big-brother-albania-2\" src=\"http:\/\/www.visit-ulcinj.com\/blog\/wp-content\/uploads\/2009\/04\/arjonaida.jpg\" alt=\"arjonaida-big-brother-albania-2\" width=\"300\" height=\"205\" \/><\/a>04\/04\/09 00:22<\/span><\/em><\/p>\n<p>Arjoni i thot\u00eb Aid\u00ebs se ka d\u00ebgjuar n\u00eb sht\u00ebpi q\u00eb do t\u00eb nominohen Bjordi dhe Dritani dhe nd\u00ebr ta edhe ai. Ai shprehet se nuk e ka aspak problem madje \u00ebsht\u00eb shum\u00eb dakord q\u00eb t\u00eb nominohet. Aida e pyet e habitur p\u00ebr k\u00ebt\u00eb mendim dhe ai i spjegon se \u00ebsht\u00eb m\u00eb mir\u00eb q\u00eb t\u00eb ballafaqohet q\u00eb tani me publikun sesa m\u00eb von\u00eb. Aida shprehet se nuk mund ta thot\u00eb me siguri, por nuk e mendon at\u00eb n\u00eb nominim, nd\u00ebrsa p\u00ebr Bjordin dhe Tanin po.<\/p>\n","protected":false},"excerpt":{"rendered":"<p>04\/04\/09 00:22 Arjoni i thot\u00eb Aid\u00ebs se ka d\u00ebgjuar n\u00eb sht\u00ebpi q\u00eb do t\u00eb nominohen Bjordi dhe Dritani dhe nd\u00ebr ta edhe ai. Ai shprehet se nuk e ka aspak problem madje \u00ebsht\u00eb shum\u00eb dakord q\u00eb t\u00eb nominohet. Aida e pyet e habitur p\u00ebr k\u00ebt\u00eb mendim dhe ai i spjegon se \u00ebsht\u00eb m\u00eb mir\u00eb q\u00eb [&hellip;]<\/p>\n","protected":false},"author":1,"featured_media":0,"comment_status":"open","ping_status":"closed","sticky":false,"template":"","format":"standard","meta":{"spay_email":"","jetpack_publicize_message":"","jetpack_is_tweetstorm":false,"jetpack_publicize_feature_enabled":true},"categories":[6502],"tags":[6537,6525,5057,6506,6516,6712,7129,6891,6693,6887],"jetpack_publicize_connections":[],"yoast_head":"<!-- This site is optimized with the Yoast SEO plugin v19.1 - https:\/\/yoast.com\/wordpress\/plugins\/seo\/ -->\n<title>Arjoni: Do nominohem | Big Brother Albania 2<\/title>\n<meta name=\"description\" content=\"Big Brother Albania 2 - Arjoni i thot\u00c3\u00ab Aid\u00c3\u00abs se ka d\u00c3\u00abgjuar n\u00c3\u00ab sht\u00c3\u00abpi q\u00c3\u00ab do t\u00c3\u00ab nominohen Bjordi dhe Dritani dhe nd\u00c3\u00abr ta edhe ai. Ai shprehet se nuk e ka aspak problem madje \u00c3\u00absht\u00c3\u00ab shum\u00c3\u00ab dakord q\u00c3\u00ab t\u00c3\u00ab nominohet.\" \/>\n<meta name=\"robots\" content=\"index, follow, max-snippet:-1, max-image-preview:large, max-video-preview:-1\" \/>\n<link rel=\"canonical\" href=\"https:\/\/www.visit-ulcinj.com\/blog\/2009\/04\/05\/arjoni-do-nominohem\/\" \/>\n<meta property=\"og:locale\" content=\"en_US\" \/>\n<meta property=\"og:type\" content=\"article\" \/>\n<meta property=\"og:title\" content=\"Arjoni: Do nominohem | Big Brother Albania 2\" \/>\n<meta property=\"og:description\" content=\"Big Brother Albania 2 - Arjoni i thot\u00c3\u00ab Aid\u00c3\u00abs se ka d\u00c3\u00abgjuar n\u00c3\u00ab sht\u00c3\u00abpi q\u00c3\u00ab do t\u00c3\u00ab nominohen Bjordi dhe Dritani dhe nd\u00c3\u00abr ta edhe ai. Ai shprehet se nuk e ka aspak problem madje \u00c3\u00absht\u00c3\u00ab shum\u00c3\u00ab dakord q\u00c3\u00ab t\u00c3\u00ab nominohet.\" \/>\n<meta property=\"og:url\" content=\"https:\/\/www.visit-ulcinj.com\/blog\/2009\/04\/05\/arjoni-do-nominohem\/\" \/>\n<meta property=\"og:site_name\" content=\"Lajme nga Ulqini\" \/>\n<meta property=\"article:published_time\" content=\"2009-04-05T08:48:24+00:00\" \/>\n<meta property=\"og:image\" content=\"http:\/\/www.visit-ulcinj.com\/blog\/wp-content\/uploads\/2009\/04\/arjonaida.jpg\" \/>\n<meta name=\"twitter:label1\" content=\"Written by\" \/>\n\t<meta name=\"twitter:data1\" content=\"ulqini\" \/>\n<script type=\"application\/ld+json\" class=\"yoast-schema-graph\">{\"@context\":\"https:\/\/schema.org\",\"@graph\":[{\"@type\":\"WebSite\",\"@id\":\"https:\/\/www.visit-ulcinj.com\/blog\/#website\",\"url\":\"https:\/\/www.visit-ulcinj.com\/blog\/\",\"name\":\"Lajme nga Ulqini\",\"description\":\"Lajme,Vijesti,Ulqini,Ulqin,Crna Gora,Mali i Zi\",\"potentialAction\":[{\"@type\":\"SearchAction\",\"target\":{\"@type\":\"EntryPoint\",\"urlTemplate\":\"https:\/\/www.visit-ulcinj.com\/blog\/?s={search_term_string}\"},\"query-input\":\"required name=search_term_string\"}],\"inLanguage\":\"en-US\"},{\"@type\":\"ImageObject\",\"inLanguage\":\"en-US\",\"@id\":\"https:\/\/www.visit-ulcinj.com\/blog\/2009\/04\/05\/arjoni-do-nominohem\/#primaryimage\",\"url\":\"http:\/\/www.visit-ulcinj.com\/blog\/wp-content\/uploads\/2009\/04\/arjonaida.jpg\",\"contentUrl\":\"http:\/\/www.visit-ulcinj.com\/blog\/wp-content\/uploads\/2009\/04\/arjonaida.jpg\"},{\"@type\":\"WebPage\",\"@id\":\"https:\/\/www.visit-ulcinj.com\/blog\/2009\/04\/05\/arjoni-do-nominohem\/#webpage\",\"url\":\"https:\/\/www.visit-ulcinj.com\/blog\/2009\/04\/05\/arjoni-do-nominohem\/\",\"name\":\"Arjoni: Do nominohem | Big Brother Albania 2\",\"isPartOf\":{\"@id\":\"https:\/\/www.visit-ulcinj.com\/blog\/#website\"},\"primaryImageOfPage\":{\"@id\":\"https:\/\/www.visit-ulcinj.com\/blog\/2009\/04\/05\/arjoni-do-nominohem\/#primaryimage\"},\"datePublished\":\"2009-04-05T08:48:24+00:00\",\"dateModified\":\"2009-04-05T08:48:24+00:00\",\"author\":{\"@id\":\"https:\/\/www.visit-ulcinj.com\/blog\/#\/schema\/person\/dcab619c614d3038751c63bc2aadc06d\"},\"description\":\"Big Brother Albania 2 - Arjoni i thot\u00c3\u00ab Aid\u00c3\u00abs se ka d\u00c3\u00abgjuar n\u00c3\u00ab sht\u00c3\u00abpi q\u00c3\u00ab do t\u00c3\u00ab nominohen Bjordi dhe Dritani dhe nd\u00c3\u00abr ta edhe ai. Ai shprehet se nuk e ka aspak problem madje \u00c3\u00absht\u00c3\u00ab shum\u00c3\u00ab dakord q\u00c3\u00ab t\u00c3\u00ab nominohet.\",\"breadcrumb\":{\"@id\":\"https:\/\/www.visit-ulcinj.com\/blog\/2009\/04\/05\/arjoni-do-nominohem\/#breadcrumb\"},\"inLanguage\":\"en-US\",\"potentialAction\":[{\"@type\":\"ReadAction\",\"target\":[\"https:\/\/www.visit-ulcinj.com\/blog\/2009\/04\/05\/arjoni-do-nominohem\/\"]}]},{\"@type\":\"BreadcrumbList\",\"@id\":\"https:\/\/www.visit-ulcinj.com\/blog\/2009\/04\/05\/arjoni-do-nominohem\/#breadcrumb\",\"itemListElement\":[{\"@type\":\"ListItem\",\"position\":1,\"name\":\"Arjoni: Do nominohem\"}]},{\"@type\":\"Person\",\"@id\":\"https:\/\/www.visit-ulcinj.com\/blog\/#\/schema\/person\/dcab619c614d3038751c63bc2aadc06d\",\"name\":\"ulqini\",\"sameAs\":[\"http:\/\/www.visit-ulcinj.com\"],\"url\":\"https:\/\/www.visit-ulcinj.com\/blog\/author\/admin\/\"}]}<\/script>\n<!-- \/ Yoast SEO plugin. -->","yoast_head_json":{"title":"Arjoni: Do nominohem | Big Brother Albania 2","description":"Big Brother Albania 2 - Arjoni i thot\u00c3\u00ab Aid\u00c3\u00abs se ka d\u00c3\u00abgjuar n\u00c3\u00ab sht\u00c3\u00abpi q\u00c3\u00ab do t\u00c3\u00ab nominohen Bjordi dhe Dritani dhe nd\u00c3\u00abr ta edhe ai. Ai shprehet se nuk e ka aspak problem madje \u00c3\u00absht\u00c3\u00ab shum\u00c3\u00ab dakord q\u00c3\u00ab t\u00c3\u00ab nominohet.","robots":{"index":"index","follow":"follow","max-snippet":"max-snippet:-1","max-image-preview":"max-image-preview:large","max-video-preview":"max-video-preview:-1"},"canonical":"https:\/\/www.visit-ulcinj.com\/blog\/2009\/04\/05\/arjoni-do-nominohem\/","og_locale":"en_US","og_type":"article","og_title":"Arjoni: Do nominohem | Big Brother Albania 2","og_description":"Big Brother Albania 2 - Arjoni i thot\u00c3\u00ab Aid\u00c3\u00abs se ka d\u00c3\u00abgjuar n\u00c3\u00ab sht\u00c3\u00abpi q\u00c3\u00ab do t\u00c3\u00ab nominohen Bjordi dhe Dritani dhe nd\u00c3\u00abr ta edhe ai. Ai shprehet se nuk e ka aspak problem madje \u00c3\u00absht\u00c3\u00ab shum\u00c3\u00ab dakord q\u00c3\u00ab t\u00c3\u00ab nominohet.","og_url":"https:\/\/www.visit-ulcinj.com\/blog\/2009\/04\/05\/arjoni-do-nominohem\/","og_site_name":"Lajme nga Ulqini","article_published_time":"2009-04-05T08:48:24+00:00","og_image":[{"url":"http:\/\/www.visit-ulcinj.com\/blog\/wp-content\/uploads\/2009\/04\/arjonaida.jpg"}],"twitter_misc":{"Written by":"ulqini"},"schema":{"@context":"https:\/\/schema.org","@graph":[{"@type":"WebSite","@id":"https:\/\/www.visit-ulcinj.com\/blog\/#website","url":"https:\/\/www.visit-ulcinj.com\/blog\/","name":"Lajme nga Ulqini","description":"Lajme,Vijesti,Ulqini,Ulqin,Crna Gora,Mali i Zi","potentialAction":[{"@type":"SearchAction","target":{"@type":"EntryPoint","urlTemplate":"https:\/\/www.visit-ulcinj.com\/blog\/?s={search_term_string}"},"query-input":"required name=search_term_string"}],"inLanguage":"en-US"},{"@type":"ImageObject","inLanguage":"en-US","@id":"https:\/\/www.visit-ulcinj.com\/blog\/2009\/04\/05\/arjoni-do-nominohem\/#primaryimage","url":"http:\/\/www.visit-ulcinj.com\/blog\/wp-content\/uploads\/2009\/04\/arjonaida.jpg","contentUrl":"http:\/\/www.visit-ulcinj.com\/blog\/wp-content\/uploads\/2009\/04\/arjonaida.jpg"},{"@type":"WebPage","@id":"https:\/\/www.visit-ulcinj.com\/blog\/2009\/04\/05\/arjoni-do-nominohem\/#webpage","url":"https:\/\/www.visit-ulcinj.com\/blog\/2009\/04\/05\/arjoni-do-nominohem\/","name":"Arjoni: Do nominohem | Big Brother Albania 2","isPartOf":{"@id":"https:\/\/www.visit-ulcinj.com\/blog\/#website"},"primaryImageOfPage":{"@id":"https:\/\/www.visit-ulcinj.com\/blog\/2009\/04\/05\/arjoni-do-nominohem\/#primaryimage"},"datePublished":"2009-04-05T08:48:24+00:00","dateModified":"2009-04-05T08:48:24+00:00","author":{"@id":"https:\/\/www.visit-ulcinj.com\/blog\/#\/schema\/person\/dcab619c614d3038751c63bc2aadc06d"},"description":"Big Brother Albania 2 - Arjoni i thot\u00c3\u00ab Aid\u00c3\u00abs se ka d\u00c3\u00abgjuar n\u00c3\u00ab sht\u00c3\u00abpi q\u00c3\u00ab do t\u00c3\u00ab nominohen Bjordi dhe Dritani dhe nd\u00c3\u00abr ta edhe ai. Ai shprehet se nuk e ka aspak problem madje \u00c3\u00absht\u00c3\u00ab shum\u00c3\u00ab dakord q\u00c3\u00ab t\u00c3\u00ab nominohet.","breadcrumb":{"@id":"https:\/\/www.visit-ulcinj.com\/blog\/2009\/04\/05\/arjoni-do-nominohem\/#breadcrumb"},"inLanguage":"en-US","potentialAction":[{"@type":"ReadAction","target":["https:\/\/www.visit-ulcinj.com\/blog\/2009\/04\/05\/arjoni-do-nominohem\/"]}]},{"@type":"BreadcrumbList","@id":"https:\/\/www.visit-ulcinj.com\/blog\/2009\/04\/05\/arjoni-do-nominohem\/#breadcrumb","itemListElement":[{"@type":"ListItem","position":1,"name":"Arjoni: Do nominohem"}]},{"@type":"Person","@id":"https:\/\/www.visit-ulcinj.com\/blog\/#\/schema\/person\/dcab619c614d3038751c63bc2aadc06d","name":"ulqini","sameAs":["http:\/\/www.visit-ulcinj.com"],"url":"https:\/\/www.visit-ulcinj.com\/blog\/author\/admin\/"}]}},"jetpack_featured_media_url":"","jetpack_sharing_enabled":true,"jetpack_shortlink":"https:\/\/wp.me\/pe6lTn-4me","_links":{"self":[{"href":"https:\/\/www.visit-ulcinj.com\/blog\/wp-json\/wp\/v2\/posts\/16754"}],"collection":[{"href":"https:\/\/www.visit-ulcinj.com\/blog\/wp-json\/wp\/v2\/posts"}],"about":[{"href":"https:\/\/www.visit-ulcinj.com\/blog\/wp-json\/wp\/v2\/types\/post"}],"author":[{"embeddable":true,"href":"https:\/\/www.visit-ulcinj.com\/blog\/wp-json\/wp\/v2\/users\/1"}],"replies":[{"embeddable":true,"href":"https:\/\/www.visit-ulcinj.com\/blog\/wp-json\/wp\/v2\/comments?post=16754"}],"version-history":[{"count":0,"href":"https:\/\/www.visit-ulcinj.com\/blog\/wp-json\/wp\/v2\/posts\/16754\/revisions"}],"wp:attachment":[{"href":"https:\/\/www.visit-ulcinj.com\/blog\/wp-json\/wp\/v2\/media?parent=16754"}],"wp:term":[{"taxonomy":"category","embeddable":true,"href":"https:\/\/www.visit-ulcinj.com\/blog\/wp-json\/wp\/v2\/categories?post=16754"},{"taxonomy":"post_tag","embeddable":true,"href":"https:\/\/www.visit-ulcinj.com\/blog\/wp-json\/wp\/v2\/tags?post=16754"}],"curies":[{"name":"wp","href":"https:\/\/api.w.org\/{rel}","templated":true}]}}