{"id":16760,"date":"2009-04-05T10:52:37","date_gmt":"2009-04-05T08:52:37","guid":{"rendered":"http:\/\/www.visit-ulcinj.com\/blog\/?p=16760"},"modified":"2009-04-05T10:52:37","modified_gmt":"2009-04-05T08:52:37","slug":"anjeza-mend-per-here-tjeter","status":"publish","type":"post","link":"https:\/\/www.visit-ulcinj.com\/blog\/2009\/04\/05\/anjeza-mend-per-here-tjeter\/","title":{"rendered":"Anjeza: Mend p\u00ebr her\u00eb tjet\u00ebr"},"content":{"rendered":"<p><em><span class=\"newsdate\"><a href=\"http:\/\/www.visit-ulcinj.com\/blog\/wp-content\/uploads\/2009\/04\/debati-adela-anjeza.jpg\"><img loading=\"lazy\" class=\"alignleft size-full wp-image-16761\" title=\"debati-adela-anjeza-big-brother-albania-2\" src=\"http:\/\/www.visit-ulcinj.com\/blog\/wp-content\/uploads\/2009\/04\/debati-adela-anjeza.jpg\" alt=\"debati-adela-anjeza-big-brother-albania-2\" width=\"300\" height=\"205\" \/><\/a>04\/04\/09 16:33<\/span><\/em><\/p>\n<p>Adelajda d\u00ebgjon Anjez\u00ebn e cila po pastron tavolin\u00ebn duke komentuar dhe i thot\u00eb:-\u201cN\u00ebse e ke bezdi t\u00eb mbledh\u00ebsh gotat mos e b\u00ebj! Ajo i p\u00ebrgjigjet duke i th\u00ebn\u00eb q\u00eb nuk ka se si ti l\u00eb pa hequr. Adelajda i kthehet s\u00ebrisht:-\u201dB\u00ebje dhe mos fol at\u00ebher\u00eb, nuk t\u00eb detyron njeri!\u201d Anjeza i thot\u00eb q\u00eb ajo u ka th\u00ebn\u00eb disa her\u00eb banor\u00ebve q\u00eb secili t\u00eb ngrej\u00eb gj\u00ebrat e tyre. N\u00eb debat nd\u00ebrhyn dhe Dritani. Adelajda i thot\u00eb:-\u201cKush po flet me ty!\u201d Ai i thot\u00eb q\u00eb \u00ebsht\u00eb e lir\u00eb t\u00eb mos e d\u00ebgjoj\u00eb, dhe shton:-\u201cKur pini kafen\u00eb ua sjell njeri?! At\u00ebher\u00eb pse tua heqin t\u00eb tjer\u00ebt!\u201d Sipas Anjez\u00ebs secili duhet t\u00eb marr\u00eb gj\u00ebrat e tij dhe shton:-\u201cS`ka lidhje ta b\u00ebsh kaq tragjike , por mend p\u00ebr her\u00eb tjet\u00ebr!\u201d<\/p>\n","protected":false},"excerpt":{"rendered":"<p>04\/04\/09 16:33 Adelajda d\u00ebgjon Anjez\u00ebn e cila po pastron tavolin\u00ebn duke komentuar dhe i thot\u00eb:-\u201cN\u00ebse e ke bezdi t\u00eb mbledh\u00ebsh gotat mos e b\u00ebj! Ajo i p\u00ebrgjigjet duke i th\u00ebn\u00eb q\u00eb nuk ka se si ti l\u00eb pa hequr. Adelajda i kthehet s\u00ebrisht:-\u201dB\u00ebje dhe mos fol at\u00ebher\u00eb, nuk t\u00eb detyron njeri!\u201d Anjeza i thot\u00eb q\u00eb [&hellip;]<\/p>\n","protected":false},"author":1,"featured_media":0,"comment_status":"open","ping_status":"closed","sticky":false,"template":"","format":"standard","meta":{"spay_email":"","jetpack_publicize_message":"","jetpack_is_tweetstorm":false,"jetpack_publicize_feature_enabled":true},"categories":[6502],"tags":[6529,8289,5057,6506,6516,6712,7129,6522,6891,6693,6887],"jetpack_publicize_connections":[],"yoast_head":"<!-- This site is optimized with the Yoast SEO plugin v19.1 - https:\/\/yoast.com\/wordpress\/plugins\/seo\/ -->\n<title>Anjeza: Mend p\u00c3\u00abr her\u00c3\u00ab tjet\u00c3\u00abr | Big Brother Albania 2<\/title>\n<meta name=\"description\" content=\"Big Brother Albania 2 - Adelajda d\u00c3\u00abgjon Anjez\u00c3\u00abn e cila po pastron tavolin\u00c3\u00abn duke komentuar dhe i thot\u00c3\u00ab:-\u00e2\u20ac\u0153N\u00c3\u00abse e ke bezdi t\u00c3\u00ab mbledh\u00c3\u00absh gotat mos e b\u00c3\u00abj!\" \/>\n<meta name=\"robots\" content=\"index, follow, max-snippet:-1, max-image-preview:large, max-video-preview:-1\" \/>\n<link rel=\"canonical\" href=\"https:\/\/www.visit-ulcinj.com\/blog\/2009\/04\/05\/anjeza-mend-per-here-tjeter\/\" \/>\n<meta property=\"og:locale\" content=\"en_US\" \/>\n<meta property=\"og:type\" content=\"article\" \/>\n<meta property=\"og:title\" content=\"Anjeza: Mend p\u00c3\u00abr her\u00c3\u00ab tjet\u00c3\u00abr | Big Brother Albania 2\" \/>\n<meta property=\"og:description\" content=\"Big Brother Albania 2 - Adelajda d\u00c3\u00abgjon Anjez\u00c3\u00abn e cila po pastron tavolin\u00c3\u00abn duke komentuar dhe i thot\u00c3\u00ab:-\u00e2\u20ac\u0153N\u00c3\u00abse e ke bezdi t\u00c3\u00ab mbledh\u00c3\u00absh gotat mos e b\u00c3\u00abj!\" \/>\n<meta property=\"og:url\" content=\"https:\/\/www.visit-ulcinj.com\/blog\/2009\/04\/05\/anjeza-mend-per-here-tjeter\/\" \/>\n<meta property=\"og:site_name\" content=\"Lajme nga Ulqini\" \/>\n<meta property=\"article:published_time\" content=\"2009-04-05T08:52:37+00:00\" \/>\n<meta property=\"og:image\" content=\"http:\/\/www.visit-ulcinj.com\/blog\/wp-content\/uploads\/2009\/04\/debati-adela-anjeza.jpg\" \/>\n<meta name=\"twitter:label1\" content=\"Written by\" \/>\n\t<meta name=\"twitter:data1\" content=\"ulqini\" \/>\n\t<meta name=\"twitter:label2\" content=\"Est. reading time\" \/>\n\t<meta name=\"twitter:data2\" content=\"1 minute\" \/>\n<script type=\"application\/ld+json\" class=\"yoast-schema-graph\">{\"@context\":\"https:\/\/schema.org\",\"@graph\":[{\"@type\":\"WebSite\",\"@id\":\"https:\/\/www.visit-ulcinj.com\/blog\/#website\",\"url\":\"https:\/\/www.visit-ulcinj.com\/blog\/\",\"name\":\"Lajme nga Ulqini\",\"description\":\"Lajme,Vijesti,Ulqini,Ulqin,Crna Gora,Mali i Zi\",\"potentialAction\":[{\"@type\":\"SearchAction\",\"target\":{\"@type\":\"EntryPoint\",\"urlTemplate\":\"https:\/\/www.visit-ulcinj.com\/blog\/?s={search_term_string}\"},\"query-input\":\"required name=search_term_string\"}],\"inLanguage\":\"en-US\"},{\"@type\":\"ImageObject\",\"inLanguage\":\"en-US\",\"@id\":\"https:\/\/www.visit-ulcinj.com\/blog\/2009\/04\/05\/anjeza-mend-per-here-tjeter\/#primaryimage\",\"url\":\"http:\/\/www.visit-ulcinj.com\/blog\/wp-content\/uploads\/2009\/04\/debati-adela-anjeza.jpg\",\"contentUrl\":\"http:\/\/www.visit-ulcinj.com\/blog\/wp-content\/uploads\/2009\/04\/debati-adela-anjeza.jpg\"},{\"@type\":\"WebPage\",\"@id\":\"https:\/\/www.visit-ulcinj.com\/blog\/2009\/04\/05\/anjeza-mend-per-here-tjeter\/#webpage\",\"url\":\"https:\/\/www.visit-ulcinj.com\/blog\/2009\/04\/05\/anjeza-mend-per-here-tjeter\/\",\"name\":\"Anjeza: Mend p\u00c3\u00abr her\u00c3\u00ab tjet\u00c3\u00abr | Big Brother Albania 2\",\"isPartOf\":{\"@id\":\"https:\/\/www.visit-ulcinj.com\/blog\/#website\"},\"primaryImageOfPage\":{\"@id\":\"https:\/\/www.visit-ulcinj.com\/blog\/2009\/04\/05\/anjeza-mend-per-here-tjeter\/#primaryimage\"},\"datePublished\":\"2009-04-05T08:52:37+00:00\",\"dateModified\":\"2009-04-05T08:52:37+00:00\",\"author\":{\"@id\":\"https:\/\/www.visit-ulcinj.com\/blog\/#\/schema\/person\/dcab619c614d3038751c63bc2aadc06d\"},\"description\":\"Big Brother Albania 2 - Adelajda d\u00c3\u00abgjon Anjez\u00c3\u00abn e cila po pastron tavolin\u00c3\u00abn duke komentuar dhe i thot\u00c3\u00ab:-\u00e2\u20ac\u0153N\u00c3\u00abse e ke bezdi t\u00c3\u00ab mbledh\u00c3\u00absh gotat mos e b\u00c3\u00abj!\",\"breadcrumb\":{\"@id\":\"https:\/\/www.visit-ulcinj.com\/blog\/2009\/04\/05\/anjeza-mend-per-here-tjeter\/#breadcrumb\"},\"inLanguage\":\"en-US\",\"potentialAction\":[{\"@type\":\"ReadAction\",\"target\":[\"https:\/\/www.visit-ulcinj.com\/blog\/2009\/04\/05\/anjeza-mend-per-here-tjeter\/\"]}]},{\"@type\":\"BreadcrumbList\",\"@id\":\"https:\/\/www.visit-ulcinj.com\/blog\/2009\/04\/05\/anjeza-mend-per-here-tjeter\/#breadcrumb\",\"itemListElement\":[{\"@type\":\"ListItem\",\"position\":1,\"name\":\"Anjeza: Mend p\u00ebr her\u00eb tjet\u00ebr\"}]},{\"@type\":\"Person\",\"@id\":\"https:\/\/www.visit-ulcinj.com\/blog\/#\/schema\/person\/dcab619c614d3038751c63bc2aadc06d\",\"name\":\"ulqini\",\"sameAs\":[\"http:\/\/www.visit-ulcinj.com\"],\"url\":\"https:\/\/www.visit-ulcinj.com\/blog\/author\/admin\/\"}]}<\/script>\n<!-- \/ Yoast SEO plugin. -->","yoast_head_json":{"title":"Anjeza: Mend p\u00c3\u00abr her\u00c3\u00ab tjet\u00c3\u00abr | Big Brother Albania 2","description":"Big Brother Albania 2 - Adelajda d\u00c3\u00abgjon Anjez\u00c3\u00abn e cila po pastron tavolin\u00c3\u00abn duke komentuar dhe i thot\u00c3\u00ab:-\u00e2\u20ac\u0153N\u00c3\u00abse e ke bezdi t\u00c3\u00ab mbledh\u00c3\u00absh gotat mos e b\u00c3\u00abj!","robots":{"index":"index","follow":"follow","max-snippet":"max-snippet:-1","max-image-preview":"max-image-preview:large","max-video-preview":"max-video-preview:-1"},"canonical":"https:\/\/www.visit-ulcinj.com\/blog\/2009\/04\/05\/anjeza-mend-per-here-tjeter\/","og_locale":"en_US","og_type":"article","og_title":"Anjeza: Mend p\u00c3\u00abr her\u00c3\u00ab tjet\u00c3\u00abr | Big Brother Albania 2","og_description":"Big Brother Albania 2 - Adelajda d\u00c3\u00abgjon Anjez\u00c3\u00abn e cila po pastron tavolin\u00c3\u00abn duke komentuar dhe i thot\u00c3\u00ab:-\u00e2\u20ac\u0153N\u00c3\u00abse e ke bezdi t\u00c3\u00ab mbledh\u00c3\u00absh gotat mos e b\u00c3\u00abj!","og_url":"https:\/\/www.visit-ulcinj.com\/blog\/2009\/04\/05\/anjeza-mend-per-here-tjeter\/","og_site_name":"Lajme nga Ulqini","article_published_time":"2009-04-05T08:52:37+00:00","og_image":[{"url":"http:\/\/www.visit-ulcinj.com\/blog\/wp-content\/uploads\/2009\/04\/debati-adela-anjeza.jpg"}],"twitter_misc":{"Written by":"ulqini","Est. reading time":"1 minute"},"schema":{"@context":"https:\/\/schema.org","@graph":[{"@type":"WebSite","@id":"https:\/\/www.visit-ulcinj.com\/blog\/#website","url":"https:\/\/www.visit-ulcinj.com\/blog\/","name":"Lajme nga Ulqini","description":"Lajme,Vijesti,Ulqini,Ulqin,Crna Gora,Mali i Zi","potentialAction":[{"@type":"SearchAction","target":{"@type":"EntryPoint","urlTemplate":"https:\/\/www.visit-ulcinj.com\/blog\/?s={search_term_string}"},"query-input":"required name=search_term_string"}],"inLanguage":"en-US"},{"@type":"ImageObject","inLanguage":"en-US","@id":"https:\/\/www.visit-ulcinj.com\/blog\/2009\/04\/05\/anjeza-mend-per-here-tjeter\/#primaryimage","url":"http:\/\/www.visit-ulcinj.com\/blog\/wp-content\/uploads\/2009\/04\/debati-adela-anjeza.jpg","contentUrl":"http:\/\/www.visit-ulcinj.com\/blog\/wp-content\/uploads\/2009\/04\/debati-adela-anjeza.jpg"},{"@type":"WebPage","@id":"https:\/\/www.visit-ulcinj.com\/blog\/2009\/04\/05\/anjeza-mend-per-here-tjeter\/#webpage","url":"https:\/\/www.visit-ulcinj.com\/blog\/2009\/04\/05\/anjeza-mend-per-here-tjeter\/","name":"Anjeza: Mend p\u00c3\u00abr her\u00c3\u00ab tjet\u00c3\u00abr | Big Brother Albania 2","isPartOf":{"@id":"https:\/\/www.visit-ulcinj.com\/blog\/#website"},"primaryImageOfPage":{"@id":"https:\/\/www.visit-ulcinj.com\/blog\/2009\/04\/05\/anjeza-mend-per-here-tjeter\/#primaryimage"},"datePublished":"2009-04-05T08:52:37+00:00","dateModified":"2009-04-05T08:52:37+00:00","author":{"@id":"https:\/\/www.visit-ulcinj.com\/blog\/#\/schema\/person\/dcab619c614d3038751c63bc2aadc06d"},"description":"Big Brother Albania 2 - Adelajda d\u00c3\u00abgjon Anjez\u00c3\u00abn e cila po pastron tavolin\u00c3\u00abn duke komentuar dhe i thot\u00c3\u00ab:-\u00e2\u20ac\u0153N\u00c3\u00abse e ke bezdi t\u00c3\u00ab mbledh\u00c3\u00absh gotat mos e b\u00c3\u00abj!","breadcrumb":{"@id":"https:\/\/www.visit-ulcinj.com\/blog\/2009\/04\/05\/anjeza-mend-per-here-tjeter\/#breadcrumb"},"inLanguage":"en-US","potentialAction":[{"@type":"ReadAction","target":["https:\/\/www.visit-ulcinj.com\/blog\/2009\/04\/05\/anjeza-mend-per-here-tjeter\/"]}]},{"@type":"BreadcrumbList","@id":"https:\/\/www.visit-ulcinj.com\/blog\/2009\/04\/05\/anjeza-mend-per-here-tjeter\/#breadcrumb","itemListElement":[{"@type":"ListItem","position":1,"name":"Anjeza: Mend p\u00ebr her\u00eb tjet\u00ebr"}]},{"@type":"Person","@id":"https:\/\/www.visit-ulcinj.com\/blog\/#\/schema\/person\/dcab619c614d3038751c63bc2aadc06d","name":"ulqini","sameAs":["http:\/\/www.visit-ulcinj.com"],"url":"https:\/\/www.visit-ulcinj.com\/blog\/author\/admin\/"}]}},"jetpack_featured_media_url":"","jetpack_sharing_enabled":true,"jetpack_shortlink":"https:\/\/wp.me\/pe6lTn-4mk","_links":{"self":[{"href":"https:\/\/www.visit-ulcinj.com\/blog\/wp-json\/wp\/v2\/posts\/16760"}],"collection":[{"href":"https:\/\/www.visit-ulcinj.com\/blog\/wp-json\/wp\/v2\/posts"}],"about":[{"href":"https:\/\/www.visit-ulcinj.com\/blog\/wp-json\/wp\/v2\/types\/post"}],"author":[{"embeddable":true,"href":"https:\/\/www.visit-ulcinj.com\/blog\/wp-json\/wp\/v2\/users\/1"}],"replies":[{"embeddable":true,"href":"https:\/\/www.visit-ulcinj.com\/blog\/wp-json\/wp\/v2\/comments?post=16760"}],"version-history":[{"count":0,"href":"https:\/\/www.visit-ulcinj.com\/blog\/wp-json\/wp\/v2\/posts\/16760\/revisions"}],"wp:attachment":[{"href":"https:\/\/www.visit-ulcinj.com\/blog\/wp-json\/wp\/v2\/media?parent=16760"}],"wp:term":[{"taxonomy":"category","embeddable":true,"href":"https:\/\/www.visit-ulcinj.com\/blog\/wp-json\/wp\/v2\/categories?post=16760"},{"taxonomy":"post_tag","embeddable":true,"href":"https:\/\/www.visit-ulcinj.com\/blog\/wp-json\/wp\/v2\/tags?post=16760"}],"curies":[{"name":"wp","href":"https:\/\/api.w.org\/{rel}","templated":true}]}}