{"id":16763,"date":"2009-04-05T10:55:21","date_gmt":"2009-04-05T08:55:21","guid":{"rendered":"http:\/\/www.visit-ulcinj.com\/blog\/?p=16763"},"modified":"2009-04-05T10:55:21","modified_gmt":"2009-04-05T08:55:21","slug":"sori-me-dole-para-dhe-luajta","status":"publish","type":"post","link":"https:\/\/www.visit-ulcinj.com\/blog\/2009\/04\/05\/sori-me-dole-para-dhe-luajta\/","title":{"rendered":"Sori: M\u00eb dole para dhe luajta"},"content":{"rendered":"<p><em><span class=\"newsdate\"><a href=\"http:\/\/www.visit-ulcinj.com\/blog\/wp-content\/uploads\/2009\/04\/qetsori-per-liriten.jpg\"><img loading=\"lazy\" class=\"alignleft size-full wp-image-16764\" title=\"qetsori-per-liriten-big-brother-albania-2\" src=\"http:\/\/www.visit-ulcinj.com\/blog\/wp-content\/uploads\/2009\/04\/qetsori-per-liriten.jpg\" alt=\"qetsori-per-liriten-big-brother-albania-2\" width=\"300\" height=\"205\" \/><\/a>04\/04\/09 21:30<\/span><\/em><\/p>\n<p>Big Brother ka vendosur q\u00eb t\u00eb eleminuarit t\u00eb ken\u00eb nj\u00eb p\u00ebrballje me banor\u00ebt. Gjat\u00eb spetaklit \u00ebsht\u00eb trasmetuar nj\u00eb klip me m\u00eb t\u00eb k\u00ebqijat e th\u00ebna p\u00ebr ta nga banor\u00ebt. P\u00ebr k\u00ebt\u00eb u \u00ebsht\u00eb mund\u00ebsuar nj\u00eb komunikim me ta. Zhuljeta \u00ebsht\u00eb e elemininuara e par\u00eb q\u00eb p\u00ebrballet me Aid\u00ebn e cila e l\u00eb pak konfuze k\u00ebt\u00eb t\u00eb fundit. N\u00eb p\u00ebrballjen e Lirit\u00ebs me Qetsorin ai i thot\u00eb q\u00eb e ka par\u00eb si lojtare dhe shton:-\u201cM\u00eb dole para dhe luajta!\u201d Adelajda \u00ebsht\u00eb banorja e cila \u00ebsht\u00eb p\u00ebrballur me dy t\u00eb eleminuar. Mesida i thot\u00eb:-\u201cAdela kur nuk ke ndonj\u00eb argument ti thua gjithmon\u00eb q\u00eb k\u00ebto jan\u00eb mendimet e mia!\u201d Sipas saj Adelajda duhet t\u00eb respektoj\u00eb vuajtjet e t\u00eb tjer\u00ebve.<\/p>\n","protected":false},"excerpt":{"rendered":"<p>04\/04\/09 21:30 Big Brother ka vendosur q\u00eb t\u00eb eleminuarit t\u00eb ken\u00eb nj\u00eb p\u00ebrballje me banor\u00ebt. Gjat\u00eb spetaklit \u00ebsht\u00eb trasmetuar nj\u00eb klip me m\u00eb t\u00eb k\u00ebqijat e th\u00ebna p\u00ebr ta nga banor\u00ebt. P\u00ebr k\u00ebt\u00eb u \u00ebsht\u00eb mund\u00ebsuar nj\u00eb komunikim me ta. Zhuljeta \u00ebsht\u00eb e elemininuara e par\u00eb q\u00eb p\u00ebrballet me Aid\u00ebn e cila e l\u00eb pak [&hellip;]<\/p>\n","protected":false},"author":1,"featured_media":0,"comment_status":"open","ping_status":"closed","sticky":false,"template":"","format":"standard","meta":{"spay_email":"","jetpack_publicize_message":"","jetpack_is_tweetstorm":false,"jetpack_publicize_feature_enabled":true},"categories":[6502],"tags":[5057,6506,6516,6712,7129,6522,6542,7364,6900,6891,6693,6887,6536],"jetpack_publicize_connections":[],"yoast_head":"<!-- This site is optimized with the Yoast SEO plugin v19.1 - https:\/\/yoast.com\/wordpress\/plugins\/seo\/ -->\n<title>Sori: M\u00c3\u00ab dole para dhe luajta | Big Brother Albania 2<\/title>\n<meta name=\"description\" content=\"Big Brother Albania 2 - Big Brother ka vendosur q\u00c3\u00ab t\u00c3\u00ab eleminuarit t\u00c3\u00ab ken\u00c3\u00ab nj\u00c3\u00ab p\u00c3\u00abrballje me banor\u00c3\u00abt. Gjat\u00c3\u00ab spetaklit \u00c3\u00absht\u00c3\u00ab trasmetuar nj\u00c3\u00ab klip me m\u00c3\u00ab t\u00c3\u00ab k\u00c3\u00abqijat e th\u00c3\u00abna p\u00c3\u00abr ta nga banor\u00c3\u00abt.\" \/>\n<meta name=\"robots\" content=\"index, follow, max-snippet:-1, max-image-preview:large, max-video-preview:-1\" \/>\n<link rel=\"canonical\" href=\"https:\/\/www.visit-ulcinj.com\/blog\/2009\/04\/05\/sori-me-dole-para-dhe-luajta\/\" \/>\n<meta property=\"og:locale\" content=\"en_US\" \/>\n<meta property=\"og:type\" content=\"article\" \/>\n<meta property=\"og:title\" content=\"Sori: M\u00c3\u00ab dole para dhe luajta | Big Brother Albania 2\" \/>\n<meta property=\"og:description\" content=\"Big Brother Albania 2 - Big Brother ka vendosur q\u00c3\u00ab t\u00c3\u00ab eleminuarit t\u00c3\u00ab ken\u00c3\u00ab nj\u00c3\u00ab p\u00c3\u00abrballje me banor\u00c3\u00abt. Gjat\u00c3\u00ab spetaklit \u00c3\u00absht\u00c3\u00ab trasmetuar nj\u00c3\u00ab klip me m\u00c3\u00ab t\u00c3\u00ab k\u00c3\u00abqijat e th\u00c3\u00abna p\u00c3\u00abr ta nga banor\u00c3\u00abt.\" \/>\n<meta property=\"og:url\" content=\"https:\/\/www.visit-ulcinj.com\/blog\/2009\/04\/05\/sori-me-dole-para-dhe-luajta\/\" \/>\n<meta property=\"og:site_name\" content=\"Lajme nga Ulqini\" \/>\n<meta property=\"article:published_time\" content=\"2009-04-05T08:55:21+00:00\" \/>\n<meta property=\"og:image\" content=\"http:\/\/www.visit-ulcinj.com\/blog\/wp-content\/uploads\/2009\/04\/qetsori-per-liriten.jpg\" \/>\n<meta name=\"twitter:label1\" content=\"Written by\" \/>\n\t<meta name=\"twitter:data1\" content=\"ulqini\" \/>\n\t<meta name=\"twitter:label2\" content=\"Est. reading time\" \/>\n\t<meta name=\"twitter:data2\" content=\"1 minute\" \/>\n<script type=\"application\/ld+json\" class=\"yoast-schema-graph\">{\"@context\":\"https:\/\/schema.org\",\"@graph\":[{\"@type\":\"WebSite\",\"@id\":\"https:\/\/www.visit-ulcinj.com\/blog\/#website\",\"url\":\"https:\/\/www.visit-ulcinj.com\/blog\/\",\"name\":\"Lajme nga Ulqini\",\"description\":\"Lajme,Vijesti,Ulqini,Ulqin,Crna Gora,Mali i Zi\",\"potentialAction\":[{\"@type\":\"SearchAction\",\"target\":{\"@type\":\"EntryPoint\",\"urlTemplate\":\"https:\/\/www.visit-ulcinj.com\/blog\/?s={search_term_string}\"},\"query-input\":\"required name=search_term_string\"}],\"inLanguage\":\"en-US\"},{\"@type\":\"ImageObject\",\"inLanguage\":\"en-US\",\"@id\":\"https:\/\/www.visit-ulcinj.com\/blog\/2009\/04\/05\/sori-me-dole-para-dhe-luajta\/#primaryimage\",\"url\":\"http:\/\/www.visit-ulcinj.com\/blog\/wp-content\/uploads\/2009\/04\/qetsori-per-liriten.jpg\",\"contentUrl\":\"http:\/\/www.visit-ulcinj.com\/blog\/wp-content\/uploads\/2009\/04\/qetsori-per-liriten.jpg\"},{\"@type\":\"WebPage\",\"@id\":\"https:\/\/www.visit-ulcinj.com\/blog\/2009\/04\/05\/sori-me-dole-para-dhe-luajta\/#webpage\",\"url\":\"https:\/\/www.visit-ulcinj.com\/blog\/2009\/04\/05\/sori-me-dole-para-dhe-luajta\/\",\"name\":\"Sori: M\u00c3\u00ab dole para dhe luajta | Big Brother Albania 2\",\"isPartOf\":{\"@id\":\"https:\/\/www.visit-ulcinj.com\/blog\/#website\"},\"primaryImageOfPage\":{\"@id\":\"https:\/\/www.visit-ulcinj.com\/blog\/2009\/04\/05\/sori-me-dole-para-dhe-luajta\/#primaryimage\"},\"datePublished\":\"2009-04-05T08:55:21+00:00\",\"dateModified\":\"2009-04-05T08:55:21+00:00\",\"author\":{\"@id\":\"https:\/\/www.visit-ulcinj.com\/blog\/#\/schema\/person\/dcab619c614d3038751c63bc2aadc06d\"},\"description\":\"Big Brother Albania 2 - Big Brother ka vendosur q\u00c3\u00ab t\u00c3\u00ab eleminuarit t\u00c3\u00ab ken\u00c3\u00ab nj\u00c3\u00ab p\u00c3\u00abrballje me banor\u00c3\u00abt. Gjat\u00c3\u00ab spetaklit \u00c3\u00absht\u00c3\u00ab trasmetuar nj\u00c3\u00ab klip me m\u00c3\u00ab t\u00c3\u00ab k\u00c3\u00abqijat e th\u00c3\u00abna p\u00c3\u00abr ta nga banor\u00c3\u00abt.\",\"breadcrumb\":{\"@id\":\"https:\/\/www.visit-ulcinj.com\/blog\/2009\/04\/05\/sori-me-dole-para-dhe-luajta\/#breadcrumb\"},\"inLanguage\":\"en-US\",\"potentialAction\":[{\"@type\":\"ReadAction\",\"target\":[\"https:\/\/www.visit-ulcinj.com\/blog\/2009\/04\/05\/sori-me-dole-para-dhe-luajta\/\"]}]},{\"@type\":\"BreadcrumbList\",\"@id\":\"https:\/\/www.visit-ulcinj.com\/blog\/2009\/04\/05\/sori-me-dole-para-dhe-luajta\/#breadcrumb\",\"itemListElement\":[{\"@type\":\"ListItem\",\"position\":1,\"name\":\"Sori: M\u00eb dole para dhe luajta\"}]},{\"@type\":\"Person\",\"@id\":\"https:\/\/www.visit-ulcinj.com\/blog\/#\/schema\/person\/dcab619c614d3038751c63bc2aadc06d\",\"name\":\"ulqini\",\"sameAs\":[\"http:\/\/www.visit-ulcinj.com\"],\"url\":\"https:\/\/www.visit-ulcinj.com\/blog\/author\/admin\/\"}]}<\/script>\n<!-- \/ Yoast SEO plugin. -->","yoast_head_json":{"title":"Sori: M\u00c3\u00ab dole para dhe luajta | Big Brother Albania 2","description":"Big Brother Albania 2 - Big Brother ka vendosur q\u00c3\u00ab t\u00c3\u00ab eleminuarit t\u00c3\u00ab ken\u00c3\u00ab nj\u00c3\u00ab p\u00c3\u00abrballje me banor\u00c3\u00abt. Gjat\u00c3\u00ab spetaklit \u00c3\u00absht\u00c3\u00ab trasmetuar nj\u00c3\u00ab klip me m\u00c3\u00ab t\u00c3\u00ab k\u00c3\u00abqijat e th\u00c3\u00abna p\u00c3\u00abr ta nga banor\u00c3\u00abt.","robots":{"index":"index","follow":"follow","max-snippet":"max-snippet:-1","max-image-preview":"max-image-preview:large","max-video-preview":"max-video-preview:-1"},"canonical":"https:\/\/www.visit-ulcinj.com\/blog\/2009\/04\/05\/sori-me-dole-para-dhe-luajta\/","og_locale":"en_US","og_type":"article","og_title":"Sori: M\u00c3\u00ab dole para dhe luajta | Big Brother Albania 2","og_description":"Big Brother Albania 2 - Big Brother ka vendosur q\u00c3\u00ab t\u00c3\u00ab eleminuarit t\u00c3\u00ab ken\u00c3\u00ab nj\u00c3\u00ab p\u00c3\u00abrballje me banor\u00c3\u00abt. Gjat\u00c3\u00ab spetaklit \u00c3\u00absht\u00c3\u00ab trasmetuar nj\u00c3\u00ab klip me m\u00c3\u00ab t\u00c3\u00ab k\u00c3\u00abqijat e th\u00c3\u00abna p\u00c3\u00abr ta nga banor\u00c3\u00abt.","og_url":"https:\/\/www.visit-ulcinj.com\/blog\/2009\/04\/05\/sori-me-dole-para-dhe-luajta\/","og_site_name":"Lajme nga Ulqini","article_published_time":"2009-04-05T08:55:21+00:00","og_image":[{"url":"http:\/\/www.visit-ulcinj.com\/blog\/wp-content\/uploads\/2009\/04\/qetsori-per-liriten.jpg"}],"twitter_misc":{"Written by":"ulqini","Est. reading time":"1 minute"},"schema":{"@context":"https:\/\/schema.org","@graph":[{"@type":"WebSite","@id":"https:\/\/www.visit-ulcinj.com\/blog\/#website","url":"https:\/\/www.visit-ulcinj.com\/blog\/","name":"Lajme nga Ulqini","description":"Lajme,Vijesti,Ulqini,Ulqin,Crna Gora,Mali i Zi","potentialAction":[{"@type":"SearchAction","target":{"@type":"EntryPoint","urlTemplate":"https:\/\/www.visit-ulcinj.com\/blog\/?s={search_term_string}"},"query-input":"required name=search_term_string"}],"inLanguage":"en-US"},{"@type":"ImageObject","inLanguage":"en-US","@id":"https:\/\/www.visit-ulcinj.com\/blog\/2009\/04\/05\/sori-me-dole-para-dhe-luajta\/#primaryimage","url":"http:\/\/www.visit-ulcinj.com\/blog\/wp-content\/uploads\/2009\/04\/qetsori-per-liriten.jpg","contentUrl":"http:\/\/www.visit-ulcinj.com\/blog\/wp-content\/uploads\/2009\/04\/qetsori-per-liriten.jpg"},{"@type":"WebPage","@id":"https:\/\/www.visit-ulcinj.com\/blog\/2009\/04\/05\/sori-me-dole-para-dhe-luajta\/#webpage","url":"https:\/\/www.visit-ulcinj.com\/blog\/2009\/04\/05\/sori-me-dole-para-dhe-luajta\/","name":"Sori: M\u00c3\u00ab dole para dhe luajta | Big Brother Albania 2","isPartOf":{"@id":"https:\/\/www.visit-ulcinj.com\/blog\/#website"},"primaryImageOfPage":{"@id":"https:\/\/www.visit-ulcinj.com\/blog\/2009\/04\/05\/sori-me-dole-para-dhe-luajta\/#primaryimage"},"datePublished":"2009-04-05T08:55:21+00:00","dateModified":"2009-04-05T08:55:21+00:00","author":{"@id":"https:\/\/www.visit-ulcinj.com\/blog\/#\/schema\/person\/dcab619c614d3038751c63bc2aadc06d"},"description":"Big Brother Albania 2 - Big Brother ka vendosur q\u00c3\u00ab t\u00c3\u00ab eleminuarit t\u00c3\u00ab ken\u00c3\u00ab nj\u00c3\u00ab p\u00c3\u00abrballje me banor\u00c3\u00abt. Gjat\u00c3\u00ab spetaklit \u00c3\u00absht\u00c3\u00ab trasmetuar nj\u00c3\u00ab klip me m\u00c3\u00ab t\u00c3\u00ab k\u00c3\u00abqijat e th\u00c3\u00abna p\u00c3\u00abr ta nga banor\u00c3\u00abt.","breadcrumb":{"@id":"https:\/\/www.visit-ulcinj.com\/blog\/2009\/04\/05\/sori-me-dole-para-dhe-luajta\/#breadcrumb"},"inLanguage":"en-US","potentialAction":[{"@type":"ReadAction","target":["https:\/\/www.visit-ulcinj.com\/blog\/2009\/04\/05\/sori-me-dole-para-dhe-luajta\/"]}]},{"@type":"BreadcrumbList","@id":"https:\/\/www.visit-ulcinj.com\/blog\/2009\/04\/05\/sori-me-dole-para-dhe-luajta\/#breadcrumb","itemListElement":[{"@type":"ListItem","position":1,"name":"Sori: M\u00eb dole para dhe luajta"}]},{"@type":"Person","@id":"https:\/\/www.visit-ulcinj.com\/blog\/#\/schema\/person\/dcab619c614d3038751c63bc2aadc06d","name":"ulqini","sameAs":["http:\/\/www.visit-ulcinj.com"],"url":"https:\/\/www.visit-ulcinj.com\/blog\/author\/admin\/"}]}},"jetpack_featured_media_url":"","jetpack_sharing_enabled":true,"jetpack_shortlink":"https:\/\/wp.me\/pe6lTn-4mn","_links":{"self":[{"href":"https:\/\/www.visit-ulcinj.com\/blog\/wp-json\/wp\/v2\/posts\/16763"}],"collection":[{"href":"https:\/\/www.visit-ulcinj.com\/blog\/wp-json\/wp\/v2\/posts"}],"about":[{"href":"https:\/\/www.visit-ulcinj.com\/blog\/wp-json\/wp\/v2\/types\/post"}],"author":[{"embeddable":true,"href":"https:\/\/www.visit-ulcinj.com\/blog\/wp-json\/wp\/v2\/users\/1"}],"replies":[{"embeddable":true,"href":"https:\/\/www.visit-ulcinj.com\/blog\/wp-json\/wp\/v2\/comments?post=16763"}],"version-history":[{"count":0,"href":"https:\/\/www.visit-ulcinj.com\/blog\/wp-json\/wp\/v2\/posts\/16763\/revisions"}],"wp:attachment":[{"href":"https:\/\/www.visit-ulcinj.com\/blog\/wp-json\/wp\/v2\/media?parent=16763"}],"wp:term":[{"taxonomy":"category","embeddable":true,"href":"https:\/\/www.visit-ulcinj.com\/blog\/wp-json\/wp\/v2\/categories?post=16763"},{"taxonomy":"post_tag","embeddable":true,"href":"https:\/\/www.visit-ulcinj.com\/blog\/wp-json\/wp\/v2\/tags?post=16763"}],"curies":[{"name":"wp","href":"https:\/\/api.w.org\/{rel}","templated":true}]}}