{"id":16772,"date":"2009-04-05T11:03:08","date_gmt":"2009-04-05T09:03:08","guid":{"rendered":"http:\/\/www.visit-ulcinj.com\/blog\/?p=16772"},"modified":"2009-04-05T11:03:08","modified_gmt":"2009-04-05T09:03:08","slug":"perballja-e-te-kandiduarve","status":"publish","type":"post","link":"https:\/\/www.visit-ulcinj.com\/blog\/2009\/04\/05\/perballja-e-te-kandiduarve\/","title":{"rendered":"P\u00ebrballja e t\u00eb kandiduarve"},"content":{"rendered":"<p><em><span class=\"newsdate\"><a href=\"http:\/\/www.visit-ulcinj.com\/blog\/wp-content\/uploads\/2009\/04\/perballja-2.jpg\"><img loading=\"lazy\" class=\"alignleft size-full wp-image-16773\" title=\"perballja-2-big-brother-albania-2\" src=\"http:\/\/www.visit-ulcinj.com\/blog\/wp-content\/uploads\/2009\/04\/perballja-2.jpg\" alt=\"perballja-2-big-brother-albania-2\" width=\"300\" height=\"205\" \/><\/a>04\/04\/09 21:40<\/span><\/em><\/p>\n<p>Banor\u00ebt n\u00eb kandidim kan\u00eb patur nj\u00eb tjet\u00ebr p\u00ebrballje, tani jo m\u00eb me t\u00eb eleminuarit, por me dy opinionist\u00ebt. P\u00ebr k\u00ebt\u00eb ato vendosen n\u00eb zona t\u00eb ndryshme t\u00eb sht\u00ebpis\u00eb. Republika shkoi n\u00eb dhom\u00ebn e rr\u00ebfimit, Qetsori tek dhoma e akuariumit, Aida shkoi n\u00eb oborr, dhe Adelajda n\u00eb tynel. Tem\u00eb diskutimi ka q\u00ebn\u00eb mosveshja e rroba banjove nga Republika ,\u00a0<br \/>\ndhe p\u00ebr k\u00ebt\u00eb Virusi e pyet:-\u201cDo zhvisheshe p\u00ebr 70mij\u00eb euro?\u201d Ajo \u00ebsht\u00eb p\u00ebrgjigjur negativisht. Qetsori i \u00ebsht\u00eb p\u00ebrgjigjur pyetjes s\u00eb Virusit q\u00eb fitoren e Big Brother e do p\u00ebr loj\u00ebn . Nj\u00eb tjet\u00ebr banore ishte dhe Adelajda t\u00eb cil\u00ebn e pyet\u00ebn:-\u201cNga 1 deri n\u00eb 10 sa nuk ke b\u00ebr\u00eb brenda sht\u00ebpis\u00eb q\u00eb do kishe dashur t\u00eb b\u00ebje?\u201d K\u00ebsaj pyetjeje ajo i \u00ebsht\u00eb p\u00ebrgjigjur se numri q\u00eb i p\u00ebrkon \u00ebsht\u00eb 5 dhe thot\u00eb q\u00eb gj\u00ebrat vin\u00eb natyrsh\u00ebm. Aida \u00ebsht\u00eb shprehur q\u00eb d\u00ebshiron t\u00eb q\u00ebndroj\u00eb pasi ka ende p\u00ebr t\u00eb dh\u00ebn\u00eb.<\/p>\n","protected":false},"excerpt":{"rendered":"<p>04\/04\/09 21:40 Banor\u00ebt n\u00eb kandidim kan\u00eb patur nj\u00eb tjet\u00ebr p\u00ebrballje, tani jo m\u00eb me t\u00eb eleminuarit, por me dy opinionist\u00ebt. P\u00ebr k\u00ebt\u00eb ato vendosen n\u00eb zona t\u00eb ndryshme t\u00eb sht\u00ebpis\u00eb. Republika shkoi n\u00eb dhom\u00ebn e rr\u00ebfimit, Qetsori tek dhoma e akuariumit, Aida shkoi n\u00eb oborr, dhe Adelajda n\u00eb tynel. Tem\u00eb diskutimi ka q\u00ebn\u00eb mosveshja e [&hellip;]<\/p>\n","protected":false},"author":1,"featured_media":0,"comment_status":"open","ping_status":"closed","sticky":false,"template":"","format":"standard","meta":{"spay_email":"","jetpack_publicize_message":"","jetpack_is_tweetstorm":false,"jetpack_publicize_feature_enabled":true},"categories":[6502],"tags":[6529,5057,6506,6516,6712,7129,8724,6900,262,6891,6693,6887,865],"jetpack_publicize_connections":[],"yoast_head":"<!-- This site is optimized with the Yoast SEO plugin v19.1 - https:\/\/yoast.com\/wordpress\/plugins\/seo\/ -->\n<title>P\u00c3\u00abrballja e t\u00c3\u00ab kandiduarve | Big Brother Albania 2<\/title>\n<meta name=\"description\" content=\"Big Brother Albania 2 - Banor\u00c3\u00abt n\u00c3\u00ab kandidim kan\u00c3\u00ab patur nj\u00c3\u00ab tjet\u00c3\u00abr p\u00c3\u00abrballje, tani jo m\u00c3\u00ab me t\u00c3\u00ab eleminuarit, por me dy opinionist\u00c3\u00abt. P\u00c3\u00abr k\u00c3\u00abt\u00c3\u00ab ato vendosen n\u00c3\u00ab zona t\u00c3\u00ab ndryshme t\u00c3\u00ab sht\u00c3\u00abpis\u00c3\u00ab.\" \/>\n<meta name=\"robots\" content=\"index, follow, max-snippet:-1, max-image-preview:large, max-video-preview:-1\" \/>\n<link rel=\"canonical\" href=\"https:\/\/www.visit-ulcinj.com\/blog\/2009\/04\/05\/perballja-e-te-kandiduarve\/\" \/>\n<meta property=\"og:locale\" content=\"en_US\" \/>\n<meta property=\"og:type\" content=\"article\" \/>\n<meta property=\"og:title\" content=\"P\u00c3\u00abrballja e t\u00c3\u00ab kandiduarve | Big Brother Albania 2\" \/>\n<meta property=\"og:description\" content=\"Big Brother Albania 2 - Banor\u00c3\u00abt n\u00c3\u00ab kandidim kan\u00c3\u00ab patur nj\u00c3\u00ab tjet\u00c3\u00abr p\u00c3\u00abrballje, tani jo m\u00c3\u00ab me t\u00c3\u00ab eleminuarit, por me dy opinionist\u00c3\u00abt. P\u00c3\u00abr k\u00c3\u00abt\u00c3\u00ab ato vendosen n\u00c3\u00ab zona t\u00c3\u00ab ndryshme t\u00c3\u00ab sht\u00c3\u00abpis\u00c3\u00ab.\" \/>\n<meta property=\"og:url\" content=\"https:\/\/www.visit-ulcinj.com\/blog\/2009\/04\/05\/perballja-e-te-kandiduarve\/\" \/>\n<meta property=\"og:site_name\" content=\"Lajme nga Ulqini\" \/>\n<meta property=\"article:published_time\" content=\"2009-04-05T09:03:08+00:00\" \/>\n<meta property=\"og:image\" content=\"http:\/\/www.visit-ulcinj.com\/blog\/wp-content\/uploads\/2009\/04\/perballja-2.jpg\" \/>\n<meta name=\"twitter:label1\" content=\"Written by\" \/>\n\t<meta name=\"twitter:data1\" content=\"ulqini\" \/>\n\t<meta name=\"twitter:label2\" content=\"Est. reading time\" \/>\n\t<meta name=\"twitter:data2\" content=\"1 minute\" \/>\n<script type=\"application\/ld+json\" class=\"yoast-schema-graph\">{\"@context\":\"https:\/\/schema.org\",\"@graph\":[{\"@type\":\"WebSite\",\"@id\":\"https:\/\/www.visit-ulcinj.com\/blog\/#website\",\"url\":\"https:\/\/www.visit-ulcinj.com\/blog\/\",\"name\":\"Lajme nga Ulqini\",\"description\":\"Lajme,Vijesti,Ulqini,Ulqin,Crna Gora,Mali i Zi\",\"potentialAction\":[{\"@type\":\"SearchAction\",\"target\":{\"@type\":\"EntryPoint\",\"urlTemplate\":\"https:\/\/www.visit-ulcinj.com\/blog\/?s={search_term_string}\"},\"query-input\":\"required name=search_term_string\"}],\"inLanguage\":\"en-US\"},{\"@type\":\"ImageObject\",\"inLanguage\":\"en-US\",\"@id\":\"https:\/\/www.visit-ulcinj.com\/blog\/2009\/04\/05\/perballja-e-te-kandiduarve\/#primaryimage\",\"url\":\"http:\/\/www.visit-ulcinj.com\/blog\/wp-content\/uploads\/2009\/04\/perballja-2.jpg\",\"contentUrl\":\"http:\/\/www.visit-ulcinj.com\/blog\/wp-content\/uploads\/2009\/04\/perballja-2.jpg\"},{\"@type\":\"WebPage\",\"@id\":\"https:\/\/www.visit-ulcinj.com\/blog\/2009\/04\/05\/perballja-e-te-kandiduarve\/#webpage\",\"url\":\"https:\/\/www.visit-ulcinj.com\/blog\/2009\/04\/05\/perballja-e-te-kandiduarve\/\",\"name\":\"P\u00c3\u00abrballja e t\u00c3\u00ab kandiduarve | Big Brother Albania 2\",\"isPartOf\":{\"@id\":\"https:\/\/www.visit-ulcinj.com\/blog\/#website\"},\"primaryImageOfPage\":{\"@id\":\"https:\/\/www.visit-ulcinj.com\/blog\/2009\/04\/05\/perballja-e-te-kandiduarve\/#primaryimage\"},\"datePublished\":\"2009-04-05T09:03:08+00:00\",\"dateModified\":\"2009-04-05T09:03:08+00:00\",\"author\":{\"@id\":\"https:\/\/www.visit-ulcinj.com\/blog\/#\/schema\/person\/dcab619c614d3038751c63bc2aadc06d\"},\"description\":\"Big Brother Albania 2 - Banor\u00c3\u00abt n\u00c3\u00ab kandidim kan\u00c3\u00ab patur nj\u00c3\u00ab tjet\u00c3\u00abr p\u00c3\u00abrballje, tani jo m\u00c3\u00ab me t\u00c3\u00ab eleminuarit, por me dy opinionist\u00c3\u00abt. P\u00c3\u00abr k\u00c3\u00abt\u00c3\u00ab ato vendosen n\u00c3\u00ab zona t\u00c3\u00ab ndryshme t\u00c3\u00ab sht\u00c3\u00abpis\u00c3\u00ab.\",\"breadcrumb\":{\"@id\":\"https:\/\/www.visit-ulcinj.com\/blog\/2009\/04\/05\/perballja-e-te-kandiduarve\/#breadcrumb\"},\"inLanguage\":\"en-US\",\"potentialAction\":[{\"@type\":\"ReadAction\",\"target\":[\"https:\/\/www.visit-ulcinj.com\/blog\/2009\/04\/05\/perballja-e-te-kandiduarve\/\"]}]},{\"@type\":\"BreadcrumbList\",\"@id\":\"https:\/\/www.visit-ulcinj.com\/blog\/2009\/04\/05\/perballja-e-te-kandiduarve\/#breadcrumb\",\"itemListElement\":[{\"@type\":\"ListItem\",\"position\":1,\"name\":\"P\u00ebrballja e t\u00eb kandiduarve\"}]},{\"@type\":\"Person\",\"@id\":\"https:\/\/www.visit-ulcinj.com\/blog\/#\/schema\/person\/dcab619c614d3038751c63bc2aadc06d\",\"name\":\"ulqini\",\"sameAs\":[\"http:\/\/www.visit-ulcinj.com\"],\"url\":\"https:\/\/www.visit-ulcinj.com\/blog\/author\/admin\/\"}]}<\/script>\n<!-- \/ Yoast SEO plugin. -->","yoast_head_json":{"title":"P\u00c3\u00abrballja e t\u00c3\u00ab kandiduarve | Big Brother Albania 2","description":"Big Brother Albania 2 - Banor\u00c3\u00abt n\u00c3\u00ab kandidim kan\u00c3\u00ab patur nj\u00c3\u00ab tjet\u00c3\u00abr p\u00c3\u00abrballje, tani jo m\u00c3\u00ab me t\u00c3\u00ab eleminuarit, por me dy opinionist\u00c3\u00abt. P\u00c3\u00abr k\u00c3\u00abt\u00c3\u00ab ato vendosen n\u00c3\u00ab zona t\u00c3\u00ab ndryshme t\u00c3\u00ab sht\u00c3\u00abpis\u00c3\u00ab.","robots":{"index":"index","follow":"follow","max-snippet":"max-snippet:-1","max-image-preview":"max-image-preview:large","max-video-preview":"max-video-preview:-1"},"canonical":"https:\/\/www.visit-ulcinj.com\/blog\/2009\/04\/05\/perballja-e-te-kandiduarve\/","og_locale":"en_US","og_type":"article","og_title":"P\u00c3\u00abrballja e t\u00c3\u00ab kandiduarve | Big Brother Albania 2","og_description":"Big Brother Albania 2 - Banor\u00c3\u00abt n\u00c3\u00ab kandidim kan\u00c3\u00ab patur nj\u00c3\u00ab tjet\u00c3\u00abr p\u00c3\u00abrballje, tani jo m\u00c3\u00ab me t\u00c3\u00ab eleminuarit, por me dy opinionist\u00c3\u00abt. P\u00c3\u00abr k\u00c3\u00abt\u00c3\u00ab ato vendosen n\u00c3\u00ab zona t\u00c3\u00ab ndryshme t\u00c3\u00ab sht\u00c3\u00abpis\u00c3\u00ab.","og_url":"https:\/\/www.visit-ulcinj.com\/blog\/2009\/04\/05\/perballja-e-te-kandiduarve\/","og_site_name":"Lajme nga Ulqini","article_published_time":"2009-04-05T09:03:08+00:00","og_image":[{"url":"http:\/\/www.visit-ulcinj.com\/blog\/wp-content\/uploads\/2009\/04\/perballja-2.jpg"}],"twitter_misc":{"Written by":"ulqini","Est. reading time":"1 minute"},"schema":{"@context":"https:\/\/schema.org","@graph":[{"@type":"WebSite","@id":"https:\/\/www.visit-ulcinj.com\/blog\/#website","url":"https:\/\/www.visit-ulcinj.com\/blog\/","name":"Lajme nga Ulqini","description":"Lajme,Vijesti,Ulqini,Ulqin,Crna Gora,Mali i Zi","potentialAction":[{"@type":"SearchAction","target":{"@type":"EntryPoint","urlTemplate":"https:\/\/www.visit-ulcinj.com\/blog\/?s={search_term_string}"},"query-input":"required name=search_term_string"}],"inLanguage":"en-US"},{"@type":"ImageObject","inLanguage":"en-US","@id":"https:\/\/www.visit-ulcinj.com\/blog\/2009\/04\/05\/perballja-e-te-kandiduarve\/#primaryimage","url":"http:\/\/www.visit-ulcinj.com\/blog\/wp-content\/uploads\/2009\/04\/perballja-2.jpg","contentUrl":"http:\/\/www.visit-ulcinj.com\/blog\/wp-content\/uploads\/2009\/04\/perballja-2.jpg"},{"@type":"WebPage","@id":"https:\/\/www.visit-ulcinj.com\/blog\/2009\/04\/05\/perballja-e-te-kandiduarve\/#webpage","url":"https:\/\/www.visit-ulcinj.com\/blog\/2009\/04\/05\/perballja-e-te-kandiduarve\/","name":"P\u00c3\u00abrballja e t\u00c3\u00ab kandiduarve | Big Brother Albania 2","isPartOf":{"@id":"https:\/\/www.visit-ulcinj.com\/blog\/#website"},"primaryImageOfPage":{"@id":"https:\/\/www.visit-ulcinj.com\/blog\/2009\/04\/05\/perballja-e-te-kandiduarve\/#primaryimage"},"datePublished":"2009-04-05T09:03:08+00:00","dateModified":"2009-04-05T09:03:08+00:00","author":{"@id":"https:\/\/www.visit-ulcinj.com\/blog\/#\/schema\/person\/dcab619c614d3038751c63bc2aadc06d"},"description":"Big Brother Albania 2 - Banor\u00c3\u00abt n\u00c3\u00ab kandidim kan\u00c3\u00ab patur nj\u00c3\u00ab tjet\u00c3\u00abr p\u00c3\u00abrballje, tani jo m\u00c3\u00ab me t\u00c3\u00ab eleminuarit, por me dy opinionist\u00c3\u00abt. P\u00c3\u00abr k\u00c3\u00abt\u00c3\u00ab ato vendosen n\u00c3\u00ab zona t\u00c3\u00ab ndryshme t\u00c3\u00ab sht\u00c3\u00abpis\u00c3\u00ab.","breadcrumb":{"@id":"https:\/\/www.visit-ulcinj.com\/blog\/2009\/04\/05\/perballja-e-te-kandiduarve\/#breadcrumb"},"inLanguage":"en-US","potentialAction":[{"@type":"ReadAction","target":["https:\/\/www.visit-ulcinj.com\/blog\/2009\/04\/05\/perballja-e-te-kandiduarve\/"]}]},{"@type":"BreadcrumbList","@id":"https:\/\/www.visit-ulcinj.com\/blog\/2009\/04\/05\/perballja-e-te-kandiduarve\/#breadcrumb","itemListElement":[{"@type":"ListItem","position":1,"name":"P\u00ebrballja e t\u00eb kandiduarve"}]},{"@type":"Person","@id":"https:\/\/www.visit-ulcinj.com\/blog\/#\/schema\/person\/dcab619c614d3038751c63bc2aadc06d","name":"ulqini","sameAs":["http:\/\/www.visit-ulcinj.com"],"url":"https:\/\/www.visit-ulcinj.com\/blog\/author\/admin\/"}]}},"jetpack_featured_media_url":"","jetpack_sharing_enabled":true,"jetpack_shortlink":"https:\/\/wp.me\/pe6lTn-4mw","_links":{"self":[{"href":"https:\/\/www.visit-ulcinj.com\/blog\/wp-json\/wp\/v2\/posts\/16772"}],"collection":[{"href":"https:\/\/www.visit-ulcinj.com\/blog\/wp-json\/wp\/v2\/posts"}],"about":[{"href":"https:\/\/www.visit-ulcinj.com\/blog\/wp-json\/wp\/v2\/types\/post"}],"author":[{"embeddable":true,"href":"https:\/\/www.visit-ulcinj.com\/blog\/wp-json\/wp\/v2\/users\/1"}],"replies":[{"embeddable":true,"href":"https:\/\/www.visit-ulcinj.com\/blog\/wp-json\/wp\/v2\/comments?post=16772"}],"version-history":[{"count":0,"href":"https:\/\/www.visit-ulcinj.com\/blog\/wp-json\/wp\/v2\/posts\/16772\/revisions"}],"wp:attachment":[{"href":"https:\/\/www.visit-ulcinj.com\/blog\/wp-json\/wp\/v2\/media?parent=16772"}],"wp:term":[{"taxonomy":"category","embeddable":true,"href":"https:\/\/www.visit-ulcinj.com\/blog\/wp-json\/wp\/v2\/categories?post=16772"},{"taxonomy":"post_tag","embeddable":true,"href":"https:\/\/www.visit-ulcinj.com\/blog\/wp-json\/wp\/v2\/tags?post=16772"}],"curies":[{"name":"wp","href":"https:\/\/api.w.org\/{rel}","templated":true}]}}