{"id":16775,"date":"2009-04-05T11:06:23","date_gmt":"2009-04-05T09:06:23","guid":{"rendered":"http:\/\/www.visit-ulcinj.com\/blog\/?p=16775"},"modified":"2009-04-05T11:06:23","modified_gmt":"2009-04-05T09:06:23","slug":"adi-te-kam-gjithmone-ne-mendje","status":"publish","type":"post","link":"https:\/\/www.visit-ulcinj.com\/blog\/2009\/04\/05\/adi-te-kam-gjithmone-ne-mendje\/","title":{"rendered":"Adi: T\u00eb kam gjithmon\u00eb n\u00eb mendje"},"content":{"rendered":"<p><em><span class=\"newsdate\"><a href=\"http:\/\/www.visit-ulcinj.com\/blog\/wp-content\/uploads\/2009\/04\/surpriza-e-adit.jpg\"><img loading=\"lazy\" class=\"alignleft size-full wp-image-16776\" title=\"surpriza-e-adit-big-brother-albania-2\" src=\"http:\/\/www.visit-ulcinj.com\/blog\/wp-content\/uploads\/2009\/04\/surpriza-e-adit.jpg\" alt=\"surpriza-e-adit-big-brother-albania-2\" width=\"300\" height=\"205\" \/><\/a>04\/04\/09 21:50<\/span><\/em><\/p>\n<p>Adi \u00ebsht\u00eb nj\u00eb nga banor\u00ebt i cili ka hyr\u00eb n\u00eb sht\u00ebpin\u00eb e Big Brother me nj\u00eb q\u00ebllim personal, at\u00eb t\u00eb p\u00ebrsosjes s\u00eb imazhit t\u00eb tij si dhe t\u00eb tregoj\u00eb se kush \u00ebsht\u00eb ai realisht. Big Brother organizoi nj\u00eb surpriz\u00eb p\u00ebr t\u00eb n\u00eb form\u00ebn e shakas\u00eb. Adi takoi miqt\u00eb e tij t\u00eb cil\u00ebt recituan nj\u00eb nga poezit\u00eb e tij q\u00eb \u00ebsht\u00eb mjaft kuptimplot\u00eb. Adi \u00ebsht\u00eb p\u00ebrlotur nd\u00ebrsa miqt\u00eb e tij recitonin poezin\u00eb, nd\u00ebrsa banor\u00ebt i kan\u00eb ndjekur k\u00ebto momente nga monitori. Ai u thot\u00eb:-\u201cE mendova t\u00eb leht\u00eb!\u201d Mes miqve t\u00eb Adit ishte dhe e dashura e tij . Ai i tha:-\u201cT\u00eb kam gjithmone n\u00eb mendje!\u201d<\/p>\n","protected":false},"excerpt":{"rendered":"<p>04\/04\/09 21:50 Adi \u00ebsht\u00eb nj\u00eb nga banor\u00ebt i cili ka hyr\u00eb n\u00eb sht\u00ebpin\u00eb e Big Brother me nj\u00eb q\u00ebllim personal, at\u00eb t\u00eb p\u00ebrsosjes s\u00eb imazhit t\u00eb tij si dhe t\u00eb tregoj\u00eb se kush \u00ebsht\u00eb ai realisht. Big Brother organizoi nj\u00eb surpriz\u00eb p\u00ebr t\u00eb n\u00eb form\u00ebn e shakas\u00eb. Adi takoi miqt\u00eb e tij t\u00eb cil\u00ebt recituan [&hellip;]<\/p>\n","protected":false},"author":1,"featured_media":0,"comment_status":"open","ping_status":"closed","sticky":false,"template":"","format":"standard","meta":{"spay_email":"","jetpack_publicize_message":"","jetpack_is_tweetstorm":false,"jetpack_publicize_feature_enabled":true},"categories":[6502],"tags":[1414,5057,6506,6516,6712,7129,6906,7641,6891,6693,6887],"jetpack_publicize_connections":[],"yoast_head":"<!-- This site is optimized with the Yoast SEO plugin v19.1 - https:\/\/yoast.com\/wordpress\/plugins\/seo\/ -->\n<title>Adi: T\u00c3\u00ab kam gjithmon\u00c3\u00ab n\u00c3\u00ab mendje | Big Brother Albania 2<\/title>\n<meta name=\"description\" content=\"Big Brother Albania 2 - Adi \u00c3\u00absht\u00c3\u00ab nj\u00c3\u00ab nga banor\u00c3\u00abt i cili ka hyr\u00c3\u00ab n\u00c3\u00ab sht\u00c3\u00abpin\u00c3\u00ab e Big Brother me nj\u00c3\u00ab q\u00c3\u00abllim personal, at\u00c3\u00ab t\u00c3\u00ab p\u00c3\u00abrsosjes s\u00c3\u00ab imazhit t\u00c3\u00ab tij si dhe t\u00c3\u00ab tregoj\u00c3\u00ab se kush \u00c3\u00absht\u00c3\u00ab ai realisht.\" \/>\n<meta name=\"robots\" content=\"index, follow, max-snippet:-1, max-image-preview:large, max-video-preview:-1\" \/>\n<link rel=\"canonical\" href=\"https:\/\/www.visit-ulcinj.com\/blog\/2009\/04\/05\/adi-te-kam-gjithmone-ne-mendje\/\" \/>\n<meta property=\"og:locale\" content=\"en_US\" \/>\n<meta property=\"og:type\" content=\"article\" \/>\n<meta property=\"og:title\" content=\"Adi: T\u00c3\u00ab kam gjithmon\u00c3\u00ab n\u00c3\u00ab mendje | Big Brother Albania 2\" \/>\n<meta property=\"og:description\" content=\"Big Brother Albania 2 - Adi \u00c3\u00absht\u00c3\u00ab nj\u00c3\u00ab nga banor\u00c3\u00abt i cili ka hyr\u00c3\u00ab n\u00c3\u00ab sht\u00c3\u00abpin\u00c3\u00ab e Big Brother me nj\u00c3\u00ab q\u00c3\u00abllim personal, at\u00c3\u00ab t\u00c3\u00ab p\u00c3\u00abrsosjes s\u00c3\u00ab imazhit t\u00c3\u00ab tij si dhe t\u00c3\u00ab tregoj\u00c3\u00ab se kush \u00c3\u00absht\u00c3\u00ab ai realisht.\" \/>\n<meta property=\"og:url\" content=\"https:\/\/www.visit-ulcinj.com\/blog\/2009\/04\/05\/adi-te-kam-gjithmone-ne-mendje\/\" \/>\n<meta property=\"og:site_name\" content=\"Lajme nga Ulqini\" \/>\n<meta property=\"article:published_time\" content=\"2009-04-05T09:06:23+00:00\" \/>\n<meta property=\"og:image\" content=\"http:\/\/www.visit-ulcinj.com\/blog\/wp-content\/uploads\/2009\/04\/surpriza-e-adit.jpg\" \/>\n<meta name=\"twitter:label1\" content=\"Written by\" \/>\n\t<meta name=\"twitter:data1\" content=\"ulqini\" \/>\n\t<meta name=\"twitter:label2\" content=\"Est. reading time\" \/>\n\t<meta name=\"twitter:data2\" content=\"1 minute\" \/>\n<script type=\"application\/ld+json\" class=\"yoast-schema-graph\">{\"@context\":\"https:\/\/schema.org\",\"@graph\":[{\"@type\":\"WebSite\",\"@id\":\"https:\/\/www.visit-ulcinj.com\/blog\/#website\",\"url\":\"https:\/\/www.visit-ulcinj.com\/blog\/\",\"name\":\"Lajme nga Ulqini\",\"description\":\"Lajme,Vijesti,Ulqini,Ulqin,Crna Gora,Mali i Zi\",\"potentialAction\":[{\"@type\":\"SearchAction\",\"target\":{\"@type\":\"EntryPoint\",\"urlTemplate\":\"https:\/\/www.visit-ulcinj.com\/blog\/?s={search_term_string}\"},\"query-input\":\"required name=search_term_string\"}],\"inLanguage\":\"en-US\"},{\"@type\":\"ImageObject\",\"inLanguage\":\"en-US\",\"@id\":\"https:\/\/www.visit-ulcinj.com\/blog\/2009\/04\/05\/adi-te-kam-gjithmone-ne-mendje\/#primaryimage\",\"url\":\"http:\/\/www.visit-ulcinj.com\/blog\/wp-content\/uploads\/2009\/04\/surpriza-e-adit.jpg\",\"contentUrl\":\"http:\/\/www.visit-ulcinj.com\/blog\/wp-content\/uploads\/2009\/04\/surpriza-e-adit.jpg\"},{\"@type\":\"WebPage\",\"@id\":\"https:\/\/www.visit-ulcinj.com\/blog\/2009\/04\/05\/adi-te-kam-gjithmone-ne-mendje\/#webpage\",\"url\":\"https:\/\/www.visit-ulcinj.com\/blog\/2009\/04\/05\/adi-te-kam-gjithmone-ne-mendje\/\",\"name\":\"Adi: T\u00c3\u00ab kam gjithmon\u00c3\u00ab n\u00c3\u00ab mendje | Big Brother Albania 2\",\"isPartOf\":{\"@id\":\"https:\/\/www.visit-ulcinj.com\/blog\/#website\"},\"primaryImageOfPage\":{\"@id\":\"https:\/\/www.visit-ulcinj.com\/blog\/2009\/04\/05\/adi-te-kam-gjithmone-ne-mendje\/#primaryimage\"},\"datePublished\":\"2009-04-05T09:06:23+00:00\",\"dateModified\":\"2009-04-05T09:06:23+00:00\",\"author\":{\"@id\":\"https:\/\/www.visit-ulcinj.com\/blog\/#\/schema\/person\/dcab619c614d3038751c63bc2aadc06d\"},\"description\":\"Big Brother Albania 2 - Adi \u00c3\u00absht\u00c3\u00ab nj\u00c3\u00ab nga banor\u00c3\u00abt i cili ka hyr\u00c3\u00ab n\u00c3\u00ab sht\u00c3\u00abpin\u00c3\u00ab e Big Brother me nj\u00c3\u00ab q\u00c3\u00abllim personal, at\u00c3\u00ab t\u00c3\u00ab p\u00c3\u00abrsosjes s\u00c3\u00ab imazhit t\u00c3\u00ab tij si dhe t\u00c3\u00ab tregoj\u00c3\u00ab se kush \u00c3\u00absht\u00c3\u00ab ai realisht.\",\"breadcrumb\":{\"@id\":\"https:\/\/www.visit-ulcinj.com\/blog\/2009\/04\/05\/adi-te-kam-gjithmone-ne-mendje\/#breadcrumb\"},\"inLanguage\":\"en-US\",\"potentialAction\":[{\"@type\":\"ReadAction\",\"target\":[\"https:\/\/www.visit-ulcinj.com\/blog\/2009\/04\/05\/adi-te-kam-gjithmone-ne-mendje\/\"]}]},{\"@type\":\"BreadcrumbList\",\"@id\":\"https:\/\/www.visit-ulcinj.com\/blog\/2009\/04\/05\/adi-te-kam-gjithmone-ne-mendje\/#breadcrumb\",\"itemListElement\":[{\"@type\":\"ListItem\",\"position\":1,\"name\":\"Adi: T\u00eb kam gjithmon\u00eb n\u00eb mendje\"}]},{\"@type\":\"Person\",\"@id\":\"https:\/\/www.visit-ulcinj.com\/blog\/#\/schema\/person\/dcab619c614d3038751c63bc2aadc06d\",\"name\":\"ulqini\",\"sameAs\":[\"http:\/\/www.visit-ulcinj.com\"],\"url\":\"https:\/\/www.visit-ulcinj.com\/blog\/author\/admin\/\"}]}<\/script>\n<!-- \/ Yoast SEO plugin. -->","yoast_head_json":{"title":"Adi: T\u00c3\u00ab kam gjithmon\u00c3\u00ab n\u00c3\u00ab mendje | Big Brother Albania 2","description":"Big Brother Albania 2 - Adi \u00c3\u00absht\u00c3\u00ab nj\u00c3\u00ab nga banor\u00c3\u00abt i cili ka hyr\u00c3\u00ab n\u00c3\u00ab sht\u00c3\u00abpin\u00c3\u00ab e Big Brother me nj\u00c3\u00ab q\u00c3\u00abllim personal, at\u00c3\u00ab t\u00c3\u00ab p\u00c3\u00abrsosjes s\u00c3\u00ab imazhit t\u00c3\u00ab tij si dhe t\u00c3\u00ab tregoj\u00c3\u00ab se kush \u00c3\u00absht\u00c3\u00ab ai realisht.","robots":{"index":"index","follow":"follow","max-snippet":"max-snippet:-1","max-image-preview":"max-image-preview:large","max-video-preview":"max-video-preview:-1"},"canonical":"https:\/\/www.visit-ulcinj.com\/blog\/2009\/04\/05\/adi-te-kam-gjithmone-ne-mendje\/","og_locale":"en_US","og_type":"article","og_title":"Adi: T\u00c3\u00ab kam gjithmon\u00c3\u00ab n\u00c3\u00ab mendje | Big Brother Albania 2","og_description":"Big Brother Albania 2 - Adi \u00c3\u00absht\u00c3\u00ab nj\u00c3\u00ab nga banor\u00c3\u00abt i cili ka hyr\u00c3\u00ab n\u00c3\u00ab sht\u00c3\u00abpin\u00c3\u00ab e Big Brother me nj\u00c3\u00ab q\u00c3\u00abllim personal, at\u00c3\u00ab t\u00c3\u00ab p\u00c3\u00abrsosjes s\u00c3\u00ab imazhit t\u00c3\u00ab tij si dhe t\u00c3\u00ab tregoj\u00c3\u00ab se kush \u00c3\u00absht\u00c3\u00ab ai realisht.","og_url":"https:\/\/www.visit-ulcinj.com\/blog\/2009\/04\/05\/adi-te-kam-gjithmone-ne-mendje\/","og_site_name":"Lajme nga Ulqini","article_published_time":"2009-04-05T09:06:23+00:00","og_image":[{"url":"http:\/\/www.visit-ulcinj.com\/blog\/wp-content\/uploads\/2009\/04\/surpriza-e-adit.jpg"}],"twitter_misc":{"Written by":"ulqini","Est. reading time":"1 minute"},"schema":{"@context":"https:\/\/schema.org","@graph":[{"@type":"WebSite","@id":"https:\/\/www.visit-ulcinj.com\/blog\/#website","url":"https:\/\/www.visit-ulcinj.com\/blog\/","name":"Lajme nga Ulqini","description":"Lajme,Vijesti,Ulqini,Ulqin,Crna Gora,Mali i Zi","potentialAction":[{"@type":"SearchAction","target":{"@type":"EntryPoint","urlTemplate":"https:\/\/www.visit-ulcinj.com\/blog\/?s={search_term_string}"},"query-input":"required name=search_term_string"}],"inLanguage":"en-US"},{"@type":"ImageObject","inLanguage":"en-US","@id":"https:\/\/www.visit-ulcinj.com\/blog\/2009\/04\/05\/adi-te-kam-gjithmone-ne-mendje\/#primaryimage","url":"http:\/\/www.visit-ulcinj.com\/blog\/wp-content\/uploads\/2009\/04\/surpriza-e-adit.jpg","contentUrl":"http:\/\/www.visit-ulcinj.com\/blog\/wp-content\/uploads\/2009\/04\/surpriza-e-adit.jpg"},{"@type":"WebPage","@id":"https:\/\/www.visit-ulcinj.com\/blog\/2009\/04\/05\/adi-te-kam-gjithmone-ne-mendje\/#webpage","url":"https:\/\/www.visit-ulcinj.com\/blog\/2009\/04\/05\/adi-te-kam-gjithmone-ne-mendje\/","name":"Adi: T\u00c3\u00ab kam gjithmon\u00c3\u00ab n\u00c3\u00ab mendje | Big Brother Albania 2","isPartOf":{"@id":"https:\/\/www.visit-ulcinj.com\/blog\/#website"},"primaryImageOfPage":{"@id":"https:\/\/www.visit-ulcinj.com\/blog\/2009\/04\/05\/adi-te-kam-gjithmone-ne-mendje\/#primaryimage"},"datePublished":"2009-04-05T09:06:23+00:00","dateModified":"2009-04-05T09:06:23+00:00","author":{"@id":"https:\/\/www.visit-ulcinj.com\/blog\/#\/schema\/person\/dcab619c614d3038751c63bc2aadc06d"},"description":"Big Brother Albania 2 - Adi \u00c3\u00absht\u00c3\u00ab nj\u00c3\u00ab nga banor\u00c3\u00abt i cili ka hyr\u00c3\u00ab n\u00c3\u00ab sht\u00c3\u00abpin\u00c3\u00ab e Big Brother me nj\u00c3\u00ab q\u00c3\u00abllim personal, at\u00c3\u00ab t\u00c3\u00ab p\u00c3\u00abrsosjes s\u00c3\u00ab imazhit t\u00c3\u00ab tij si dhe t\u00c3\u00ab tregoj\u00c3\u00ab se kush \u00c3\u00absht\u00c3\u00ab ai realisht.","breadcrumb":{"@id":"https:\/\/www.visit-ulcinj.com\/blog\/2009\/04\/05\/adi-te-kam-gjithmone-ne-mendje\/#breadcrumb"},"inLanguage":"en-US","potentialAction":[{"@type":"ReadAction","target":["https:\/\/www.visit-ulcinj.com\/blog\/2009\/04\/05\/adi-te-kam-gjithmone-ne-mendje\/"]}]},{"@type":"BreadcrumbList","@id":"https:\/\/www.visit-ulcinj.com\/blog\/2009\/04\/05\/adi-te-kam-gjithmone-ne-mendje\/#breadcrumb","itemListElement":[{"@type":"ListItem","position":1,"name":"Adi: T\u00eb kam gjithmon\u00eb n\u00eb mendje"}]},{"@type":"Person","@id":"https:\/\/www.visit-ulcinj.com\/blog\/#\/schema\/person\/dcab619c614d3038751c63bc2aadc06d","name":"ulqini","sameAs":["http:\/\/www.visit-ulcinj.com"],"url":"https:\/\/www.visit-ulcinj.com\/blog\/author\/admin\/"}]}},"jetpack_featured_media_url":"","jetpack_sharing_enabled":true,"jetpack_shortlink":"https:\/\/wp.me\/pe6lTn-4mz","_links":{"self":[{"href":"https:\/\/www.visit-ulcinj.com\/blog\/wp-json\/wp\/v2\/posts\/16775"}],"collection":[{"href":"https:\/\/www.visit-ulcinj.com\/blog\/wp-json\/wp\/v2\/posts"}],"about":[{"href":"https:\/\/www.visit-ulcinj.com\/blog\/wp-json\/wp\/v2\/types\/post"}],"author":[{"embeddable":true,"href":"https:\/\/www.visit-ulcinj.com\/blog\/wp-json\/wp\/v2\/users\/1"}],"replies":[{"embeddable":true,"href":"https:\/\/www.visit-ulcinj.com\/blog\/wp-json\/wp\/v2\/comments?post=16775"}],"version-history":[{"count":0,"href":"https:\/\/www.visit-ulcinj.com\/blog\/wp-json\/wp\/v2\/posts\/16775\/revisions"}],"wp:attachment":[{"href":"https:\/\/www.visit-ulcinj.com\/blog\/wp-json\/wp\/v2\/media?parent=16775"}],"wp:term":[{"taxonomy":"category","embeddable":true,"href":"https:\/\/www.visit-ulcinj.com\/blog\/wp-json\/wp\/v2\/categories?post=16775"},{"taxonomy":"post_tag","embeddable":true,"href":"https:\/\/www.visit-ulcinj.com\/blog\/wp-json\/wp\/v2\/tags?post=16775"}],"curies":[{"name":"wp","href":"https:\/\/api.w.org\/{rel}","templated":true}]}}