{"id":16779,"date":"2009-04-05T11:10:51","date_gmt":"2009-04-05T09:10:51","guid":{"rendered":"http:\/\/www.visit-ulcinj.com\/blog\/?p=16779"},"modified":"2009-04-05T11:10:51","modified_gmt":"2009-04-05T09:10:51","slug":"arjon-kam-me-teper-se-nje-miqesi","status":"publish","type":"post","link":"https:\/\/www.visit-ulcinj.com\/blog\/2009\/04\/05\/arjon-kam-me-teper-se-nje-miqesi\/","title":{"rendered":"Arjon : Kam m\u00eb tep\u00ebr se nj\u00eb miq\u00ebsi"},"content":{"rendered":"<p><em><span class=\"newsdate\"><a href=\"http:\/\/www.visit-ulcinj.com\/blog\/wp-content\/uploads\/2009\/04\/arjoni-per-anjezen.jpg\"><img loading=\"lazy\" class=\"alignleft size-full wp-image-16780\" title=\"arjoni-per-anjezen-big-brother-albania-2\" src=\"http:\/\/www.visit-ulcinj.com\/blog\/wp-content\/uploads\/2009\/04\/arjoni-per-anjezen.jpg\" alt=\"arjoni-per-anjezen-big-brother-albania-2\" width=\"300\" height=\"205\" \/><\/a>04\/04\/09 22:05<\/span><\/em><\/p>\n<p>Gjat\u00eb spetaklit Arbana e ka pyetur Arjonin p\u00ebr afrimin e tij me Anjez\u00ebn . Ai \u00ebsht\u00eb shprehur:-\u201cKam m\u00eb tep\u00ebr se nj\u00eb miq\u00ebsi!\u201d Ai thot\u00eb q\u00eb ka nj\u00eb t\u00ebrheqje t\u00eb fort\u00eb ndaj saj. Arbana e ka pyetur Anjez\u00ebn n\u00ebse ndjenja \u00ebsht\u00eb reciproke dhe p\u00ebr t\u00eb, por ajo \u00ebsht\u00eb shprehur q\u00eb ndihet mir\u00eb me t\u00eb dhe shton:-\u201c Tani e shikoj si shok, por m\u00eb von\u00eb nuk i dihet! Nuk e di cfare ndodh gjat\u00eb rrug\u00ebs!\u201d<\/p>\n","protected":false},"excerpt":{"rendered":"<p>04\/04\/09 22:05 Gjat\u00eb spetaklit Arbana e ka pyetur Arjonin p\u00ebr afrimin e tij me Anjez\u00ebn . Ai \u00ebsht\u00eb shprehur:-\u201cKam m\u00eb tep\u00ebr se nj\u00eb miq\u00ebsi!\u201d Ai thot\u00eb q\u00eb ka nj\u00eb t\u00ebrheqje t\u00eb fort\u00eb ndaj saj. Arbana e ka pyetur Anjez\u00ebn n\u00ebse ndjenja \u00ebsht\u00eb reciproke dhe p\u00ebr t\u00eb, por ajo \u00ebsht\u00eb shprehur q\u00eb ndihet mir\u00eb me t\u00eb [&hellip;]<\/p>\n","protected":false},"author":1,"featured_media":0,"comment_status":"open","ping_status":"closed","sticky":false,"template":"","format":"standard","meta":{"spay_email":"","jetpack_publicize_message":"","jetpack_is_tweetstorm":false,"jetpack_publicize_feature_enabled":true},"categories":[6502],"tags":[8289,6525,5057,6506,6516,6712,7129,6891,6693,6887],"jetpack_publicize_connections":[],"yoast_head":"<!-- This site is optimized with the Yoast SEO plugin v19.1 - https:\/\/yoast.com\/wordpress\/plugins\/seo\/ -->\n<title>Arjon : Kam m\u00c3\u00ab tep\u00c3\u00abr se nj\u00c3\u00ab miq\u00c3\u00absi | Big Brother Albania 2<\/title>\n<meta name=\"description\" content=\"Big Brother Albania 2 - Gjat\u00c3\u00ab spetaklit Arbana e ka pyetur Arjonin p\u00c3\u00abr afrimin e tij me Anjez\u00c3\u00abn .\" \/>\n<meta name=\"robots\" content=\"index, follow, max-snippet:-1, max-image-preview:large, max-video-preview:-1\" \/>\n<link rel=\"canonical\" href=\"https:\/\/www.visit-ulcinj.com\/blog\/2009\/04\/05\/arjon-kam-me-teper-se-nje-miqesi\/\" \/>\n<meta property=\"og:locale\" content=\"en_US\" \/>\n<meta property=\"og:type\" content=\"article\" \/>\n<meta property=\"og:title\" content=\"Arjon : Kam m\u00c3\u00ab tep\u00c3\u00abr se nj\u00c3\u00ab miq\u00c3\u00absi | Big Brother Albania 2\" \/>\n<meta property=\"og:description\" content=\"Big Brother Albania 2 - Gjat\u00c3\u00ab spetaklit Arbana e ka pyetur Arjonin p\u00c3\u00abr afrimin e tij me Anjez\u00c3\u00abn .\" \/>\n<meta property=\"og:url\" content=\"https:\/\/www.visit-ulcinj.com\/blog\/2009\/04\/05\/arjon-kam-me-teper-se-nje-miqesi\/\" \/>\n<meta property=\"og:site_name\" content=\"Lajme nga Ulqini\" \/>\n<meta property=\"article:published_time\" content=\"2009-04-05T09:10:51+00:00\" \/>\n<meta property=\"og:image\" content=\"http:\/\/www.visit-ulcinj.com\/blog\/wp-content\/uploads\/2009\/04\/arjoni-per-anjezen.jpg\" \/>\n<meta name=\"twitter:label1\" content=\"Written by\" \/>\n\t<meta name=\"twitter:data1\" content=\"ulqini\" \/>\n<script type=\"application\/ld+json\" class=\"yoast-schema-graph\">{\"@context\":\"https:\/\/schema.org\",\"@graph\":[{\"@type\":\"WebSite\",\"@id\":\"https:\/\/www.visit-ulcinj.com\/blog\/#website\",\"url\":\"https:\/\/www.visit-ulcinj.com\/blog\/\",\"name\":\"Lajme nga Ulqini\",\"description\":\"Lajme,Vijesti,Ulqini,Ulqin,Crna Gora,Mali i Zi\",\"potentialAction\":[{\"@type\":\"SearchAction\",\"target\":{\"@type\":\"EntryPoint\",\"urlTemplate\":\"https:\/\/www.visit-ulcinj.com\/blog\/?s={search_term_string}\"},\"query-input\":\"required name=search_term_string\"}],\"inLanguage\":\"en-US\"},{\"@type\":\"ImageObject\",\"inLanguage\":\"en-US\",\"@id\":\"https:\/\/www.visit-ulcinj.com\/blog\/2009\/04\/05\/arjon-kam-me-teper-se-nje-miqesi\/#primaryimage\",\"url\":\"http:\/\/www.visit-ulcinj.com\/blog\/wp-content\/uploads\/2009\/04\/arjoni-per-anjezen.jpg\",\"contentUrl\":\"http:\/\/www.visit-ulcinj.com\/blog\/wp-content\/uploads\/2009\/04\/arjoni-per-anjezen.jpg\"},{\"@type\":\"WebPage\",\"@id\":\"https:\/\/www.visit-ulcinj.com\/blog\/2009\/04\/05\/arjon-kam-me-teper-se-nje-miqesi\/#webpage\",\"url\":\"https:\/\/www.visit-ulcinj.com\/blog\/2009\/04\/05\/arjon-kam-me-teper-se-nje-miqesi\/\",\"name\":\"Arjon : Kam m\u00c3\u00ab tep\u00c3\u00abr se nj\u00c3\u00ab miq\u00c3\u00absi | Big Brother Albania 2\",\"isPartOf\":{\"@id\":\"https:\/\/www.visit-ulcinj.com\/blog\/#website\"},\"primaryImageOfPage\":{\"@id\":\"https:\/\/www.visit-ulcinj.com\/blog\/2009\/04\/05\/arjon-kam-me-teper-se-nje-miqesi\/#primaryimage\"},\"datePublished\":\"2009-04-05T09:10:51+00:00\",\"dateModified\":\"2009-04-05T09:10:51+00:00\",\"author\":{\"@id\":\"https:\/\/www.visit-ulcinj.com\/blog\/#\/schema\/person\/dcab619c614d3038751c63bc2aadc06d\"},\"description\":\"Big Brother Albania 2 - Gjat\u00c3\u00ab spetaklit Arbana e ka pyetur Arjonin p\u00c3\u00abr afrimin e tij me Anjez\u00c3\u00abn .\",\"breadcrumb\":{\"@id\":\"https:\/\/www.visit-ulcinj.com\/blog\/2009\/04\/05\/arjon-kam-me-teper-se-nje-miqesi\/#breadcrumb\"},\"inLanguage\":\"en-US\",\"potentialAction\":[{\"@type\":\"ReadAction\",\"target\":[\"https:\/\/www.visit-ulcinj.com\/blog\/2009\/04\/05\/arjon-kam-me-teper-se-nje-miqesi\/\"]}]},{\"@type\":\"BreadcrumbList\",\"@id\":\"https:\/\/www.visit-ulcinj.com\/blog\/2009\/04\/05\/arjon-kam-me-teper-se-nje-miqesi\/#breadcrumb\",\"itemListElement\":[{\"@type\":\"ListItem\",\"position\":1,\"name\":\"Arjon : Kam m\u00eb tep\u00ebr se nj\u00eb miq\u00ebsi\"}]},{\"@type\":\"Person\",\"@id\":\"https:\/\/www.visit-ulcinj.com\/blog\/#\/schema\/person\/dcab619c614d3038751c63bc2aadc06d\",\"name\":\"ulqini\",\"sameAs\":[\"http:\/\/www.visit-ulcinj.com\"],\"url\":\"https:\/\/www.visit-ulcinj.com\/blog\/author\/admin\/\"}]}<\/script>\n<!-- \/ Yoast SEO plugin. -->","yoast_head_json":{"title":"Arjon : Kam m\u00c3\u00ab tep\u00c3\u00abr se nj\u00c3\u00ab miq\u00c3\u00absi | Big Brother Albania 2","description":"Big Brother Albania 2 - Gjat\u00c3\u00ab spetaklit Arbana e ka pyetur Arjonin p\u00c3\u00abr afrimin e tij me Anjez\u00c3\u00abn .","robots":{"index":"index","follow":"follow","max-snippet":"max-snippet:-1","max-image-preview":"max-image-preview:large","max-video-preview":"max-video-preview:-1"},"canonical":"https:\/\/www.visit-ulcinj.com\/blog\/2009\/04\/05\/arjon-kam-me-teper-se-nje-miqesi\/","og_locale":"en_US","og_type":"article","og_title":"Arjon : Kam m\u00c3\u00ab tep\u00c3\u00abr se nj\u00c3\u00ab miq\u00c3\u00absi | Big Brother Albania 2","og_description":"Big Brother Albania 2 - Gjat\u00c3\u00ab spetaklit Arbana e ka pyetur Arjonin p\u00c3\u00abr afrimin e tij me Anjez\u00c3\u00abn .","og_url":"https:\/\/www.visit-ulcinj.com\/blog\/2009\/04\/05\/arjon-kam-me-teper-se-nje-miqesi\/","og_site_name":"Lajme nga Ulqini","article_published_time":"2009-04-05T09:10:51+00:00","og_image":[{"url":"http:\/\/www.visit-ulcinj.com\/blog\/wp-content\/uploads\/2009\/04\/arjoni-per-anjezen.jpg"}],"twitter_misc":{"Written by":"ulqini"},"schema":{"@context":"https:\/\/schema.org","@graph":[{"@type":"WebSite","@id":"https:\/\/www.visit-ulcinj.com\/blog\/#website","url":"https:\/\/www.visit-ulcinj.com\/blog\/","name":"Lajme nga Ulqini","description":"Lajme,Vijesti,Ulqini,Ulqin,Crna Gora,Mali i Zi","potentialAction":[{"@type":"SearchAction","target":{"@type":"EntryPoint","urlTemplate":"https:\/\/www.visit-ulcinj.com\/blog\/?s={search_term_string}"},"query-input":"required name=search_term_string"}],"inLanguage":"en-US"},{"@type":"ImageObject","inLanguage":"en-US","@id":"https:\/\/www.visit-ulcinj.com\/blog\/2009\/04\/05\/arjon-kam-me-teper-se-nje-miqesi\/#primaryimage","url":"http:\/\/www.visit-ulcinj.com\/blog\/wp-content\/uploads\/2009\/04\/arjoni-per-anjezen.jpg","contentUrl":"http:\/\/www.visit-ulcinj.com\/blog\/wp-content\/uploads\/2009\/04\/arjoni-per-anjezen.jpg"},{"@type":"WebPage","@id":"https:\/\/www.visit-ulcinj.com\/blog\/2009\/04\/05\/arjon-kam-me-teper-se-nje-miqesi\/#webpage","url":"https:\/\/www.visit-ulcinj.com\/blog\/2009\/04\/05\/arjon-kam-me-teper-se-nje-miqesi\/","name":"Arjon : Kam m\u00c3\u00ab tep\u00c3\u00abr se nj\u00c3\u00ab miq\u00c3\u00absi | Big Brother Albania 2","isPartOf":{"@id":"https:\/\/www.visit-ulcinj.com\/blog\/#website"},"primaryImageOfPage":{"@id":"https:\/\/www.visit-ulcinj.com\/blog\/2009\/04\/05\/arjon-kam-me-teper-se-nje-miqesi\/#primaryimage"},"datePublished":"2009-04-05T09:10:51+00:00","dateModified":"2009-04-05T09:10:51+00:00","author":{"@id":"https:\/\/www.visit-ulcinj.com\/blog\/#\/schema\/person\/dcab619c614d3038751c63bc2aadc06d"},"description":"Big Brother Albania 2 - Gjat\u00c3\u00ab spetaklit Arbana e ka pyetur Arjonin p\u00c3\u00abr afrimin e tij me Anjez\u00c3\u00abn .","breadcrumb":{"@id":"https:\/\/www.visit-ulcinj.com\/blog\/2009\/04\/05\/arjon-kam-me-teper-se-nje-miqesi\/#breadcrumb"},"inLanguage":"en-US","potentialAction":[{"@type":"ReadAction","target":["https:\/\/www.visit-ulcinj.com\/blog\/2009\/04\/05\/arjon-kam-me-teper-se-nje-miqesi\/"]}]},{"@type":"BreadcrumbList","@id":"https:\/\/www.visit-ulcinj.com\/blog\/2009\/04\/05\/arjon-kam-me-teper-se-nje-miqesi\/#breadcrumb","itemListElement":[{"@type":"ListItem","position":1,"name":"Arjon : Kam m\u00eb tep\u00ebr se nj\u00eb miq\u00ebsi"}]},{"@type":"Person","@id":"https:\/\/www.visit-ulcinj.com\/blog\/#\/schema\/person\/dcab619c614d3038751c63bc2aadc06d","name":"ulqini","sameAs":["http:\/\/www.visit-ulcinj.com"],"url":"https:\/\/www.visit-ulcinj.com\/blog\/author\/admin\/"}]}},"jetpack_featured_media_url":"","jetpack_sharing_enabled":true,"jetpack_shortlink":"https:\/\/wp.me\/pe6lTn-4mD","_links":{"self":[{"href":"https:\/\/www.visit-ulcinj.com\/blog\/wp-json\/wp\/v2\/posts\/16779"}],"collection":[{"href":"https:\/\/www.visit-ulcinj.com\/blog\/wp-json\/wp\/v2\/posts"}],"about":[{"href":"https:\/\/www.visit-ulcinj.com\/blog\/wp-json\/wp\/v2\/types\/post"}],"author":[{"embeddable":true,"href":"https:\/\/www.visit-ulcinj.com\/blog\/wp-json\/wp\/v2\/users\/1"}],"replies":[{"embeddable":true,"href":"https:\/\/www.visit-ulcinj.com\/blog\/wp-json\/wp\/v2\/comments?post=16779"}],"version-history":[{"count":0,"href":"https:\/\/www.visit-ulcinj.com\/blog\/wp-json\/wp\/v2\/posts\/16779\/revisions"}],"wp:attachment":[{"href":"https:\/\/www.visit-ulcinj.com\/blog\/wp-json\/wp\/v2\/media?parent=16779"}],"wp:term":[{"taxonomy":"category","embeddable":true,"href":"https:\/\/www.visit-ulcinj.com\/blog\/wp-json\/wp\/v2\/categories?post=16779"},{"taxonomy":"post_tag","embeddable":true,"href":"https:\/\/www.visit-ulcinj.com\/blog\/wp-json\/wp\/v2\/tags?post=16779"}],"curies":[{"name":"wp","href":"https:\/\/api.w.org\/{rel}","templated":true}]}}