{"id":16782,"date":"2009-04-05T11:13:13","date_gmt":"2009-04-05T09:13:13","guid":{"rendered":"http:\/\/www.visit-ulcinj.com\/blog\/?p=16782"},"modified":"2009-04-05T11:13:13","modified_gmt":"2009-04-05T09:13:13","slug":"eleminimi-i-republikes","status":"publish","type":"post","link":"https:\/\/www.visit-ulcinj.com\/blog\/2009\/04\/05\/eleminimi-i-republikes\/","title":{"rendered":"Eleminimi i Republik\u00ebs"},"content":{"rendered":"<p><em><span class=\"newsdate\"><a href=\"http:\/\/www.visit-ulcinj.com\/blog\/wp-content\/uploads\/2009\/04\/eleminimi-i-bikes.jpg\"><img loading=\"lazy\" class=\"alignleft size-full wp-image-16783\" title=\"eleminimi-i-bikes-big-brother-albania-2\" src=\"http:\/\/www.visit-ulcinj.com\/blog\/wp-content\/uploads\/2009\/04\/eleminimi-i-bikes.jpg\" alt=\"eleminimi-i-bikes-big-brother-albania-2\" width=\"300\" height=\"205\" \/><\/a>04\/04\/09 22:36<\/span><\/em><\/p>\n<p>Big Brother ka vendosur q\u00eb eleminimi i banorit t\u00eb b\u00ebhet n\u00eb nj\u00eb m\u00ebnyr\u00eb tjet\u00ebr nga ajo q\u00eb j\u00ebmi m\u00ebsuar t\u00eb shikojm\u00eb. T\u00eb kandiduarit pasi kan\u00eb takuar banor\u00ebt jan\u00eb izoluar tek tyneli dhe nuk mund\u00ebn t\u00eb d\u00ebgjonin at\u00eb q\u00eb ndodhte n\u00eb sht\u00ebpi. Nj\u00ebri nga banor\u00ebt i merrte t\u00eb kandiduarit e shp\u00ebtuar. Publiku vendosi q\u00eb e eleminuara t\u00eb jet\u00eb Republika. Detyra e v\u00ebshtir\u00eb p\u00ebr ta njoftuar k\u00ebt\u00eb gj\u00eb iu dha Dritanit. Dy personat t\u00eb cilat rrezikonin daljen ishin Adelajda dhe Republika. Ai mes lot\u00ebve mori Adelajd\u00ebn duke i b\u00ebr\u00eb t\u00eb ditur Republik\u00ebs q\u00eb ishte personi q\u00eb duhej t\u00eb largohej. Ajo \u00ebsht\u00eb p\u00ebrballur n\u00eb studjo me opinionist\u00ebt si dhe me disa prej t\u00eb eleminuarve.<\/p>\n","protected":false},"excerpt":{"rendered":"<p>04\/04\/09 22:36 Big Brother ka vendosur q\u00eb eleminimi i banorit t\u00eb b\u00ebhet n\u00eb nj\u00eb m\u00ebnyr\u00eb tjet\u00ebr nga ajo q\u00eb j\u00ebmi m\u00ebsuar t\u00eb shikojm\u00eb. T\u00eb kandiduarit pasi kan\u00eb takuar banor\u00ebt jan\u00eb izoluar tek tyneli dhe nuk mund\u00ebn t\u00eb d\u00ebgjonin at\u00eb q\u00eb ndodhte n\u00eb sht\u00ebpi. Nj\u00ebri nga banor\u00ebt i merrte t\u00eb kandiduarit e shp\u00ebtuar. Publiku vendosi q\u00eb [&hellip;]<\/p>\n","protected":false},"author":1,"featured_media":0,"comment_status":"open","ping_status":"closed","sticky":false,"template":"","format":"standard","meta":{"spay_email":"","jetpack_publicize_message":"","jetpack_is_tweetstorm":false,"jetpack_publicize_feature_enabled":true},"categories":[6502],"tags":[5057,6506,6516,6712,7129,6522,262,6891,6693,6887],"jetpack_publicize_connections":[],"yoast_head":"<!-- This site is optimized with the Yoast SEO plugin v19.1 - https:\/\/yoast.com\/wordpress\/plugins\/seo\/ -->\n<title>Eleminimi i Republik\u00c3\u00abs | Big Brother Albania 2<\/title>\n<meta name=\"description\" content=\"Big Brother Albania 2 - Big Brother ka vendosur q\u00c3\u00ab eleminimi i banorit t\u00c3\u00ab b\u00c3\u00abhet n\u00c3\u00ab nj\u00c3\u00ab m\u00c3\u00abnyr\u00c3\u00ab tjet\u00c3\u00abr nga ajo q\u00c3\u00ab j\u00c3\u00abmi m\u00c3\u00absuar t\u00c3\u00ab shikojm\u00c3\u00ab. T\u00c3\u00ab kandiduarit pasi kan\u00c3\u00ab takuar banor\u00c3\u00abt jan\u00c3\u00ab izoluar tek tyneli dhe nuk mund\u00c3\u00abn t\u00c3\u00ab d\u00c3\u00abgjonin at\u00c3\u00ab q\u00c3\u00ab ndodhte n\u00c3\u00ab sht\u00c3\u00abpi.\" \/>\n<meta name=\"robots\" content=\"index, follow, max-snippet:-1, max-image-preview:large, max-video-preview:-1\" \/>\n<link rel=\"canonical\" href=\"https:\/\/www.visit-ulcinj.com\/blog\/2009\/04\/05\/eleminimi-i-republikes\/\" \/>\n<meta property=\"og:locale\" content=\"en_US\" \/>\n<meta property=\"og:type\" content=\"article\" \/>\n<meta property=\"og:title\" content=\"Eleminimi i Republik\u00c3\u00abs | Big Brother Albania 2\" \/>\n<meta property=\"og:description\" content=\"Big Brother Albania 2 - Big Brother ka vendosur q\u00c3\u00ab eleminimi i banorit t\u00c3\u00ab b\u00c3\u00abhet n\u00c3\u00ab nj\u00c3\u00ab m\u00c3\u00abnyr\u00c3\u00ab tjet\u00c3\u00abr nga ajo q\u00c3\u00ab j\u00c3\u00abmi m\u00c3\u00absuar t\u00c3\u00ab shikojm\u00c3\u00ab. T\u00c3\u00ab kandiduarit pasi kan\u00c3\u00ab takuar banor\u00c3\u00abt jan\u00c3\u00ab izoluar tek tyneli dhe nuk mund\u00c3\u00abn t\u00c3\u00ab d\u00c3\u00abgjonin at\u00c3\u00ab q\u00c3\u00ab ndodhte n\u00c3\u00ab sht\u00c3\u00abpi.\" \/>\n<meta property=\"og:url\" content=\"https:\/\/www.visit-ulcinj.com\/blog\/2009\/04\/05\/eleminimi-i-republikes\/\" \/>\n<meta property=\"og:site_name\" content=\"Lajme nga Ulqini\" \/>\n<meta property=\"article:published_time\" content=\"2009-04-05T09:13:13+00:00\" \/>\n<meta property=\"og:image\" content=\"http:\/\/www.visit-ulcinj.com\/blog\/wp-content\/uploads\/2009\/04\/eleminimi-i-bikes.jpg\" \/>\n<meta name=\"twitter:label1\" content=\"Written by\" \/>\n\t<meta name=\"twitter:data1\" content=\"ulqini\" \/>\n\t<meta name=\"twitter:label2\" content=\"Est. reading time\" \/>\n\t<meta name=\"twitter:data2\" content=\"1 minute\" \/>\n<script type=\"application\/ld+json\" class=\"yoast-schema-graph\">{\"@context\":\"https:\/\/schema.org\",\"@graph\":[{\"@type\":\"WebSite\",\"@id\":\"https:\/\/www.visit-ulcinj.com\/blog\/#website\",\"url\":\"https:\/\/www.visit-ulcinj.com\/blog\/\",\"name\":\"Lajme nga Ulqini\",\"description\":\"Lajme,Vijesti,Ulqini,Ulqin,Crna Gora,Mali i Zi\",\"potentialAction\":[{\"@type\":\"SearchAction\",\"target\":{\"@type\":\"EntryPoint\",\"urlTemplate\":\"https:\/\/www.visit-ulcinj.com\/blog\/?s={search_term_string}\"},\"query-input\":\"required name=search_term_string\"}],\"inLanguage\":\"en-US\"},{\"@type\":\"ImageObject\",\"inLanguage\":\"en-US\",\"@id\":\"https:\/\/www.visit-ulcinj.com\/blog\/2009\/04\/05\/eleminimi-i-republikes\/#primaryimage\",\"url\":\"http:\/\/www.visit-ulcinj.com\/blog\/wp-content\/uploads\/2009\/04\/eleminimi-i-bikes.jpg\",\"contentUrl\":\"http:\/\/www.visit-ulcinj.com\/blog\/wp-content\/uploads\/2009\/04\/eleminimi-i-bikes.jpg\"},{\"@type\":\"WebPage\",\"@id\":\"https:\/\/www.visit-ulcinj.com\/blog\/2009\/04\/05\/eleminimi-i-republikes\/#webpage\",\"url\":\"https:\/\/www.visit-ulcinj.com\/blog\/2009\/04\/05\/eleminimi-i-republikes\/\",\"name\":\"Eleminimi i Republik\u00c3\u00abs | Big Brother Albania 2\",\"isPartOf\":{\"@id\":\"https:\/\/www.visit-ulcinj.com\/blog\/#website\"},\"primaryImageOfPage\":{\"@id\":\"https:\/\/www.visit-ulcinj.com\/blog\/2009\/04\/05\/eleminimi-i-republikes\/#primaryimage\"},\"datePublished\":\"2009-04-05T09:13:13+00:00\",\"dateModified\":\"2009-04-05T09:13:13+00:00\",\"author\":{\"@id\":\"https:\/\/www.visit-ulcinj.com\/blog\/#\/schema\/person\/dcab619c614d3038751c63bc2aadc06d\"},\"description\":\"Big Brother Albania 2 - Big Brother ka vendosur q\u00c3\u00ab eleminimi i banorit t\u00c3\u00ab b\u00c3\u00abhet n\u00c3\u00ab nj\u00c3\u00ab m\u00c3\u00abnyr\u00c3\u00ab tjet\u00c3\u00abr nga ajo q\u00c3\u00ab j\u00c3\u00abmi m\u00c3\u00absuar t\u00c3\u00ab shikojm\u00c3\u00ab. T\u00c3\u00ab kandiduarit pasi kan\u00c3\u00ab takuar banor\u00c3\u00abt jan\u00c3\u00ab izoluar tek tyneli dhe nuk mund\u00c3\u00abn t\u00c3\u00ab d\u00c3\u00abgjonin at\u00c3\u00ab q\u00c3\u00ab ndodhte n\u00c3\u00ab sht\u00c3\u00abpi.\",\"breadcrumb\":{\"@id\":\"https:\/\/www.visit-ulcinj.com\/blog\/2009\/04\/05\/eleminimi-i-republikes\/#breadcrumb\"},\"inLanguage\":\"en-US\",\"potentialAction\":[{\"@type\":\"ReadAction\",\"target\":[\"https:\/\/www.visit-ulcinj.com\/blog\/2009\/04\/05\/eleminimi-i-republikes\/\"]}]},{\"@type\":\"BreadcrumbList\",\"@id\":\"https:\/\/www.visit-ulcinj.com\/blog\/2009\/04\/05\/eleminimi-i-republikes\/#breadcrumb\",\"itemListElement\":[{\"@type\":\"ListItem\",\"position\":1,\"name\":\"Eleminimi i Republik\u00ebs\"}]},{\"@type\":\"Person\",\"@id\":\"https:\/\/www.visit-ulcinj.com\/blog\/#\/schema\/person\/dcab619c614d3038751c63bc2aadc06d\",\"name\":\"ulqini\",\"sameAs\":[\"http:\/\/www.visit-ulcinj.com\"],\"url\":\"https:\/\/www.visit-ulcinj.com\/blog\/author\/admin\/\"}]}<\/script>\n<!-- \/ Yoast SEO plugin. -->","yoast_head_json":{"title":"Eleminimi i Republik\u00c3\u00abs | Big Brother Albania 2","description":"Big Brother Albania 2 - Big Brother ka vendosur q\u00c3\u00ab eleminimi i banorit t\u00c3\u00ab b\u00c3\u00abhet n\u00c3\u00ab nj\u00c3\u00ab m\u00c3\u00abnyr\u00c3\u00ab tjet\u00c3\u00abr nga ajo q\u00c3\u00ab j\u00c3\u00abmi m\u00c3\u00absuar t\u00c3\u00ab shikojm\u00c3\u00ab. T\u00c3\u00ab kandiduarit pasi kan\u00c3\u00ab takuar banor\u00c3\u00abt jan\u00c3\u00ab izoluar tek tyneli dhe nuk mund\u00c3\u00abn t\u00c3\u00ab d\u00c3\u00abgjonin at\u00c3\u00ab q\u00c3\u00ab ndodhte n\u00c3\u00ab sht\u00c3\u00abpi.","robots":{"index":"index","follow":"follow","max-snippet":"max-snippet:-1","max-image-preview":"max-image-preview:large","max-video-preview":"max-video-preview:-1"},"canonical":"https:\/\/www.visit-ulcinj.com\/blog\/2009\/04\/05\/eleminimi-i-republikes\/","og_locale":"en_US","og_type":"article","og_title":"Eleminimi i Republik\u00c3\u00abs | Big Brother Albania 2","og_description":"Big Brother Albania 2 - Big Brother ka vendosur q\u00c3\u00ab eleminimi i banorit t\u00c3\u00ab b\u00c3\u00abhet n\u00c3\u00ab nj\u00c3\u00ab m\u00c3\u00abnyr\u00c3\u00ab tjet\u00c3\u00abr nga ajo q\u00c3\u00ab j\u00c3\u00abmi m\u00c3\u00absuar t\u00c3\u00ab shikojm\u00c3\u00ab. T\u00c3\u00ab kandiduarit pasi kan\u00c3\u00ab takuar banor\u00c3\u00abt jan\u00c3\u00ab izoluar tek tyneli dhe nuk mund\u00c3\u00abn t\u00c3\u00ab d\u00c3\u00abgjonin at\u00c3\u00ab q\u00c3\u00ab ndodhte n\u00c3\u00ab sht\u00c3\u00abpi.","og_url":"https:\/\/www.visit-ulcinj.com\/blog\/2009\/04\/05\/eleminimi-i-republikes\/","og_site_name":"Lajme nga Ulqini","article_published_time":"2009-04-05T09:13:13+00:00","og_image":[{"url":"http:\/\/www.visit-ulcinj.com\/blog\/wp-content\/uploads\/2009\/04\/eleminimi-i-bikes.jpg"}],"twitter_misc":{"Written by":"ulqini","Est. reading time":"1 minute"},"schema":{"@context":"https:\/\/schema.org","@graph":[{"@type":"WebSite","@id":"https:\/\/www.visit-ulcinj.com\/blog\/#website","url":"https:\/\/www.visit-ulcinj.com\/blog\/","name":"Lajme nga Ulqini","description":"Lajme,Vijesti,Ulqini,Ulqin,Crna Gora,Mali i Zi","potentialAction":[{"@type":"SearchAction","target":{"@type":"EntryPoint","urlTemplate":"https:\/\/www.visit-ulcinj.com\/blog\/?s={search_term_string}"},"query-input":"required name=search_term_string"}],"inLanguage":"en-US"},{"@type":"ImageObject","inLanguage":"en-US","@id":"https:\/\/www.visit-ulcinj.com\/blog\/2009\/04\/05\/eleminimi-i-republikes\/#primaryimage","url":"http:\/\/www.visit-ulcinj.com\/blog\/wp-content\/uploads\/2009\/04\/eleminimi-i-bikes.jpg","contentUrl":"http:\/\/www.visit-ulcinj.com\/blog\/wp-content\/uploads\/2009\/04\/eleminimi-i-bikes.jpg"},{"@type":"WebPage","@id":"https:\/\/www.visit-ulcinj.com\/blog\/2009\/04\/05\/eleminimi-i-republikes\/#webpage","url":"https:\/\/www.visit-ulcinj.com\/blog\/2009\/04\/05\/eleminimi-i-republikes\/","name":"Eleminimi i Republik\u00c3\u00abs | Big Brother Albania 2","isPartOf":{"@id":"https:\/\/www.visit-ulcinj.com\/blog\/#website"},"primaryImageOfPage":{"@id":"https:\/\/www.visit-ulcinj.com\/blog\/2009\/04\/05\/eleminimi-i-republikes\/#primaryimage"},"datePublished":"2009-04-05T09:13:13+00:00","dateModified":"2009-04-05T09:13:13+00:00","author":{"@id":"https:\/\/www.visit-ulcinj.com\/blog\/#\/schema\/person\/dcab619c614d3038751c63bc2aadc06d"},"description":"Big Brother Albania 2 - Big Brother ka vendosur q\u00c3\u00ab eleminimi i banorit t\u00c3\u00ab b\u00c3\u00abhet n\u00c3\u00ab nj\u00c3\u00ab m\u00c3\u00abnyr\u00c3\u00ab tjet\u00c3\u00abr nga ajo q\u00c3\u00ab j\u00c3\u00abmi m\u00c3\u00absuar t\u00c3\u00ab shikojm\u00c3\u00ab. T\u00c3\u00ab kandiduarit pasi kan\u00c3\u00ab takuar banor\u00c3\u00abt jan\u00c3\u00ab izoluar tek tyneli dhe nuk mund\u00c3\u00abn t\u00c3\u00ab d\u00c3\u00abgjonin at\u00c3\u00ab q\u00c3\u00ab ndodhte n\u00c3\u00ab sht\u00c3\u00abpi.","breadcrumb":{"@id":"https:\/\/www.visit-ulcinj.com\/blog\/2009\/04\/05\/eleminimi-i-republikes\/#breadcrumb"},"inLanguage":"en-US","potentialAction":[{"@type":"ReadAction","target":["https:\/\/www.visit-ulcinj.com\/blog\/2009\/04\/05\/eleminimi-i-republikes\/"]}]},{"@type":"BreadcrumbList","@id":"https:\/\/www.visit-ulcinj.com\/blog\/2009\/04\/05\/eleminimi-i-republikes\/#breadcrumb","itemListElement":[{"@type":"ListItem","position":1,"name":"Eleminimi i Republik\u00ebs"}]},{"@type":"Person","@id":"https:\/\/www.visit-ulcinj.com\/blog\/#\/schema\/person\/dcab619c614d3038751c63bc2aadc06d","name":"ulqini","sameAs":["http:\/\/www.visit-ulcinj.com"],"url":"https:\/\/www.visit-ulcinj.com\/blog\/author\/admin\/"}]}},"jetpack_featured_media_url":"","jetpack_sharing_enabled":true,"jetpack_shortlink":"https:\/\/wp.me\/pe6lTn-4mG","_links":{"self":[{"href":"https:\/\/www.visit-ulcinj.com\/blog\/wp-json\/wp\/v2\/posts\/16782"}],"collection":[{"href":"https:\/\/www.visit-ulcinj.com\/blog\/wp-json\/wp\/v2\/posts"}],"about":[{"href":"https:\/\/www.visit-ulcinj.com\/blog\/wp-json\/wp\/v2\/types\/post"}],"author":[{"embeddable":true,"href":"https:\/\/www.visit-ulcinj.com\/blog\/wp-json\/wp\/v2\/users\/1"}],"replies":[{"embeddable":true,"href":"https:\/\/www.visit-ulcinj.com\/blog\/wp-json\/wp\/v2\/comments?post=16782"}],"version-history":[{"count":0,"href":"https:\/\/www.visit-ulcinj.com\/blog\/wp-json\/wp\/v2\/posts\/16782\/revisions"}],"wp:attachment":[{"href":"https:\/\/www.visit-ulcinj.com\/blog\/wp-json\/wp\/v2\/media?parent=16782"}],"wp:term":[{"taxonomy":"category","embeddable":true,"href":"https:\/\/www.visit-ulcinj.com\/blog\/wp-json\/wp\/v2\/categories?post=16782"},{"taxonomy":"post_tag","embeddable":true,"href":"https:\/\/www.visit-ulcinj.com\/blog\/wp-json\/wp\/v2\/tags?post=16782"}],"curies":[{"name":"wp","href":"https:\/\/api.w.org\/{rel}","templated":true}]}}