{"id":16831,"date":"2009-04-06T18:40:19","date_gmt":"2009-04-06T16:40:19","guid":{"rendered":"http:\/\/www.visit-ulcinj.com\/blog\/?p=16831"},"modified":"2009-04-06T18:40:19","modified_gmt":"2009-04-06T16:40:19","slug":"albance-svada-izbor-sefa-kluba","status":"publish","type":"post","link":"https:\/\/www.visit-ulcinj.com\/blog\/2009\/04\/06\/albance-svada-izbor-sefa-kluba\/","title":{"rendered":"Albance sva?a izbor \u0161efa kluba"},"content":{"rendered":"<p><strong><a href=\"http:\/\/www.visit-ulcinj.com\/blog\/wp-content\/uploads\/2009\/04\/stranke-sa-manjinskih-izbornih-lista-zadovoljne-rezultatom.jpg\"><img loading=\"lazy\" class=\"alignleft size-full wp-image-16832\" title=\"stranke-sa-manjinskih-izbornih-lista-zadovoljne-rezultatom\" src=\"http:\/\/www.visit-ulcinj.com\/blog\/wp-content\/uploads\/2009\/04\/stranke-sa-manjinskih-izbornih-lista-zadovoljne-rezultatom.jpg\" alt=\"stranke-sa-manjinskih-izbornih-lista-zadovoljne-rezultatom\" width=\"570\" height=\"400\" \/><\/a>STRANKE SA MANjINSKIH IZBORNIH LISTA ZADOVOLjNE REZULTATOM <\/strong><br \/>\nTri albanske liste najavile osnivanje posebnog poslani?kog kluba ali na pomolu spor oko izbora \u0161efa kluba<br \/>\nAlbanske partije i koalicije koje su ostvarile parlamentarni status na nedjeljnim izborima najavile su ju?e da ?e formirati poseban poslani?ki klub, ali nijesu se saglasile ko treba da bude njegov predsjednik.<br \/>\nIzuzetak iz tog projekta, kako tvrde na\u0161i sagovornici, treba da bude Demokratska unija Albanaca, zbog bliskih veza sa DPS-om. Oni navode da su sve manjine u Crnoj Gori dosad kritikovale u?inke vladaju?e ve?ine.<br \/>\nAlbanski politi?ki predstavnici izrazili su zadovoljstvo izbornim rezultatima, a to su uradili i Hrvatska gra?anska inicijativa i Bo\u0161nja?ka stranka, koje su na listi sa DPS-om dobile tri, odnosno jedan mandat.<br \/>\nNa pitanje je li zadovoljan brojem osvojenih glasova, lider stranke FORCA Nazif Cungu je &#8220;Danu&#8221; odgovorio da je &#8220;sasvim zadovoljan&#8221;.<br \/>\n&#8211; Ciljali smo jedan mandat, toliko smo dobili. Naravno, uvijek mo\u017ee bolje ali sada je najbitnije da pobolj\u0161amo status albanske zajednice i pomognemo da se standardi EU primijene u praksi &#8211; kazao je Cungu.<br \/>\nOn je potvrdio da ?e poslanik FORCA biti nosilac njene liste Genc Nimanbegu, ocjenjuju?i da je poseban albanski poslani?ki klub neophodan.<br \/>\nCungu tvrdi da &#8220;s obzirom na na\u0161 rezultat i snagu partije FORCA, o?ekujemo da mjesto \u0161efa tog poslani?kog kluba pripadne na\u0161em funkcioneru&#8221;.<br \/>\n&#8211; To ?emo zahtijevati. Svoj mandat na\u0161 poslanik posveti?e razvoju op\u0161tina gdje \u017eive Albanci, recimo, neshvatljivo je da u Budvi ima 95 hotela a u Ulcinju ih uop\u0161te nema &#8211; upozorio je Cungu.<br \/>\nPotrebu da se formira albanski poslani?ki klub priznaje i nosilac liste koalicije &#8220;Perspektiva&#8221; Vaselj Sini\u0161taj, ali ne \u017eeli da se izja\u0161ava o tome ko ?e biti njegov predsjednik. I on je zadovoljan rezultatom, podsje?aju?i da je nekoliko dana uo?i roka za predaju liste politi?ki isklju?en iz Albanske alternative.<br \/>\n&#8211; To su mi uradili, ali nema veze, samo neka oni tako nastave a mi smo iza\u0161li jaki, ?etiri albanske liste su u Skup\u0161tini i to je dobro za zajednicu. Imamo razloga da sumnjamo u sposobnost i volju Vlade da pobo\u0161lja status manjinskih naroda i zato je parlamentarni rad kakva-takva garancija da ?emo mo?i da se borimo za ono \u0161to nam pripada &#8211; tvrdi Sini\u0161taj.<br \/>\nO predsjedniku poslani?kog kluba nije se izjasnio ni funkcioner Demokratskog saveza Nikola Camaj, koji nam je potvrdio da \u0161ef stranke Mehmet Bardhi treba da ostane u poslani?koj klupi.<br \/>\n&#8211; To je bio dogovor, ali vidje?emo. Klub nam je neophodan i ako ne bude saglasnosti, mislim da na narednim izborima gra?ani treba da kazne stranke koje bi sprije?ile da se parlamentarno organizujemo &#8211; smatra Camaj.<br \/>\nOn je rekao da DS kao stranka jeste zadovoljna rezultatom, ali da je u koaliciji sa strujom AA, ?iji je lider ?er? Camaj, bilo prostora da se osvoji jo\u0161 glasova.<br \/>\n&#8211; Sada se vidi da je bolje \u0161to smo i\u0161li u tri liste, nego da je do\u0161lo do koalicije koja je zagovarana prije izbora, zato \u0161to bismo, po ovom broju glasova, imali dva mandata. Tako da se sve najbolje zavr\u0161ilo &#8211; istakao je Camaj.<br \/>\nNa nedjeljnim izborima ?etiri albanske liste osvojile su po jedan mandat, shodno glasanju u posebnoj izbornoj jedinici.<\/p>\n<p><strong>M.V.<\/p>\n<p>Pola mandata Sini\u0161taju, pola Holaju<\/strong><br \/>\nVaselj Sini\u0161taj najavljuje da ?e nakon razgovora sa koalicionim partnerom i nekada liderom PDP Amirom Holajem najvjerovatnije vremenski podijeliti poslani?ki mandat. Oni su na izborima osvojili jedan mandat koji, s obzirom na to da traje ?etiri godine, prve dvije godine bi pripao Sini\u0161taju, a preostale dvije Holaju.<\/p>\n<p><strong>Dragi?evi? poslanik HGI<\/strong><br \/>\nPredsjednik Hrvatske gra?anske inicijative Marija Vu?inovi? saop\u0161tila je da ?e njihov poslanik sa liste koalicije &#8220;Evropska Crna Gora&#8221; biti Ljerka Dragi?evi?, ocjenjuju?i da HGI ima razloga da bude zadovoljna rezultatima. Dragi?evi?eva se nalazi na 37. mjestu na izbornoj listi te koalicije.<br \/>\nNajavila je da ?e hrvatski politi?ari narednih dana razgovarati sa partnerima iz DPS-a o formalizovanju u?e\u0161?a u novoj vlasti.<\/p>\n<p><strong>Dino\u0161a tra\u017ei albanski u Skup\u0161tini<\/strong><br \/>\nLider DUA Ferhat Dino\u0161a najavio je organizaciju \u0161to vi\u0161e okruglih stolova, na kojima bi bio pripremljen dokumet o statusu Albanaca u Crnoj Gori. Dino\u0161a za Minu ocjenjuje da bi taj dokument bio na fonu me?unarodnih standarda o pravima nacionalnih manjina.<br \/>\nOn je rekao da, iako je do sada postojala volja, u Skup\u0161tini nijesu stvoreni uslovi da albanski poslanici govore na svom jeziku.<br \/>\n&#8211; Postojala je volja i nijesu bili obezbije?eni tehni?ki uslovi, ali, prema mojim informacijama, u rukovodstvu Skup\u0161tine postoji spremnost da se to ubrzo rije\u0161i i na tome ?emo insistirati &#8211; zaklju?io je Dino\u0161a.<\/p>\n<p><strong>DAN<\/strong><\/p>\n","protected":false},"excerpt":{"rendered":"<p>STRANKE SA MANjINSKIH IZBORNIH LISTA ZADOVOLjNE REZULTATOM Tri albanske liste najavile osnivanje posebnog poslani?kog kluba ali na pomolu spor oko izbora \u0161efa kluba Albanske partije i koalicije koje su ostvarile parlamentarni status na nedjeljnim izborima najavile su ju?e da ?e formirati poseban poslani?ki klub, ali nijesu se saglasile ko treba da bude njegov predsjednik. Izuzetak [&hellip;]<\/p>\n","protected":false},"author":1,"featured_media":0,"comment_status":"open","ping_status":"closed","sticky":false,"template":"","format":"standard","meta":{"spay_email":"","jetpack_publicize_message":"","jetpack_is_tweetstorm":false,"jetpack_publicize_feature_enabled":true},"categories":[8337],"tags":[8748,8751,86,8753,1074,8747,6367,8746,8749,8754,8752,8750,8744,8745],"jetpack_publicize_connections":[],"yoast_head":"<!-- This site is optimized with the Yoast SEO plugin v19.1 - https:\/\/yoast.com\/wordpress\/plugins\/seo\/ -->\n<title>Albance sva?a izbor \u0161efa kluba - Lajme nga Ulqini<\/title>\n<meta name=\"description\" content=\"STRANKE SA MANjINSKIH IZBORNIH LISTA ZADOVOLjNE REZULTATOM Tri albanske liste najavile osnivanje posebnog poslani?kog kluba ali na pomolu spor oko izbora\" \/>\n<meta name=\"robots\" content=\"index, follow, max-snippet:-1, max-image-preview:large, max-video-preview:-1\" \/>\n<link rel=\"canonical\" href=\"https:\/\/www.visit-ulcinj.com\/blog\/2009\/04\/06\/albance-svada-izbor-sefa-kluba\/\" \/>\n<meta property=\"og:locale\" content=\"en_US\" \/>\n<meta property=\"og:type\" content=\"article\" \/>\n<meta property=\"og:title\" content=\"Albance sva?a izbor \u0161efa kluba - Lajme nga Ulqini\" \/>\n<meta property=\"og:description\" content=\"STRANKE SA MANjINSKIH IZBORNIH LISTA ZADOVOLjNE REZULTATOM Tri albanske liste najavile osnivanje posebnog poslani?kog kluba ali na pomolu spor oko izbora\" \/>\n<meta property=\"og:url\" content=\"https:\/\/www.visit-ulcinj.com\/blog\/2009\/04\/06\/albance-svada-izbor-sefa-kluba\/\" \/>\n<meta property=\"og:site_name\" content=\"Lajme nga Ulqini\" \/>\n<meta property=\"article:published_time\" content=\"2009-04-06T16:40:19+00:00\" \/>\n<meta property=\"og:image\" content=\"http:\/\/www.visit-ulcinj.com\/blog\/wp-content\/uploads\/2009\/04\/stranke-sa-manjinskih-izbornih-lista-zadovoljne-rezultatom.jpg\" \/>\n<meta name=\"twitter:label1\" content=\"Written by\" \/>\n\t<meta name=\"twitter:data1\" content=\"ulqini\" \/>\n\t<meta name=\"twitter:label2\" content=\"Est. reading time\" \/>\n\t<meta name=\"twitter:data2\" content=\"4 minutes\" \/>\n<script type=\"application\/ld+json\" class=\"yoast-schema-graph\">{\"@context\":\"https:\/\/schema.org\",\"@graph\":[{\"@type\":\"WebSite\",\"@id\":\"https:\/\/www.visit-ulcinj.com\/blog\/#website\",\"url\":\"https:\/\/www.visit-ulcinj.com\/blog\/\",\"name\":\"Lajme nga Ulqini\",\"description\":\"Lajme,Vijesti,Ulqini,Ulqin,Crna Gora,Mali i Zi\",\"potentialAction\":[{\"@type\":\"SearchAction\",\"target\":{\"@type\":\"EntryPoint\",\"urlTemplate\":\"https:\/\/www.visit-ulcinj.com\/blog\/?s={search_term_string}\"},\"query-input\":\"required name=search_term_string\"}],\"inLanguage\":\"en-US\"},{\"@type\":\"ImageObject\",\"inLanguage\":\"en-US\",\"@id\":\"https:\/\/www.visit-ulcinj.com\/blog\/2009\/04\/06\/albance-svada-izbor-sefa-kluba\/#primaryimage\",\"url\":\"https:\/\/www.visit-ulcinj.com\/blog\/wp-content\/uploads\/2009\/04\/stranke-sa-manjinskih-izbornih-lista-zadovoljne-rezultatom.jpg\",\"contentUrl\":\"https:\/\/www.visit-ulcinj.com\/blog\/wp-content\/uploads\/2009\/04\/stranke-sa-manjinskih-izbornih-lista-zadovoljne-rezultatom.jpg\",\"width\":\"913\",\"height\":\"603\"},{\"@type\":\"WebPage\",\"@id\":\"https:\/\/www.visit-ulcinj.com\/blog\/2009\/04\/06\/albance-svada-izbor-sefa-kluba\/#webpage\",\"url\":\"https:\/\/www.visit-ulcinj.com\/blog\/2009\/04\/06\/albance-svada-izbor-sefa-kluba\/\",\"name\":\"Albance sva?a izbor \u0161efa kluba - Lajme nga Ulqini\",\"isPartOf\":{\"@id\":\"https:\/\/www.visit-ulcinj.com\/blog\/#website\"},\"primaryImageOfPage\":{\"@id\":\"https:\/\/www.visit-ulcinj.com\/blog\/2009\/04\/06\/albance-svada-izbor-sefa-kluba\/#primaryimage\"},\"datePublished\":\"2009-04-06T16:40:19+00:00\",\"dateModified\":\"2009-04-06T16:40:19+00:00\",\"author\":{\"@id\":\"https:\/\/www.visit-ulcinj.com\/blog\/#\/schema\/person\/dcab619c614d3038751c63bc2aadc06d\"},\"description\":\"STRANKE SA MANjINSKIH IZBORNIH LISTA ZADOVOLjNE REZULTATOM Tri albanske liste najavile osnivanje posebnog poslani?kog kluba ali na pomolu spor oko izbora\",\"breadcrumb\":{\"@id\":\"https:\/\/www.visit-ulcinj.com\/blog\/2009\/04\/06\/albance-svada-izbor-sefa-kluba\/#breadcrumb\"},\"inLanguage\":\"en-US\",\"potentialAction\":[{\"@type\":\"ReadAction\",\"target\":[\"https:\/\/www.visit-ulcinj.com\/blog\/2009\/04\/06\/albance-svada-izbor-sefa-kluba\/\"]}]},{\"@type\":\"BreadcrumbList\",\"@id\":\"https:\/\/www.visit-ulcinj.com\/blog\/2009\/04\/06\/albance-svada-izbor-sefa-kluba\/#breadcrumb\",\"itemListElement\":[{\"@type\":\"ListItem\",\"position\":1,\"name\":\"Albance sva?a izbor \u0161efa kluba\"}]},{\"@type\":\"Person\",\"@id\":\"https:\/\/www.visit-ulcinj.com\/blog\/#\/schema\/person\/dcab619c614d3038751c63bc2aadc06d\",\"name\":\"ulqini\",\"sameAs\":[\"http:\/\/www.visit-ulcinj.com\"],\"url\":\"https:\/\/www.visit-ulcinj.com\/blog\/author\/admin\/\"}]}<\/script>\n<!-- \/ Yoast SEO plugin. -->","yoast_head_json":{"title":"Albance sva?a izbor \u0161efa kluba - Lajme nga Ulqini","description":"STRANKE SA MANjINSKIH IZBORNIH LISTA ZADOVOLjNE REZULTATOM Tri albanske liste najavile osnivanje posebnog poslani?kog kluba ali na pomolu spor oko izbora","robots":{"index":"index","follow":"follow","max-snippet":"max-snippet:-1","max-image-preview":"max-image-preview:large","max-video-preview":"max-video-preview:-1"},"canonical":"https:\/\/www.visit-ulcinj.com\/blog\/2009\/04\/06\/albance-svada-izbor-sefa-kluba\/","og_locale":"en_US","og_type":"article","og_title":"Albance sva?a izbor \u0161efa kluba - Lajme nga Ulqini","og_description":"STRANKE SA MANjINSKIH IZBORNIH LISTA ZADOVOLjNE REZULTATOM Tri albanske liste najavile osnivanje posebnog poslani?kog kluba ali na pomolu spor oko izbora","og_url":"https:\/\/www.visit-ulcinj.com\/blog\/2009\/04\/06\/albance-svada-izbor-sefa-kluba\/","og_site_name":"Lajme nga Ulqini","article_published_time":"2009-04-06T16:40:19+00:00","og_image":[{"url":"http:\/\/www.visit-ulcinj.com\/blog\/wp-content\/uploads\/2009\/04\/stranke-sa-manjinskih-izbornih-lista-zadovoljne-rezultatom.jpg"}],"twitter_misc":{"Written by":"ulqini","Est. reading time":"4 minutes"},"schema":{"@context":"https:\/\/schema.org","@graph":[{"@type":"WebSite","@id":"https:\/\/www.visit-ulcinj.com\/blog\/#website","url":"https:\/\/www.visit-ulcinj.com\/blog\/","name":"Lajme nga Ulqini","description":"Lajme,Vijesti,Ulqini,Ulqin,Crna Gora,Mali i Zi","potentialAction":[{"@type":"SearchAction","target":{"@type":"EntryPoint","urlTemplate":"https:\/\/www.visit-ulcinj.com\/blog\/?s={search_term_string}"},"query-input":"required name=search_term_string"}],"inLanguage":"en-US"},{"@type":"ImageObject","inLanguage":"en-US","@id":"https:\/\/www.visit-ulcinj.com\/blog\/2009\/04\/06\/albance-svada-izbor-sefa-kluba\/#primaryimage","url":"https:\/\/www.visit-ulcinj.com\/blog\/wp-content\/uploads\/2009\/04\/stranke-sa-manjinskih-izbornih-lista-zadovoljne-rezultatom.jpg","contentUrl":"https:\/\/www.visit-ulcinj.com\/blog\/wp-content\/uploads\/2009\/04\/stranke-sa-manjinskih-izbornih-lista-zadovoljne-rezultatom.jpg","width":"913","height":"603"},{"@type":"WebPage","@id":"https:\/\/www.visit-ulcinj.com\/blog\/2009\/04\/06\/albance-svada-izbor-sefa-kluba\/#webpage","url":"https:\/\/www.visit-ulcinj.com\/blog\/2009\/04\/06\/albance-svada-izbor-sefa-kluba\/","name":"Albance sva?a izbor \u0161efa kluba - Lajme nga Ulqini","isPartOf":{"@id":"https:\/\/www.visit-ulcinj.com\/blog\/#website"},"primaryImageOfPage":{"@id":"https:\/\/www.visit-ulcinj.com\/blog\/2009\/04\/06\/albance-svada-izbor-sefa-kluba\/#primaryimage"},"datePublished":"2009-04-06T16:40:19+00:00","dateModified":"2009-04-06T16:40:19+00:00","author":{"@id":"https:\/\/www.visit-ulcinj.com\/blog\/#\/schema\/person\/dcab619c614d3038751c63bc2aadc06d"},"description":"STRANKE SA MANjINSKIH IZBORNIH LISTA ZADOVOLjNE REZULTATOM Tri albanske liste najavile osnivanje posebnog poslani?kog kluba ali na pomolu spor oko izbora","breadcrumb":{"@id":"https:\/\/www.visit-ulcinj.com\/blog\/2009\/04\/06\/albance-svada-izbor-sefa-kluba\/#breadcrumb"},"inLanguage":"en-US","potentialAction":[{"@type":"ReadAction","target":["https:\/\/www.visit-ulcinj.com\/blog\/2009\/04\/06\/albance-svada-izbor-sefa-kluba\/"]}]},{"@type":"BreadcrumbList","@id":"https:\/\/www.visit-ulcinj.com\/blog\/2009\/04\/06\/albance-svada-izbor-sefa-kluba\/#breadcrumb","itemListElement":[{"@type":"ListItem","position":1,"name":"Albance sva?a izbor \u0161efa kluba"}]},{"@type":"Person","@id":"https:\/\/www.visit-ulcinj.com\/blog\/#\/schema\/person\/dcab619c614d3038751c63bc2aadc06d","name":"ulqini","sameAs":["http:\/\/www.visit-ulcinj.com"],"url":"https:\/\/www.visit-ulcinj.com\/blog\/author\/admin\/"}]}},"jetpack_featured_media_url":"","jetpack_sharing_enabled":true,"jetpack_shortlink":"https:\/\/wp.me\/pe6lTn-4nt","_links":{"self":[{"href":"https:\/\/www.visit-ulcinj.com\/blog\/wp-json\/wp\/v2\/posts\/16831"}],"collection":[{"href":"https:\/\/www.visit-ulcinj.com\/blog\/wp-json\/wp\/v2\/posts"}],"about":[{"href":"https:\/\/www.visit-ulcinj.com\/blog\/wp-json\/wp\/v2\/types\/post"}],"author":[{"embeddable":true,"href":"https:\/\/www.visit-ulcinj.com\/blog\/wp-json\/wp\/v2\/users\/1"}],"replies":[{"embeddable":true,"href":"https:\/\/www.visit-ulcinj.com\/blog\/wp-json\/wp\/v2\/comments?post=16831"}],"version-history":[{"count":0,"href":"https:\/\/www.visit-ulcinj.com\/blog\/wp-json\/wp\/v2\/posts\/16831\/revisions"}],"wp:attachment":[{"href":"https:\/\/www.visit-ulcinj.com\/blog\/wp-json\/wp\/v2\/media?parent=16831"}],"wp:term":[{"taxonomy":"category","embeddable":true,"href":"https:\/\/www.visit-ulcinj.com\/blog\/wp-json\/wp\/v2\/categories?post=16831"},{"taxonomy":"post_tag","embeddable":true,"href":"https:\/\/www.visit-ulcinj.com\/blog\/wp-json\/wp\/v2\/tags?post=16831"}],"curies":[{"name":"wp","href":"https:\/\/api.w.org\/{rel}","templated":true}]}}