{"id":16838,"date":"2009-04-06T19:17:58","date_gmt":"2009-04-06T17:17:58","guid":{"rendered":"http:\/\/www.visit-ulcinj.com\/blog\/?p=16838"},"modified":"2009-04-06T19:17:58","modified_gmt":"2009-04-06T17:17:58","slug":"velika-razvojna-perspektiva-ulcinja","status":"publish","type":"post","link":"https:\/\/www.visit-ulcinj.com\/blog\/2009\/04\/06\/velika-razvojna-perspektiva-ulcinja\/","title":{"rendered":"Velika razvojna perspektiva Ulcinja"},"content":{"rendered":"<p><strong><a href=\"http:\/\/www.visit-ulcinj.com\/blog\/wp-content\/uploads\/2009\/04\/gradonacelnik-ulcinja-gzim-hajdinaga4.jpg\"><img loading=\"lazy\" class=\"alignleft size-full wp-image-16839\" title=\"gradonacelnik-ulcinja-gzim-hajdinaga4\" src=\"http:\/\/www.visit-ulcinj.com\/blog\/wp-content\/uploads\/2009\/04\/gradonacelnik-ulcinja-gzim-hajdinaga4.jpg\" alt=\"gradonacelnik-ulcinja-gzim-hajdinaga4\" width=\"570\" height=\"400\" \/><\/a>SVE?ANA SJEDNICA POVODOM DANA ULCINJA <\/strong><br \/>\nULCINj- Dan op\u0161tine, kojim se simboli?no obilje\u017eava po?etak turisti?ke sezone, zavr\u0161etak berbe maslina, simbol odlaska pomoraca na more, a koji se slavi svake prve subote u aprilu, obilje\u017een je ju?e sve?anom sjednicom Skup\u0161tine op\u0161tine Ulcinj u Centru za kulturu. U prisustvu mnogobrojnih gostiju iz dru\u0161tvenog i politi?kog \u017eivota, predsjednik op\u0161tine Gzima Hajdinaga kazao je da je Ulcinj op\u0161tina sa izuzetnom razvojnom perspektivom, te da u bliskoj budu?nosti o?ekuje po?etak velikih investicionih projekata.<br \/>\n&#8211; Saradnja op\u0161tine i Vlade rezultirala je raspisivanjem niza tendera za najatraktivnije lokacije u op\u0161tini &#8211; Veliku pla\u017eu, Adu Bojanu i Valdanos &#8211; koji imaju za cilj privla?enje svjetski poznatih investitora. Za sve ove projekte, i pored ekonomske krize, postiji veliko interesovanje i siguran sam da uskoro mo\u017eemo o?ekivati dobre vijesti &#8211; rekao je Hajdinaga. Govore?i o rezultatima rada u proteklih godinu dana, predsjednik op\u0161tine je ukazao da je lokalna vlast, uprkos ekonomskoj krizi, uspjela da realizuje veliki broj projekata. Isti?u?i da je bud\u017eetska projekcija op\u0161tine za 2009. godinu 17 miliona eura, Hajdinaga je naglasio da ?e op\u0161tinske strukture preduzeti sve neophodne mjere kako bi se najva\u017eniji finansijski akt op\u0161tine uspje\u0161no realizovao.<br \/>\n\u2013 Za to nam je potrebna podr\u0161ka svih gra?ana, jer \u017eelimo da negativne efekte ekonomske krize svedemo na minimum &#8211; rekao je on.<br \/>\nHajdiaga je izrazio zadovoljstvo \u0161to je Ulcinj, nekada poznat kao op\u0161tina bez planova, danas blizu usvajanja potrebne planske dokumentacije.<br \/>\n&#8211; Nakon mnogo rada sa nadle\u017enim ministarstvima uspjeli smo da u SO usvojimo GUP. Rade se detaljni planovi za niz gradskih zona, a sa pokretanjem procedure za izradu Prostornog urbanisti?kog plana op\u0161tine, koje finansira Vlada sa milion eura, zaokru\u017ei?e se kompletan proces. Tako?e, ura?ene su studije lokacije za Valdanos, Veliku pla\u017eu, Port Milenu i Pristan &#8211; rekao je Hajdinaga. On je naveo i da je asfaltiran veliki broj ulica, izgra?eno desetine kilometara novih puteva, parkinga, javne rasvjete, a kako je kazao, pri kraju su radovi na kaldrmisanju stare ?ar\u0161ije, u starom jezgru grada. Prema njegovim rije?ima, najva\u017eniji razvojni projekti u bliskoj budu?nosti su izgradnja lu?ice Kacema, izrada projekta za sportsku halu, novu srednju \u0161kolu i most na Port Mileni. Prvi ?ovjek najju\u017enije crnogorske op\u0161tine je na kraju poru?io da dobri me?unacionalni odnosi, tolerancija me?u ljudima i \u017eelja da se pomogne gradu koji se voli, garantuju dru\u0161tveni napredak i ekonomski razvoj.<br \/>\n&#8211; Spreman sam da sara?ujem sa svima i ne tra\u017eim od nikoga da se odrekne svojih ubje?enja. Kao i do sada, nastavi?u da dajem svoj maksimum u cilju op\u0161teg prosperiteta op\u0161tine i svih njenih gra?ana &#8211; naglasio je Hajdinaga.<br \/>\nSve?anosti su prisustvovali predsjednik Crne Gore Filip Vujanovi? sa saradnicima, potpredsjednik Vlade Vujica Lazovi?, predsjednici i predstavnici drugih crnogorskih op\u0161tina, poslanici parlamenta, odbornici SO Ulcinj i brojni gosti, me?u kojima i ambasadori Velike Britanije, BiH, Hrvatske, Ukrajine, predstavnici politi?kih partija, vjerskih zajednica, NVO, kao i predstavnici dijaspore.<\/p>\n<p><strong>M.Kne\u017devi?<\/p>\n<p>Nika: Prevazi\u0161li smo politi?ke podjele<\/strong><br \/>\nU uvodnom dijelu sve?ane sjednice SO Ulcinj prisutnim gostima obratio se i predsjednik lokalnog parlamenta Muhamet Nika, koji je istakao da ?e SO Ulcinj kao zakonodavni organ nastaviti da uspje\u0161no doprinosi razvoju op\u0161tine.<br \/>\n-Uspjeli smo da zavr\u0161imo mnoge obaveze. Posebno sam ponosan \u0161to smo se u vi\u0161e navrata izdigli iznad politi?kih podjela i konsenzusom usvojili mnoge va\u017ene odluke za op\u0161tinu i gra?ane. Ubije?en sam da ?emo tako i dalje raditi &#8211; kazao je Nika.<\/p>\n<p><strong>Nagra?eni najbolji u?enici<\/strong><br \/>\nKao i svake godine op\u0161tina Ulcinj je nagradila najuspje\u0161nije u?enike osnovnih i srednjih \u0161kola. Najbolji ?aci su Dritan Maraj (Muzi?ka \u0161kola), te osnovci Pjeter Rudovi?, Branko ?akonovi?, Aneta Popovi? i Samina Lukovi? (O\u0160 &#8220;Mar\u0161al Tito&#8221; i \u201eBo\u0161ko Strugar&#8221;). Nagra?ene su i Mersije Gorana iz privatne gimnazije \u201eDrita&#8221; i Merita Had\u017eibeti iz S\u0160 &#8220;Bratstvo i jedinstvo&#8221;. Svi oni dobili su pohvale i nov?ane nagrade.<\/p>\n<p><strong>DAN<\/strong><\/p>\n","protected":false},"excerpt":{"rendered":"<p>SVE?ANA SJEDNICA POVODOM DANA ULCINJA ULCINj- Dan op\u0161tine, kojim se simboli?no obilje\u017eava po?etak turisti?ke sezone, zavr\u0161etak berbe maslina, simbol odlaska pomoraca na more, a koji se slavi svake prve subote u aprilu, obilje\u017een je ju?e sve?anom sjednicom Skup\u0161tine op\u0161tine Ulcinj u Centru za kulturu. U prisustvu mnogobrojnih gostiju iz dru\u0161tvenog i politi?kog \u017eivota, predsjednik op\u0161tine [&hellip;]<\/p>\n","protected":false},"author":1,"featured_media":0,"comment_status":"open","ping_status":"closed","sticky":false,"template":"","format":"standard","meta":{"spay_email":"","jetpack_publicize_message":"","jetpack_is_tweetstorm":false,"jetpack_publicize_feature_enabled":true},"categories":[8337],"tags":[8770,1613,8769,519,8762,8765,8767,1955,8759,8761,8766,8757,8763,8756,8760,8768,2872,8758,3796,8764],"jetpack_publicize_connections":[],"yoast_head":"<!-- This site is optimized with the Yoast SEO plugin v19.1 - https:\/\/yoast.com\/wordpress\/plugins\/seo\/ -->\n<title>Velika razvojna perspektiva Ulcinja - Lajme nga Ulqini<\/title>\n<meta name=\"description\" content=\"SVE?ANA SJEDNICA POVODOM DANA ULCINJA ULCINj- Dan op\u0161tine, kojim se simboli?no obilje\u017eava po?etak turisti?ke sezone, zavr\u0161etak berbe maslina, simbol\" \/>\n<meta name=\"robots\" content=\"index, follow, max-snippet:-1, max-image-preview:large, max-video-preview:-1\" \/>\n<link rel=\"canonical\" href=\"https:\/\/www.visit-ulcinj.com\/blog\/2009\/04\/06\/velika-razvojna-perspektiva-ulcinja\/\" \/>\n<meta property=\"og:locale\" content=\"en_US\" \/>\n<meta property=\"og:type\" content=\"article\" \/>\n<meta property=\"og:title\" content=\"Velika razvojna perspektiva Ulcinja - Lajme nga Ulqini\" \/>\n<meta property=\"og:description\" content=\"SVE?ANA SJEDNICA POVODOM DANA ULCINJA ULCINj- Dan op\u0161tine, kojim se simboli?no obilje\u017eava po?etak turisti?ke sezone, zavr\u0161etak berbe maslina, simbol\" \/>\n<meta property=\"og:url\" content=\"https:\/\/www.visit-ulcinj.com\/blog\/2009\/04\/06\/velika-razvojna-perspektiva-ulcinja\/\" \/>\n<meta property=\"og:site_name\" content=\"Lajme nga Ulqini\" \/>\n<meta property=\"article:published_time\" content=\"2009-04-06T17:17:58+00:00\" \/>\n<meta property=\"og:image\" content=\"http:\/\/www.visit-ulcinj.com\/blog\/wp-content\/uploads\/2009\/04\/gradonacelnik-ulcinja-gzim-hajdinaga4.jpg\" \/>\n<meta name=\"twitter:label1\" content=\"Written by\" \/>\n\t<meta name=\"twitter:data1\" content=\"ulqini\" \/>\n\t<meta name=\"twitter:label2\" content=\"Est. reading time\" \/>\n\t<meta name=\"twitter:data2\" content=\"4 minutes\" \/>\n<script type=\"application\/ld+json\" class=\"yoast-schema-graph\">{\"@context\":\"https:\/\/schema.org\",\"@graph\":[{\"@type\":\"WebSite\",\"@id\":\"https:\/\/www.visit-ulcinj.com\/blog\/#website\",\"url\":\"https:\/\/www.visit-ulcinj.com\/blog\/\",\"name\":\"Lajme nga Ulqini\",\"description\":\"Lajme,Vijesti,Ulqini,Ulqin,Crna Gora,Mali i Zi\",\"potentialAction\":[{\"@type\":\"SearchAction\",\"target\":{\"@type\":\"EntryPoint\",\"urlTemplate\":\"https:\/\/www.visit-ulcinj.com\/blog\/?s={search_term_string}\"},\"query-input\":\"required name=search_term_string\"}],\"inLanguage\":\"en-US\"},{\"@type\":\"ImageObject\",\"inLanguage\":\"en-US\",\"@id\":\"https:\/\/www.visit-ulcinj.com\/blog\/2009\/04\/06\/velika-razvojna-perspektiva-ulcinja\/#primaryimage\",\"url\":\"https:\/\/www.visit-ulcinj.com\/blog\/wp-content\/uploads\/2009\/04\/gradonacelnik-ulcinja-gzim-hajdinaga4.jpg\",\"contentUrl\":\"https:\/\/www.visit-ulcinj.com\/blog\/wp-content\/uploads\/2009\/04\/gradonacelnik-ulcinja-gzim-hajdinaga4.jpg\",\"width\":\"800\",\"height\":\"533\"},{\"@type\":\"WebPage\",\"@id\":\"https:\/\/www.visit-ulcinj.com\/blog\/2009\/04\/06\/velika-razvojna-perspektiva-ulcinja\/#webpage\",\"url\":\"https:\/\/www.visit-ulcinj.com\/blog\/2009\/04\/06\/velika-razvojna-perspektiva-ulcinja\/\",\"name\":\"Velika razvojna perspektiva Ulcinja - Lajme nga Ulqini\",\"isPartOf\":{\"@id\":\"https:\/\/www.visit-ulcinj.com\/blog\/#website\"},\"primaryImageOfPage\":{\"@id\":\"https:\/\/www.visit-ulcinj.com\/blog\/2009\/04\/06\/velika-razvojna-perspektiva-ulcinja\/#primaryimage\"},\"datePublished\":\"2009-04-06T17:17:58+00:00\",\"dateModified\":\"2009-04-06T17:17:58+00:00\",\"author\":{\"@id\":\"https:\/\/www.visit-ulcinj.com\/blog\/#\/schema\/person\/dcab619c614d3038751c63bc2aadc06d\"},\"description\":\"SVE?ANA SJEDNICA POVODOM DANA ULCINJA ULCINj- Dan op\u0161tine, kojim se simboli?no obilje\u017eava po?etak turisti?ke sezone, zavr\u0161etak berbe maslina, simbol\",\"breadcrumb\":{\"@id\":\"https:\/\/www.visit-ulcinj.com\/blog\/2009\/04\/06\/velika-razvojna-perspektiva-ulcinja\/#breadcrumb\"},\"inLanguage\":\"en-US\",\"potentialAction\":[{\"@type\":\"ReadAction\",\"target\":[\"https:\/\/www.visit-ulcinj.com\/blog\/2009\/04\/06\/velika-razvojna-perspektiva-ulcinja\/\"]}]},{\"@type\":\"BreadcrumbList\",\"@id\":\"https:\/\/www.visit-ulcinj.com\/blog\/2009\/04\/06\/velika-razvojna-perspektiva-ulcinja\/#breadcrumb\",\"itemListElement\":[{\"@type\":\"ListItem\",\"position\":1,\"name\":\"Velika razvojna perspektiva Ulcinja\"}]},{\"@type\":\"Person\",\"@id\":\"https:\/\/www.visit-ulcinj.com\/blog\/#\/schema\/person\/dcab619c614d3038751c63bc2aadc06d\",\"name\":\"ulqini\",\"sameAs\":[\"http:\/\/www.visit-ulcinj.com\"],\"url\":\"https:\/\/www.visit-ulcinj.com\/blog\/author\/admin\/\"}]}<\/script>\n<!-- \/ Yoast SEO plugin. -->","yoast_head_json":{"title":"Velika razvojna perspektiva Ulcinja - Lajme nga Ulqini","description":"SVE?ANA SJEDNICA POVODOM DANA ULCINJA ULCINj- Dan op\u0161tine, kojim se simboli?no obilje\u017eava po?etak turisti?ke sezone, zavr\u0161etak berbe maslina, simbol","robots":{"index":"index","follow":"follow","max-snippet":"max-snippet:-1","max-image-preview":"max-image-preview:large","max-video-preview":"max-video-preview:-1"},"canonical":"https:\/\/www.visit-ulcinj.com\/blog\/2009\/04\/06\/velika-razvojna-perspektiva-ulcinja\/","og_locale":"en_US","og_type":"article","og_title":"Velika razvojna perspektiva Ulcinja - Lajme nga Ulqini","og_description":"SVE?ANA SJEDNICA POVODOM DANA ULCINJA ULCINj- Dan op\u0161tine, kojim se simboli?no obilje\u017eava po?etak turisti?ke sezone, zavr\u0161etak berbe maslina, simbol","og_url":"https:\/\/www.visit-ulcinj.com\/blog\/2009\/04\/06\/velika-razvojna-perspektiva-ulcinja\/","og_site_name":"Lajme nga Ulqini","article_published_time":"2009-04-06T17:17:58+00:00","og_image":[{"url":"http:\/\/www.visit-ulcinj.com\/blog\/wp-content\/uploads\/2009\/04\/gradonacelnik-ulcinja-gzim-hajdinaga4.jpg"}],"twitter_misc":{"Written by":"ulqini","Est. reading time":"4 minutes"},"schema":{"@context":"https:\/\/schema.org","@graph":[{"@type":"WebSite","@id":"https:\/\/www.visit-ulcinj.com\/blog\/#website","url":"https:\/\/www.visit-ulcinj.com\/blog\/","name":"Lajme nga Ulqini","description":"Lajme,Vijesti,Ulqini,Ulqin,Crna Gora,Mali i Zi","potentialAction":[{"@type":"SearchAction","target":{"@type":"EntryPoint","urlTemplate":"https:\/\/www.visit-ulcinj.com\/blog\/?s={search_term_string}"},"query-input":"required name=search_term_string"}],"inLanguage":"en-US"},{"@type":"ImageObject","inLanguage":"en-US","@id":"https:\/\/www.visit-ulcinj.com\/blog\/2009\/04\/06\/velika-razvojna-perspektiva-ulcinja\/#primaryimage","url":"https:\/\/www.visit-ulcinj.com\/blog\/wp-content\/uploads\/2009\/04\/gradonacelnik-ulcinja-gzim-hajdinaga4.jpg","contentUrl":"https:\/\/www.visit-ulcinj.com\/blog\/wp-content\/uploads\/2009\/04\/gradonacelnik-ulcinja-gzim-hajdinaga4.jpg","width":"800","height":"533"},{"@type":"WebPage","@id":"https:\/\/www.visit-ulcinj.com\/blog\/2009\/04\/06\/velika-razvojna-perspektiva-ulcinja\/#webpage","url":"https:\/\/www.visit-ulcinj.com\/blog\/2009\/04\/06\/velika-razvojna-perspektiva-ulcinja\/","name":"Velika razvojna perspektiva Ulcinja - Lajme nga Ulqini","isPartOf":{"@id":"https:\/\/www.visit-ulcinj.com\/blog\/#website"},"primaryImageOfPage":{"@id":"https:\/\/www.visit-ulcinj.com\/blog\/2009\/04\/06\/velika-razvojna-perspektiva-ulcinja\/#primaryimage"},"datePublished":"2009-04-06T17:17:58+00:00","dateModified":"2009-04-06T17:17:58+00:00","author":{"@id":"https:\/\/www.visit-ulcinj.com\/blog\/#\/schema\/person\/dcab619c614d3038751c63bc2aadc06d"},"description":"SVE?ANA SJEDNICA POVODOM DANA ULCINJA ULCINj- Dan op\u0161tine, kojim se simboli?no obilje\u017eava po?etak turisti?ke sezone, zavr\u0161etak berbe maslina, simbol","breadcrumb":{"@id":"https:\/\/www.visit-ulcinj.com\/blog\/2009\/04\/06\/velika-razvojna-perspektiva-ulcinja\/#breadcrumb"},"inLanguage":"en-US","potentialAction":[{"@type":"ReadAction","target":["https:\/\/www.visit-ulcinj.com\/blog\/2009\/04\/06\/velika-razvojna-perspektiva-ulcinja\/"]}]},{"@type":"BreadcrumbList","@id":"https:\/\/www.visit-ulcinj.com\/blog\/2009\/04\/06\/velika-razvojna-perspektiva-ulcinja\/#breadcrumb","itemListElement":[{"@type":"ListItem","position":1,"name":"Velika razvojna perspektiva Ulcinja"}]},{"@type":"Person","@id":"https:\/\/www.visit-ulcinj.com\/blog\/#\/schema\/person\/dcab619c614d3038751c63bc2aadc06d","name":"ulqini","sameAs":["http:\/\/www.visit-ulcinj.com"],"url":"https:\/\/www.visit-ulcinj.com\/blog\/author\/admin\/"}]}},"jetpack_featured_media_url":"","jetpack_sharing_enabled":true,"jetpack_shortlink":"https:\/\/wp.me\/pe6lTn-4nA","_links":{"self":[{"href":"https:\/\/www.visit-ulcinj.com\/blog\/wp-json\/wp\/v2\/posts\/16838"}],"collection":[{"href":"https:\/\/www.visit-ulcinj.com\/blog\/wp-json\/wp\/v2\/posts"}],"about":[{"href":"https:\/\/www.visit-ulcinj.com\/blog\/wp-json\/wp\/v2\/types\/post"}],"author":[{"embeddable":true,"href":"https:\/\/www.visit-ulcinj.com\/blog\/wp-json\/wp\/v2\/users\/1"}],"replies":[{"embeddable":true,"href":"https:\/\/www.visit-ulcinj.com\/blog\/wp-json\/wp\/v2\/comments?post=16838"}],"version-history":[{"count":0,"href":"https:\/\/www.visit-ulcinj.com\/blog\/wp-json\/wp\/v2\/posts\/16838\/revisions"}],"wp:attachment":[{"href":"https:\/\/www.visit-ulcinj.com\/blog\/wp-json\/wp\/v2\/media?parent=16838"}],"wp:term":[{"taxonomy":"category","embeddable":true,"href":"https:\/\/www.visit-ulcinj.com\/blog\/wp-json\/wp\/v2\/categories?post=16838"},{"taxonomy":"post_tag","embeddable":true,"href":"https:\/\/www.visit-ulcinj.com\/blog\/wp-json\/wp\/v2\/tags?post=16838"}],"curies":[{"name":"wp","href":"https:\/\/api.w.org\/{rel}","templated":true}]}}