{"id":16853,"date":"2009-04-06T23:09:56","date_gmt":"2009-04-06T21:09:56","guid":{"rendered":"http:\/\/www.visit-ulcinj.com\/blog\/?p=16853"},"modified":"2009-04-06T23:09:56","modified_gmt":"2009-04-06T21:09:56","slug":"te-nominuarit-e-javes","status":"publish","type":"post","link":"https:\/\/www.visit-ulcinj.com\/blog\/2009\/04\/06\/te-nominuarit-e-javes\/","title":{"rendered":"T\u00eb nominuarit e jav\u00ebs"},"content":{"rendered":"<p><em><span class=\"newsdate\"><a href=\"http:\/\/www.visit-ulcinj.com\/blog\/wp-content\/uploads\/2009\/04\/luana-arjonibjordi-copy.jpg\"><img loading=\"lazy\" class=\"alignleft size-full wp-image-16854\" title=\"luana-arjonibjordi-big-brother-albania-2\" src=\"http:\/\/www.visit-ulcinj.com\/blog\/wp-content\/uploads\/2009\/04\/luana-arjonibjordi-copy.jpg\" alt=\"luana-arjonibjordi-big-brother-albania-2\" width=\"300\" height=\"205\" \/><\/a>04\/04\/09 23:45<\/span><\/em><\/p>\n<p>T\u00eb nominuarit e k\u00ebsaj jave kan\u00eb qen\u00eb Aida, Anjeza, Bjordi, Dritani dhe Mimoza. P\u00ebrsa i v\u00ebshtir\u00eb, ky moment u kthye edhe n\u00eb nj\u00eb situat\u00eb plot t\u00eb qeshura. Banor\u00ebve u \u00ebsht\u00eb k\u00ebrkuar t\u00eb dalin jasht\u00eb n\u00eb oborr, ku i priste Luana, nj\u00eb nga velinat e programit Fiks Fare, buz\u00eb pishin\u00ebs t\u00eb sapohapur p\u00ebr banor\u00ebt. Kjo ishte nj\u00eb surpriz\u00eb p\u00ebr ta nga v\u00ebllai i Madh. Disa prej tyre nuk kan\u00eb pritur, por jan\u00eb zhveshur menj\u00ebher\u00eb. Sipas rregullit, banori i nominuar, duhet t\u00eb hidhej brenda n\u00eb uj\u00eb, por ata u hodh\u00ebn vet, pothuajse t\u00eb gjith\u00eb, me p\u00ebrjashtim t\u00eb Adelajdes. Por edhe ajo nuk arriti t\u00eb shp\u00ebtoj\u00eb, pasi V\u00ebllai i Madh i k\u00ebrkoi t\u00eb bashkohej me t\u00eb tjer\u00ebt. N\u00eb fund, me shoq\u00ebrimin e Arjonit dhe Bjordit, n\u00eb pishin\u00eb u hodh edhe Luana.<\/p>\n","protected":false},"excerpt":{"rendered":"<p>04\/04\/09 23:45 T\u00eb nominuarit e k\u00ebsaj jave kan\u00eb qen\u00eb Aida, Anjeza, Bjordi, Dritani dhe Mimoza. P\u00ebrsa i v\u00ebshtir\u00eb, ky moment u kthye edhe n\u00eb nj\u00eb situat\u00eb plot t\u00eb qeshura. Banor\u00ebve u \u00ebsht\u00eb k\u00ebrkuar t\u00eb dalin jasht\u00eb n\u00eb oborr, ku i priste Luana, nj\u00eb nga velinat e programit Fiks Fare, buz\u00eb pishin\u00ebs t\u00eb sapohapur p\u00ebr banor\u00ebt. [&hellip;]<\/p>\n","protected":false},"author":1,"featured_media":0,"comment_status":"open","ping_status":"closed","sticky":false,"template":"","format":"standard","meta":{"spay_email":"","jetpack_publicize_message":"","jetpack_is_tweetstorm":false,"jetpack_publicize_feature_enabled":true},"categories":[6502],"tags":[6529,5057,6506,6516,6712,7129,6522,6521,6544,8276,6891,6693,6887],"jetpack_publicize_connections":[],"yoast_head":"<!-- This site is optimized with the Yoast SEO plugin v19.1 - https:\/\/yoast.com\/wordpress\/plugins\/seo\/ -->\n<title>T\u00c3\u00ab nominuarit e jav\u00c3\u00abs | Big Brother Albania 2<\/title>\n<meta name=\"description\" content=\"Big Brother Albania 2 - T\u00c3\u00ab nominuarit e k\u00c3\u00absaj jave kan\u00c3\u00ab qen\u00c3\u00ab Aida, Anjeza, Bjordi, Dritani dhe Mimoza. P\u00c3\u00abrsa i v\u00c3\u00abshtir\u00c3\u00ab, ky moment u kthye edhe n\u00c3\u00ab nj\u00c3\u00ab situat\u00c3\u00ab plot t\u00c3\u00ab qeshura.\" \/>\n<meta name=\"robots\" content=\"index, follow, max-snippet:-1, max-image-preview:large, max-video-preview:-1\" \/>\n<link rel=\"canonical\" href=\"https:\/\/www.visit-ulcinj.com\/blog\/2009\/04\/06\/te-nominuarit-e-javes\/\" \/>\n<meta property=\"og:locale\" content=\"en_US\" \/>\n<meta property=\"og:type\" content=\"article\" \/>\n<meta property=\"og:title\" content=\"T\u00c3\u00ab nominuarit e jav\u00c3\u00abs | Big Brother Albania 2\" \/>\n<meta property=\"og:description\" content=\"Big Brother Albania 2 - T\u00c3\u00ab nominuarit e k\u00c3\u00absaj jave kan\u00c3\u00ab qen\u00c3\u00ab Aida, Anjeza, Bjordi, Dritani dhe Mimoza. P\u00c3\u00abrsa i v\u00c3\u00abshtir\u00c3\u00ab, ky moment u kthye edhe n\u00c3\u00ab nj\u00c3\u00ab situat\u00c3\u00ab plot t\u00c3\u00ab qeshura.\" \/>\n<meta property=\"og:url\" content=\"https:\/\/www.visit-ulcinj.com\/blog\/2009\/04\/06\/te-nominuarit-e-javes\/\" \/>\n<meta property=\"og:site_name\" content=\"Lajme nga Ulqini\" \/>\n<meta property=\"article:published_time\" content=\"2009-04-06T21:09:56+00:00\" \/>\n<meta property=\"og:image\" content=\"http:\/\/www.visit-ulcinj.com\/blog\/wp-content\/uploads\/2009\/04\/luana-arjonibjordi-copy.jpg\" \/>\n<meta name=\"twitter:label1\" content=\"Written by\" \/>\n\t<meta name=\"twitter:data1\" content=\"ulqini\" \/>\n\t<meta name=\"twitter:label2\" content=\"Est. reading time\" \/>\n\t<meta name=\"twitter:data2\" content=\"1 minute\" \/>\n<script type=\"application\/ld+json\" class=\"yoast-schema-graph\">{\"@context\":\"https:\/\/schema.org\",\"@graph\":[{\"@type\":\"WebSite\",\"@id\":\"https:\/\/www.visit-ulcinj.com\/blog\/#website\",\"url\":\"https:\/\/www.visit-ulcinj.com\/blog\/\",\"name\":\"Lajme nga Ulqini\",\"description\":\"Lajme,Vijesti,Ulqini,Ulqin,Crna Gora,Mali i Zi\",\"potentialAction\":[{\"@type\":\"SearchAction\",\"target\":{\"@type\":\"EntryPoint\",\"urlTemplate\":\"https:\/\/www.visit-ulcinj.com\/blog\/?s={search_term_string}\"},\"query-input\":\"required name=search_term_string\"}],\"inLanguage\":\"en-US\"},{\"@type\":\"ImageObject\",\"inLanguage\":\"en-US\",\"@id\":\"https:\/\/www.visit-ulcinj.com\/blog\/2009\/04\/06\/te-nominuarit-e-javes\/#primaryimage\",\"url\":\"http:\/\/www.visit-ulcinj.com\/blog\/wp-content\/uploads\/2009\/04\/luana-arjonibjordi-copy.jpg\",\"contentUrl\":\"http:\/\/www.visit-ulcinj.com\/blog\/wp-content\/uploads\/2009\/04\/luana-arjonibjordi-copy.jpg\"},{\"@type\":\"WebPage\",\"@id\":\"https:\/\/www.visit-ulcinj.com\/blog\/2009\/04\/06\/te-nominuarit-e-javes\/#webpage\",\"url\":\"https:\/\/www.visit-ulcinj.com\/blog\/2009\/04\/06\/te-nominuarit-e-javes\/\",\"name\":\"T\u00c3\u00ab nominuarit e jav\u00c3\u00abs | Big Brother Albania 2\",\"isPartOf\":{\"@id\":\"https:\/\/www.visit-ulcinj.com\/blog\/#website\"},\"primaryImageOfPage\":{\"@id\":\"https:\/\/www.visit-ulcinj.com\/blog\/2009\/04\/06\/te-nominuarit-e-javes\/#primaryimage\"},\"datePublished\":\"2009-04-06T21:09:56+00:00\",\"dateModified\":\"2009-04-06T21:09:56+00:00\",\"author\":{\"@id\":\"https:\/\/www.visit-ulcinj.com\/blog\/#\/schema\/person\/dcab619c614d3038751c63bc2aadc06d\"},\"description\":\"Big Brother Albania 2 - T\u00c3\u00ab nominuarit e k\u00c3\u00absaj jave kan\u00c3\u00ab qen\u00c3\u00ab Aida, Anjeza, Bjordi, Dritani dhe Mimoza. P\u00c3\u00abrsa i v\u00c3\u00abshtir\u00c3\u00ab, ky moment u kthye edhe n\u00c3\u00ab nj\u00c3\u00ab situat\u00c3\u00ab plot t\u00c3\u00ab qeshura.\",\"breadcrumb\":{\"@id\":\"https:\/\/www.visit-ulcinj.com\/blog\/2009\/04\/06\/te-nominuarit-e-javes\/#breadcrumb\"},\"inLanguage\":\"en-US\",\"potentialAction\":[{\"@type\":\"ReadAction\",\"target\":[\"https:\/\/www.visit-ulcinj.com\/blog\/2009\/04\/06\/te-nominuarit-e-javes\/\"]}]},{\"@type\":\"BreadcrumbList\",\"@id\":\"https:\/\/www.visit-ulcinj.com\/blog\/2009\/04\/06\/te-nominuarit-e-javes\/#breadcrumb\",\"itemListElement\":[{\"@type\":\"ListItem\",\"position\":1,\"name\":\"T\u00eb nominuarit e jav\u00ebs\"}]},{\"@type\":\"Person\",\"@id\":\"https:\/\/www.visit-ulcinj.com\/blog\/#\/schema\/person\/dcab619c614d3038751c63bc2aadc06d\",\"name\":\"ulqini\",\"sameAs\":[\"http:\/\/www.visit-ulcinj.com\"],\"url\":\"https:\/\/www.visit-ulcinj.com\/blog\/author\/admin\/\"}]}<\/script>\n<!-- \/ Yoast SEO plugin. -->","yoast_head_json":{"title":"T\u00c3\u00ab nominuarit e jav\u00c3\u00abs | Big Brother Albania 2","description":"Big Brother Albania 2 - T\u00c3\u00ab nominuarit e k\u00c3\u00absaj jave kan\u00c3\u00ab qen\u00c3\u00ab Aida, Anjeza, Bjordi, Dritani dhe Mimoza. P\u00c3\u00abrsa i v\u00c3\u00abshtir\u00c3\u00ab, ky moment u kthye edhe n\u00c3\u00ab nj\u00c3\u00ab situat\u00c3\u00ab plot t\u00c3\u00ab qeshura.","robots":{"index":"index","follow":"follow","max-snippet":"max-snippet:-1","max-image-preview":"max-image-preview:large","max-video-preview":"max-video-preview:-1"},"canonical":"https:\/\/www.visit-ulcinj.com\/blog\/2009\/04\/06\/te-nominuarit-e-javes\/","og_locale":"en_US","og_type":"article","og_title":"T\u00c3\u00ab nominuarit e jav\u00c3\u00abs | Big Brother Albania 2","og_description":"Big Brother Albania 2 - T\u00c3\u00ab nominuarit e k\u00c3\u00absaj jave kan\u00c3\u00ab qen\u00c3\u00ab Aida, Anjeza, Bjordi, Dritani dhe Mimoza. P\u00c3\u00abrsa i v\u00c3\u00abshtir\u00c3\u00ab, ky moment u kthye edhe n\u00c3\u00ab nj\u00c3\u00ab situat\u00c3\u00ab plot t\u00c3\u00ab qeshura.","og_url":"https:\/\/www.visit-ulcinj.com\/blog\/2009\/04\/06\/te-nominuarit-e-javes\/","og_site_name":"Lajme nga Ulqini","article_published_time":"2009-04-06T21:09:56+00:00","og_image":[{"url":"http:\/\/www.visit-ulcinj.com\/blog\/wp-content\/uploads\/2009\/04\/luana-arjonibjordi-copy.jpg"}],"twitter_misc":{"Written by":"ulqini","Est. reading time":"1 minute"},"schema":{"@context":"https:\/\/schema.org","@graph":[{"@type":"WebSite","@id":"https:\/\/www.visit-ulcinj.com\/blog\/#website","url":"https:\/\/www.visit-ulcinj.com\/blog\/","name":"Lajme nga Ulqini","description":"Lajme,Vijesti,Ulqini,Ulqin,Crna Gora,Mali i Zi","potentialAction":[{"@type":"SearchAction","target":{"@type":"EntryPoint","urlTemplate":"https:\/\/www.visit-ulcinj.com\/blog\/?s={search_term_string}"},"query-input":"required name=search_term_string"}],"inLanguage":"en-US"},{"@type":"ImageObject","inLanguage":"en-US","@id":"https:\/\/www.visit-ulcinj.com\/blog\/2009\/04\/06\/te-nominuarit-e-javes\/#primaryimage","url":"http:\/\/www.visit-ulcinj.com\/blog\/wp-content\/uploads\/2009\/04\/luana-arjonibjordi-copy.jpg","contentUrl":"http:\/\/www.visit-ulcinj.com\/blog\/wp-content\/uploads\/2009\/04\/luana-arjonibjordi-copy.jpg"},{"@type":"WebPage","@id":"https:\/\/www.visit-ulcinj.com\/blog\/2009\/04\/06\/te-nominuarit-e-javes\/#webpage","url":"https:\/\/www.visit-ulcinj.com\/blog\/2009\/04\/06\/te-nominuarit-e-javes\/","name":"T\u00c3\u00ab nominuarit e jav\u00c3\u00abs | Big Brother Albania 2","isPartOf":{"@id":"https:\/\/www.visit-ulcinj.com\/blog\/#website"},"primaryImageOfPage":{"@id":"https:\/\/www.visit-ulcinj.com\/blog\/2009\/04\/06\/te-nominuarit-e-javes\/#primaryimage"},"datePublished":"2009-04-06T21:09:56+00:00","dateModified":"2009-04-06T21:09:56+00:00","author":{"@id":"https:\/\/www.visit-ulcinj.com\/blog\/#\/schema\/person\/dcab619c614d3038751c63bc2aadc06d"},"description":"Big Brother Albania 2 - T\u00c3\u00ab nominuarit e k\u00c3\u00absaj jave kan\u00c3\u00ab qen\u00c3\u00ab Aida, Anjeza, Bjordi, Dritani dhe Mimoza. P\u00c3\u00abrsa i v\u00c3\u00abshtir\u00c3\u00ab, ky moment u kthye edhe n\u00c3\u00ab nj\u00c3\u00ab situat\u00c3\u00ab plot t\u00c3\u00ab qeshura.","breadcrumb":{"@id":"https:\/\/www.visit-ulcinj.com\/blog\/2009\/04\/06\/te-nominuarit-e-javes\/#breadcrumb"},"inLanguage":"en-US","potentialAction":[{"@type":"ReadAction","target":["https:\/\/www.visit-ulcinj.com\/blog\/2009\/04\/06\/te-nominuarit-e-javes\/"]}]},{"@type":"BreadcrumbList","@id":"https:\/\/www.visit-ulcinj.com\/blog\/2009\/04\/06\/te-nominuarit-e-javes\/#breadcrumb","itemListElement":[{"@type":"ListItem","position":1,"name":"T\u00eb nominuarit e jav\u00ebs"}]},{"@type":"Person","@id":"https:\/\/www.visit-ulcinj.com\/blog\/#\/schema\/person\/dcab619c614d3038751c63bc2aadc06d","name":"ulqini","sameAs":["http:\/\/www.visit-ulcinj.com"],"url":"https:\/\/www.visit-ulcinj.com\/blog\/author\/admin\/"}]}},"jetpack_featured_media_url":"","jetpack_sharing_enabled":true,"jetpack_shortlink":"https:\/\/wp.me\/pe6lTn-4nP","_links":{"self":[{"href":"https:\/\/www.visit-ulcinj.com\/blog\/wp-json\/wp\/v2\/posts\/16853"}],"collection":[{"href":"https:\/\/www.visit-ulcinj.com\/blog\/wp-json\/wp\/v2\/posts"}],"about":[{"href":"https:\/\/www.visit-ulcinj.com\/blog\/wp-json\/wp\/v2\/types\/post"}],"author":[{"embeddable":true,"href":"https:\/\/www.visit-ulcinj.com\/blog\/wp-json\/wp\/v2\/users\/1"}],"replies":[{"embeddable":true,"href":"https:\/\/www.visit-ulcinj.com\/blog\/wp-json\/wp\/v2\/comments?post=16853"}],"version-history":[{"count":0,"href":"https:\/\/www.visit-ulcinj.com\/blog\/wp-json\/wp\/v2\/posts\/16853\/revisions"}],"wp:attachment":[{"href":"https:\/\/www.visit-ulcinj.com\/blog\/wp-json\/wp\/v2\/media?parent=16853"}],"wp:term":[{"taxonomy":"category","embeddable":true,"href":"https:\/\/www.visit-ulcinj.com\/blog\/wp-json\/wp\/v2\/categories?post=16853"},{"taxonomy":"post_tag","embeddable":true,"href":"https:\/\/www.visit-ulcinj.com\/blog\/wp-json\/wp\/v2\/tags?post=16853"}],"curies":[{"name":"wp","href":"https:\/\/api.w.org\/{rel}","templated":true}]}}