{"id":16856,"date":"2009-04-06T23:12:33","date_gmt":"2009-04-06T21:12:33","guid":{"rendered":"http:\/\/www.visit-ulcinj.com\/blog\/?p=16856"},"modified":"2009-04-06T23:12:33","modified_gmt":"2009-04-06T21:12:33","slug":"tre-banore-te-rinj-ne-shtepi","status":"publish","type":"post","link":"https:\/\/www.visit-ulcinj.com\/blog\/2009\/04\/06\/tre-banore-te-rinj-ne-shtepi\/","title":{"rendered":"Tre banor\u00eb t\u00eb rinj n\u00eb sht\u00ebpi"},"content":{"rendered":"<p><em><span class=\"newsdate\"><a href=\"http:\/\/www.visit-ulcinj.com\/blog\/wp-content\/uploads\/2009\/04\/banoret-e-rinj.jpg\"><img loading=\"lazy\" class=\"alignleft size-full wp-image-16857\" title=\"banoret-e-rinj-big-brother-albania-2\" src=\"http:\/\/www.visit-ulcinj.com\/blog\/wp-content\/uploads\/2009\/04\/banoret-e-rinj.jpg\" alt=\"banoret-e-rinj-big-brother-albania-2\" width=\"300\" height=\"205\" \/><\/a>05\/04\/09 00:00<\/span><\/em><\/p>\n<p>Nj\u00eb tjet\u00ebr surpriz\u00eb, jo fort e k\u00ebndshme k\u00ebsaj rradhe, iu b\u00eb banor\u00ebve t\u00eb sht\u00ebpis\u00eb nga V\u00ebllai i Madh. Tre banor\u00eb t\u00eb tjer\u00eb i jan\u00eb shtuar sht\u00ebpis\u00eb m\u00eb t\u00eb famshme e m\u00eb t\u00eb v\u00ebzhguar t\u00eb Shqip\u00ebris\u00eb, Juna, Arjani dhe Eltoni. Banor\u00ebt \u201ce vjet\u00ebr\u201d nuk u duk\u00ebn shum\u00eb entuziast\u00eb n\u00eb lidhje me hyrjen e tyre dhe t\u00eb pyetur nga Arbana, sesi e p\u00ebrjetuan k\u00ebt\u00eb gj\u00eb, ata nuk i kursyen komentet. Por nuk mbaronte k\u00ebtu. V\u00ebllai i Madh kishte vendosur q\u00eb banor\u00ebt e rinj, Ani, Anjeza, Arjani, Eltioni dhe Juna do t\u00eb flinin s\u00ebbashku n\u00eb nj\u00eb nga dhomat e gjumit dhe banor\u00ebt e vjet\u00ebr n\u00eb tjetr\u00ebn. Por, dy prej k\u00ebtyre t\u00eb fundit, p\u00ebr munges\u00eb krevatesh n\u00eb dhom\u00ebn e tyre, duhet t\u00eb kalonin tek t\u00eb rinjt\u00eb. V\u00ebllai i Madh i la ta vendosnin vet\u00eb se kush do t\u00eb ishte dhe ata q\u00eb u ofruan ishin Bjordi dhe Arjoni.<\/p>\n","protected":false},"excerpt":{"rendered":"<p>05\/04\/09 00:00 Nj\u00eb tjet\u00ebr surpriz\u00eb, jo fort e k\u00ebndshme k\u00ebsaj rradhe, iu b\u00eb banor\u00ebve t\u00eb sht\u00ebpis\u00eb nga V\u00ebllai i Madh. Tre banor\u00eb t\u00eb tjer\u00eb i jan\u00eb shtuar sht\u00ebpis\u00eb m\u00eb t\u00eb famshme e m\u00eb t\u00eb v\u00ebzhguar t\u00eb Shqip\u00ebris\u00eb, Juna, Arjani dhe Eltoni. Banor\u00ebt \u201ce vjet\u00ebr\u201d nuk u duk\u00ebn shum\u00eb entuziast\u00eb n\u00eb lidhje me hyrjen e tyre [&hellip;]<\/p>\n","protected":false},"author":1,"featured_media":0,"comment_status":"open","ping_status":"closed","sticky":false,"template":"","format":"standard","meta":{"spay_email":"","jetpack_publicize_message":"","jetpack_is_tweetstorm":false,"jetpack_publicize_feature_enabled":true},"categories":[6502],"tags":[8775,5057,6506,6516,6712,7129,8776,1442,8774,6891,6693,6887,8773],"jetpack_publicize_connections":[],"yoast_head":"<!-- This site is optimized with the Yoast SEO plugin v19.1 - https:\/\/yoast.com\/wordpress\/plugins\/seo\/ -->\n<title>Tre banor\u00c3\u00ab t\u00c3\u00ab rinj n\u00c3\u00ab sht\u00c3\u00abpi | Big Brother Albania 2<\/title>\n<meta name=\"description\" content=\"Big Brother Albania 2 - Nj\u00c3\u00ab tjet\u00c3\u00abr surpriz\u00c3\u00ab, jo fort e k\u00c3\u00abndshme k\u00c3\u00absaj rradhe, iu b\u00c3\u00ab banor\u00c3\u00abve t\u00c3\u00ab sht\u00c3\u00abpis\u00c3\u00ab nga V\u00c3\u00abllai i Madh. Tre banor\u00c3\u00ab t\u00c3\u00ab tjer\u00c3\u00ab i jan\u00c3\u00ab shtuar sht\u00c3\u00abpis\u00c3\u00ab m\u00c3\u00ab t\u00c3\u00ab famshme e m\u00c3\u00ab t\u00c3\u00ab v\u00c3\u00abzhguar t\u00c3\u00ab Shqip\u00c3\u00abris\u00c3\u00ab\" \/>\n<meta name=\"robots\" content=\"index, follow, max-snippet:-1, max-image-preview:large, max-video-preview:-1\" \/>\n<link rel=\"canonical\" href=\"https:\/\/www.visit-ulcinj.com\/blog\/2009\/04\/06\/tre-banore-te-rinj-ne-shtepi\/\" \/>\n<meta property=\"og:locale\" content=\"en_US\" \/>\n<meta property=\"og:type\" content=\"article\" \/>\n<meta property=\"og:title\" content=\"Tre banor\u00c3\u00ab t\u00c3\u00ab rinj n\u00c3\u00ab sht\u00c3\u00abpi | Big Brother Albania 2\" \/>\n<meta property=\"og:description\" content=\"Big Brother Albania 2 - Nj\u00c3\u00ab tjet\u00c3\u00abr surpriz\u00c3\u00ab, jo fort e k\u00c3\u00abndshme k\u00c3\u00absaj rradhe, iu b\u00c3\u00ab banor\u00c3\u00abve t\u00c3\u00ab sht\u00c3\u00abpis\u00c3\u00ab nga V\u00c3\u00abllai i Madh. Tre banor\u00c3\u00ab t\u00c3\u00ab tjer\u00c3\u00ab i jan\u00c3\u00ab shtuar sht\u00c3\u00abpis\u00c3\u00ab m\u00c3\u00ab t\u00c3\u00ab famshme e m\u00c3\u00ab t\u00c3\u00ab v\u00c3\u00abzhguar t\u00c3\u00ab Shqip\u00c3\u00abris\u00c3\u00ab\" \/>\n<meta property=\"og:url\" content=\"https:\/\/www.visit-ulcinj.com\/blog\/2009\/04\/06\/tre-banore-te-rinj-ne-shtepi\/\" \/>\n<meta property=\"og:site_name\" content=\"Lajme nga Ulqini\" \/>\n<meta property=\"article:published_time\" content=\"2009-04-06T21:12:33+00:00\" \/>\n<meta property=\"og:image\" content=\"http:\/\/www.visit-ulcinj.com\/blog\/wp-content\/uploads\/2009\/04\/banoret-e-rinj.jpg\" \/>\n<meta name=\"twitter:label1\" content=\"Written by\" \/>\n\t<meta name=\"twitter:data1\" content=\"ulqini\" \/>\n\t<meta name=\"twitter:label2\" content=\"Est. reading time\" \/>\n\t<meta name=\"twitter:data2\" content=\"1 minute\" \/>\n<script type=\"application\/ld+json\" class=\"yoast-schema-graph\">{\"@context\":\"https:\/\/schema.org\",\"@graph\":[{\"@type\":\"WebSite\",\"@id\":\"https:\/\/www.visit-ulcinj.com\/blog\/#website\",\"url\":\"https:\/\/www.visit-ulcinj.com\/blog\/\",\"name\":\"Lajme nga Ulqini\",\"description\":\"Lajme,Vijesti,Ulqini,Ulqin,Crna Gora,Mali i Zi\",\"potentialAction\":[{\"@type\":\"SearchAction\",\"target\":{\"@type\":\"EntryPoint\",\"urlTemplate\":\"https:\/\/www.visit-ulcinj.com\/blog\/?s={search_term_string}\"},\"query-input\":\"required name=search_term_string\"}],\"inLanguage\":\"en-US\"},{\"@type\":\"ImageObject\",\"inLanguage\":\"en-US\",\"@id\":\"https:\/\/www.visit-ulcinj.com\/blog\/2009\/04\/06\/tre-banore-te-rinj-ne-shtepi\/#primaryimage\",\"url\":\"http:\/\/www.visit-ulcinj.com\/blog\/wp-content\/uploads\/2009\/04\/banoret-e-rinj.jpg\",\"contentUrl\":\"http:\/\/www.visit-ulcinj.com\/blog\/wp-content\/uploads\/2009\/04\/banoret-e-rinj.jpg\"},{\"@type\":\"WebPage\",\"@id\":\"https:\/\/www.visit-ulcinj.com\/blog\/2009\/04\/06\/tre-banore-te-rinj-ne-shtepi\/#webpage\",\"url\":\"https:\/\/www.visit-ulcinj.com\/blog\/2009\/04\/06\/tre-banore-te-rinj-ne-shtepi\/\",\"name\":\"Tre banor\u00c3\u00ab t\u00c3\u00ab rinj n\u00c3\u00ab sht\u00c3\u00abpi | Big Brother Albania 2\",\"isPartOf\":{\"@id\":\"https:\/\/www.visit-ulcinj.com\/blog\/#website\"},\"primaryImageOfPage\":{\"@id\":\"https:\/\/www.visit-ulcinj.com\/blog\/2009\/04\/06\/tre-banore-te-rinj-ne-shtepi\/#primaryimage\"},\"datePublished\":\"2009-04-06T21:12:33+00:00\",\"dateModified\":\"2009-04-06T21:12:33+00:00\",\"author\":{\"@id\":\"https:\/\/www.visit-ulcinj.com\/blog\/#\/schema\/person\/dcab619c614d3038751c63bc2aadc06d\"},\"description\":\"Big Brother Albania 2 - Nj\u00c3\u00ab tjet\u00c3\u00abr surpriz\u00c3\u00ab, jo fort e k\u00c3\u00abndshme k\u00c3\u00absaj rradhe, iu b\u00c3\u00ab banor\u00c3\u00abve t\u00c3\u00ab sht\u00c3\u00abpis\u00c3\u00ab nga V\u00c3\u00abllai i Madh. Tre banor\u00c3\u00ab t\u00c3\u00ab tjer\u00c3\u00ab i jan\u00c3\u00ab shtuar sht\u00c3\u00abpis\u00c3\u00ab m\u00c3\u00ab t\u00c3\u00ab famshme e m\u00c3\u00ab t\u00c3\u00ab v\u00c3\u00abzhguar t\u00c3\u00ab Shqip\u00c3\u00abris\u00c3\u00ab\",\"breadcrumb\":{\"@id\":\"https:\/\/www.visit-ulcinj.com\/blog\/2009\/04\/06\/tre-banore-te-rinj-ne-shtepi\/#breadcrumb\"},\"inLanguage\":\"en-US\",\"potentialAction\":[{\"@type\":\"ReadAction\",\"target\":[\"https:\/\/www.visit-ulcinj.com\/blog\/2009\/04\/06\/tre-banore-te-rinj-ne-shtepi\/\"]}]},{\"@type\":\"BreadcrumbList\",\"@id\":\"https:\/\/www.visit-ulcinj.com\/blog\/2009\/04\/06\/tre-banore-te-rinj-ne-shtepi\/#breadcrumb\",\"itemListElement\":[{\"@type\":\"ListItem\",\"position\":1,\"name\":\"Tre banor\u00eb t\u00eb rinj n\u00eb sht\u00ebpi\"}]},{\"@type\":\"Person\",\"@id\":\"https:\/\/www.visit-ulcinj.com\/blog\/#\/schema\/person\/dcab619c614d3038751c63bc2aadc06d\",\"name\":\"ulqini\",\"sameAs\":[\"http:\/\/www.visit-ulcinj.com\"],\"url\":\"https:\/\/www.visit-ulcinj.com\/blog\/author\/admin\/\"}]}<\/script>\n<!-- \/ Yoast SEO plugin. -->","yoast_head_json":{"title":"Tre banor\u00c3\u00ab t\u00c3\u00ab rinj n\u00c3\u00ab sht\u00c3\u00abpi | Big Brother Albania 2","description":"Big Brother Albania 2 - Nj\u00c3\u00ab tjet\u00c3\u00abr surpriz\u00c3\u00ab, jo fort e k\u00c3\u00abndshme k\u00c3\u00absaj rradhe, iu b\u00c3\u00ab banor\u00c3\u00abve t\u00c3\u00ab sht\u00c3\u00abpis\u00c3\u00ab nga V\u00c3\u00abllai i Madh. Tre banor\u00c3\u00ab t\u00c3\u00ab tjer\u00c3\u00ab i jan\u00c3\u00ab shtuar sht\u00c3\u00abpis\u00c3\u00ab m\u00c3\u00ab t\u00c3\u00ab famshme e m\u00c3\u00ab t\u00c3\u00ab v\u00c3\u00abzhguar t\u00c3\u00ab Shqip\u00c3\u00abris\u00c3\u00ab","robots":{"index":"index","follow":"follow","max-snippet":"max-snippet:-1","max-image-preview":"max-image-preview:large","max-video-preview":"max-video-preview:-1"},"canonical":"https:\/\/www.visit-ulcinj.com\/blog\/2009\/04\/06\/tre-banore-te-rinj-ne-shtepi\/","og_locale":"en_US","og_type":"article","og_title":"Tre banor\u00c3\u00ab t\u00c3\u00ab rinj n\u00c3\u00ab sht\u00c3\u00abpi | Big Brother Albania 2","og_description":"Big Brother Albania 2 - Nj\u00c3\u00ab tjet\u00c3\u00abr surpriz\u00c3\u00ab, jo fort e k\u00c3\u00abndshme k\u00c3\u00absaj rradhe, iu b\u00c3\u00ab banor\u00c3\u00abve t\u00c3\u00ab sht\u00c3\u00abpis\u00c3\u00ab nga V\u00c3\u00abllai i Madh. Tre banor\u00c3\u00ab t\u00c3\u00ab tjer\u00c3\u00ab i jan\u00c3\u00ab shtuar sht\u00c3\u00abpis\u00c3\u00ab m\u00c3\u00ab t\u00c3\u00ab famshme e m\u00c3\u00ab t\u00c3\u00ab v\u00c3\u00abzhguar t\u00c3\u00ab Shqip\u00c3\u00abris\u00c3\u00ab","og_url":"https:\/\/www.visit-ulcinj.com\/blog\/2009\/04\/06\/tre-banore-te-rinj-ne-shtepi\/","og_site_name":"Lajme nga Ulqini","article_published_time":"2009-04-06T21:12:33+00:00","og_image":[{"url":"http:\/\/www.visit-ulcinj.com\/blog\/wp-content\/uploads\/2009\/04\/banoret-e-rinj.jpg"}],"twitter_misc":{"Written by":"ulqini","Est. reading time":"1 minute"},"schema":{"@context":"https:\/\/schema.org","@graph":[{"@type":"WebSite","@id":"https:\/\/www.visit-ulcinj.com\/blog\/#website","url":"https:\/\/www.visit-ulcinj.com\/blog\/","name":"Lajme nga Ulqini","description":"Lajme,Vijesti,Ulqini,Ulqin,Crna Gora,Mali i Zi","potentialAction":[{"@type":"SearchAction","target":{"@type":"EntryPoint","urlTemplate":"https:\/\/www.visit-ulcinj.com\/blog\/?s={search_term_string}"},"query-input":"required name=search_term_string"}],"inLanguage":"en-US"},{"@type":"ImageObject","inLanguage":"en-US","@id":"https:\/\/www.visit-ulcinj.com\/blog\/2009\/04\/06\/tre-banore-te-rinj-ne-shtepi\/#primaryimage","url":"http:\/\/www.visit-ulcinj.com\/blog\/wp-content\/uploads\/2009\/04\/banoret-e-rinj.jpg","contentUrl":"http:\/\/www.visit-ulcinj.com\/blog\/wp-content\/uploads\/2009\/04\/banoret-e-rinj.jpg"},{"@type":"WebPage","@id":"https:\/\/www.visit-ulcinj.com\/blog\/2009\/04\/06\/tre-banore-te-rinj-ne-shtepi\/#webpage","url":"https:\/\/www.visit-ulcinj.com\/blog\/2009\/04\/06\/tre-banore-te-rinj-ne-shtepi\/","name":"Tre banor\u00c3\u00ab t\u00c3\u00ab rinj n\u00c3\u00ab sht\u00c3\u00abpi | Big Brother Albania 2","isPartOf":{"@id":"https:\/\/www.visit-ulcinj.com\/blog\/#website"},"primaryImageOfPage":{"@id":"https:\/\/www.visit-ulcinj.com\/blog\/2009\/04\/06\/tre-banore-te-rinj-ne-shtepi\/#primaryimage"},"datePublished":"2009-04-06T21:12:33+00:00","dateModified":"2009-04-06T21:12:33+00:00","author":{"@id":"https:\/\/www.visit-ulcinj.com\/blog\/#\/schema\/person\/dcab619c614d3038751c63bc2aadc06d"},"description":"Big Brother Albania 2 - Nj\u00c3\u00ab tjet\u00c3\u00abr surpriz\u00c3\u00ab, jo fort e k\u00c3\u00abndshme k\u00c3\u00absaj rradhe, iu b\u00c3\u00ab banor\u00c3\u00abve t\u00c3\u00ab sht\u00c3\u00abpis\u00c3\u00ab nga V\u00c3\u00abllai i Madh. Tre banor\u00c3\u00ab t\u00c3\u00ab tjer\u00c3\u00ab i jan\u00c3\u00ab shtuar sht\u00c3\u00abpis\u00c3\u00ab m\u00c3\u00ab t\u00c3\u00ab famshme e m\u00c3\u00ab t\u00c3\u00ab v\u00c3\u00abzhguar t\u00c3\u00ab Shqip\u00c3\u00abris\u00c3\u00ab","breadcrumb":{"@id":"https:\/\/www.visit-ulcinj.com\/blog\/2009\/04\/06\/tre-banore-te-rinj-ne-shtepi\/#breadcrumb"},"inLanguage":"en-US","potentialAction":[{"@type":"ReadAction","target":["https:\/\/www.visit-ulcinj.com\/blog\/2009\/04\/06\/tre-banore-te-rinj-ne-shtepi\/"]}]},{"@type":"BreadcrumbList","@id":"https:\/\/www.visit-ulcinj.com\/blog\/2009\/04\/06\/tre-banore-te-rinj-ne-shtepi\/#breadcrumb","itemListElement":[{"@type":"ListItem","position":1,"name":"Tre banor\u00eb t\u00eb rinj n\u00eb sht\u00ebpi"}]},{"@type":"Person","@id":"https:\/\/www.visit-ulcinj.com\/blog\/#\/schema\/person\/dcab619c614d3038751c63bc2aadc06d","name":"ulqini","sameAs":["http:\/\/www.visit-ulcinj.com"],"url":"https:\/\/www.visit-ulcinj.com\/blog\/author\/admin\/"}]}},"jetpack_featured_media_url":"","jetpack_sharing_enabled":true,"jetpack_shortlink":"https:\/\/wp.me\/pe6lTn-4nS","_links":{"self":[{"href":"https:\/\/www.visit-ulcinj.com\/blog\/wp-json\/wp\/v2\/posts\/16856"}],"collection":[{"href":"https:\/\/www.visit-ulcinj.com\/blog\/wp-json\/wp\/v2\/posts"}],"about":[{"href":"https:\/\/www.visit-ulcinj.com\/blog\/wp-json\/wp\/v2\/types\/post"}],"author":[{"embeddable":true,"href":"https:\/\/www.visit-ulcinj.com\/blog\/wp-json\/wp\/v2\/users\/1"}],"replies":[{"embeddable":true,"href":"https:\/\/www.visit-ulcinj.com\/blog\/wp-json\/wp\/v2\/comments?post=16856"}],"version-history":[{"count":0,"href":"https:\/\/www.visit-ulcinj.com\/blog\/wp-json\/wp\/v2\/posts\/16856\/revisions"}],"wp:attachment":[{"href":"https:\/\/www.visit-ulcinj.com\/blog\/wp-json\/wp\/v2\/media?parent=16856"}],"wp:term":[{"taxonomy":"category","embeddable":true,"href":"https:\/\/www.visit-ulcinj.com\/blog\/wp-json\/wp\/v2\/categories?post=16856"},{"taxonomy":"post_tag","embeddable":true,"href":"https:\/\/www.visit-ulcinj.com\/blog\/wp-json\/wp\/v2\/tags?post=16856"}],"curies":[{"name":"wp","href":"https:\/\/api.w.org\/{rel}","templated":true}]}}