{"id":16862,"date":"2009-04-06T23:16:48","date_gmt":"2009-04-06T21:16:48","guid":{"rendered":"http:\/\/www.visit-ulcinj.com\/blog\/?p=16862"},"modified":"2009-04-06T23:16:48","modified_gmt":"2009-04-06T21:16:48","slug":"qetsori-duhen-koalicione-te-reja","status":"publish","type":"post","link":"https:\/\/www.visit-ulcinj.com\/blog\/2009\/04\/06\/qetsori-duhen-koalicione-te-reja\/","title":{"rendered":"Qetsori : Duhen koalicione t\u00eb reja"},"content":{"rendered":"<p><em><span class=\"newsdate\"><a href=\"http:\/\/www.visit-ulcinj.com\/blog\/wp-content\/uploads\/2009\/04\/taniqetsori-per-koalicionet.jpg\"><img loading=\"lazy\" class=\"alignleft size-full wp-image-16863\" title=\"taniqetsori-per-koalicionet-big-brother-albania-2\" src=\"http:\/\/www.visit-ulcinj.com\/blog\/wp-content\/uploads\/2009\/04\/taniqetsori-per-koalicionet.jpg\" alt=\"taniqetsori-per-koalicionet-big-brother-albania-2\" width=\"300\" height=\"205\" \/><\/a>05\/04\/09 01:42<\/span><\/em><\/p>\n<p>\u201cDuhen koalicione t\u00eb reja!\u201d- i ka th\u00ebn\u00eb Qetsori Dritanit. Ai i ka th\u00ebn\u00eb gjithashtu se nuk donte e nuk do t\u00eb luante m\u00eb kund\u00ebr Dritanit, por t\u00eb dy duhet t\u00eb bashkoheshin kund\u00ebr nj\u00ebrit prej djemve t\u00eb rinj t\u00eb ardhur n\u00eb sht\u00ebpi dhe m\u00eb e mira ishte, sipas tij, kund\u00ebr m\u00eb t\u00eb dob\u00ebtit. \u201cDuhet t\u00eb b\u00ebjm\u00eb spektak\u00ebl!\u201d \u2013 ka th\u00ebn\u00eb Qetsori. Sipas Dritanit ishte ende shpejt. \u201cDuhet t\u00eb luajm\u00eb kur t\u00eb dalin n\u00eb nominim!\u201d \u2013 i ka th\u00ebn\u00eb ai, -ti k\u00ebt\u00eb jav\u00eb b\u00ebj pushim, se na vdiqe!\u201d. Qetsori, q\u00eb k\u00ebsaj jave \u201cka shp\u00ebtuar\u201d nga nominimi, i ka th\u00ebn\u00eb se kur t\u00eb donte e m\u00eb t\u00eb donte Dritani, at\u00eb e kishte \u201cgati p\u00ebr duel\u201d.<\/p>\n","protected":false},"excerpt":{"rendered":"<p>05\/04\/09 01:42 \u201cDuhen koalicione t\u00eb reja!\u201d- i ka th\u00ebn\u00eb Qetsori Dritanit. Ai i ka th\u00ebn\u00eb gjithashtu se nuk donte e nuk do t\u00eb luante m\u00eb kund\u00ebr Dritanit, por t\u00eb dy duhet t\u00eb bashkoheshin kund\u00ebr nj\u00ebrit prej djemve t\u00eb rinj t\u00eb ardhur n\u00eb sht\u00ebpi dhe m\u00eb e mira ishte, sipas tij, kund\u00ebr m\u00eb t\u00eb dob\u00ebtit. \u201cDuhet [&hellip;]<\/p>\n","protected":false},"author":1,"featured_media":0,"comment_status":"open","ping_status":"closed","sticky":false,"template":"","format":"standard","meta":{"spay_email":"","jetpack_publicize_message":"","jetpack_is_tweetstorm":false,"jetpack_publicize_feature_enabled":true},"categories":[6502],"tags":[8289,8775,5057,6506,6516,6712,7129,6522,6521,6544,6900,6891,6693,6887],"jetpack_publicize_connections":[],"yoast_head":"<!-- This site is optimized with the Yoast SEO plugin v19.1 - https:\/\/yoast.com\/wordpress\/plugins\/seo\/ -->\n<title>Qetsori : Duhen koalicione t\u00c3\u00ab reja | Big Brother Albania 2<\/title>\n<meta name=\"description\" content=\"Big Brother Albania 2 - \u00e2\u20ac\u0153Duhen koalicione t\u00c3\u00ab reja!\u00e2\u20ac\u009d- i ka th\u00c3\u00abn\u00c3\u00ab Qetsori Dritanit. Ai i ka th\u00c3\u00abn\u00c3\u00ab gjithashtu se nuk donte e nuk do t\u00c3\u00ab luante m\u00c3\u00ab kund\u00c3\u00abr Dritani\" \/>\n<meta name=\"robots\" content=\"index, follow, max-snippet:-1, max-image-preview:large, max-video-preview:-1\" \/>\n<link rel=\"canonical\" href=\"https:\/\/www.visit-ulcinj.com\/blog\/2009\/04\/06\/qetsori-duhen-koalicione-te-reja\/\" \/>\n<meta property=\"og:locale\" content=\"en_US\" \/>\n<meta property=\"og:type\" content=\"article\" \/>\n<meta property=\"og:title\" content=\"Qetsori : Duhen koalicione t\u00c3\u00ab reja | Big Brother Albania 2\" \/>\n<meta property=\"og:description\" content=\"Big Brother Albania 2 - \u00e2\u20ac\u0153Duhen koalicione t\u00c3\u00ab reja!\u00e2\u20ac\u009d- i ka th\u00c3\u00abn\u00c3\u00ab Qetsori Dritanit. Ai i ka th\u00c3\u00abn\u00c3\u00ab gjithashtu se nuk donte e nuk do t\u00c3\u00ab luante m\u00c3\u00ab kund\u00c3\u00abr Dritani\" \/>\n<meta property=\"og:url\" content=\"https:\/\/www.visit-ulcinj.com\/blog\/2009\/04\/06\/qetsori-duhen-koalicione-te-reja\/\" \/>\n<meta property=\"og:site_name\" content=\"Lajme nga Ulqini\" \/>\n<meta property=\"article:published_time\" content=\"2009-04-06T21:16:48+00:00\" \/>\n<meta property=\"og:image\" content=\"http:\/\/www.visit-ulcinj.com\/blog\/wp-content\/uploads\/2009\/04\/taniqetsori-per-koalicionet.jpg\" \/>\n<meta name=\"twitter:label1\" content=\"Written by\" \/>\n\t<meta name=\"twitter:data1\" content=\"ulqini\" \/>\n\t<meta name=\"twitter:label2\" content=\"Est. reading time\" \/>\n\t<meta name=\"twitter:data2\" content=\"1 minute\" \/>\n<script type=\"application\/ld+json\" class=\"yoast-schema-graph\">{\"@context\":\"https:\/\/schema.org\",\"@graph\":[{\"@type\":\"WebSite\",\"@id\":\"https:\/\/www.visit-ulcinj.com\/blog\/#website\",\"url\":\"https:\/\/www.visit-ulcinj.com\/blog\/\",\"name\":\"Lajme nga Ulqini\",\"description\":\"Lajme,Vijesti,Ulqini,Ulqin,Crna Gora,Mali i Zi\",\"potentialAction\":[{\"@type\":\"SearchAction\",\"target\":{\"@type\":\"EntryPoint\",\"urlTemplate\":\"https:\/\/www.visit-ulcinj.com\/blog\/?s={search_term_string}\"},\"query-input\":\"required name=search_term_string\"}],\"inLanguage\":\"en-US\"},{\"@type\":\"ImageObject\",\"inLanguage\":\"en-US\",\"@id\":\"https:\/\/www.visit-ulcinj.com\/blog\/2009\/04\/06\/qetsori-duhen-koalicione-te-reja\/#primaryimage\",\"url\":\"http:\/\/www.visit-ulcinj.com\/blog\/wp-content\/uploads\/2009\/04\/taniqetsori-per-koalicionet.jpg\",\"contentUrl\":\"http:\/\/www.visit-ulcinj.com\/blog\/wp-content\/uploads\/2009\/04\/taniqetsori-per-koalicionet.jpg\"},{\"@type\":\"WebPage\",\"@id\":\"https:\/\/www.visit-ulcinj.com\/blog\/2009\/04\/06\/qetsori-duhen-koalicione-te-reja\/#webpage\",\"url\":\"https:\/\/www.visit-ulcinj.com\/blog\/2009\/04\/06\/qetsori-duhen-koalicione-te-reja\/\",\"name\":\"Qetsori : Duhen koalicione t\u00c3\u00ab reja | Big Brother Albania 2\",\"isPartOf\":{\"@id\":\"https:\/\/www.visit-ulcinj.com\/blog\/#website\"},\"primaryImageOfPage\":{\"@id\":\"https:\/\/www.visit-ulcinj.com\/blog\/2009\/04\/06\/qetsori-duhen-koalicione-te-reja\/#primaryimage\"},\"datePublished\":\"2009-04-06T21:16:48+00:00\",\"dateModified\":\"2009-04-06T21:16:48+00:00\",\"author\":{\"@id\":\"https:\/\/www.visit-ulcinj.com\/blog\/#\/schema\/person\/dcab619c614d3038751c63bc2aadc06d\"},\"description\":\"Big Brother Albania 2 - \u00e2\u20ac\u0153Duhen koalicione t\u00c3\u00ab reja!\u00e2\u20ac\u009d- i ka th\u00c3\u00abn\u00c3\u00ab Qetsori Dritanit. Ai i ka th\u00c3\u00abn\u00c3\u00ab gjithashtu se nuk donte e nuk do t\u00c3\u00ab luante m\u00c3\u00ab kund\u00c3\u00abr Dritani\",\"breadcrumb\":{\"@id\":\"https:\/\/www.visit-ulcinj.com\/blog\/2009\/04\/06\/qetsori-duhen-koalicione-te-reja\/#breadcrumb\"},\"inLanguage\":\"en-US\",\"potentialAction\":[{\"@type\":\"ReadAction\",\"target\":[\"https:\/\/www.visit-ulcinj.com\/blog\/2009\/04\/06\/qetsori-duhen-koalicione-te-reja\/\"]}]},{\"@type\":\"BreadcrumbList\",\"@id\":\"https:\/\/www.visit-ulcinj.com\/blog\/2009\/04\/06\/qetsori-duhen-koalicione-te-reja\/#breadcrumb\",\"itemListElement\":[{\"@type\":\"ListItem\",\"position\":1,\"name\":\"Qetsori : Duhen koalicione t\u00eb reja\"}]},{\"@type\":\"Person\",\"@id\":\"https:\/\/www.visit-ulcinj.com\/blog\/#\/schema\/person\/dcab619c614d3038751c63bc2aadc06d\",\"name\":\"ulqini\",\"sameAs\":[\"http:\/\/www.visit-ulcinj.com\"],\"url\":\"https:\/\/www.visit-ulcinj.com\/blog\/author\/admin\/\"}]}<\/script>\n<!-- \/ Yoast SEO plugin. -->","yoast_head_json":{"title":"Qetsori : Duhen koalicione t\u00c3\u00ab reja | Big Brother Albania 2","description":"Big Brother Albania 2 - \u00e2\u20ac\u0153Duhen koalicione t\u00c3\u00ab reja!\u00e2\u20ac\u009d- i ka th\u00c3\u00abn\u00c3\u00ab Qetsori Dritanit. Ai i ka th\u00c3\u00abn\u00c3\u00ab gjithashtu se nuk donte e nuk do t\u00c3\u00ab luante m\u00c3\u00ab kund\u00c3\u00abr Dritani","robots":{"index":"index","follow":"follow","max-snippet":"max-snippet:-1","max-image-preview":"max-image-preview:large","max-video-preview":"max-video-preview:-1"},"canonical":"https:\/\/www.visit-ulcinj.com\/blog\/2009\/04\/06\/qetsori-duhen-koalicione-te-reja\/","og_locale":"en_US","og_type":"article","og_title":"Qetsori : Duhen koalicione t\u00c3\u00ab reja | Big Brother Albania 2","og_description":"Big Brother Albania 2 - \u00e2\u20ac\u0153Duhen koalicione t\u00c3\u00ab reja!\u00e2\u20ac\u009d- i ka th\u00c3\u00abn\u00c3\u00ab Qetsori Dritanit. Ai i ka th\u00c3\u00abn\u00c3\u00ab gjithashtu se nuk donte e nuk do t\u00c3\u00ab luante m\u00c3\u00ab kund\u00c3\u00abr Dritani","og_url":"https:\/\/www.visit-ulcinj.com\/blog\/2009\/04\/06\/qetsori-duhen-koalicione-te-reja\/","og_site_name":"Lajme nga Ulqini","article_published_time":"2009-04-06T21:16:48+00:00","og_image":[{"url":"http:\/\/www.visit-ulcinj.com\/blog\/wp-content\/uploads\/2009\/04\/taniqetsori-per-koalicionet.jpg"}],"twitter_misc":{"Written by":"ulqini","Est. reading time":"1 minute"},"schema":{"@context":"https:\/\/schema.org","@graph":[{"@type":"WebSite","@id":"https:\/\/www.visit-ulcinj.com\/blog\/#website","url":"https:\/\/www.visit-ulcinj.com\/blog\/","name":"Lajme nga Ulqini","description":"Lajme,Vijesti,Ulqini,Ulqin,Crna Gora,Mali i Zi","potentialAction":[{"@type":"SearchAction","target":{"@type":"EntryPoint","urlTemplate":"https:\/\/www.visit-ulcinj.com\/blog\/?s={search_term_string}"},"query-input":"required name=search_term_string"}],"inLanguage":"en-US"},{"@type":"ImageObject","inLanguage":"en-US","@id":"https:\/\/www.visit-ulcinj.com\/blog\/2009\/04\/06\/qetsori-duhen-koalicione-te-reja\/#primaryimage","url":"http:\/\/www.visit-ulcinj.com\/blog\/wp-content\/uploads\/2009\/04\/taniqetsori-per-koalicionet.jpg","contentUrl":"http:\/\/www.visit-ulcinj.com\/blog\/wp-content\/uploads\/2009\/04\/taniqetsori-per-koalicionet.jpg"},{"@type":"WebPage","@id":"https:\/\/www.visit-ulcinj.com\/blog\/2009\/04\/06\/qetsori-duhen-koalicione-te-reja\/#webpage","url":"https:\/\/www.visit-ulcinj.com\/blog\/2009\/04\/06\/qetsori-duhen-koalicione-te-reja\/","name":"Qetsori : Duhen koalicione t\u00c3\u00ab reja | Big Brother Albania 2","isPartOf":{"@id":"https:\/\/www.visit-ulcinj.com\/blog\/#website"},"primaryImageOfPage":{"@id":"https:\/\/www.visit-ulcinj.com\/blog\/2009\/04\/06\/qetsori-duhen-koalicione-te-reja\/#primaryimage"},"datePublished":"2009-04-06T21:16:48+00:00","dateModified":"2009-04-06T21:16:48+00:00","author":{"@id":"https:\/\/www.visit-ulcinj.com\/blog\/#\/schema\/person\/dcab619c614d3038751c63bc2aadc06d"},"description":"Big Brother Albania 2 - \u00e2\u20ac\u0153Duhen koalicione t\u00c3\u00ab reja!\u00e2\u20ac\u009d- i ka th\u00c3\u00abn\u00c3\u00ab Qetsori Dritanit. Ai i ka th\u00c3\u00abn\u00c3\u00ab gjithashtu se nuk donte e nuk do t\u00c3\u00ab luante m\u00c3\u00ab kund\u00c3\u00abr Dritani","breadcrumb":{"@id":"https:\/\/www.visit-ulcinj.com\/blog\/2009\/04\/06\/qetsori-duhen-koalicione-te-reja\/#breadcrumb"},"inLanguage":"en-US","potentialAction":[{"@type":"ReadAction","target":["https:\/\/www.visit-ulcinj.com\/blog\/2009\/04\/06\/qetsori-duhen-koalicione-te-reja\/"]}]},{"@type":"BreadcrumbList","@id":"https:\/\/www.visit-ulcinj.com\/blog\/2009\/04\/06\/qetsori-duhen-koalicione-te-reja\/#breadcrumb","itemListElement":[{"@type":"ListItem","position":1,"name":"Qetsori : Duhen koalicione t\u00eb reja"}]},{"@type":"Person","@id":"https:\/\/www.visit-ulcinj.com\/blog\/#\/schema\/person\/dcab619c614d3038751c63bc2aadc06d","name":"ulqini","sameAs":["http:\/\/www.visit-ulcinj.com"],"url":"https:\/\/www.visit-ulcinj.com\/blog\/author\/admin\/"}]}},"jetpack_featured_media_url":"","jetpack_sharing_enabled":true,"jetpack_shortlink":"https:\/\/wp.me\/pe6lTn-4nY","_links":{"self":[{"href":"https:\/\/www.visit-ulcinj.com\/blog\/wp-json\/wp\/v2\/posts\/16862"}],"collection":[{"href":"https:\/\/www.visit-ulcinj.com\/blog\/wp-json\/wp\/v2\/posts"}],"about":[{"href":"https:\/\/www.visit-ulcinj.com\/blog\/wp-json\/wp\/v2\/types\/post"}],"author":[{"embeddable":true,"href":"https:\/\/www.visit-ulcinj.com\/blog\/wp-json\/wp\/v2\/users\/1"}],"replies":[{"embeddable":true,"href":"https:\/\/www.visit-ulcinj.com\/blog\/wp-json\/wp\/v2\/comments?post=16862"}],"version-history":[{"count":0,"href":"https:\/\/www.visit-ulcinj.com\/blog\/wp-json\/wp\/v2\/posts\/16862\/revisions"}],"wp:attachment":[{"href":"https:\/\/www.visit-ulcinj.com\/blog\/wp-json\/wp\/v2\/media?parent=16862"}],"wp:term":[{"taxonomy":"category","embeddable":true,"href":"https:\/\/www.visit-ulcinj.com\/blog\/wp-json\/wp\/v2\/categories?post=16862"},{"taxonomy":"post_tag","embeddable":true,"href":"https:\/\/www.visit-ulcinj.com\/blog\/wp-json\/wp\/v2\/tags?post=16862"}],"curies":[{"name":"wp","href":"https:\/\/api.w.org\/{rel}","templated":true}]}}