{"id":16866,"date":"2009-04-06T23:21:10","date_gmt":"2009-04-06T21:21:10","guid":{"rendered":"http:\/\/www.visit-ulcinj.com\/blog\/?p=16866"},"modified":"2009-04-06T23:21:10","modified_gmt":"2009-04-06T21:21:10","slug":"ti-ben-loje-te-piset","status":"publish","type":"post","link":"https:\/\/www.visit-ulcinj.com\/blog\/2009\/04\/06\/ti-ben-loje-te-piset\/","title":{"rendered":"Ti b\u00ebn loj\u00eb t\u00eb pis\u00ebt"},"content":{"rendered":"<p><em><span class=\"newsdate\"><a href=\"http:\/\/www.visit-ulcinj.com\/blog\/wp-content\/uploads\/2009\/04\/adelajda-per-sorin-copy.jpg\"><img loading=\"lazy\" class=\"alignleft size-full wp-image-16867\" title=\"adelajda-per-sorin-big-brother-albania-2\" src=\"http:\/\/www.visit-ulcinj.com\/blog\/wp-content\/uploads\/2009\/04\/adelajda-per-sorin-copy.jpg\" alt=\"adelajda-per-sorin-big-brother-albania-2\" width=\"300\" height=\"205\" \/><\/a>05\/04\/09 01:45<\/span><\/em><\/p>\n<p>Duke biseduar n\u00eb tavolin\u00ebn e ngr\u00ebnies, Adelajda, Mimoza, Qetsori dhe Dritani, Adelajda\u00a0i ka th\u00ebn\u00eb Qetsorit se ai tjet\u00ebr gj\u00eb i thoshte asaj, tjet\u00ebr gj\u00eb nj\u00eb tjetri e tjet\u00ebr gj\u00eb b\u00ebnte. Sipas saj, nuk kishte aspak koherenc\u00eb n\u00eb veprimet e fjal\u00ebt e tij. \u201cUn\u00eb luaj!\u201d- i ka th\u00ebn\u00eb Qetsori. \u201cTi luan, por b\u00ebn loj\u00eb t\u00eb pis\u00ebt!\u201d \u2013 i \u00ebsht\u00eb p\u00ebrgjigjur ajo.<\/p>\n","protected":false},"excerpt":{"rendered":"<p>05\/04\/09 01:45 Duke biseduar n\u00eb tavolin\u00ebn e ngr\u00ebnies, Adelajda, Mimoza, Qetsori dhe Dritani, Adelajda\u00a0i ka th\u00ebn\u00eb Qetsorit se ai tjet\u00ebr gj\u00eb i thoshte asaj, tjet\u00ebr gj\u00eb nj\u00eb tjetri e tjet\u00ebr gj\u00eb b\u00ebnte. Sipas saj, nuk kishte aspak koherenc\u00eb n\u00eb veprimet e fjal\u00ebt e tij. \u201cUn\u00eb luaj!\u201d- i ka th\u00ebn\u00eb Qetsori. \u201cTi luan, por b\u00ebn loj\u00eb [&hellip;]<\/p>\n","protected":false},"author":1,"featured_media":0,"comment_status":"open","ping_status":"closed","sticky":false,"template":"","format":"standard","meta":{"spay_email":"","jetpack_publicize_message":"","jetpack_is_tweetstorm":false,"jetpack_publicize_feature_enabled":true},"categories":[6502],"tags":[6562,6529,5057,6506,6516,6712,7129,6521,6568,6544,6900,8778,6891,6693,6887],"jetpack_publicize_connections":[],"yoast_head":"<!-- This site is optimized with the Yoast SEO plugin v19.1 - https:\/\/yoast.com\/wordpress\/plugins\/seo\/ -->\n<title>Ti b\u00c3\u00abn loj\u00c3\u00ab t\u00c3\u00ab pis\u00c3\u00abt | Big Brother Albania 2<\/title>\n<meta name=\"description\" content=\"Big Brother Albania 2 - Duke biseduar n\u00c3\u00ab tavolin\u00c3\u00abn e ngr\u00c3\u00abnies, Adelajda, Mimoza, Qetsori dhe Dritani, Adelajda i ka th\u00c3\u00abn\u00c3\u00ab Qetsorit se ai tjet\u00c3\u00abr gj\u00c3\u00ab i thoshte asaj, tjet\u00c3\u00abr gj\u00c3\u00ab nj\u00c3\u00ab tjetri e tjet\u00c3\u00abr gj\u00c3\u00ab b\u00c3\u00abnte.\" \/>\n<meta name=\"robots\" content=\"index, follow, max-snippet:-1, max-image-preview:large, max-video-preview:-1\" \/>\n<link rel=\"canonical\" href=\"https:\/\/www.visit-ulcinj.com\/blog\/2009\/04\/06\/ti-ben-loje-te-piset\/\" \/>\n<meta property=\"og:locale\" content=\"en_US\" \/>\n<meta property=\"og:type\" content=\"article\" \/>\n<meta property=\"og:title\" content=\"Ti b\u00c3\u00abn loj\u00c3\u00ab t\u00c3\u00ab pis\u00c3\u00abt | Big Brother Albania 2\" \/>\n<meta property=\"og:description\" content=\"Big Brother Albania 2 - Duke biseduar n\u00c3\u00ab tavolin\u00c3\u00abn e ngr\u00c3\u00abnies, Adelajda, Mimoza, Qetsori dhe Dritani, Adelajda i ka th\u00c3\u00abn\u00c3\u00ab Qetsorit se ai tjet\u00c3\u00abr gj\u00c3\u00ab i thoshte asaj, tjet\u00c3\u00abr gj\u00c3\u00ab nj\u00c3\u00ab tjetri e tjet\u00c3\u00abr gj\u00c3\u00ab b\u00c3\u00abnte.\" \/>\n<meta property=\"og:url\" content=\"https:\/\/www.visit-ulcinj.com\/blog\/2009\/04\/06\/ti-ben-loje-te-piset\/\" \/>\n<meta property=\"og:site_name\" content=\"Lajme nga Ulqini\" \/>\n<meta property=\"article:published_time\" content=\"2009-04-06T21:21:10+00:00\" \/>\n<meta property=\"og:image\" content=\"http:\/\/www.visit-ulcinj.com\/blog\/wp-content\/uploads\/2009\/04\/adelajda-per-sorin-copy.jpg\" \/>\n<meta name=\"twitter:label1\" content=\"Written by\" \/>\n\t<meta name=\"twitter:data1\" content=\"ulqini\" \/>\n<script type=\"application\/ld+json\" class=\"yoast-schema-graph\">{\"@context\":\"https:\/\/schema.org\",\"@graph\":[{\"@type\":\"WebSite\",\"@id\":\"https:\/\/www.visit-ulcinj.com\/blog\/#website\",\"url\":\"https:\/\/www.visit-ulcinj.com\/blog\/\",\"name\":\"Lajme nga Ulqini\",\"description\":\"Lajme,Vijesti,Ulqini,Ulqin,Crna Gora,Mali i Zi\",\"potentialAction\":[{\"@type\":\"SearchAction\",\"target\":{\"@type\":\"EntryPoint\",\"urlTemplate\":\"https:\/\/www.visit-ulcinj.com\/blog\/?s={search_term_string}\"},\"query-input\":\"required name=search_term_string\"}],\"inLanguage\":\"en-US\"},{\"@type\":\"ImageObject\",\"inLanguage\":\"en-US\",\"@id\":\"https:\/\/www.visit-ulcinj.com\/blog\/2009\/04\/06\/ti-ben-loje-te-piset\/#primaryimage\",\"url\":\"http:\/\/www.visit-ulcinj.com\/blog\/wp-content\/uploads\/2009\/04\/adelajda-per-sorin-copy.jpg\",\"contentUrl\":\"http:\/\/www.visit-ulcinj.com\/blog\/wp-content\/uploads\/2009\/04\/adelajda-per-sorin-copy.jpg\"},{\"@type\":\"WebPage\",\"@id\":\"https:\/\/www.visit-ulcinj.com\/blog\/2009\/04\/06\/ti-ben-loje-te-piset\/#webpage\",\"url\":\"https:\/\/www.visit-ulcinj.com\/blog\/2009\/04\/06\/ti-ben-loje-te-piset\/\",\"name\":\"Ti b\u00c3\u00abn loj\u00c3\u00ab t\u00c3\u00ab pis\u00c3\u00abt | Big Brother Albania 2\",\"isPartOf\":{\"@id\":\"https:\/\/www.visit-ulcinj.com\/blog\/#website\"},\"primaryImageOfPage\":{\"@id\":\"https:\/\/www.visit-ulcinj.com\/blog\/2009\/04\/06\/ti-ben-loje-te-piset\/#primaryimage\"},\"datePublished\":\"2009-04-06T21:21:10+00:00\",\"dateModified\":\"2009-04-06T21:21:10+00:00\",\"author\":{\"@id\":\"https:\/\/www.visit-ulcinj.com\/blog\/#\/schema\/person\/dcab619c614d3038751c63bc2aadc06d\"},\"description\":\"Big Brother Albania 2 - Duke biseduar n\u00c3\u00ab tavolin\u00c3\u00abn e ngr\u00c3\u00abnies, Adelajda, Mimoza, Qetsori dhe Dritani, Adelajda i ka th\u00c3\u00abn\u00c3\u00ab Qetsorit se ai tjet\u00c3\u00abr gj\u00c3\u00ab i thoshte asaj, tjet\u00c3\u00abr gj\u00c3\u00ab nj\u00c3\u00ab tjetri e tjet\u00c3\u00abr gj\u00c3\u00ab b\u00c3\u00abnte.\",\"breadcrumb\":{\"@id\":\"https:\/\/www.visit-ulcinj.com\/blog\/2009\/04\/06\/ti-ben-loje-te-piset\/#breadcrumb\"},\"inLanguage\":\"en-US\",\"potentialAction\":[{\"@type\":\"ReadAction\",\"target\":[\"https:\/\/www.visit-ulcinj.com\/blog\/2009\/04\/06\/ti-ben-loje-te-piset\/\"]}]},{\"@type\":\"BreadcrumbList\",\"@id\":\"https:\/\/www.visit-ulcinj.com\/blog\/2009\/04\/06\/ti-ben-loje-te-piset\/#breadcrumb\",\"itemListElement\":[{\"@type\":\"ListItem\",\"position\":1,\"name\":\"Ti b\u00ebn loj\u00eb t\u00eb pis\u00ebt\"}]},{\"@type\":\"Person\",\"@id\":\"https:\/\/www.visit-ulcinj.com\/blog\/#\/schema\/person\/dcab619c614d3038751c63bc2aadc06d\",\"name\":\"ulqini\",\"sameAs\":[\"http:\/\/www.visit-ulcinj.com\"],\"url\":\"https:\/\/www.visit-ulcinj.com\/blog\/author\/admin\/\"}]}<\/script>\n<!-- \/ Yoast SEO plugin. -->","yoast_head_json":{"title":"Ti b\u00c3\u00abn loj\u00c3\u00ab t\u00c3\u00ab pis\u00c3\u00abt | Big Brother Albania 2","description":"Big Brother Albania 2 - Duke biseduar n\u00c3\u00ab tavolin\u00c3\u00abn e ngr\u00c3\u00abnies, Adelajda, Mimoza, Qetsori dhe Dritani, Adelajda i ka th\u00c3\u00abn\u00c3\u00ab Qetsorit se ai tjet\u00c3\u00abr gj\u00c3\u00ab i thoshte asaj, tjet\u00c3\u00abr gj\u00c3\u00ab nj\u00c3\u00ab tjetri e tjet\u00c3\u00abr gj\u00c3\u00ab b\u00c3\u00abnte.","robots":{"index":"index","follow":"follow","max-snippet":"max-snippet:-1","max-image-preview":"max-image-preview:large","max-video-preview":"max-video-preview:-1"},"canonical":"https:\/\/www.visit-ulcinj.com\/blog\/2009\/04\/06\/ti-ben-loje-te-piset\/","og_locale":"en_US","og_type":"article","og_title":"Ti b\u00c3\u00abn loj\u00c3\u00ab t\u00c3\u00ab pis\u00c3\u00abt | Big Brother Albania 2","og_description":"Big Brother Albania 2 - Duke biseduar n\u00c3\u00ab tavolin\u00c3\u00abn e ngr\u00c3\u00abnies, Adelajda, Mimoza, Qetsori dhe Dritani, Adelajda i ka th\u00c3\u00abn\u00c3\u00ab Qetsorit se ai tjet\u00c3\u00abr gj\u00c3\u00ab i thoshte asaj, tjet\u00c3\u00abr gj\u00c3\u00ab nj\u00c3\u00ab tjetri e tjet\u00c3\u00abr gj\u00c3\u00ab b\u00c3\u00abnte.","og_url":"https:\/\/www.visit-ulcinj.com\/blog\/2009\/04\/06\/ti-ben-loje-te-piset\/","og_site_name":"Lajme nga Ulqini","article_published_time":"2009-04-06T21:21:10+00:00","og_image":[{"url":"http:\/\/www.visit-ulcinj.com\/blog\/wp-content\/uploads\/2009\/04\/adelajda-per-sorin-copy.jpg"}],"twitter_misc":{"Written by":"ulqini"},"schema":{"@context":"https:\/\/schema.org","@graph":[{"@type":"WebSite","@id":"https:\/\/www.visit-ulcinj.com\/blog\/#website","url":"https:\/\/www.visit-ulcinj.com\/blog\/","name":"Lajme nga Ulqini","description":"Lajme,Vijesti,Ulqini,Ulqin,Crna Gora,Mali i Zi","potentialAction":[{"@type":"SearchAction","target":{"@type":"EntryPoint","urlTemplate":"https:\/\/www.visit-ulcinj.com\/blog\/?s={search_term_string}"},"query-input":"required name=search_term_string"}],"inLanguage":"en-US"},{"@type":"ImageObject","inLanguage":"en-US","@id":"https:\/\/www.visit-ulcinj.com\/blog\/2009\/04\/06\/ti-ben-loje-te-piset\/#primaryimage","url":"http:\/\/www.visit-ulcinj.com\/blog\/wp-content\/uploads\/2009\/04\/adelajda-per-sorin-copy.jpg","contentUrl":"http:\/\/www.visit-ulcinj.com\/blog\/wp-content\/uploads\/2009\/04\/adelajda-per-sorin-copy.jpg"},{"@type":"WebPage","@id":"https:\/\/www.visit-ulcinj.com\/blog\/2009\/04\/06\/ti-ben-loje-te-piset\/#webpage","url":"https:\/\/www.visit-ulcinj.com\/blog\/2009\/04\/06\/ti-ben-loje-te-piset\/","name":"Ti b\u00c3\u00abn loj\u00c3\u00ab t\u00c3\u00ab pis\u00c3\u00abt | Big Brother Albania 2","isPartOf":{"@id":"https:\/\/www.visit-ulcinj.com\/blog\/#website"},"primaryImageOfPage":{"@id":"https:\/\/www.visit-ulcinj.com\/blog\/2009\/04\/06\/ti-ben-loje-te-piset\/#primaryimage"},"datePublished":"2009-04-06T21:21:10+00:00","dateModified":"2009-04-06T21:21:10+00:00","author":{"@id":"https:\/\/www.visit-ulcinj.com\/blog\/#\/schema\/person\/dcab619c614d3038751c63bc2aadc06d"},"description":"Big Brother Albania 2 - Duke biseduar n\u00c3\u00ab tavolin\u00c3\u00abn e ngr\u00c3\u00abnies, Adelajda, Mimoza, Qetsori dhe Dritani, Adelajda i ka th\u00c3\u00abn\u00c3\u00ab Qetsorit se ai tjet\u00c3\u00abr gj\u00c3\u00ab i thoshte asaj, tjet\u00c3\u00abr gj\u00c3\u00ab nj\u00c3\u00ab tjetri e tjet\u00c3\u00abr gj\u00c3\u00ab b\u00c3\u00abnte.","breadcrumb":{"@id":"https:\/\/www.visit-ulcinj.com\/blog\/2009\/04\/06\/ti-ben-loje-te-piset\/#breadcrumb"},"inLanguage":"en-US","potentialAction":[{"@type":"ReadAction","target":["https:\/\/www.visit-ulcinj.com\/blog\/2009\/04\/06\/ti-ben-loje-te-piset\/"]}]},{"@type":"BreadcrumbList","@id":"https:\/\/www.visit-ulcinj.com\/blog\/2009\/04\/06\/ti-ben-loje-te-piset\/#breadcrumb","itemListElement":[{"@type":"ListItem","position":1,"name":"Ti b\u00ebn loj\u00eb t\u00eb pis\u00ebt"}]},{"@type":"Person","@id":"https:\/\/www.visit-ulcinj.com\/blog\/#\/schema\/person\/dcab619c614d3038751c63bc2aadc06d","name":"ulqini","sameAs":["http:\/\/www.visit-ulcinj.com"],"url":"https:\/\/www.visit-ulcinj.com\/blog\/author\/admin\/"}]}},"jetpack_featured_media_url":"","jetpack_sharing_enabled":true,"jetpack_shortlink":"https:\/\/wp.me\/pe6lTn-4o2","_links":{"self":[{"href":"https:\/\/www.visit-ulcinj.com\/blog\/wp-json\/wp\/v2\/posts\/16866"}],"collection":[{"href":"https:\/\/www.visit-ulcinj.com\/blog\/wp-json\/wp\/v2\/posts"}],"about":[{"href":"https:\/\/www.visit-ulcinj.com\/blog\/wp-json\/wp\/v2\/types\/post"}],"author":[{"embeddable":true,"href":"https:\/\/www.visit-ulcinj.com\/blog\/wp-json\/wp\/v2\/users\/1"}],"replies":[{"embeddable":true,"href":"https:\/\/www.visit-ulcinj.com\/blog\/wp-json\/wp\/v2\/comments?post=16866"}],"version-history":[{"count":0,"href":"https:\/\/www.visit-ulcinj.com\/blog\/wp-json\/wp\/v2\/posts\/16866\/revisions"}],"wp:attachment":[{"href":"https:\/\/www.visit-ulcinj.com\/blog\/wp-json\/wp\/v2\/media?parent=16866"}],"wp:term":[{"taxonomy":"category","embeddable":true,"href":"https:\/\/www.visit-ulcinj.com\/blog\/wp-json\/wp\/v2\/categories?post=16866"},{"taxonomy":"post_tag","embeddable":true,"href":"https:\/\/www.visit-ulcinj.com\/blog\/wp-json\/wp\/v2\/tags?post=16866"}],"curies":[{"name":"wp","href":"https:\/\/api.w.org\/{rel}","templated":true}]}}