{"id":16869,"date":"2009-04-06T23:23:29","date_gmt":"2009-04-06T21:23:29","guid":{"rendered":"http:\/\/www.visit-ulcinj.com\/blog\/?p=16869"},"modified":"2009-04-06T23:23:29","modified_gmt":"2009-04-06T21:23:29","slug":"adelajda-me-ka-ardhur-zor-nga-vetja","status":"publish","type":"post","link":"https:\/\/www.visit-ulcinj.com\/blog\/2009\/04\/06\/adelajda-me-ka-ardhur-zor-nga-vetja\/","title":{"rendered":"Adelajda : M\u00eb ka ardhur zor nga vetja"},"content":{"rendered":"<p><em><span class=\"newsdate\"><a href=\"http:\/\/www.visit-ulcinj.com\/blog\/wp-content\/uploads\/2009\/04\/adelajda-nw-lidhje-me-aiden-dhe-mesin-copy.jpg\"><img loading=\"lazy\" class=\"alignleft size-full wp-image-16870\" title=\"adelajda-nw-lidhje-me-aiden-dhe-mesin-copy\" src=\"http:\/\/www.visit-ulcinj.com\/blog\/wp-content\/uploads\/2009\/04\/adelajda-nw-lidhje-me-aiden-dhe-mesin-copy.jpg\" alt=\"adelajda-nw-lidhje-me-aiden-dhe-mesin-copy\" width=\"300\" height=\"205\" \/><\/a>05\/04\/09 01:50<\/span><\/em><\/p>\n<p>Gjat\u00eb spektaklit, V\u00ebllai i Madh i ka lejuar banor\u00ebt e eleminuar nga loja q\u00eb t\u00eb komunikojn\u00eb me banor\u00ebt brenda sht\u00ebpis\u00eb dhe t\u2019iu thoshin cfar\u00eb kishin p\u00ebr t\u2019iu th\u00ebn\u00eb, pasi i kishin par\u00eb gj\u00ebrat nga jasht\u00eb. K\u00ebshtu, Mesida e pyeti Adelajden sesi ishte e mundur q\u00eb kur Aida qante p\u00ebr t\u00eb atin, ajo k\u00ebndonte. Adelajda i \u00ebsht\u00eb p\u00ebrgjigjur se nuk e dinte cfar\u00eb kishte ndodhur me Aid\u00ebn. (k\u00ebsaj t\u00eb fundit, V\u00ebllai i Madh i kishte dh\u00ebn\u00eb nj\u00eb zarf q\u00eb brenda kishte fotografin\u00eb e t\u00eb atit, q\u00eb kishte nd\u00ebrruar jet\u00eb dhe nj\u00eb poezi q\u00eb nj\u00eb kushurir\u00eb kishte shkuar p\u00ebr baban\u00eb e saj). Ajo i tha t\u00eb nj\u00ebjt\u00ebn gj\u00eb edhe Aid\u00ebs dhe po ashtu edhe Qetsorit, kur ky ia p\u00ebrmendi m\u00eb von\u00eb. Adelajda e interpretoi k\u00ebt\u00eb si nj\u00eb keqdashje, si nj\u00eb q\u00ebllim p\u00ebr ta nxjerr\u00eb keq n\u00eb syt\u00eb e publikut e p\u00ebr t\u2019i b\u00ebr\u00eb keq. Ajo ka th\u00ebn\u00eb se n\u00eb ato momente i kishte ardhur zor nga vetja. \u201cUn\u00eb nuk jam ashtu dhe do t\u2019ua tregoj t\u00eb gjith\u00ebve q\u00eb nuk jam ashtu! Nuk mund t\u00eb qesh un\u00eb me prind\u00ebrit e vdekur t\u00eb dikujt! Nuk jam aq e pashpirt!\u201d \u2013 i ka th\u00ebn\u00eb ajo Qetsorit, e revoltuar. Ajo ka shtuar gjithashtu se Aida do t\u00eb kishte b\u00ebr\u00eb mir\u00eb, q\u00eb mos t\u2019u thoshte t\u00eb tjer\u00ebve \u201ccepave\u2019, q\u00eb Adelajda nuk kishte respektuar dhimbjen e saj, por t\u2019ia kishte th\u00ebn\u00eb asaj vet. \u201cNd\u00ebrsa Mesid\u00ebs, turp t\u2019i vij\u00eb!\u201d \u2013 ka p\u00ebrfunduar ajo.<\/p>\n","protected":false},"excerpt":{"rendered":"<p>05\/04\/09 01:50 Gjat\u00eb spektaklit, V\u00ebllai i Madh i ka lejuar banor\u00ebt e eleminuar nga loja q\u00eb t\u00eb komunikojn\u00eb me banor\u00ebt brenda sht\u00ebpis\u00eb dhe t\u2019iu thoshin cfar\u00eb kishin p\u00ebr t\u2019iu th\u00ebn\u00eb, pasi i kishin par\u00eb gj\u00ebrat nga jasht\u00eb. K\u00ebshtu, Mesida e pyeti Adelajden sesi ishte e mundur q\u00eb kur Aida qante p\u00ebr t\u00eb atin, ajo k\u00ebndonte. [&hellip;]<\/p>\n","protected":false},"author":1,"featured_media":0,"comment_status":"open","ping_status":"closed","sticky":false,"template":"","format":"standard","meta":{"spay_email":"","jetpack_publicize_message":"","jetpack_is_tweetstorm":false,"jetpack_publicize_feature_enabled":true},"categories":[6502],"tags":[6529,6537,5057,6506,6516,6712,7129,7785,6891,6693,6887],"jetpack_publicize_connections":[],"yoast_head":"<!-- This site is optimized with the Yoast SEO plugin v19.1 - https:\/\/yoast.com\/wordpress\/plugins\/seo\/ -->\n<title>Adelajda : M\u00c3\u00ab ka ardhur zor nga vetja | Big Brother Albania 2<\/title>\n<meta name=\"description\" content=\"Big Brother Albania 2 - Gjat\u00c3\u00ab spektaklit, V\u00c3\u00abllai i Madh i ka lejuar banor\u00c3\u00abt e eleminuar nga loja q\u00c3\u00ab t\u00c3\u00ab komunikojn\u00c3\u00ab me banor\u00c3\u00abt brenda sht\u00c3\u00abpis\u00c3\u00ab dhe t\u00e2\u20ac\u2122iu thoshin cfar\u00c3\u00ab kishin p\u00c3\u00abr t\u00e2\u20ac\u2122iu th\u00c3\u00abn\u00c3\u00ab\" \/>\n<meta name=\"robots\" content=\"index, follow, max-snippet:-1, max-image-preview:large, max-video-preview:-1\" \/>\n<link rel=\"canonical\" href=\"https:\/\/www.visit-ulcinj.com\/blog\/2009\/04\/06\/adelajda-me-ka-ardhur-zor-nga-vetja\/\" \/>\n<meta property=\"og:locale\" content=\"en_US\" \/>\n<meta property=\"og:type\" content=\"article\" \/>\n<meta property=\"og:title\" content=\"Adelajda : M\u00c3\u00ab ka ardhur zor nga vetja | Big Brother Albania 2\" \/>\n<meta property=\"og:description\" content=\"Big Brother Albania 2 - Gjat\u00c3\u00ab spektaklit, V\u00c3\u00abllai i Madh i ka lejuar banor\u00c3\u00abt e eleminuar nga loja q\u00c3\u00ab t\u00c3\u00ab komunikojn\u00c3\u00ab me banor\u00c3\u00abt brenda sht\u00c3\u00abpis\u00c3\u00ab dhe t\u00e2\u20ac\u2122iu thoshin cfar\u00c3\u00ab kishin p\u00c3\u00abr t\u00e2\u20ac\u2122iu th\u00c3\u00abn\u00c3\u00ab\" \/>\n<meta property=\"og:url\" content=\"https:\/\/www.visit-ulcinj.com\/blog\/2009\/04\/06\/adelajda-me-ka-ardhur-zor-nga-vetja\/\" \/>\n<meta property=\"og:site_name\" content=\"Lajme nga Ulqini\" \/>\n<meta property=\"article:published_time\" content=\"2009-04-06T21:23:29+00:00\" \/>\n<meta property=\"og:image\" content=\"http:\/\/www.visit-ulcinj.com\/blog\/wp-content\/uploads\/2009\/04\/adelajda-nw-lidhje-me-aiden-dhe-mesin-copy.jpg\" \/>\n<meta name=\"twitter:label1\" content=\"Written by\" \/>\n\t<meta name=\"twitter:data1\" content=\"ulqini\" \/>\n\t<meta name=\"twitter:label2\" content=\"Est. reading time\" \/>\n\t<meta name=\"twitter:data2\" content=\"1 minute\" \/>\n<script type=\"application\/ld+json\" class=\"yoast-schema-graph\">{\"@context\":\"https:\/\/schema.org\",\"@graph\":[{\"@type\":\"WebSite\",\"@id\":\"https:\/\/www.visit-ulcinj.com\/blog\/#website\",\"url\":\"https:\/\/www.visit-ulcinj.com\/blog\/\",\"name\":\"Lajme nga Ulqini\",\"description\":\"Lajme,Vijesti,Ulqini,Ulqin,Crna Gora,Mali i Zi\",\"potentialAction\":[{\"@type\":\"SearchAction\",\"target\":{\"@type\":\"EntryPoint\",\"urlTemplate\":\"https:\/\/www.visit-ulcinj.com\/blog\/?s={search_term_string}\"},\"query-input\":\"required name=search_term_string\"}],\"inLanguage\":\"en-US\"},{\"@type\":\"ImageObject\",\"inLanguage\":\"en-US\",\"@id\":\"https:\/\/www.visit-ulcinj.com\/blog\/2009\/04\/06\/adelajda-me-ka-ardhur-zor-nga-vetja\/#primaryimage\",\"url\":\"http:\/\/www.visit-ulcinj.com\/blog\/wp-content\/uploads\/2009\/04\/adelajda-nw-lidhje-me-aiden-dhe-mesin-copy.jpg\",\"contentUrl\":\"http:\/\/www.visit-ulcinj.com\/blog\/wp-content\/uploads\/2009\/04\/adelajda-nw-lidhje-me-aiden-dhe-mesin-copy.jpg\"},{\"@type\":\"WebPage\",\"@id\":\"https:\/\/www.visit-ulcinj.com\/blog\/2009\/04\/06\/adelajda-me-ka-ardhur-zor-nga-vetja\/#webpage\",\"url\":\"https:\/\/www.visit-ulcinj.com\/blog\/2009\/04\/06\/adelajda-me-ka-ardhur-zor-nga-vetja\/\",\"name\":\"Adelajda : M\u00c3\u00ab ka ardhur zor nga vetja | Big Brother Albania 2\",\"isPartOf\":{\"@id\":\"https:\/\/www.visit-ulcinj.com\/blog\/#website\"},\"primaryImageOfPage\":{\"@id\":\"https:\/\/www.visit-ulcinj.com\/blog\/2009\/04\/06\/adelajda-me-ka-ardhur-zor-nga-vetja\/#primaryimage\"},\"datePublished\":\"2009-04-06T21:23:29+00:00\",\"dateModified\":\"2009-04-06T21:23:29+00:00\",\"author\":{\"@id\":\"https:\/\/www.visit-ulcinj.com\/blog\/#\/schema\/person\/dcab619c614d3038751c63bc2aadc06d\"},\"description\":\"Big Brother Albania 2 - Gjat\u00c3\u00ab spektaklit, V\u00c3\u00abllai i Madh i ka lejuar banor\u00c3\u00abt e eleminuar nga loja q\u00c3\u00ab t\u00c3\u00ab komunikojn\u00c3\u00ab me banor\u00c3\u00abt brenda sht\u00c3\u00abpis\u00c3\u00ab dhe t\u00e2\u20ac\u2122iu thoshin cfar\u00c3\u00ab kishin p\u00c3\u00abr t\u00e2\u20ac\u2122iu th\u00c3\u00abn\u00c3\u00ab\",\"breadcrumb\":{\"@id\":\"https:\/\/www.visit-ulcinj.com\/blog\/2009\/04\/06\/adelajda-me-ka-ardhur-zor-nga-vetja\/#breadcrumb\"},\"inLanguage\":\"en-US\",\"potentialAction\":[{\"@type\":\"ReadAction\",\"target\":[\"https:\/\/www.visit-ulcinj.com\/blog\/2009\/04\/06\/adelajda-me-ka-ardhur-zor-nga-vetja\/\"]}]},{\"@type\":\"BreadcrumbList\",\"@id\":\"https:\/\/www.visit-ulcinj.com\/blog\/2009\/04\/06\/adelajda-me-ka-ardhur-zor-nga-vetja\/#breadcrumb\",\"itemListElement\":[{\"@type\":\"ListItem\",\"position\":1,\"name\":\"Adelajda : M\u00eb ka ardhur zor nga vetja\"}]},{\"@type\":\"Person\",\"@id\":\"https:\/\/www.visit-ulcinj.com\/blog\/#\/schema\/person\/dcab619c614d3038751c63bc2aadc06d\",\"name\":\"ulqini\",\"sameAs\":[\"http:\/\/www.visit-ulcinj.com\"],\"url\":\"https:\/\/www.visit-ulcinj.com\/blog\/author\/admin\/\"}]}<\/script>\n<!-- \/ Yoast SEO plugin. -->","yoast_head_json":{"title":"Adelajda : M\u00c3\u00ab ka ardhur zor nga vetja | Big Brother Albania 2","description":"Big Brother Albania 2 - Gjat\u00c3\u00ab spektaklit, V\u00c3\u00abllai i Madh i ka lejuar banor\u00c3\u00abt e eleminuar nga loja q\u00c3\u00ab t\u00c3\u00ab komunikojn\u00c3\u00ab me banor\u00c3\u00abt brenda sht\u00c3\u00abpis\u00c3\u00ab dhe t\u00e2\u20ac\u2122iu thoshin cfar\u00c3\u00ab kishin p\u00c3\u00abr t\u00e2\u20ac\u2122iu th\u00c3\u00abn\u00c3\u00ab","robots":{"index":"index","follow":"follow","max-snippet":"max-snippet:-1","max-image-preview":"max-image-preview:large","max-video-preview":"max-video-preview:-1"},"canonical":"https:\/\/www.visit-ulcinj.com\/blog\/2009\/04\/06\/adelajda-me-ka-ardhur-zor-nga-vetja\/","og_locale":"en_US","og_type":"article","og_title":"Adelajda : M\u00c3\u00ab ka ardhur zor nga vetja | Big Brother Albania 2","og_description":"Big Brother Albania 2 - Gjat\u00c3\u00ab spektaklit, V\u00c3\u00abllai i Madh i ka lejuar banor\u00c3\u00abt e eleminuar nga loja q\u00c3\u00ab t\u00c3\u00ab komunikojn\u00c3\u00ab me banor\u00c3\u00abt brenda sht\u00c3\u00abpis\u00c3\u00ab dhe t\u00e2\u20ac\u2122iu thoshin cfar\u00c3\u00ab kishin p\u00c3\u00abr t\u00e2\u20ac\u2122iu th\u00c3\u00abn\u00c3\u00ab","og_url":"https:\/\/www.visit-ulcinj.com\/blog\/2009\/04\/06\/adelajda-me-ka-ardhur-zor-nga-vetja\/","og_site_name":"Lajme nga Ulqini","article_published_time":"2009-04-06T21:23:29+00:00","og_image":[{"url":"http:\/\/www.visit-ulcinj.com\/blog\/wp-content\/uploads\/2009\/04\/adelajda-nw-lidhje-me-aiden-dhe-mesin-copy.jpg"}],"twitter_misc":{"Written by":"ulqini","Est. reading time":"1 minute"},"schema":{"@context":"https:\/\/schema.org","@graph":[{"@type":"WebSite","@id":"https:\/\/www.visit-ulcinj.com\/blog\/#website","url":"https:\/\/www.visit-ulcinj.com\/blog\/","name":"Lajme nga Ulqini","description":"Lajme,Vijesti,Ulqini,Ulqin,Crna Gora,Mali i Zi","potentialAction":[{"@type":"SearchAction","target":{"@type":"EntryPoint","urlTemplate":"https:\/\/www.visit-ulcinj.com\/blog\/?s={search_term_string}"},"query-input":"required name=search_term_string"}],"inLanguage":"en-US"},{"@type":"ImageObject","inLanguage":"en-US","@id":"https:\/\/www.visit-ulcinj.com\/blog\/2009\/04\/06\/adelajda-me-ka-ardhur-zor-nga-vetja\/#primaryimage","url":"http:\/\/www.visit-ulcinj.com\/blog\/wp-content\/uploads\/2009\/04\/adelajda-nw-lidhje-me-aiden-dhe-mesin-copy.jpg","contentUrl":"http:\/\/www.visit-ulcinj.com\/blog\/wp-content\/uploads\/2009\/04\/adelajda-nw-lidhje-me-aiden-dhe-mesin-copy.jpg"},{"@type":"WebPage","@id":"https:\/\/www.visit-ulcinj.com\/blog\/2009\/04\/06\/adelajda-me-ka-ardhur-zor-nga-vetja\/#webpage","url":"https:\/\/www.visit-ulcinj.com\/blog\/2009\/04\/06\/adelajda-me-ka-ardhur-zor-nga-vetja\/","name":"Adelajda : M\u00c3\u00ab ka ardhur zor nga vetja | Big Brother Albania 2","isPartOf":{"@id":"https:\/\/www.visit-ulcinj.com\/blog\/#website"},"primaryImageOfPage":{"@id":"https:\/\/www.visit-ulcinj.com\/blog\/2009\/04\/06\/adelajda-me-ka-ardhur-zor-nga-vetja\/#primaryimage"},"datePublished":"2009-04-06T21:23:29+00:00","dateModified":"2009-04-06T21:23:29+00:00","author":{"@id":"https:\/\/www.visit-ulcinj.com\/blog\/#\/schema\/person\/dcab619c614d3038751c63bc2aadc06d"},"description":"Big Brother Albania 2 - Gjat\u00c3\u00ab spektaklit, V\u00c3\u00abllai i Madh i ka lejuar banor\u00c3\u00abt e eleminuar nga loja q\u00c3\u00ab t\u00c3\u00ab komunikojn\u00c3\u00ab me banor\u00c3\u00abt brenda sht\u00c3\u00abpis\u00c3\u00ab dhe t\u00e2\u20ac\u2122iu thoshin cfar\u00c3\u00ab kishin p\u00c3\u00abr t\u00e2\u20ac\u2122iu th\u00c3\u00abn\u00c3\u00ab","breadcrumb":{"@id":"https:\/\/www.visit-ulcinj.com\/blog\/2009\/04\/06\/adelajda-me-ka-ardhur-zor-nga-vetja\/#breadcrumb"},"inLanguage":"en-US","potentialAction":[{"@type":"ReadAction","target":["https:\/\/www.visit-ulcinj.com\/blog\/2009\/04\/06\/adelajda-me-ka-ardhur-zor-nga-vetja\/"]}]},{"@type":"BreadcrumbList","@id":"https:\/\/www.visit-ulcinj.com\/blog\/2009\/04\/06\/adelajda-me-ka-ardhur-zor-nga-vetja\/#breadcrumb","itemListElement":[{"@type":"ListItem","position":1,"name":"Adelajda : M\u00eb ka ardhur zor nga vetja"}]},{"@type":"Person","@id":"https:\/\/www.visit-ulcinj.com\/blog\/#\/schema\/person\/dcab619c614d3038751c63bc2aadc06d","name":"ulqini","sameAs":["http:\/\/www.visit-ulcinj.com"],"url":"https:\/\/www.visit-ulcinj.com\/blog\/author\/admin\/"}]}},"jetpack_featured_media_url":"","jetpack_sharing_enabled":true,"jetpack_shortlink":"https:\/\/wp.me\/pe6lTn-4o5","_links":{"self":[{"href":"https:\/\/www.visit-ulcinj.com\/blog\/wp-json\/wp\/v2\/posts\/16869"}],"collection":[{"href":"https:\/\/www.visit-ulcinj.com\/blog\/wp-json\/wp\/v2\/posts"}],"about":[{"href":"https:\/\/www.visit-ulcinj.com\/blog\/wp-json\/wp\/v2\/types\/post"}],"author":[{"embeddable":true,"href":"https:\/\/www.visit-ulcinj.com\/blog\/wp-json\/wp\/v2\/users\/1"}],"replies":[{"embeddable":true,"href":"https:\/\/www.visit-ulcinj.com\/blog\/wp-json\/wp\/v2\/comments?post=16869"}],"version-history":[{"count":0,"href":"https:\/\/www.visit-ulcinj.com\/blog\/wp-json\/wp\/v2\/posts\/16869\/revisions"}],"wp:attachment":[{"href":"https:\/\/www.visit-ulcinj.com\/blog\/wp-json\/wp\/v2\/media?parent=16869"}],"wp:term":[{"taxonomy":"category","embeddable":true,"href":"https:\/\/www.visit-ulcinj.com\/blog\/wp-json\/wp\/v2\/categories?post=16869"},{"taxonomy":"post_tag","embeddable":true,"href":"https:\/\/www.visit-ulcinj.com\/blog\/wp-json\/wp\/v2\/tags?post=16869"}],"curies":[{"name":"wp","href":"https:\/\/api.w.org\/{rel}","templated":true}]}}