{"id":16879,"date":"2009-04-06T23:43:14","date_gmt":"2009-04-06T21:43:14","guid":{"rendered":"http:\/\/www.visit-ulcinj.com\/blog\/?p=16879"},"modified":"2009-04-06T23:43:14","modified_gmt":"2009-04-06T21:43:14","slug":"juna-tregon-per-veten","status":"publish","type":"post","link":"https:\/\/www.visit-ulcinj.com\/blog\/2009\/04\/06\/juna-tregon-per-veten\/","title":{"rendered":"Juna tregon per veten"},"content":{"rendered":"<p><em><span class=\"newsdate\"><a href=\"http:\/\/www.visit-ulcinj.com\/blog\/wp-content\/uploads\/2009\/04\/juna-dhe-arjoni-copy-1.jpg\"><img loading=\"lazy\" class=\"alignleft size-full wp-image-16880\" title=\"juna-dhe-arjoni-big-brother-albania-2\" src=\"http:\/\/www.visit-ulcinj.com\/blog\/wp-content\/uploads\/2009\/04\/juna-dhe-arjoni-copy-1.jpg\" alt=\"juna-dhe-arjoni-big-brother-albania-2\" width=\"300\" height=\"205\" \/><\/a>05\/04\/09 02:20<\/span><\/em><\/p>\n<p>E pyetur nga Arjoni se me se merrej, Juna ka th\u00ebn\u00eb se b\u00ebnte shum\u00eb pun\u00eb. Ajo ka treguar se merrej me promovime t\u00eb ndryshme, se punonte me grupet q\u00eb vizitonin panairet, me t\u00eb cil\u00ebt b\u00ebnte rolin e p\u00ebrkthyeses. Juna ka th\u00ebn\u00eb se fliste rrjedhsh\u00ebm anglisht, gjermanisht dhe italisht. Ajo ka th\u00ebn\u00eb se deri n\u00eb momentet e fundit ndodhej n\u00eb pun\u00eb, n\u00eb Gjermani, pasi i ishte dashur t\u00eb mbyllte shum\u00eb gj\u00ebra para se t\u00eb hynte n\u00eb sht\u00ebpin\u00eb e Big Brother. Kjo ishte sipas saj dhe nj\u00eb nga arsyet q\u00eb ajo nuk i kishte ndjekur banor\u00ebt n\u00eb Big Brother dhe nuk dinte shum\u00eb p\u00ebr ta. M\u00eb pas, duke diskutuar me Arjonin ajo ka treguar se punonte n\u00eb nj\u00eb firm\u00eb q\u00eb merrej me shitje k\u00ebpuc\u00ebsh dhe k\u00ebpuc\u00ebt q\u00eb shisnin ishin prodhim italian, madje t\u00eb markave m\u00eb t\u00eb njohura.<\/p>\n","protected":false},"excerpt":{"rendered":"<p>05\/04\/09 02:20 E pyetur nga Arjoni se me se merrej, Juna ka th\u00ebn\u00eb se b\u00ebnte shum\u00eb pun\u00eb. Ajo ka treguar se merrej me promovime t\u00eb ndryshme, se punonte me grupet q\u00eb vizitonin panairet, me t\u00eb cil\u00ebt b\u00ebnte rolin e p\u00ebrkthyeses. Juna ka th\u00ebn\u00eb se fliste rrjedhsh\u00ebm anglisht, gjermanisht dhe italisht. Ajo ka th\u00ebn\u00eb se deri [&hellip;]<\/p>\n","protected":false},"author":1,"featured_media":0,"comment_status":"open","ping_status":"closed","sticky":false,"template":"","format":"standard","meta":{"spay_email":"","jetpack_publicize_message":"","jetpack_is_tweetstorm":false,"jetpack_publicize_feature_enabled":true},"categories":[6502],"tags":[6525,5057,6506,6516,6712,7129,1442,6891,6693,6887],"jetpack_publicize_connections":[],"yoast_head":"<!-- This site is optimized with the Yoast SEO plugin v19.1 - https:\/\/yoast.com\/wordpress\/plugins\/seo\/ -->\n<title>Juna tregon per veten | Big Brother Albania 2<\/title>\n<meta name=\"description\" content=\"Big Brother Albania 2 - E pyetur nga Arjoni se me se merrej, Juna ka th\u00c3\u00abn\u00c3\u00ab se b\u00c3\u00abnte shum\u00c3\u00ab pun\u00c3\u00ab. Ajo ka treguar se merrej me promovime t\u00c3\u00ab ndryshme, se punonte me grupet q\u00c3\u00ab vizitonin panairet\" \/>\n<meta name=\"robots\" content=\"index, follow, max-snippet:-1, max-image-preview:large, max-video-preview:-1\" \/>\n<link rel=\"canonical\" href=\"https:\/\/www.visit-ulcinj.com\/blog\/2009\/04\/06\/juna-tregon-per-veten\/\" \/>\n<meta property=\"og:locale\" content=\"en_US\" \/>\n<meta property=\"og:type\" content=\"article\" \/>\n<meta property=\"og:title\" content=\"Juna tregon per veten | Big Brother Albania 2\" \/>\n<meta property=\"og:description\" content=\"Big Brother Albania 2 - E pyetur nga Arjoni se me se merrej, Juna ka th\u00c3\u00abn\u00c3\u00ab se b\u00c3\u00abnte shum\u00c3\u00ab pun\u00c3\u00ab. Ajo ka treguar se merrej me promovime t\u00c3\u00ab ndryshme, se punonte me grupet q\u00c3\u00ab vizitonin panairet\" \/>\n<meta property=\"og:url\" content=\"https:\/\/www.visit-ulcinj.com\/blog\/2009\/04\/06\/juna-tregon-per-veten\/\" \/>\n<meta property=\"og:site_name\" content=\"Lajme nga Ulqini\" \/>\n<meta property=\"article:published_time\" content=\"2009-04-06T21:43:14+00:00\" \/>\n<meta property=\"og:image\" content=\"http:\/\/www.visit-ulcinj.com\/blog\/wp-content\/uploads\/2009\/04\/juna-dhe-arjoni-copy-1.jpg\" \/>\n<meta name=\"twitter:label1\" content=\"Written by\" \/>\n\t<meta name=\"twitter:data1\" content=\"ulqini\" \/>\n\t<meta name=\"twitter:label2\" content=\"Est. reading time\" \/>\n\t<meta name=\"twitter:data2\" content=\"1 minute\" \/>\n<script type=\"application\/ld+json\" class=\"yoast-schema-graph\">{\"@context\":\"https:\/\/schema.org\",\"@graph\":[{\"@type\":\"WebSite\",\"@id\":\"https:\/\/www.visit-ulcinj.com\/blog\/#website\",\"url\":\"https:\/\/www.visit-ulcinj.com\/blog\/\",\"name\":\"Lajme nga Ulqini\",\"description\":\"Lajme,Vijesti,Ulqini,Ulqin,Crna Gora,Mali i Zi\",\"potentialAction\":[{\"@type\":\"SearchAction\",\"target\":{\"@type\":\"EntryPoint\",\"urlTemplate\":\"https:\/\/www.visit-ulcinj.com\/blog\/?s={search_term_string}\"},\"query-input\":\"required name=search_term_string\"}],\"inLanguage\":\"en-US\"},{\"@type\":\"ImageObject\",\"inLanguage\":\"en-US\",\"@id\":\"https:\/\/www.visit-ulcinj.com\/blog\/2009\/04\/06\/juna-tregon-per-veten\/#primaryimage\",\"url\":\"http:\/\/www.visit-ulcinj.com\/blog\/wp-content\/uploads\/2009\/04\/juna-dhe-arjoni-copy-1.jpg\",\"contentUrl\":\"http:\/\/www.visit-ulcinj.com\/blog\/wp-content\/uploads\/2009\/04\/juna-dhe-arjoni-copy-1.jpg\"},{\"@type\":\"WebPage\",\"@id\":\"https:\/\/www.visit-ulcinj.com\/blog\/2009\/04\/06\/juna-tregon-per-veten\/#webpage\",\"url\":\"https:\/\/www.visit-ulcinj.com\/blog\/2009\/04\/06\/juna-tregon-per-veten\/\",\"name\":\"Juna tregon per veten | Big Brother Albania 2\",\"isPartOf\":{\"@id\":\"https:\/\/www.visit-ulcinj.com\/blog\/#website\"},\"primaryImageOfPage\":{\"@id\":\"https:\/\/www.visit-ulcinj.com\/blog\/2009\/04\/06\/juna-tregon-per-veten\/#primaryimage\"},\"datePublished\":\"2009-04-06T21:43:14+00:00\",\"dateModified\":\"2009-04-06T21:43:14+00:00\",\"author\":{\"@id\":\"https:\/\/www.visit-ulcinj.com\/blog\/#\/schema\/person\/dcab619c614d3038751c63bc2aadc06d\"},\"description\":\"Big Brother Albania 2 - E pyetur nga Arjoni se me se merrej, Juna ka th\u00c3\u00abn\u00c3\u00ab se b\u00c3\u00abnte shum\u00c3\u00ab pun\u00c3\u00ab. Ajo ka treguar se merrej me promovime t\u00c3\u00ab ndryshme, se punonte me grupet q\u00c3\u00ab vizitonin panairet\",\"breadcrumb\":{\"@id\":\"https:\/\/www.visit-ulcinj.com\/blog\/2009\/04\/06\/juna-tregon-per-veten\/#breadcrumb\"},\"inLanguage\":\"en-US\",\"potentialAction\":[{\"@type\":\"ReadAction\",\"target\":[\"https:\/\/www.visit-ulcinj.com\/blog\/2009\/04\/06\/juna-tregon-per-veten\/\"]}]},{\"@type\":\"BreadcrumbList\",\"@id\":\"https:\/\/www.visit-ulcinj.com\/blog\/2009\/04\/06\/juna-tregon-per-veten\/#breadcrumb\",\"itemListElement\":[{\"@type\":\"ListItem\",\"position\":1,\"name\":\"Juna tregon per veten\"}]},{\"@type\":\"Person\",\"@id\":\"https:\/\/www.visit-ulcinj.com\/blog\/#\/schema\/person\/dcab619c614d3038751c63bc2aadc06d\",\"name\":\"ulqini\",\"sameAs\":[\"http:\/\/www.visit-ulcinj.com\"],\"url\":\"https:\/\/www.visit-ulcinj.com\/blog\/author\/admin\/\"}]}<\/script>\n<!-- \/ Yoast SEO plugin. -->","yoast_head_json":{"title":"Juna tregon per veten | Big Brother Albania 2","description":"Big Brother Albania 2 - E pyetur nga Arjoni se me se merrej, Juna ka th\u00c3\u00abn\u00c3\u00ab se b\u00c3\u00abnte shum\u00c3\u00ab pun\u00c3\u00ab. Ajo ka treguar se merrej me promovime t\u00c3\u00ab ndryshme, se punonte me grupet q\u00c3\u00ab vizitonin panairet","robots":{"index":"index","follow":"follow","max-snippet":"max-snippet:-1","max-image-preview":"max-image-preview:large","max-video-preview":"max-video-preview:-1"},"canonical":"https:\/\/www.visit-ulcinj.com\/blog\/2009\/04\/06\/juna-tregon-per-veten\/","og_locale":"en_US","og_type":"article","og_title":"Juna tregon per veten | Big Brother Albania 2","og_description":"Big Brother Albania 2 - E pyetur nga Arjoni se me se merrej, Juna ka th\u00c3\u00abn\u00c3\u00ab se b\u00c3\u00abnte shum\u00c3\u00ab pun\u00c3\u00ab. Ajo ka treguar se merrej me promovime t\u00c3\u00ab ndryshme, se punonte me grupet q\u00c3\u00ab vizitonin panairet","og_url":"https:\/\/www.visit-ulcinj.com\/blog\/2009\/04\/06\/juna-tregon-per-veten\/","og_site_name":"Lajme nga Ulqini","article_published_time":"2009-04-06T21:43:14+00:00","og_image":[{"url":"http:\/\/www.visit-ulcinj.com\/blog\/wp-content\/uploads\/2009\/04\/juna-dhe-arjoni-copy-1.jpg"}],"twitter_misc":{"Written by":"ulqini","Est. reading time":"1 minute"},"schema":{"@context":"https:\/\/schema.org","@graph":[{"@type":"WebSite","@id":"https:\/\/www.visit-ulcinj.com\/blog\/#website","url":"https:\/\/www.visit-ulcinj.com\/blog\/","name":"Lajme nga Ulqini","description":"Lajme,Vijesti,Ulqini,Ulqin,Crna Gora,Mali i Zi","potentialAction":[{"@type":"SearchAction","target":{"@type":"EntryPoint","urlTemplate":"https:\/\/www.visit-ulcinj.com\/blog\/?s={search_term_string}"},"query-input":"required name=search_term_string"}],"inLanguage":"en-US"},{"@type":"ImageObject","inLanguage":"en-US","@id":"https:\/\/www.visit-ulcinj.com\/blog\/2009\/04\/06\/juna-tregon-per-veten\/#primaryimage","url":"http:\/\/www.visit-ulcinj.com\/blog\/wp-content\/uploads\/2009\/04\/juna-dhe-arjoni-copy-1.jpg","contentUrl":"http:\/\/www.visit-ulcinj.com\/blog\/wp-content\/uploads\/2009\/04\/juna-dhe-arjoni-copy-1.jpg"},{"@type":"WebPage","@id":"https:\/\/www.visit-ulcinj.com\/blog\/2009\/04\/06\/juna-tregon-per-veten\/#webpage","url":"https:\/\/www.visit-ulcinj.com\/blog\/2009\/04\/06\/juna-tregon-per-veten\/","name":"Juna tregon per veten | Big Brother Albania 2","isPartOf":{"@id":"https:\/\/www.visit-ulcinj.com\/blog\/#website"},"primaryImageOfPage":{"@id":"https:\/\/www.visit-ulcinj.com\/blog\/2009\/04\/06\/juna-tregon-per-veten\/#primaryimage"},"datePublished":"2009-04-06T21:43:14+00:00","dateModified":"2009-04-06T21:43:14+00:00","author":{"@id":"https:\/\/www.visit-ulcinj.com\/blog\/#\/schema\/person\/dcab619c614d3038751c63bc2aadc06d"},"description":"Big Brother Albania 2 - E pyetur nga Arjoni se me se merrej, Juna ka th\u00c3\u00abn\u00c3\u00ab se b\u00c3\u00abnte shum\u00c3\u00ab pun\u00c3\u00ab. Ajo ka treguar se merrej me promovime t\u00c3\u00ab ndryshme, se punonte me grupet q\u00c3\u00ab vizitonin panairet","breadcrumb":{"@id":"https:\/\/www.visit-ulcinj.com\/blog\/2009\/04\/06\/juna-tregon-per-veten\/#breadcrumb"},"inLanguage":"en-US","potentialAction":[{"@type":"ReadAction","target":["https:\/\/www.visit-ulcinj.com\/blog\/2009\/04\/06\/juna-tregon-per-veten\/"]}]},{"@type":"BreadcrumbList","@id":"https:\/\/www.visit-ulcinj.com\/blog\/2009\/04\/06\/juna-tregon-per-veten\/#breadcrumb","itemListElement":[{"@type":"ListItem","position":1,"name":"Juna tregon per veten"}]},{"@type":"Person","@id":"https:\/\/www.visit-ulcinj.com\/blog\/#\/schema\/person\/dcab619c614d3038751c63bc2aadc06d","name":"ulqini","sameAs":["http:\/\/www.visit-ulcinj.com"],"url":"https:\/\/www.visit-ulcinj.com\/blog\/author\/admin\/"}]}},"jetpack_featured_media_url":"","jetpack_sharing_enabled":true,"jetpack_shortlink":"https:\/\/wp.me\/pe6lTn-4of","_links":{"self":[{"href":"https:\/\/www.visit-ulcinj.com\/blog\/wp-json\/wp\/v2\/posts\/16879"}],"collection":[{"href":"https:\/\/www.visit-ulcinj.com\/blog\/wp-json\/wp\/v2\/posts"}],"about":[{"href":"https:\/\/www.visit-ulcinj.com\/blog\/wp-json\/wp\/v2\/types\/post"}],"author":[{"embeddable":true,"href":"https:\/\/www.visit-ulcinj.com\/blog\/wp-json\/wp\/v2\/users\/1"}],"replies":[{"embeddable":true,"href":"https:\/\/www.visit-ulcinj.com\/blog\/wp-json\/wp\/v2\/comments?post=16879"}],"version-history":[{"count":0,"href":"https:\/\/www.visit-ulcinj.com\/blog\/wp-json\/wp\/v2\/posts\/16879\/revisions"}],"wp:attachment":[{"href":"https:\/\/www.visit-ulcinj.com\/blog\/wp-json\/wp\/v2\/media?parent=16879"}],"wp:term":[{"taxonomy":"category","embeddable":true,"href":"https:\/\/www.visit-ulcinj.com\/blog\/wp-json\/wp\/v2\/categories?post=16879"},{"taxonomy":"post_tag","embeddable":true,"href":"https:\/\/www.visit-ulcinj.com\/blog\/wp-json\/wp\/v2\/tags?post=16879"}],"curies":[{"name":"wp","href":"https:\/\/api.w.org\/{rel}","templated":true}]}}