{"id":16885,"date":"2009-04-06T23:48:45","date_gmt":"2009-04-06T21:48:45","guid":{"rendered":"http:\/\/www.visit-ulcinj.com\/blog\/?p=16885"},"modified":"2009-04-06T23:48:45","modified_gmt":"2009-04-06T21:48:45","slug":"basti-i-bjordit-dhe-qetsorit","status":"publish","type":"post","link":"https:\/\/www.visit-ulcinj.com\/blog\/2009\/04\/06\/basti-i-bjordit-dhe-qetsorit\/","title":{"rendered":"Basti i Bjordit dhe Qetsorit"},"content":{"rendered":"<p><em><span class=\"newsdate\"><a href=\"http:\/\/www.visit-ulcinj.com\/blog\/wp-content\/uploads\/2009\/04\/qetsori-dhe-bjordi.jpg\"><img loading=\"lazy\" class=\"alignleft size-full wp-image-16886\" title=\"qetsori-dhe-bjordi-big-brother-albania-2\" src=\"http:\/\/www.visit-ulcinj.com\/blog\/wp-content\/uploads\/2009\/04\/qetsori-dhe-bjordi.jpg\" alt=\"qetsori-dhe-bjordi-big-brother-albania-2\" width=\"300\" height=\"205\" \/><\/a>05\/04\/09 03:15<\/span><\/em><\/p>\n<p>Qetsori i ka treguar Bjordit se kishte nominuar at\u00eb dhe Dritanin dhe ka shtuar se Bjordi do ta kishte t\u00eb v\u00ebshtir\u00eb. \u201cPo s\u2019\u00e7ove Adel\u00ebn n\u00eb shtrat, e ke humbur loj\u00ebn!\u201d- i ka th\u00ebn\u00eb ai, madje ka shtuar se edhe Arjoni po t\u00eb mos arrinte gj\u00eb me Anjez\u00ebn, rrezikonte po aq shum\u00eb. Sipas Bjordit, edhe sikur kjo t\u00eb ndodhte nuk do t\u00eb ndryshonte ndonj\u00eb gj\u00eb, por sipas Qetsorit, gabohej. \u201cE v\u00ebm\u00eb bast q\u00eb un\u00eb do t\u00eb arrij m\u00eb lart se ty?\u201d- i ka th\u00ebn\u00eb Bjordi Qetsorit. Por Qetsori nuk ka pranuar q\u00eb ta vinin p\u00ebr k\u00ebt\u00eb arsye, sepse sipas tij edhe mund t\u00eb ndodhte. \u201cVet\u00ebm po t\u00eb \u00e7osh zyshen n\u00eb krevat, &#8211; i ka th\u00ebn\u00eb ai,- do t\u00eb fitosh!\u201d. \u201cNd\u00ebrsa un\u00eb them se jo!\u201d- ia ka kthyer Bjordi. Basti \u00ebsht\u00eb prer\u00eb nga Juna dhe n\u00eb loj\u00eb jan\u00eb nj\u00eb apartament n\u00eb Leco nga ana e Bjordit dhe 500 metra katror\u00eb tok\u00eb n\u00eb Orikum, nga ana e Qetsorit.<\/p>\n","protected":false},"excerpt":{"rendered":"<p>05\/04\/09 03:15 Qetsori i ka treguar Bjordit se kishte nominuar at\u00eb dhe Dritanin dhe ka shtuar se Bjordi do ta kishte t\u00eb v\u00ebshtir\u00eb. \u201cPo s\u2019\u00e7ove Adel\u00ebn n\u00eb shtrat, e ke humbur loj\u00ebn!\u201d- i ka th\u00ebn\u00eb ai, madje ka shtuar se edhe Arjoni po t\u00eb mos arrinte gj\u00eb me Anjez\u00ebn, rrezikonte po aq shum\u00eb. Sipas Bjordit, [&hellip;]<\/p>\n","protected":false},"author":1,"featured_media":0,"comment_status":"open","ping_status":"closed","sticky":false,"template":"","format":"standard","meta":{"spay_email":"","jetpack_publicize_message":"","jetpack_is_tweetstorm":false,"jetpack_publicize_feature_enabled":true},"categories":[6502],"tags":[8783,5057,6506,6516,6712,7129,6522,6900,6891,6693,6887],"jetpack_publicize_connections":[],"yoast_head":"<!-- This site is optimized with the Yoast SEO plugin v19.1 - https:\/\/yoast.com\/wordpress\/plugins\/seo\/ -->\n<title>Basti i Bjordit dhe Qetsorit | Big Brother Albania 2<\/title>\n<meta name=\"description\" content=\"Big Brother Albania 2 - Qetsori i ka treguar Bjordit se kishte nominuar at\u00c3\u00ab dhe Dritanin dhe ka shtuar se Bjordi do ta kishte t\u00c3\u00ab v\u00c3\u00abshtir\u00c3\u00ab. \u00e2\u20ac\u0153Po s\u00e2\u20ac\u2122\u00c3\u00a7ove Adel\u00c3\u00abn n\u00c3\u00ab shtrat, e ke humbur loj\u00c3\u00abn!\" \/>\n<meta name=\"robots\" content=\"index, follow, max-snippet:-1, max-image-preview:large, max-video-preview:-1\" \/>\n<link rel=\"canonical\" href=\"https:\/\/www.visit-ulcinj.com\/blog\/2009\/04\/06\/basti-i-bjordit-dhe-qetsorit\/\" \/>\n<meta property=\"og:locale\" content=\"en_US\" \/>\n<meta property=\"og:type\" content=\"article\" \/>\n<meta property=\"og:title\" content=\"Basti i Bjordit dhe Qetsorit | Big Brother Albania 2\" \/>\n<meta property=\"og:description\" content=\"Big Brother Albania 2 - Qetsori i ka treguar Bjordit se kishte nominuar at\u00c3\u00ab dhe Dritanin dhe ka shtuar se Bjordi do ta kishte t\u00c3\u00ab v\u00c3\u00abshtir\u00c3\u00ab. \u00e2\u20ac\u0153Po s\u00e2\u20ac\u2122\u00c3\u00a7ove Adel\u00c3\u00abn n\u00c3\u00ab shtrat, e ke humbur loj\u00c3\u00abn!\" \/>\n<meta property=\"og:url\" content=\"https:\/\/www.visit-ulcinj.com\/blog\/2009\/04\/06\/basti-i-bjordit-dhe-qetsorit\/\" \/>\n<meta property=\"og:site_name\" content=\"Lajme nga Ulqini\" \/>\n<meta property=\"article:published_time\" content=\"2009-04-06T21:48:45+00:00\" \/>\n<meta property=\"og:image\" content=\"http:\/\/www.visit-ulcinj.com\/blog\/wp-content\/uploads\/2009\/04\/qetsori-dhe-bjordi.jpg\" \/>\n<meta name=\"twitter:label1\" content=\"Written by\" \/>\n\t<meta name=\"twitter:data1\" content=\"ulqini\" \/>\n\t<meta name=\"twitter:label2\" content=\"Est. reading time\" \/>\n\t<meta name=\"twitter:data2\" content=\"1 minute\" \/>\n<script type=\"application\/ld+json\" class=\"yoast-schema-graph\">{\"@context\":\"https:\/\/schema.org\",\"@graph\":[{\"@type\":\"WebSite\",\"@id\":\"https:\/\/www.visit-ulcinj.com\/blog\/#website\",\"url\":\"https:\/\/www.visit-ulcinj.com\/blog\/\",\"name\":\"Lajme nga Ulqini\",\"description\":\"Lajme,Vijesti,Ulqini,Ulqin,Crna Gora,Mali i Zi\",\"potentialAction\":[{\"@type\":\"SearchAction\",\"target\":{\"@type\":\"EntryPoint\",\"urlTemplate\":\"https:\/\/www.visit-ulcinj.com\/blog\/?s={search_term_string}\"},\"query-input\":\"required name=search_term_string\"}],\"inLanguage\":\"en-US\"},{\"@type\":\"ImageObject\",\"inLanguage\":\"en-US\",\"@id\":\"https:\/\/www.visit-ulcinj.com\/blog\/2009\/04\/06\/basti-i-bjordit-dhe-qetsorit\/#primaryimage\",\"url\":\"http:\/\/www.visit-ulcinj.com\/blog\/wp-content\/uploads\/2009\/04\/qetsori-dhe-bjordi.jpg\",\"contentUrl\":\"http:\/\/www.visit-ulcinj.com\/blog\/wp-content\/uploads\/2009\/04\/qetsori-dhe-bjordi.jpg\"},{\"@type\":\"WebPage\",\"@id\":\"https:\/\/www.visit-ulcinj.com\/blog\/2009\/04\/06\/basti-i-bjordit-dhe-qetsorit\/#webpage\",\"url\":\"https:\/\/www.visit-ulcinj.com\/blog\/2009\/04\/06\/basti-i-bjordit-dhe-qetsorit\/\",\"name\":\"Basti i Bjordit dhe Qetsorit | Big Brother Albania 2\",\"isPartOf\":{\"@id\":\"https:\/\/www.visit-ulcinj.com\/blog\/#website\"},\"primaryImageOfPage\":{\"@id\":\"https:\/\/www.visit-ulcinj.com\/blog\/2009\/04\/06\/basti-i-bjordit-dhe-qetsorit\/#primaryimage\"},\"datePublished\":\"2009-04-06T21:48:45+00:00\",\"dateModified\":\"2009-04-06T21:48:45+00:00\",\"author\":{\"@id\":\"https:\/\/www.visit-ulcinj.com\/blog\/#\/schema\/person\/dcab619c614d3038751c63bc2aadc06d\"},\"description\":\"Big Brother Albania 2 - Qetsori i ka treguar Bjordit se kishte nominuar at\u00c3\u00ab dhe Dritanin dhe ka shtuar se Bjordi do ta kishte t\u00c3\u00ab v\u00c3\u00abshtir\u00c3\u00ab. \u00e2\u20ac\u0153Po s\u00e2\u20ac\u2122\u00c3\u00a7ove Adel\u00c3\u00abn n\u00c3\u00ab shtrat, e ke humbur loj\u00c3\u00abn!\",\"breadcrumb\":{\"@id\":\"https:\/\/www.visit-ulcinj.com\/blog\/2009\/04\/06\/basti-i-bjordit-dhe-qetsorit\/#breadcrumb\"},\"inLanguage\":\"en-US\",\"potentialAction\":[{\"@type\":\"ReadAction\",\"target\":[\"https:\/\/www.visit-ulcinj.com\/blog\/2009\/04\/06\/basti-i-bjordit-dhe-qetsorit\/\"]}]},{\"@type\":\"BreadcrumbList\",\"@id\":\"https:\/\/www.visit-ulcinj.com\/blog\/2009\/04\/06\/basti-i-bjordit-dhe-qetsorit\/#breadcrumb\",\"itemListElement\":[{\"@type\":\"ListItem\",\"position\":1,\"name\":\"Basti i Bjordit dhe Qetsorit\"}]},{\"@type\":\"Person\",\"@id\":\"https:\/\/www.visit-ulcinj.com\/blog\/#\/schema\/person\/dcab619c614d3038751c63bc2aadc06d\",\"name\":\"ulqini\",\"sameAs\":[\"http:\/\/www.visit-ulcinj.com\"],\"url\":\"https:\/\/www.visit-ulcinj.com\/blog\/author\/admin\/\"}]}<\/script>\n<!-- \/ Yoast SEO plugin. -->","yoast_head_json":{"title":"Basti i Bjordit dhe Qetsorit | Big Brother Albania 2","description":"Big Brother Albania 2 - Qetsori i ka treguar Bjordit se kishte nominuar at\u00c3\u00ab dhe Dritanin dhe ka shtuar se Bjordi do ta kishte t\u00c3\u00ab v\u00c3\u00abshtir\u00c3\u00ab. \u00e2\u20ac\u0153Po s\u00e2\u20ac\u2122\u00c3\u00a7ove Adel\u00c3\u00abn n\u00c3\u00ab shtrat, e ke humbur loj\u00c3\u00abn!","robots":{"index":"index","follow":"follow","max-snippet":"max-snippet:-1","max-image-preview":"max-image-preview:large","max-video-preview":"max-video-preview:-1"},"canonical":"https:\/\/www.visit-ulcinj.com\/blog\/2009\/04\/06\/basti-i-bjordit-dhe-qetsorit\/","og_locale":"en_US","og_type":"article","og_title":"Basti i Bjordit dhe Qetsorit | Big Brother Albania 2","og_description":"Big Brother Albania 2 - Qetsori i ka treguar Bjordit se kishte nominuar at\u00c3\u00ab dhe Dritanin dhe ka shtuar se Bjordi do ta kishte t\u00c3\u00ab v\u00c3\u00abshtir\u00c3\u00ab. \u00e2\u20ac\u0153Po s\u00e2\u20ac\u2122\u00c3\u00a7ove Adel\u00c3\u00abn n\u00c3\u00ab shtrat, e ke humbur loj\u00c3\u00abn!","og_url":"https:\/\/www.visit-ulcinj.com\/blog\/2009\/04\/06\/basti-i-bjordit-dhe-qetsorit\/","og_site_name":"Lajme nga Ulqini","article_published_time":"2009-04-06T21:48:45+00:00","og_image":[{"url":"http:\/\/www.visit-ulcinj.com\/blog\/wp-content\/uploads\/2009\/04\/qetsori-dhe-bjordi.jpg"}],"twitter_misc":{"Written by":"ulqini","Est. reading time":"1 minute"},"schema":{"@context":"https:\/\/schema.org","@graph":[{"@type":"WebSite","@id":"https:\/\/www.visit-ulcinj.com\/blog\/#website","url":"https:\/\/www.visit-ulcinj.com\/blog\/","name":"Lajme nga Ulqini","description":"Lajme,Vijesti,Ulqini,Ulqin,Crna Gora,Mali i Zi","potentialAction":[{"@type":"SearchAction","target":{"@type":"EntryPoint","urlTemplate":"https:\/\/www.visit-ulcinj.com\/blog\/?s={search_term_string}"},"query-input":"required name=search_term_string"}],"inLanguage":"en-US"},{"@type":"ImageObject","inLanguage":"en-US","@id":"https:\/\/www.visit-ulcinj.com\/blog\/2009\/04\/06\/basti-i-bjordit-dhe-qetsorit\/#primaryimage","url":"http:\/\/www.visit-ulcinj.com\/blog\/wp-content\/uploads\/2009\/04\/qetsori-dhe-bjordi.jpg","contentUrl":"http:\/\/www.visit-ulcinj.com\/blog\/wp-content\/uploads\/2009\/04\/qetsori-dhe-bjordi.jpg"},{"@type":"WebPage","@id":"https:\/\/www.visit-ulcinj.com\/blog\/2009\/04\/06\/basti-i-bjordit-dhe-qetsorit\/#webpage","url":"https:\/\/www.visit-ulcinj.com\/blog\/2009\/04\/06\/basti-i-bjordit-dhe-qetsorit\/","name":"Basti i Bjordit dhe Qetsorit | Big Brother Albania 2","isPartOf":{"@id":"https:\/\/www.visit-ulcinj.com\/blog\/#website"},"primaryImageOfPage":{"@id":"https:\/\/www.visit-ulcinj.com\/blog\/2009\/04\/06\/basti-i-bjordit-dhe-qetsorit\/#primaryimage"},"datePublished":"2009-04-06T21:48:45+00:00","dateModified":"2009-04-06T21:48:45+00:00","author":{"@id":"https:\/\/www.visit-ulcinj.com\/blog\/#\/schema\/person\/dcab619c614d3038751c63bc2aadc06d"},"description":"Big Brother Albania 2 - Qetsori i ka treguar Bjordit se kishte nominuar at\u00c3\u00ab dhe Dritanin dhe ka shtuar se Bjordi do ta kishte t\u00c3\u00ab v\u00c3\u00abshtir\u00c3\u00ab. \u00e2\u20ac\u0153Po s\u00e2\u20ac\u2122\u00c3\u00a7ove Adel\u00c3\u00abn n\u00c3\u00ab shtrat, e ke humbur loj\u00c3\u00abn!","breadcrumb":{"@id":"https:\/\/www.visit-ulcinj.com\/blog\/2009\/04\/06\/basti-i-bjordit-dhe-qetsorit\/#breadcrumb"},"inLanguage":"en-US","potentialAction":[{"@type":"ReadAction","target":["https:\/\/www.visit-ulcinj.com\/blog\/2009\/04\/06\/basti-i-bjordit-dhe-qetsorit\/"]}]},{"@type":"BreadcrumbList","@id":"https:\/\/www.visit-ulcinj.com\/blog\/2009\/04\/06\/basti-i-bjordit-dhe-qetsorit\/#breadcrumb","itemListElement":[{"@type":"ListItem","position":1,"name":"Basti i Bjordit dhe Qetsorit"}]},{"@type":"Person","@id":"https:\/\/www.visit-ulcinj.com\/blog\/#\/schema\/person\/dcab619c614d3038751c63bc2aadc06d","name":"ulqini","sameAs":["http:\/\/www.visit-ulcinj.com"],"url":"https:\/\/www.visit-ulcinj.com\/blog\/author\/admin\/"}]}},"jetpack_featured_media_url":"","jetpack_sharing_enabled":true,"jetpack_shortlink":"https:\/\/wp.me\/pe6lTn-4ol","_links":{"self":[{"href":"https:\/\/www.visit-ulcinj.com\/blog\/wp-json\/wp\/v2\/posts\/16885"}],"collection":[{"href":"https:\/\/www.visit-ulcinj.com\/blog\/wp-json\/wp\/v2\/posts"}],"about":[{"href":"https:\/\/www.visit-ulcinj.com\/blog\/wp-json\/wp\/v2\/types\/post"}],"author":[{"embeddable":true,"href":"https:\/\/www.visit-ulcinj.com\/blog\/wp-json\/wp\/v2\/users\/1"}],"replies":[{"embeddable":true,"href":"https:\/\/www.visit-ulcinj.com\/blog\/wp-json\/wp\/v2\/comments?post=16885"}],"version-history":[{"count":0,"href":"https:\/\/www.visit-ulcinj.com\/blog\/wp-json\/wp\/v2\/posts\/16885\/revisions"}],"wp:attachment":[{"href":"https:\/\/www.visit-ulcinj.com\/blog\/wp-json\/wp\/v2\/media?parent=16885"}],"wp:term":[{"taxonomy":"category","embeddable":true,"href":"https:\/\/www.visit-ulcinj.com\/blog\/wp-json\/wp\/v2\/categories?post=16885"},{"taxonomy":"post_tag","embeddable":true,"href":"https:\/\/www.visit-ulcinj.com\/blog\/wp-json\/wp\/v2\/tags?post=16885"}],"curies":[{"name":"wp","href":"https:\/\/api.w.org\/{rel}","templated":true}]}}