{"id":16888,"date":"2009-04-06T23:50:27","date_gmt":"2009-04-06T21:50:27","guid":{"rendered":"http:\/\/www.visit-ulcinj.com\/blog\/?p=16888"},"modified":"2009-04-06T23:50:27","modified_gmt":"2009-04-06T21:50:27","slug":"adelajda-nuk-dal-para-te-rinjve","status":"publish","type":"post","link":"https:\/\/www.visit-ulcinj.com\/blog\/2009\/04\/06\/adelajda-nuk-dal-para-te-rinjve\/","title":{"rendered":"Adelajda : Nuk dal para t\u00eb rinjve"},"content":{"rendered":"<p><em><span class=\"newsdate\"><a href=\"http:\/\/www.visit-ulcinj.com\/blog\/wp-content\/uploads\/2009\/04\/adelatani-per-te-rinjte.jpg\"><img loading=\"lazy\" class=\"alignleft size-full wp-image-16889\" title=\"adelatani-per-te-rinjte-big-brother-albania-2\" src=\"http:\/\/www.visit-ulcinj.com\/blog\/wp-content\/uploads\/2009\/04\/adelatani-per-te-rinjte.jpg\" alt=\"adelatani-per-te-rinjte-big-brother-albania-2\" width=\"300\" height=\"205\" \/><\/a>05\/04\/09 04:55<\/span><\/em><\/p>\n<p>Adela dhe Dritani bisedojn\u00eb p\u00ebr atmosfer\u00ebn e re n\u00eb sht\u00ebpi, sidomos p\u00ebr banor\u00ebt e rinj. Sipas Dritanit, gjithcka po b\u00ebhet q\u00eb loja t\u00eb jet\u00eb m\u00eb interesante. Ai i p\u00ebrmend Adel\u00ebs se u b\u00eb ndarja e banor\u00ebve t\u00eb rinj nga ata t\u00eb vjet\u00ebrit, u b\u00eb nj\u00eb nominim me kat\u00ebr banor\u00eb nj\u00ebher\u00ebsh q\u00eb ata t\u00eb p\u00ebrballeshin mes tyre edhe pse kjo u mor me sportivitet. P\u00ebr Dritanin, sportiviteti mori fund sepse tani do t\u00eb fillojn\u00eb konfliktet e v\u00ebrteta. Edhe Adela \u00ebsht\u00eb i k\u00ebtij mendimi. Ajo shton se do t\u2019i vinte inat n\u00ebse ajo do t\u00eb dilte dhe t\u00eb rinjt\u00eb t\u00eb q\u00ebndronin n\u00eb sht\u00ebpi. Adela mendon se \u00ebsht\u00eb munduar shum\u00eb p\u00ebr t\u00eb arrtur deri n\u00eb k\u00ebt\u00eb pik\u00eb dhe n\u00ebse do dilte, do b\u00ebnte \u201cskandal\u201d pasi, sipas saj, nuk e meriton. \u201c\u00cbsht\u00eb b\u00ebr\u00eb keq situata\u201d- p\u00ebrfundon Tani.<\/p>\n","protected":false},"excerpt":{"rendered":"<p>05\/04\/09 04:55 Adela dhe Dritani bisedojn\u00eb p\u00ebr atmosfer\u00ebn e re n\u00eb sht\u00ebpi, sidomos p\u00ebr banor\u00ebt e rinj. Sipas Dritanit, gjithcka po b\u00ebhet q\u00eb loja t\u00eb jet\u00eb m\u00eb interesante. Ai i p\u00ebrmend Adel\u00ebs se u b\u00eb ndarja e banor\u00ebve t\u00eb rinj nga ata t\u00eb vjet\u00ebrit, u b\u00eb nj\u00eb nominim me kat\u00ebr banor\u00eb nj\u00ebher\u00ebsh q\u00eb ata t\u00eb [&hellip;]<\/p>\n","protected":false},"author":1,"featured_media":0,"comment_status":"open","ping_status":"closed","sticky":false,"template":"","format":"standard","meta":{"spay_email":"","jetpack_publicize_message":"","jetpack_is_tweetstorm":false,"jetpack_publicize_feature_enabled":true},"categories":[6502],"tags":[6529,5057,6506,6516,6712,7129,6521,6891,6693,6887],"jetpack_publicize_connections":[],"yoast_head":"<!-- This site is optimized with the Yoast SEO plugin v19.1 - https:\/\/yoast.com\/wordpress\/plugins\/seo\/ -->\n<title>Adelajda : Nuk dal para t\u00c3\u00ab rinjve | Big Brother Albania 2<\/title>\n<meta name=\"description\" content=\"Big Brother Albania 2 - Adela dhe Dritani bisedojn\u00c3\u00ab p\u00c3\u00abr atmosfer\u00c3\u00abn e re n\u00c3\u00ab sht\u00c3\u00abpi, sidomos p\u00c3\u00abr banor\u00c3\u00abt e rinj. Sipas Dritanit, gjithcka po b\u00c3\u00abhet q\u00c3\u00ab loja t\u00c3\u00ab jet\u00c3\u00ab m\u00c3\u00ab interesante.\" \/>\n<meta name=\"robots\" content=\"index, follow, max-snippet:-1, max-image-preview:large, max-video-preview:-1\" \/>\n<link rel=\"canonical\" href=\"https:\/\/www.visit-ulcinj.com\/blog\/2009\/04\/06\/adelajda-nuk-dal-para-te-rinjve\/\" \/>\n<meta property=\"og:locale\" content=\"en_US\" \/>\n<meta property=\"og:type\" content=\"article\" \/>\n<meta property=\"og:title\" content=\"Adelajda : Nuk dal para t\u00c3\u00ab rinjve | Big Brother Albania 2\" \/>\n<meta property=\"og:description\" content=\"Big Brother Albania 2 - Adela dhe Dritani bisedojn\u00c3\u00ab p\u00c3\u00abr atmosfer\u00c3\u00abn e re n\u00c3\u00ab sht\u00c3\u00abpi, sidomos p\u00c3\u00abr banor\u00c3\u00abt e rinj. Sipas Dritanit, gjithcka po b\u00c3\u00abhet q\u00c3\u00ab loja t\u00c3\u00ab jet\u00c3\u00ab m\u00c3\u00ab interesante.\" \/>\n<meta property=\"og:url\" content=\"https:\/\/www.visit-ulcinj.com\/blog\/2009\/04\/06\/adelajda-nuk-dal-para-te-rinjve\/\" \/>\n<meta property=\"og:site_name\" content=\"Lajme nga Ulqini\" \/>\n<meta property=\"article:published_time\" content=\"2009-04-06T21:50:27+00:00\" \/>\n<meta property=\"og:image\" content=\"http:\/\/www.visit-ulcinj.com\/blog\/wp-content\/uploads\/2009\/04\/adelatani-per-te-rinjte.jpg\" \/>\n<meta name=\"twitter:label1\" content=\"Written by\" \/>\n\t<meta name=\"twitter:data1\" content=\"ulqini\" \/>\n\t<meta name=\"twitter:label2\" content=\"Est. reading time\" \/>\n\t<meta name=\"twitter:data2\" content=\"1 minute\" \/>\n<script type=\"application\/ld+json\" class=\"yoast-schema-graph\">{\"@context\":\"https:\/\/schema.org\",\"@graph\":[{\"@type\":\"WebSite\",\"@id\":\"https:\/\/www.visit-ulcinj.com\/blog\/#website\",\"url\":\"https:\/\/www.visit-ulcinj.com\/blog\/\",\"name\":\"Lajme nga Ulqini\",\"description\":\"Lajme,Vijesti,Ulqini,Ulqin,Crna Gora,Mali i Zi\",\"potentialAction\":[{\"@type\":\"SearchAction\",\"target\":{\"@type\":\"EntryPoint\",\"urlTemplate\":\"https:\/\/www.visit-ulcinj.com\/blog\/?s={search_term_string}\"},\"query-input\":\"required name=search_term_string\"}],\"inLanguage\":\"en-US\"},{\"@type\":\"ImageObject\",\"inLanguage\":\"en-US\",\"@id\":\"https:\/\/www.visit-ulcinj.com\/blog\/2009\/04\/06\/adelajda-nuk-dal-para-te-rinjve\/#primaryimage\",\"url\":\"http:\/\/www.visit-ulcinj.com\/blog\/wp-content\/uploads\/2009\/04\/adelatani-per-te-rinjte.jpg\",\"contentUrl\":\"http:\/\/www.visit-ulcinj.com\/blog\/wp-content\/uploads\/2009\/04\/adelatani-per-te-rinjte.jpg\"},{\"@type\":\"WebPage\",\"@id\":\"https:\/\/www.visit-ulcinj.com\/blog\/2009\/04\/06\/adelajda-nuk-dal-para-te-rinjve\/#webpage\",\"url\":\"https:\/\/www.visit-ulcinj.com\/blog\/2009\/04\/06\/adelajda-nuk-dal-para-te-rinjve\/\",\"name\":\"Adelajda : Nuk dal para t\u00c3\u00ab rinjve | Big Brother Albania 2\",\"isPartOf\":{\"@id\":\"https:\/\/www.visit-ulcinj.com\/blog\/#website\"},\"primaryImageOfPage\":{\"@id\":\"https:\/\/www.visit-ulcinj.com\/blog\/2009\/04\/06\/adelajda-nuk-dal-para-te-rinjve\/#primaryimage\"},\"datePublished\":\"2009-04-06T21:50:27+00:00\",\"dateModified\":\"2009-04-06T21:50:27+00:00\",\"author\":{\"@id\":\"https:\/\/www.visit-ulcinj.com\/blog\/#\/schema\/person\/dcab619c614d3038751c63bc2aadc06d\"},\"description\":\"Big Brother Albania 2 - Adela dhe Dritani bisedojn\u00c3\u00ab p\u00c3\u00abr atmosfer\u00c3\u00abn e re n\u00c3\u00ab sht\u00c3\u00abpi, sidomos p\u00c3\u00abr banor\u00c3\u00abt e rinj. Sipas Dritanit, gjithcka po b\u00c3\u00abhet q\u00c3\u00ab loja t\u00c3\u00ab jet\u00c3\u00ab m\u00c3\u00ab interesante.\",\"breadcrumb\":{\"@id\":\"https:\/\/www.visit-ulcinj.com\/blog\/2009\/04\/06\/adelajda-nuk-dal-para-te-rinjve\/#breadcrumb\"},\"inLanguage\":\"en-US\",\"potentialAction\":[{\"@type\":\"ReadAction\",\"target\":[\"https:\/\/www.visit-ulcinj.com\/blog\/2009\/04\/06\/adelajda-nuk-dal-para-te-rinjve\/\"]}]},{\"@type\":\"BreadcrumbList\",\"@id\":\"https:\/\/www.visit-ulcinj.com\/blog\/2009\/04\/06\/adelajda-nuk-dal-para-te-rinjve\/#breadcrumb\",\"itemListElement\":[{\"@type\":\"ListItem\",\"position\":1,\"name\":\"Adelajda : Nuk dal para t\u00eb rinjve\"}]},{\"@type\":\"Person\",\"@id\":\"https:\/\/www.visit-ulcinj.com\/blog\/#\/schema\/person\/dcab619c614d3038751c63bc2aadc06d\",\"name\":\"ulqini\",\"sameAs\":[\"http:\/\/www.visit-ulcinj.com\"],\"url\":\"https:\/\/www.visit-ulcinj.com\/blog\/author\/admin\/\"}]}<\/script>\n<!-- \/ Yoast SEO plugin. -->","yoast_head_json":{"title":"Adelajda : Nuk dal para t\u00c3\u00ab rinjve | Big Brother Albania 2","description":"Big Brother Albania 2 - Adela dhe Dritani bisedojn\u00c3\u00ab p\u00c3\u00abr atmosfer\u00c3\u00abn e re n\u00c3\u00ab sht\u00c3\u00abpi, sidomos p\u00c3\u00abr banor\u00c3\u00abt e rinj. Sipas Dritanit, gjithcka po b\u00c3\u00abhet q\u00c3\u00ab loja t\u00c3\u00ab jet\u00c3\u00ab m\u00c3\u00ab interesante.","robots":{"index":"index","follow":"follow","max-snippet":"max-snippet:-1","max-image-preview":"max-image-preview:large","max-video-preview":"max-video-preview:-1"},"canonical":"https:\/\/www.visit-ulcinj.com\/blog\/2009\/04\/06\/adelajda-nuk-dal-para-te-rinjve\/","og_locale":"en_US","og_type":"article","og_title":"Adelajda : Nuk dal para t\u00c3\u00ab rinjve | Big Brother Albania 2","og_description":"Big Brother Albania 2 - Adela dhe Dritani bisedojn\u00c3\u00ab p\u00c3\u00abr atmosfer\u00c3\u00abn e re n\u00c3\u00ab sht\u00c3\u00abpi, sidomos p\u00c3\u00abr banor\u00c3\u00abt e rinj. Sipas Dritanit, gjithcka po b\u00c3\u00abhet q\u00c3\u00ab loja t\u00c3\u00ab jet\u00c3\u00ab m\u00c3\u00ab interesante.","og_url":"https:\/\/www.visit-ulcinj.com\/blog\/2009\/04\/06\/adelajda-nuk-dal-para-te-rinjve\/","og_site_name":"Lajme nga Ulqini","article_published_time":"2009-04-06T21:50:27+00:00","og_image":[{"url":"http:\/\/www.visit-ulcinj.com\/blog\/wp-content\/uploads\/2009\/04\/adelatani-per-te-rinjte.jpg"}],"twitter_misc":{"Written by":"ulqini","Est. reading time":"1 minute"},"schema":{"@context":"https:\/\/schema.org","@graph":[{"@type":"WebSite","@id":"https:\/\/www.visit-ulcinj.com\/blog\/#website","url":"https:\/\/www.visit-ulcinj.com\/blog\/","name":"Lajme nga Ulqini","description":"Lajme,Vijesti,Ulqini,Ulqin,Crna Gora,Mali i Zi","potentialAction":[{"@type":"SearchAction","target":{"@type":"EntryPoint","urlTemplate":"https:\/\/www.visit-ulcinj.com\/blog\/?s={search_term_string}"},"query-input":"required name=search_term_string"}],"inLanguage":"en-US"},{"@type":"ImageObject","inLanguage":"en-US","@id":"https:\/\/www.visit-ulcinj.com\/blog\/2009\/04\/06\/adelajda-nuk-dal-para-te-rinjve\/#primaryimage","url":"http:\/\/www.visit-ulcinj.com\/blog\/wp-content\/uploads\/2009\/04\/adelatani-per-te-rinjte.jpg","contentUrl":"http:\/\/www.visit-ulcinj.com\/blog\/wp-content\/uploads\/2009\/04\/adelatani-per-te-rinjte.jpg"},{"@type":"WebPage","@id":"https:\/\/www.visit-ulcinj.com\/blog\/2009\/04\/06\/adelajda-nuk-dal-para-te-rinjve\/#webpage","url":"https:\/\/www.visit-ulcinj.com\/blog\/2009\/04\/06\/adelajda-nuk-dal-para-te-rinjve\/","name":"Adelajda : Nuk dal para t\u00c3\u00ab rinjve | Big Brother Albania 2","isPartOf":{"@id":"https:\/\/www.visit-ulcinj.com\/blog\/#website"},"primaryImageOfPage":{"@id":"https:\/\/www.visit-ulcinj.com\/blog\/2009\/04\/06\/adelajda-nuk-dal-para-te-rinjve\/#primaryimage"},"datePublished":"2009-04-06T21:50:27+00:00","dateModified":"2009-04-06T21:50:27+00:00","author":{"@id":"https:\/\/www.visit-ulcinj.com\/blog\/#\/schema\/person\/dcab619c614d3038751c63bc2aadc06d"},"description":"Big Brother Albania 2 - Adela dhe Dritani bisedojn\u00c3\u00ab p\u00c3\u00abr atmosfer\u00c3\u00abn e re n\u00c3\u00ab sht\u00c3\u00abpi, sidomos p\u00c3\u00abr banor\u00c3\u00abt e rinj. Sipas Dritanit, gjithcka po b\u00c3\u00abhet q\u00c3\u00ab loja t\u00c3\u00ab jet\u00c3\u00ab m\u00c3\u00ab interesante.","breadcrumb":{"@id":"https:\/\/www.visit-ulcinj.com\/blog\/2009\/04\/06\/adelajda-nuk-dal-para-te-rinjve\/#breadcrumb"},"inLanguage":"en-US","potentialAction":[{"@type":"ReadAction","target":["https:\/\/www.visit-ulcinj.com\/blog\/2009\/04\/06\/adelajda-nuk-dal-para-te-rinjve\/"]}]},{"@type":"BreadcrumbList","@id":"https:\/\/www.visit-ulcinj.com\/blog\/2009\/04\/06\/adelajda-nuk-dal-para-te-rinjve\/#breadcrumb","itemListElement":[{"@type":"ListItem","position":1,"name":"Adelajda : Nuk dal para t\u00eb rinjve"}]},{"@type":"Person","@id":"https:\/\/www.visit-ulcinj.com\/blog\/#\/schema\/person\/dcab619c614d3038751c63bc2aadc06d","name":"ulqini","sameAs":["http:\/\/www.visit-ulcinj.com"],"url":"https:\/\/www.visit-ulcinj.com\/blog\/author\/admin\/"}]}},"jetpack_featured_media_url":"","jetpack_sharing_enabled":true,"jetpack_shortlink":"https:\/\/wp.me\/pe6lTn-4oo","_links":{"self":[{"href":"https:\/\/www.visit-ulcinj.com\/blog\/wp-json\/wp\/v2\/posts\/16888"}],"collection":[{"href":"https:\/\/www.visit-ulcinj.com\/blog\/wp-json\/wp\/v2\/posts"}],"about":[{"href":"https:\/\/www.visit-ulcinj.com\/blog\/wp-json\/wp\/v2\/types\/post"}],"author":[{"embeddable":true,"href":"https:\/\/www.visit-ulcinj.com\/blog\/wp-json\/wp\/v2\/users\/1"}],"replies":[{"embeddable":true,"href":"https:\/\/www.visit-ulcinj.com\/blog\/wp-json\/wp\/v2\/comments?post=16888"}],"version-history":[{"count":0,"href":"https:\/\/www.visit-ulcinj.com\/blog\/wp-json\/wp\/v2\/posts\/16888\/revisions"}],"wp:attachment":[{"href":"https:\/\/www.visit-ulcinj.com\/blog\/wp-json\/wp\/v2\/media?parent=16888"}],"wp:term":[{"taxonomy":"category","embeddable":true,"href":"https:\/\/www.visit-ulcinj.com\/blog\/wp-json\/wp\/v2\/categories?post=16888"},{"taxonomy":"post_tag","embeddable":true,"href":"https:\/\/www.visit-ulcinj.com\/blog\/wp-json\/wp\/v2\/tags?post=16888"}],"curies":[{"name":"wp","href":"https:\/\/api.w.org\/{rel}","templated":true}]}}