{"id":16891,"date":"2009-04-06T23:52:53","date_gmt":"2009-04-06T21:52:53","guid":{"rendered":"http:\/\/www.visit-ulcinj.com\/blog\/?p=16891"},"modified":"2009-04-06T23:52:53","modified_gmt":"2009-04-06T21:52:53","slug":"ari-ne-te-tre-do-sjellim-ndryshim","status":"publish","type":"post","link":"https:\/\/www.visit-ulcinj.com\/blog\/2009\/04\/06\/ari-ne-te-tre-do-sjellim-ndryshim\/","title":{"rendered":"Ari : Ne t\u00eb tre do sjellim ndryshim"},"content":{"rendered":"<p><em><span class=\"newsdate\"><a href=\"http:\/\/www.visit-ulcinj.com\/blog\/wp-content\/uploads\/2009\/04\/per-te-rinjte.jpg\"><img loading=\"lazy\" class=\"alignleft size-full wp-image-16892\" title=\"per-te-rinjte-big-brother-albania-2\" src=\"http:\/\/www.visit-ulcinj.com\/blog\/wp-content\/uploads\/2009\/04\/per-te-rinjte.jpg\" alt=\"per-te-rinjte-big-brother-albania-2\" width=\"300\" height=\"205\" \/><\/a>05\/04\/09 03:55<\/span><\/em><\/p>\n<p>Ari pyet se sa vet\u00eb u b\u00ebn\u00eb n\u00eb sht\u00ebpi dhe Adela i p\u00ebrgjigjet se bashk\u00eb me ata t\u00eb tre, u b\u00ebn\u00eb 13 veta. Ari, pak supersticioz, i duket sikur ky num\u00ebr nuk do i sjell\u00eb shum\u00eb fat atij apo t\u00eb tjer\u00ebve. Negjithat\u00eb, ai kapet pasfjal\u00ebve q\u00eb thot\u00eb Adela, pasi nuk i p\u00eblqen m\u00ebnyra se si ajo i vecon t\u00eb rinjt\u00eb. Sipas Adel\u00ebs, \u00ebsht\u00eb hipokrizi q\u00eb ajo t\u00eb reagoj\u00eb mir\u00eb p\u00ebr futjen e tyre n\u00eb sht\u00ebpi, pasi \u00ebsht\u00eb m\u00ebsuar me personat q\u00eb kan\u00eb q\u00ebn\u00eb dhe nuk mund t\u00eb thot\u00eb me plot\u00eb goj\u00eb se iu b\u00eb qejfi q\u00eb erdh\u00ebn. Ajo mendon se cdokush nga banor\u00ebt e vjet\u00ebr q\u00eb do t\u2019u thoshte atyre n\u00eb sy se iu b\u00ebhet qejfi, vet\u00ebm do t\u00eb g\u00ebnjenin. Ari ia kthen se n\u00ebse do ishte n\u00eb vend t\u00eb saj, do ta shihte n\u00eb nj\u00eb tjet\u00ebr aspekt: si nj\u00eb mund\u00ebsi e mir\u00eb p\u00ebr t\u00eb sjell\u00eb atmosfer\u00eb t\u00eb re n\u00eb sht\u00ebpi me loj\u00ebra, mendime t\u00eb reja duke krijuar nj\u00eb ambient m\u00eb t\u00eb k\u00ebndsh\u00ebm p\u00ebr t\u00eb kaluar koh\u00ebn. Si Sori, dhe Tani t\u00eb cil\u00ebt nd\u00ebrhujn\u00eb n\u00eb k\u00ebt\u00eb bised\u00eb, i thon\u00eb Arit se n\u00ebse ai do kishte dy muaj n\u00eb sht\u00ebpi, sikurse ata, do t\u00eb thoshte t\u00eb nj\u00ebjtat fjal\u00eb si Adela.<\/p>\n","protected":false},"excerpt":{"rendered":"<p>05\/04\/09 03:55 Ari pyet se sa vet\u00eb u b\u00ebn\u00eb n\u00eb sht\u00ebpi dhe Adela i p\u00ebrgjigjet se bashk\u00eb me ata t\u00eb tre, u b\u00ebn\u00eb 13 veta. Ari, pak supersticioz, i duket sikur ky num\u00ebr nuk do i sjell\u00eb shum\u00eb fat atij apo t\u00eb tjer\u00ebve. Negjithat\u00eb, ai kapet pasfjal\u00ebve q\u00eb thot\u00eb Adela, pasi nuk i p\u00eblqen m\u00ebnyra [&hellip;]<\/p>\n","protected":false},"author":1,"featured_media":0,"comment_status":"open","ping_status":"closed","sticky":false,"template":"","format":"standard","meta":{"spay_email":"","jetpack_publicize_message":"","jetpack_is_tweetstorm":false,"jetpack_publicize_feature_enabled":true},"categories":[6502],"tags":[6529,5057,6506,6516,6712,7129,6522,6521,6544,6891,6693,6887],"jetpack_publicize_connections":[],"yoast_head":"<!-- This site is optimized with the Yoast SEO plugin v19.1 - https:\/\/yoast.com\/wordpress\/plugins\/seo\/ -->\n<title>Ari : Ne t\u00c3\u00ab tre do sjellim ndryshim | Big Brother Albania 2<\/title>\n<meta name=\"description\" content=\"Big Brother Albania 2 - Ari pyet se sa vet\u00c3\u00ab u b\u00c3\u00abn\u00c3\u00ab n\u00c3\u00ab sht\u00c3\u00abpi dhe Adela i p\u00c3\u00abrgjigjet se bashk\u00c3\u00ab me ata t\u00c3\u00ab tre, u b\u00c3\u00abn\u00c3\u00ab 13 veta. Ari, pak supersticioz, i duket sikur ky num\u00c3\u00abr nuk do i sjell\u00c3\u00ab shum\u00c3\u00ab fat atij apo t\u00c3\u00ab tjer\u00c3\u00abve\" \/>\n<meta name=\"robots\" content=\"index, follow, max-snippet:-1, max-image-preview:large, max-video-preview:-1\" \/>\n<link rel=\"canonical\" href=\"https:\/\/www.visit-ulcinj.com\/blog\/2009\/04\/06\/ari-ne-te-tre-do-sjellim-ndryshim\/\" \/>\n<meta property=\"og:locale\" content=\"en_US\" \/>\n<meta property=\"og:type\" content=\"article\" \/>\n<meta property=\"og:title\" content=\"Ari : Ne t\u00c3\u00ab tre do sjellim ndryshim | Big Brother Albania 2\" \/>\n<meta property=\"og:description\" content=\"Big Brother Albania 2 - Ari pyet se sa vet\u00c3\u00ab u b\u00c3\u00abn\u00c3\u00ab n\u00c3\u00ab sht\u00c3\u00abpi dhe Adela i p\u00c3\u00abrgjigjet se bashk\u00c3\u00ab me ata t\u00c3\u00ab tre, u b\u00c3\u00abn\u00c3\u00ab 13 veta. Ari, pak supersticioz, i duket sikur ky num\u00c3\u00abr nuk do i sjell\u00c3\u00ab shum\u00c3\u00ab fat atij apo t\u00c3\u00ab tjer\u00c3\u00abve\" \/>\n<meta property=\"og:url\" content=\"https:\/\/www.visit-ulcinj.com\/blog\/2009\/04\/06\/ari-ne-te-tre-do-sjellim-ndryshim\/\" \/>\n<meta property=\"og:site_name\" content=\"Lajme nga Ulqini\" \/>\n<meta property=\"article:published_time\" content=\"2009-04-06T21:52:53+00:00\" \/>\n<meta property=\"og:image\" content=\"http:\/\/www.visit-ulcinj.com\/blog\/wp-content\/uploads\/2009\/04\/per-te-rinjte.jpg\" \/>\n<meta name=\"twitter:label1\" content=\"Written by\" \/>\n\t<meta name=\"twitter:data1\" content=\"ulqini\" \/>\n\t<meta name=\"twitter:label2\" content=\"Est. reading time\" \/>\n\t<meta name=\"twitter:data2\" content=\"1 minute\" \/>\n<script type=\"application\/ld+json\" class=\"yoast-schema-graph\">{\"@context\":\"https:\/\/schema.org\",\"@graph\":[{\"@type\":\"WebSite\",\"@id\":\"https:\/\/www.visit-ulcinj.com\/blog\/#website\",\"url\":\"https:\/\/www.visit-ulcinj.com\/blog\/\",\"name\":\"Lajme nga Ulqini\",\"description\":\"Lajme,Vijesti,Ulqini,Ulqin,Crna Gora,Mali i Zi\",\"potentialAction\":[{\"@type\":\"SearchAction\",\"target\":{\"@type\":\"EntryPoint\",\"urlTemplate\":\"https:\/\/www.visit-ulcinj.com\/blog\/?s={search_term_string}\"},\"query-input\":\"required name=search_term_string\"}],\"inLanguage\":\"en-US\"},{\"@type\":\"ImageObject\",\"inLanguage\":\"en-US\",\"@id\":\"https:\/\/www.visit-ulcinj.com\/blog\/2009\/04\/06\/ari-ne-te-tre-do-sjellim-ndryshim\/#primaryimage\",\"url\":\"http:\/\/www.visit-ulcinj.com\/blog\/wp-content\/uploads\/2009\/04\/per-te-rinjte.jpg\",\"contentUrl\":\"http:\/\/www.visit-ulcinj.com\/blog\/wp-content\/uploads\/2009\/04\/per-te-rinjte.jpg\"},{\"@type\":\"WebPage\",\"@id\":\"https:\/\/www.visit-ulcinj.com\/blog\/2009\/04\/06\/ari-ne-te-tre-do-sjellim-ndryshim\/#webpage\",\"url\":\"https:\/\/www.visit-ulcinj.com\/blog\/2009\/04\/06\/ari-ne-te-tre-do-sjellim-ndryshim\/\",\"name\":\"Ari : Ne t\u00c3\u00ab tre do sjellim ndryshim | Big Brother Albania 2\",\"isPartOf\":{\"@id\":\"https:\/\/www.visit-ulcinj.com\/blog\/#website\"},\"primaryImageOfPage\":{\"@id\":\"https:\/\/www.visit-ulcinj.com\/blog\/2009\/04\/06\/ari-ne-te-tre-do-sjellim-ndryshim\/#primaryimage\"},\"datePublished\":\"2009-04-06T21:52:53+00:00\",\"dateModified\":\"2009-04-06T21:52:53+00:00\",\"author\":{\"@id\":\"https:\/\/www.visit-ulcinj.com\/blog\/#\/schema\/person\/dcab619c614d3038751c63bc2aadc06d\"},\"description\":\"Big Brother Albania 2 - Ari pyet se sa vet\u00c3\u00ab u b\u00c3\u00abn\u00c3\u00ab n\u00c3\u00ab sht\u00c3\u00abpi dhe Adela i p\u00c3\u00abrgjigjet se bashk\u00c3\u00ab me ata t\u00c3\u00ab tre, u b\u00c3\u00abn\u00c3\u00ab 13 veta. Ari, pak supersticioz, i duket sikur ky num\u00c3\u00abr nuk do i sjell\u00c3\u00ab shum\u00c3\u00ab fat atij apo t\u00c3\u00ab tjer\u00c3\u00abve\",\"breadcrumb\":{\"@id\":\"https:\/\/www.visit-ulcinj.com\/blog\/2009\/04\/06\/ari-ne-te-tre-do-sjellim-ndryshim\/#breadcrumb\"},\"inLanguage\":\"en-US\",\"potentialAction\":[{\"@type\":\"ReadAction\",\"target\":[\"https:\/\/www.visit-ulcinj.com\/blog\/2009\/04\/06\/ari-ne-te-tre-do-sjellim-ndryshim\/\"]}]},{\"@type\":\"BreadcrumbList\",\"@id\":\"https:\/\/www.visit-ulcinj.com\/blog\/2009\/04\/06\/ari-ne-te-tre-do-sjellim-ndryshim\/#breadcrumb\",\"itemListElement\":[{\"@type\":\"ListItem\",\"position\":1,\"name\":\"Ari : Ne t\u00eb tre do sjellim ndryshim\"}]},{\"@type\":\"Person\",\"@id\":\"https:\/\/www.visit-ulcinj.com\/blog\/#\/schema\/person\/dcab619c614d3038751c63bc2aadc06d\",\"name\":\"ulqini\",\"sameAs\":[\"http:\/\/www.visit-ulcinj.com\"],\"url\":\"https:\/\/www.visit-ulcinj.com\/blog\/author\/admin\/\"}]}<\/script>\n<!-- \/ Yoast SEO plugin. -->","yoast_head_json":{"title":"Ari : Ne t\u00c3\u00ab tre do sjellim ndryshim | Big Brother Albania 2","description":"Big Brother Albania 2 - Ari pyet se sa vet\u00c3\u00ab u b\u00c3\u00abn\u00c3\u00ab n\u00c3\u00ab sht\u00c3\u00abpi dhe Adela i p\u00c3\u00abrgjigjet se bashk\u00c3\u00ab me ata t\u00c3\u00ab tre, u b\u00c3\u00abn\u00c3\u00ab 13 veta. Ari, pak supersticioz, i duket sikur ky num\u00c3\u00abr nuk do i sjell\u00c3\u00ab shum\u00c3\u00ab fat atij apo t\u00c3\u00ab tjer\u00c3\u00abve","robots":{"index":"index","follow":"follow","max-snippet":"max-snippet:-1","max-image-preview":"max-image-preview:large","max-video-preview":"max-video-preview:-1"},"canonical":"https:\/\/www.visit-ulcinj.com\/blog\/2009\/04\/06\/ari-ne-te-tre-do-sjellim-ndryshim\/","og_locale":"en_US","og_type":"article","og_title":"Ari : Ne t\u00c3\u00ab tre do sjellim ndryshim | Big Brother Albania 2","og_description":"Big Brother Albania 2 - Ari pyet se sa vet\u00c3\u00ab u b\u00c3\u00abn\u00c3\u00ab n\u00c3\u00ab sht\u00c3\u00abpi dhe Adela i p\u00c3\u00abrgjigjet se bashk\u00c3\u00ab me ata t\u00c3\u00ab tre, u b\u00c3\u00abn\u00c3\u00ab 13 veta. Ari, pak supersticioz, i duket sikur ky num\u00c3\u00abr nuk do i sjell\u00c3\u00ab shum\u00c3\u00ab fat atij apo t\u00c3\u00ab tjer\u00c3\u00abve","og_url":"https:\/\/www.visit-ulcinj.com\/blog\/2009\/04\/06\/ari-ne-te-tre-do-sjellim-ndryshim\/","og_site_name":"Lajme nga Ulqini","article_published_time":"2009-04-06T21:52:53+00:00","og_image":[{"url":"http:\/\/www.visit-ulcinj.com\/blog\/wp-content\/uploads\/2009\/04\/per-te-rinjte.jpg"}],"twitter_misc":{"Written by":"ulqini","Est. reading time":"1 minute"},"schema":{"@context":"https:\/\/schema.org","@graph":[{"@type":"WebSite","@id":"https:\/\/www.visit-ulcinj.com\/blog\/#website","url":"https:\/\/www.visit-ulcinj.com\/blog\/","name":"Lajme nga Ulqini","description":"Lajme,Vijesti,Ulqini,Ulqin,Crna Gora,Mali i Zi","potentialAction":[{"@type":"SearchAction","target":{"@type":"EntryPoint","urlTemplate":"https:\/\/www.visit-ulcinj.com\/blog\/?s={search_term_string}"},"query-input":"required name=search_term_string"}],"inLanguage":"en-US"},{"@type":"ImageObject","inLanguage":"en-US","@id":"https:\/\/www.visit-ulcinj.com\/blog\/2009\/04\/06\/ari-ne-te-tre-do-sjellim-ndryshim\/#primaryimage","url":"http:\/\/www.visit-ulcinj.com\/blog\/wp-content\/uploads\/2009\/04\/per-te-rinjte.jpg","contentUrl":"http:\/\/www.visit-ulcinj.com\/blog\/wp-content\/uploads\/2009\/04\/per-te-rinjte.jpg"},{"@type":"WebPage","@id":"https:\/\/www.visit-ulcinj.com\/blog\/2009\/04\/06\/ari-ne-te-tre-do-sjellim-ndryshim\/#webpage","url":"https:\/\/www.visit-ulcinj.com\/blog\/2009\/04\/06\/ari-ne-te-tre-do-sjellim-ndryshim\/","name":"Ari : Ne t\u00c3\u00ab tre do sjellim ndryshim | Big Brother Albania 2","isPartOf":{"@id":"https:\/\/www.visit-ulcinj.com\/blog\/#website"},"primaryImageOfPage":{"@id":"https:\/\/www.visit-ulcinj.com\/blog\/2009\/04\/06\/ari-ne-te-tre-do-sjellim-ndryshim\/#primaryimage"},"datePublished":"2009-04-06T21:52:53+00:00","dateModified":"2009-04-06T21:52:53+00:00","author":{"@id":"https:\/\/www.visit-ulcinj.com\/blog\/#\/schema\/person\/dcab619c614d3038751c63bc2aadc06d"},"description":"Big Brother Albania 2 - Ari pyet se sa vet\u00c3\u00ab u b\u00c3\u00abn\u00c3\u00ab n\u00c3\u00ab sht\u00c3\u00abpi dhe Adela i p\u00c3\u00abrgjigjet se bashk\u00c3\u00ab me ata t\u00c3\u00ab tre, u b\u00c3\u00abn\u00c3\u00ab 13 veta. Ari, pak supersticioz, i duket sikur ky num\u00c3\u00abr nuk do i sjell\u00c3\u00ab shum\u00c3\u00ab fat atij apo t\u00c3\u00ab tjer\u00c3\u00abve","breadcrumb":{"@id":"https:\/\/www.visit-ulcinj.com\/blog\/2009\/04\/06\/ari-ne-te-tre-do-sjellim-ndryshim\/#breadcrumb"},"inLanguage":"en-US","potentialAction":[{"@type":"ReadAction","target":["https:\/\/www.visit-ulcinj.com\/blog\/2009\/04\/06\/ari-ne-te-tre-do-sjellim-ndryshim\/"]}]},{"@type":"BreadcrumbList","@id":"https:\/\/www.visit-ulcinj.com\/blog\/2009\/04\/06\/ari-ne-te-tre-do-sjellim-ndryshim\/#breadcrumb","itemListElement":[{"@type":"ListItem","position":1,"name":"Ari : Ne t\u00eb tre do sjellim ndryshim"}]},{"@type":"Person","@id":"https:\/\/www.visit-ulcinj.com\/blog\/#\/schema\/person\/dcab619c614d3038751c63bc2aadc06d","name":"ulqini","sameAs":["http:\/\/www.visit-ulcinj.com"],"url":"https:\/\/www.visit-ulcinj.com\/blog\/author\/admin\/"}]}},"jetpack_featured_media_url":"","jetpack_sharing_enabled":true,"jetpack_shortlink":"https:\/\/wp.me\/pe6lTn-4or","_links":{"self":[{"href":"https:\/\/www.visit-ulcinj.com\/blog\/wp-json\/wp\/v2\/posts\/16891"}],"collection":[{"href":"https:\/\/www.visit-ulcinj.com\/blog\/wp-json\/wp\/v2\/posts"}],"about":[{"href":"https:\/\/www.visit-ulcinj.com\/blog\/wp-json\/wp\/v2\/types\/post"}],"author":[{"embeddable":true,"href":"https:\/\/www.visit-ulcinj.com\/blog\/wp-json\/wp\/v2\/users\/1"}],"replies":[{"embeddable":true,"href":"https:\/\/www.visit-ulcinj.com\/blog\/wp-json\/wp\/v2\/comments?post=16891"}],"version-history":[{"count":0,"href":"https:\/\/www.visit-ulcinj.com\/blog\/wp-json\/wp\/v2\/posts\/16891\/revisions"}],"wp:attachment":[{"href":"https:\/\/www.visit-ulcinj.com\/blog\/wp-json\/wp\/v2\/media?parent=16891"}],"wp:term":[{"taxonomy":"category","embeddable":true,"href":"https:\/\/www.visit-ulcinj.com\/blog\/wp-json\/wp\/v2\/categories?post=16891"},{"taxonomy":"post_tag","embeddable":true,"href":"https:\/\/www.visit-ulcinj.com\/blog\/wp-json\/wp\/v2\/tags?post=16891"}],"curies":[{"name":"wp","href":"https:\/\/api.w.org\/{rel}","templated":true}]}}