{"id":16894,"date":"2009-04-06T23:54:58","date_gmt":"2009-04-06T21:54:58","guid":{"rendered":"http:\/\/www.visit-ulcinj.com\/blog\/?p=16894"},"modified":"2009-04-10T02:55:43","modified_gmt":"2009-04-10T00:55:43","slug":"juna-eltoni-dhe-arjani-mengjesi-i-pare","status":"publish","type":"post","link":"https:\/\/www.visit-ulcinj.com\/blog\/2009\/04\/06\/juna-eltoni-dhe-arjani-mengjesi-i-pare\/","title":{"rendered":"Juna, Eltoni dhe Arjani : M\u00ebngjesi i par\u00eb"},"content":{"rendered":"<p><em><span class=\"newsdate\"><a href=\"http:\/\/www.visit-ulcinj.com\/blog\/wp-content\/uploads\/2009\/04\/mengjes.jpg\"><img loading=\"lazy\" class=\"alignleft size-full wp-image-16895\" title=\"mengjes-big-brother-albania-2\" src=\"http:\/\/www.visit-ulcinj.com\/blog\/wp-content\/uploads\/2009\/04\/mengjes.jpg\" alt=\"mengjes-big-brother-albania-2\" width=\"300\" height=\"205\" \/><\/a>05\/04\/09 10:00<\/span><\/em><\/p>\n<p>Banor\u00ebt fillojn\u00eb t\u00eb zgjohen nga gjumi me muzik\u00ebn e vendosur n\u00eb sfond. Banor\u00ebt e rinj, si m\u00eb energjik\u00eb se ata t\u00eb vjet\u00ebrit, jan\u00eb zgjuar t\u00eb par\u00ebt. Banor\u00ebt e vjet\u00ebr vazhdojn\u00eb t\u00eb q\u00ebndrojn\u00eb n\u00eb gjum apo shtrir\u00eb duke d\u00ebgjuar muzik\u00eb. Juna dhe Eltoni shkojn\u00eb n\u00eb kuzhin\u00eb ku p\u00ebrgatisin kafe p\u00ebr disa nga banor\u00ebt q\u00eb jan\u00eb zgjuar. Ata e nisin m\u00ebngjesin me humor e t\u00eb qeshura. Pasi b\u00ebjn\u00eb kafet, ata shkojn\u00eb t\u2019i shijojn\u00eb n\u00eb krevat me t\u00eb tjer\u00ebt.<\/p>\n","protected":false},"excerpt":{"rendered":"<p>05\/04\/09 10:00 Banor\u00ebt fillojn\u00eb t\u00eb zgjohen nga gjumi me muzik\u00ebn e vendosur n\u00eb sfond. Banor\u00ebt e rinj, si m\u00eb energjik\u00eb se ata t\u00eb vjet\u00ebrit, jan\u00eb zgjuar t\u00eb par\u00ebt. Banor\u00ebt e vjet\u00ebr vazhdojn\u00eb t\u00eb q\u00ebndrojn\u00eb n\u00eb gjum apo shtrir\u00eb duke d\u00ebgjuar muzik\u00eb. Juna dhe Eltoni shkojn\u00eb n\u00eb kuzhin\u00eb ku p\u00ebrgatisin kafe p\u00ebr disa nga banor\u00ebt q\u00eb [&hellip;]<\/p>\n","protected":false},"author":1,"featured_media":0,"comment_status":"open","ping_status":"closed","sticky":false,"template":"","format":"standard","meta":{"spay_email":"","jetpack_publicize_message":"","jetpack_is_tweetstorm":false,"jetpack_publicize_feature_enabled":true},"categories":[6502],"tags":[8289,8775,5057,6506,6516,6712,7129,8776,1442,6891,6693,6887],"jetpack_publicize_connections":[],"yoast_head":"<!-- This site is optimized with the Yoast SEO plugin v19.1 - https:\/\/yoast.com\/wordpress\/plugins\/seo\/ -->\n<title>Juna, Eltoni dhe Arjani : M\u00c3\u00abngjesi i par\u00c3\u00ab | Big Brother Albania 2<\/title>\n<meta name=\"description\" content=\"Big Brother Albania 2 - Banor\u00c3\u00abt fillojn\u00c3\u00ab t\u00c3\u00ab zgjohen nga gjumi me muzik\u00c3\u00abn e vendosur n\u00c3\u00ab sfond. Banor\u00c3\u00abt e rinj, si m\u00c3\u00ab energjik\u00c3\u00ab se ata t\u00c3\u00ab vjet\u00c3\u00abrit, jan\u00c3\u00ab zgjuar t\u00c3\u00ab par\u00c3\u00abt.\" \/>\n<meta name=\"robots\" content=\"index, follow, max-snippet:-1, max-image-preview:large, max-video-preview:-1\" \/>\n<link rel=\"canonical\" href=\"https:\/\/www.visit-ulcinj.com\/blog\/2009\/04\/06\/juna-eltoni-dhe-arjani-mengjesi-i-pare\/\" \/>\n<meta property=\"og:locale\" content=\"en_US\" \/>\n<meta property=\"og:type\" content=\"article\" \/>\n<meta property=\"og:title\" content=\"Juna, Eltoni dhe Arjani : M\u00c3\u00abngjesi i par\u00c3\u00ab | Big Brother Albania 2\" \/>\n<meta property=\"og:description\" content=\"Big Brother Albania 2 - Banor\u00c3\u00abt fillojn\u00c3\u00ab t\u00c3\u00ab zgjohen nga gjumi me muzik\u00c3\u00abn e vendosur n\u00c3\u00ab sfond. Banor\u00c3\u00abt e rinj, si m\u00c3\u00ab energjik\u00c3\u00ab se ata t\u00c3\u00ab vjet\u00c3\u00abrit, jan\u00c3\u00ab zgjuar t\u00c3\u00ab par\u00c3\u00abt.\" \/>\n<meta property=\"og:url\" content=\"https:\/\/www.visit-ulcinj.com\/blog\/2009\/04\/06\/juna-eltoni-dhe-arjani-mengjesi-i-pare\/\" \/>\n<meta property=\"og:site_name\" content=\"Lajme nga Ulqini\" \/>\n<meta property=\"article:published_time\" content=\"2009-04-06T21:54:58+00:00\" \/>\n<meta property=\"article:modified_time\" content=\"2009-04-10T00:55:43+00:00\" \/>\n<meta property=\"og:image\" content=\"http:\/\/www.visit-ulcinj.com\/blog\/wp-content\/uploads\/2009\/04\/mengjes.jpg\" \/>\n<meta name=\"twitter:label1\" content=\"Written by\" \/>\n\t<meta name=\"twitter:data1\" content=\"ulqini\" \/>\n<script type=\"application\/ld+json\" class=\"yoast-schema-graph\">{\"@context\":\"https:\/\/schema.org\",\"@graph\":[{\"@type\":\"WebSite\",\"@id\":\"https:\/\/www.visit-ulcinj.com\/blog\/#website\",\"url\":\"https:\/\/www.visit-ulcinj.com\/blog\/\",\"name\":\"Lajme nga Ulqini\",\"description\":\"Lajme,Vijesti,Ulqini,Ulqin,Crna Gora,Mali i Zi\",\"potentialAction\":[{\"@type\":\"SearchAction\",\"target\":{\"@type\":\"EntryPoint\",\"urlTemplate\":\"https:\/\/www.visit-ulcinj.com\/blog\/?s={search_term_string}\"},\"query-input\":\"required name=search_term_string\"}],\"inLanguage\":\"en-US\"},{\"@type\":\"ImageObject\",\"inLanguage\":\"en-US\",\"@id\":\"https:\/\/www.visit-ulcinj.com\/blog\/2009\/04\/06\/juna-eltoni-dhe-arjani-mengjesi-i-pare\/#primaryimage\",\"url\":\"http:\/\/www.visit-ulcinj.com\/blog\/wp-content\/uploads\/2009\/04\/mengjes.jpg\",\"contentUrl\":\"http:\/\/www.visit-ulcinj.com\/blog\/wp-content\/uploads\/2009\/04\/mengjes.jpg\"},{\"@type\":\"WebPage\",\"@id\":\"https:\/\/www.visit-ulcinj.com\/blog\/2009\/04\/06\/juna-eltoni-dhe-arjani-mengjesi-i-pare\/#webpage\",\"url\":\"https:\/\/www.visit-ulcinj.com\/blog\/2009\/04\/06\/juna-eltoni-dhe-arjani-mengjesi-i-pare\/\",\"name\":\"Juna, Eltoni dhe Arjani : M\u00c3\u00abngjesi i par\u00c3\u00ab | Big Brother Albania 2\",\"isPartOf\":{\"@id\":\"https:\/\/www.visit-ulcinj.com\/blog\/#website\"},\"primaryImageOfPage\":{\"@id\":\"https:\/\/www.visit-ulcinj.com\/blog\/2009\/04\/06\/juna-eltoni-dhe-arjani-mengjesi-i-pare\/#primaryimage\"},\"datePublished\":\"2009-04-06T21:54:58+00:00\",\"dateModified\":\"2009-04-10T00:55:43+00:00\",\"author\":{\"@id\":\"https:\/\/www.visit-ulcinj.com\/blog\/#\/schema\/person\/dcab619c614d3038751c63bc2aadc06d\"},\"description\":\"Big Brother Albania 2 - Banor\u00c3\u00abt fillojn\u00c3\u00ab t\u00c3\u00ab zgjohen nga gjumi me muzik\u00c3\u00abn e vendosur n\u00c3\u00ab sfond. Banor\u00c3\u00abt e rinj, si m\u00c3\u00ab energjik\u00c3\u00ab se ata t\u00c3\u00ab vjet\u00c3\u00abrit, jan\u00c3\u00ab zgjuar t\u00c3\u00ab par\u00c3\u00abt.\",\"breadcrumb\":{\"@id\":\"https:\/\/www.visit-ulcinj.com\/blog\/2009\/04\/06\/juna-eltoni-dhe-arjani-mengjesi-i-pare\/#breadcrumb\"},\"inLanguage\":\"en-US\",\"potentialAction\":[{\"@type\":\"ReadAction\",\"target\":[\"https:\/\/www.visit-ulcinj.com\/blog\/2009\/04\/06\/juna-eltoni-dhe-arjani-mengjesi-i-pare\/\"]}]},{\"@type\":\"BreadcrumbList\",\"@id\":\"https:\/\/www.visit-ulcinj.com\/blog\/2009\/04\/06\/juna-eltoni-dhe-arjani-mengjesi-i-pare\/#breadcrumb\",\"itemListElement\":[{\"@type\":\"ListItem\",\"position\":1,\"name\":\"Juna, Eltoni dhe Arjani : M\u00ebngjesi i par\u00eb\"}]},{\"@type\":\"Person\",\"@id\":\"https:\/\/www.visit-ulcinj.com\/blog\/#\/schema\/person\/dcab619c614d3038751c63bc2aadc06d\",\"name\":\"ulqini\",\"sameAs\":[\"http:\/\/www.visit-ulcinj.com\"],\"url\":\"https:\/\/www.visit-ulcinj.com\/blog\/author\/admin\/\"}]}<\/script>\n<!-- \/ Yoast SEO plugin. -->","yoast_head_json":{"title":"Juna, Eltoni dhe Arjani : M\u00c3\u00abngjesi i par\u00c3\u00ab | Big Brother Albania 2","description":"Big Brother Albania 2 - Banor\u00c3\u00abt fillojn\u00c3\u00ab t\u00c3\u00ab zgjohen nga gjumi me muzik\u00c3\u00abn e vendosur n\u00c3\u00ab sfond. Banor\u00c3\u00abt e rinj, si m\u00c3\u00ab energjik\u00c3\u00ab se ata t\u00c3\u00ab vjet\u00c3\u00abrit, jan\u00c3\u00ab zgjuar t\u00c3\u00ab par\u00c3\u00abt.","robots":{"index":"index","follow":"follow","max-snippet":"max-snippet:-1","max-image-preview":"max-image-preview:large","max-video-preview":"max-video-preview:-1"},"canonical":"https:\/\/www.visit-ulcinj.com\/blog\/2009\/04\/06\/juna-eltoni-dhe-arjani-mengjesi-i-pare\/","og_locale":"en_US","og_type":"article","og_title":"Juna, Eltoni dhe Arjani : M\u00c3\u00abngjesi i par\u00c3\u00ab | Big Brother Albania 2","og_description":"Big Brother Albania 2 - Banor\u00c3\u00abt fillojn\u00c3\u00ab t\u00c3\u00ab zgjohen nga gjumi me muzik\u00c3\u00abn e vendosur n\u00c3\u00ab sfond. Banor\u00c3\u00abt e rinj, si m\u00c3\u00ab energjik\u00c3\u00ab se ata t\u00c3\u00ab vjet\u00c3\u00abrit, jan\u00c3\u00ab zgjuar t\u00c3\u00ab par\u00c3\u00abt.","og_url":"https:\/\/www.visit-ulcinj.com\/blog\/2009\/04\/06\/juna-eltoni-dhe-arjani-mengjesi-i-pare\/","og_site_name":"Lajme nga Ulqini","article_published_time":"2009-04-06T21:54:58+00:00","article_modified_time":"2009-04-10T00:55:43+00:00","og_image":[{"url":"http:\/\/www.visit-ulcinj.com\/blog\/wp-content\/uploads\/2009\/04\/mengjes.jpg"}],"twitter_misc":{"Written by":"ulqini"},"schema":{"@context":"https:\/\/schema.org","@graph":[{"@type":"WebSite","@id":"https:\/\/www.visit-ulcinj.com\/blog\/#website","url":"https:\/\/www.visit-ulcinj.com\/blog\/","name":"Lajme nga Ulqini","description":"Lajme,Vijesti,Ulqini,Ulqin,Crna Gora,Mali i Zi","potentialAction":[{"@type":"SearchAction","target":{"@type":"EntryPoint","urlTemplate":"https:\/\/www.visit-ulcinj.com\/blog\/?s={search_term_string}"},"query-input":"required name=search_term_string"}],"inLanguage":"en-US"},{"@type":"ImageObject","inLanguage":"en-US","@id":"https:\/\/www.visit-ulcinj.com\/blog\/2009\/04\/06\/juna-eltoni-dhe-arjani-mengjesi-i-pare\/#primaryimage","url":"http:\/\/www.visit-ulcinj.com\/blog\/wp-content\/uploads\/2009\/04\/mengjes.jpg","contentUrl":"http:\/\/www.visit-ulcinj.com\/blog\/wp-content\/uploads\/2009\/04\/mengjes.jpg"},{"@type":"WebPage","@id":"https:\/\/www.visit-ulcinj.com\/blog\/2009\/04\/06\/juna-eltoni-dhe-arjani-mengjesi-i-pare\/#webpage","url":"https:\/\/www.visit-ulcinj.com\/blog\/2009\/04\/06\/juna-eltoni-dhe-arjani-mengjesi-i-pare\/","name":"Juna, Eltoni dhe Arjani : M\u00c3\u00abngjesi i par\u00c3\u00ab | Big Brother Albania 2","isPartOf":{"@id":"https:\/\/www.visit-ulcinj.com\/blog\/#website"},"primaryImageOfPage":{"@id":"https:\/\/www.visit-ulcinj.com\/blog\/2009\/04\/06\/juna-eltoni-dhe-arjani-mengjesi-i-pare\/#primaryimage"},"datePublished":"2009-04-06T21:54:58+00:00","dateModified":"2009-04-10T00:55:43+00:00","author":{"@id":"https:\/\/www.visit-ulcinj.com\/blog\/#\/schema\/person\/dcab619c614d3038751c63bc2aadc06d"},"description":"Big Brother Albania 2 - Banor\u00c3\u00abt fillojn\u00c3\u00ab t\u00c3\u00ab zgjohen nga gjumi me muzik\u00c3\u00abn e vendosur n\u00c3\u00ab sfond. Banor\u00c3\u00abt e rinj, si m\u00c3\u00ab energjik\u00c3\u00ab se ata t\u00c3\u00ab vjet\u00c3\u00abrit, jan\u00c3\u00ab zgjuar t\u00c3\u00ab par\u00c3\u00abt.","breadcrumb":{"@id":"https:\/\/www.visit-ulcinj.com\/blog\/2009\/04\/06\/juna-eltoni-dhe-arjani-mengjesi-i-pare\/#breadcrumb"},"inLanguage":"en-US","potentialAction":[{"@type":"ReadAction","target":["https:\/\/www.visit-ulcinj.com\/blog\/2009\/04\/06\/juna-eltoni-dhe-arjani-mengjesi-i-pare\/"]}]},{"@type":"BreadcrumbList","@id":"https:\/\/www.visit-ulcinj.com\/blog\/2009\/04\/06\/juna-eltoni-dhe-arjani-mengjesi-i-pare\/#breadcrumb","itemListElement":[{"@type":"ListItem","position":1,"name":"Juna, Eltoni dhe Arjani : M\u00ebngjesi i par\u00eb"}]},{"@type":"Person","@id":"https:\/\/www.visit-ulcinj.com\/blog\/#\/schema\/person\/dcab619c614d3038751c63bc2aadc06d","name":"ulqini","sameAs":["http:\/\/www.visit-ulcinj.com"],"url":"https:\/\/www.visit-ulcinj.com\/blog\/author\/admin\/"}]}},"jetpack_featured_media_url":"","jetpack_sharing_enabled":true,"jetpack_shortlink":"https:\/\/wp.me\/pe6lTn-4ou","_links":{"self":[{"href":"https:\/\/www.visit-ulcinj.com\/blog\/wp-json\/wp\/v2\/posts\/16894"}],"collection":[{"href":"https:\/\/www.visit-ulcinj.com\/blog\/wp-json\/wp\/v2\/posts"}],"about":[{"href":"https:\/\/www.visit-ulcinj.com\/blog\/wp-json\/wp\/v2\/types\/post"}],"author":[{"embeddable":true,"href":"https:\/\/www.visit-ulcinj.com\/blog\/wp-json\/wp\/v2\/users\/1"}],"replies":[{"embeddable":true,"href":"https:\/\/www.visit-ulcinj.com\/blog\/wp-json\/wp\/v2\/comments?post=16894"}],"version-history":[{"count":0,"href":"https:\/\/www.visit-ulcinj.com\/blog\/wp-json\/wp\/v2\/posts\/16894\/revisions"}],"wp:attachment":[{"href":"https:\/\/www.visit-ulcinj.com\/blog\/wp-json\/wp\/v2\/media?parent=16894"}],"wp:term":[{"taxonomy":"category","embeddable":true,"href":"https:\/\/www.visit-ulcinj.com\/blog\/wp-json\/wp\/v2\/categories?post=16894"},{"taxonomy":"post_tag","embeddable":true,"href":"https:\/\/www.visit-ulcinj.com\/blog\/wp-json\/wp\/v2\/tags?post=16894"}],"curies":[{"name":"wp","href":"https:\/\/api.w.org\/{rel}","templated":true}]}}