{"id":16900,"date":"2009-04-07T00:01:51","date_gmt":"2009-04-06T22:01:51","guid":{"rendered":"http:\/\/www.visit-ulcinj.com\/blog\/?p=16900"},"modified":"2009-04-07T00:01:51","modified_gmt":"2009-04-06T22:01:51","slug":"arjani-vajzat-nuk-i-nominoj","status":"publish","type":"post","link":"https:\/\/www.visit-ulcinj.com\/blog\/2009\/04\/07\/arjani-vajzat-nuk-i-nominoj\/","title":{"rendered":"Arjani : Vajzat nuk i nominoj"},"content":{"rendered":"<p><em><span class=\"newsdate\"><a href=\"http:\/\/www.visit-ulcinj.com\/blog\/wp-content\/uploads\/2009\/04\/ari-per-vajzat.jpg\"><img loading=\"lazy\" class=\"alignleft size-full wp-image-16901\" title=\"ari-per-vajzat-big-brother-albania-2\" src=\"http:\/\/www.visit-ulcinj.com\/blog\/wp-content\/uploads\/2009\/04\/ari-per-vajzat.jpg\" alt=\"ari-per-vajzat-big-brother-albania-2\" width=\"300\" height=\"205\" \/><\/a>05\/04\/09 14:20<\/span><\/em><\/p>\n<p>Arjani v\u00eb n\u00eb dukje se situata n\u00eb sht\u00ebpi \u00ebsht\u00eb shum\u00eb e qet\u00eb p\u00ebr t\u00eb gjith\u00eb banor\u00ebt. Ai thot\u00eb se n\u00ebse vazhdojn\u00eb t\u00eb sillen n\u00eb k\u00ebt\u00eb m\u00ebnyr\u00eb, pa u \u201cngat\u00ebrruar\u201d pak me njeri-tjetrin apo t\u00eb krijojn\u00eb konflikte t\u00eb v\u00ebrteta, do ta ket\u00eb t\u00eb v\u00ebshtir\u00eb t\u00eb nominoj\u00eb ndonj\u00eb. Ari shton se tani p\u00ebr tani nuk ka nd\u00ebrmend q\u00eb t\u00eb nominoj\u00eb asnj\u00eb vajz\u00eb sepse ato jan\u00eb n\u00eb minoranc\u00eb dhe se n\u00eb p\u00ebrgjith\u00ebsi vajzat i ka qejf e ndihet mir\u00eb me to. Sipas tij, e vetmja her\u00eb q\u00eb mund t\u2019i nominoj\u00eb ato do t\u00eb jet\u00eb n\u00ebse do t\u00eb ket\u00eb p\u00ebrplasje me ndonj\u00eb prej tyre apo ndonj\u00eb luhatje emocionale. Anjeza dhe Adela e falenderojn\u00eb p\u00ebr k\u00ebt\u00eb vler\u00ebsim dhe i thon\u00eb se ai \u00ebsht\u00eb djali i par\u00eb q\u00eb e ka th\u00ebn\u00eb k\u00ebt\u00eb gj\u00eb n\u00eb sht\u00ebpi.<\/p>\n","protected":false},"excerpt":{"rendered":"<p>05\/04\/09 14:20 Arjani v\u00eb n\u00eb dukje se situata n\u00eb sht\u00ebpi \u00ebsht\u00eb shum\u00eb e qet\u00eb p\u00ebr t\u00eb gjith\u00eb banor\u00ebt. Ai thot\u00eb se n\u00ebse vazhdojn\u00eb t\u00eb sillen n\u00eb k\u00ebt\u00eb m\u00ebnyr\u00eb, pa u \u201cngat\u00ebrruar\u201d pak me njeri-tjetrin apo t\u00eb krijojn\u00eb konflikte t\u00eb v\u00ebrteta, do ta ket\u00eb t\u00eb v\u00ebshtir\u00eb t\u00eb nominoj\u00eb ndonj\u00eb. Ari shton se tani p\u00ebr tani nuk [&hellip;]<\/p>\n","protected":false},"author":1,"featured_media":0,"comment_status":"open","ping_status":"closed","sticky":false,"template":"","format":"standard","meta":{"spay_email":"","jetpack_publicize_message":"","jetpack_is_tweetstorm":false,"jetpack_publicize_feature_enabled":true},"categories":[6502],"tags":[6529,8775,5057,6506,6516,6712,7129,8785,6891,6693,6887],"jetpack_publicize_connections":[],"yoast_head":"<!-- This site is optimized with the Yoast SEO plugin v19.1 - https:\/\/yoast.com\/wordpress\/plugins\/seo\/ -->\n<title>Arjani : Vajzat nuk i nominoj | Big Brother Albania 2<\/title>\n<meta name=\"description\" content=\"Big Brother Albania 2 - Arjani v\u00c3\u00ab n\u00c3\u00ab dukje se situata n\u00c3\u00ab sht\u00c3\u00abpi \u00c3\u00absht\u00c3\u00ab shum\u00c3\u00ab e qet\u00c3\u00ab p\u00c3\u00abr t\u00c3\u00ab gjith\u00c3\u00ab banor\u00c3\u00abt. Ai thot\u00c3\u00ab se n\u00c3\u00abse vazhdojn\u00c3\u00ab t\u00c3\u00ab sillen n\u00c3\u00ab k\u00c3\u00abt\u00c3\u00ab m\u00c3\u00abnyr\u00c3\u00ab, pa u \u00e2\u20ac\u0153ngat\u00c3\u00abrruar\u00e2\u20ac\u009d pak me njeri-tjetrin apo t\u00c3\u00ab krijojn\u00c3\u00ab konflikte t\u00c3\u00ab v\u00c3\u00abrtet\" \/>\n<meta name=\"robots\" content=\"index, follow, max-snippet:-1, max-image-preview:large, max-video-preview:-1\" \/>\n<link rel=\"canonical\" href=\"https:\/\/www.visit-ulcinj.com\/blog\/2009\/04\/07\/arjani-vajzat-nuk-i-nominoj\/\" \/>\n<meta property=\"og:locale\" content=\"en_US\" \/>\n<meta property=\"og:type\" content=\"article\" \/>\n<meta property=\"og:title\" content=\"Arjani : Vajzat nuk i nominoj | Big Brother Albania 2\" \/>\n<meta property=\"og:description\" content=\"Big Brother Albania 2 - Arjani v\u00c3\u00ab n\u00c3\u00ab dukje se situata n\u00c3\u00ab sht\u00c3\u00abpi \u00c3\u00absht\u00c3\u00ab shum\u00c3\u00ab e qet\u00c3\u00ab p\u00c3\u00abr t\u00c3\u00ab gjith\u00c3\u00ab banor\u00c3\u00abt. Ai thot\u00c3\u00ab se n\u00c3\u00abse vazhdojn\u00c3\u00ab t\u00c3\u00ab sillen n\u00c3\u00ab k\u00c3\u00abt\u00c3\u00ab m\u00c3\u00abnyr\u00c3\u00ab, pa u \u00e2\u20ac\u0153ngat\u00c3\u00abrruar\u00e2\u20ac\u009d pak me njeri-tjetrin apo t\u00c3\u00ab krijojn\u00c3\u00ab konflikte t\u00c3\u00ab v\u00c3\u00abrtet\" \/>\n<meta property=\"og:url\" content=\"https:\/\/www.visit-ulcinj.com\/blog\/2009\/04\/07\/arjani-vajzat-nuk-i-nominoj\/\" \/>\n<meta property=\"og:site_name\" content=\"Lajme nga Ulqini\" \/>\n<meta property=\"article:published_time\" content=\"2009-04-06T22:01:51+00:00\" \/>\n<meta property=\"og:image\" content=\"http:\/\/www.visit-ulcinj.com\/blog\/wp-content\/uploads\/2009\/04\/ari-per-vajzat.jpg\" \/>\n<meta name=\"twitter:label1\" content=\"Written by\" \/>\n\t<meta name=\"twitter:data1\" content=\"ulqini\" \/>\n\t<meta name=\"twitter:label2\" content=\"Est. reading time\" \/>\n\t<meta name=\"twitter:data2\" content=\"1 minute\" \/>\n<script type=\"application\/ld+json\" class=\"yoast-schema-graph\">{\"@context\":\"https:\/\/schema.org\",\"@graph\":[{\"@type\":\"WebSite\",\"@id\":\"https:\/\/www.visit-ulcinj.com\/blog\/#website\",\"url\":\"https:\/\/www.visit-ulcinj.com\/blog\/\",\"name\":\"Lajme nga Ulqini\",\"description\":\"Lajme,Vijesti,Ulqini,Ulqin,Crna Gora,Mali i Zi\",\"potentialAction\":[{\"@type\":\"SearchAction\",\"target\":{\"@type\":\"EntryPoint\",\"urlTemplate\":\"https:\/\/www.visit-ulcinj.com\/blog\/?s={search_term_string}\"},\"query-input\":\"required name=search_term_string\"}],\"inLanguage\":\"en-US\"},{\"@type\":\"ImageObject\",\"inLanguage\":\"en-US\",\"@id\":\"https:\/\/www.visit-ulcinj.com\/blog\/2009\/04\/07\/arjani-vajzat-nuk-i-nominoj\/#primaryimage\",\"url\":\"http:\/\/www.visit-ulcinj.com\/blog\/wp-content\/uploads\/2009\/04\/ari-per-vajzat.jpg\",\"contentUrl\":\"http:\/\/www.visit-ulcinj.com\/blog\/wp-content\/uploads\/2009\/04\/ari-per-vajzat.jpg\"},{\"@type\":\"WebPage\",\"@id\":\"https:\/\/www.visit-ulcinj.com\/blog\/2009\/04\/07\/arjani-vajzat-nuk-i-nominoj\/#webpage\",\"url\":\"https:\/\/www.visit-ulcinj.com\/blog\/2009\/04\/07\/arjani-vajzat-nuk-i-nominoj\/\",\"name\":\"Arjani : Vajzat nuk i nominoj | Big Brother Albania 2\",\"isPartOf\":{\"@id\":\"https:\/\/www.visit-ulcinj.com\/blog\/#website\"},\"primaryImageOfPage\":{\"@id\":\"https:\/\/www.visit-ulcinj.com\/blog\/2009\/04\/07\/arjani-vajzat-nuk-i-nominoj\/#primaryimage\"},\"datePublished\":\"2009-04-06T22:01:51+00:00\",\"dateModified\":\"2009-04-06T22:01:51+00:00\",\"author\":{\"@id\":\"https:\/\/www.visit-ulcinj.com\/blog\/#\/schema\/person\/dcab619c614d3038751c63bc2aadc06d\"},\"description\":\"Big Brother Albania 2 - Arjani v\u00c3\u00ab n\u00c3\u00ab dukje se situata n\u00c3\u00ab sht\u00c3\u00abpi \u00c3\u00absht\u00c3\u00ab shum\u00c3\u00ab e qet\u00c3\u00ab p\u00c3\u00abr t\u00c3\u00ab gjith\u00c3\u00ab banor\u00c3\u00abt. Ai thot\u00c3\u00ab se n\u00c3\u00abse vazhdojn\u00c3\u00ab t\u00c3\u00ab sillen n\u00c3\u00ab k\u00c3\u00abt\u00c3\u00ab m\u00c3\u00abnyr\u00c3\u00ab, pa u \u00e2\u20ac\u0153ngat\u00c3\u00abrruar\u00e2\u20ac\u009d pak me njeri-tjetrin apo t\u00c3\u00ab krijojn\u00c3\u00ab konflikte t\u00c3\u00ab v\u00c3\u00abrtet\",\"breadcrumb\":{\"@id\":\"https:\/\/www.visit-ulcinj.com\/blog\/2009\/04\/07\/arjani-vajzat-nuk-i-nominoj\/#breadcrumb\"},\"inLanguage\":\"en-US\",\"potentialAction\":[{\"@type\":\"ReadAction\",\"target\":[\"https:\/\/www.visit-ulcinj.com\/blog\/2009\/04\/07\/arjani-vajzat-nuk-i-nominoj\/\"]}]},{\"@type\":\"BreadcrumbList\",\"@id\":\"https:\/\/www.visit-ulcinj.com\/blog\/2009\/04\/07\/arjani-vajzat-nuk-i-nominoj\/#breadcrumb\",\"itemListElement\":[{\"@type\":\"ListItem\",\"position\":1,\"name\":\"Arjani : Vajzat nuk i nominoj\"}]},{\"@type\":\"Person\",\"@id\":\"https:\/\/www.visit-ulcinj.com\/blog\/#\/schema\/person\/dcab619c614d3038751c63bc2aadc06d\",\"name\":\"ulqini\",\"sameAs\":[\"http:\/\/www.visit-ulcinj.com\"],\"url\":\"https:\/\/www.visit-ulcinj.com\/blog\/author\/admin\/\"}]}<\/script>\n<!-- \/ Yoast SEO plugin. -->","yoast_head_json":{"title":"Arjani : Vajzat nuk i nominoj | Big Brother Albania 2","description":"Big Brother Albania 2 - Arjani v\u00c3\u00ab n\u00c3\u00ab dukje se situata n\u00c3\u00ab sht\u00c3\u00abpi \u00c3\u00absht\u00c3\u00ab shum\u00c3\u00ab e qet\u00c3\u00ab p\u00c3\u00abr t\u00c3\u00ab gjith\u00c3\u00ab banor\u00c3\u00abt. Ai thot\u00c3\u00ab se n\u00c3\u00abse vazhdojn\u00c3\u00ab t\u00c3\u00ab sillen n\u00c3\u00ab k\u00c3\u00abt\u00c3\u00ab m\u00c3\u00abnyr\u00c3\u00ab, pa u \u00e2\u20ac\u0153ngat\u00c3\u00abrruar\u00e2\u20ac\u009d pak me njeri-tjetrin apo t\u00c3\u00ab krijojn\u00c3\u00ab konflikte t\u00c3\u00ab v\u00c3\u00abrtet","robots":{"index":"index","follow":"follow","max-snippet":"max-snippet:-1","max-image-preview":"max-image-preview:large","max-video-preview":"max-video-preview:-1"},"canonical":"https:\/\/www.visit-ulcinj.com\/blog\/2009\/04\/07\/arjani-vajzat-nuk-i-nominoj\/","og_locale":"en_US","og_type":"article","og_title":"Arjani : Vajzat nuk i nominoj | Big Brother Albania 2","og_description":"Big Brother Albania 2 - Arjani v\u00c3\u00ab n\u00c3\u00ab dukje se situata n\u00c3\u00ab sht\u00c3\u00abpi \u00c3\u00absht\u00c3\u00ab shum\u00c3\u00ab e qet\u00c3\u00ab p\u00c3\u00abr t\u00c3\u00ab gjith\u00c3\u00ab banor\u00c3\u00abt. Ai thot\u00c3\u00ab se n\u00c3\u00abse vazhdojn\u00c3\u00ab t\u00c3\u00ab sillen n\u00c3\u00ab k\u00c3\u00abt\u00c3\u00ab m\u00c3\u00abnyr\u00c3\u00ab, pa u \u00e2\u20ac\u0153ngat\u00c3\u00abrruar\u00e2\u20ac\u009d pak me njeri-tjetrin apo t\u00c3\u00ab krijojn\u00c3\u00ab konflikte t\u00c3\u00ab v\u00c3\u00abrtet","og_url":"https:\/\/www.visit-ulcinj.com\/blog\/2009\/04\/07\/arjani-vajzat-nuk-i-nominoj\/","og_site_name":"Lajme nga Ulqini","article_published_time":"2009-04-06T22:01:51+00:00","og_image":[{"url":"http:\/\/www.visit-ulcinj.com\/blog\/wp-content\/uploads\/2009\/04\/ari-per-vajzat.jpg"}],"twitter_misc":{"Written by":"ulqini","Est. reading time":"1 minute"},"schema":{"@context":"https:\/\/schema.org","@graph":[{"@type":"WebSite","@id":"https:\/\/www.visit-ulcinj.com\/blog\/#website","url":"https:\/\/www.visit-ulcinj.com\/blog\/","name":"Lajme nga Ulqini","description":"Lajme,Vijesti,Ulqini,Ulqin,Crna Gora,Mali i Zi","potentialAction":[{"@type":"SearchAction","target":{"@type":"EntryPoint","urlTemplate":"https:\/\/www.visit-ulcinj.com\/blog\/?s={search_term_string}"},"query-input":"required name=search_term_string"}],"inLanguage":"en-US"},{"@type":"ImageObject","inLanguage":"en-US","@id":"https:\/\/www.visit-ulcinj.com\/blog\/2009\/04\/07\/arjani-vajzat-nuk-i-nominoj\/#primaryimage","url":"http:\/\/www.visit-ulcinj.com\/blog\/wp-content\/uploads\/2009\/04\/ari-per-vajzat.jpg","contentUrl":"http:\/\/www.visit-ulcinj.com\/blog\/wp-content\/uploads\/2009\/04\/ari-per-vajzat.jpg"},{"@type":"WebPage","@id":"https:\/\/www.visit-ulcinj.com\/blog\/2009\/04\/07\/arjani-vajzat-nuk-i-nominoj\/#webpage","url":"https:\/\/www.visit-ulcinj.com\/blog\/2009\/04\/07\/arjani-vajzat-nuk-i-nominoj\/","name":"Arjani : Vajzat nuk i nominoj | Big Brother Albania 2","isPartOf":{"@id":"https:\/\/www.visit-ulcinj.com\/blog\/#website"},"primaryImageOfPage":{"@id":"https:\/\/www.visit-ulcinj.com\/blog\/2009\/04\/07\/arjani-vajzat-nuk-i-nominoj\/#primaryimage"},"datePublished":"2009-04-06T22:01:51+00:00","dateModified":"2009-04-06T22:01:51+00:00","author":{"@id":"https:\/\/www.visit-ulcinj.com\/blog\/#\/schema\/person\/dcab619c614d3038751c63bc2aadc06d"},"description":"Big Brother Albania 2 - Arjani v\u00c3\u00ab n\u00c3\u00ab dukje se situata n\u00c3\u00ab sht\u00c3\u00abpi \u00c3\u00absht\u00c3\u00ab shum\u00c3\u00ab e qet\u00c3\u00ab p\u00c3\u00abr t\u00c3\u00ab gjith\u00c3\u00ab banor\u00c3\u00abt. Ai thot\u00c3\u00ab se n\u00c3\u00abse vazhdojn\u00c3\u00ab t\u00c3\u00ab sillen n\u00c3\u00ab k\u00c3\u00abt\u00c3\u00ab m\u00c3\u00abnyr\u00c3\u00ab, pa u \u00e2\u20ac\u0153ngat\u00c3\u00abrruar\u00e2\u20ac\u009d pak me njeri-tjetrin apo t\u00c3\u00ab krijojn\u00c3\u00ab konflikte t\u00c3\u00ab v\u00c3\u00abrtet","breadcrumb":{"@id":"https:\/\/www.visit-ulcinj.com\/blog\/2009\/04\/07\/arjani-vajzat-nuk-i-nominoj\/#breadcrumb"},"inLanguage":"en-US","potentialAction":[{"@type":"ReadAction","target":["https:\/\/www.visit-ulcinj.com\/blog\/2009\/04\/07\/arjani-vajzat-nuk-i-nominoj\/"]}]},{"@type":"BreadcrumbList","@id":"https:\/\/www.visit-ulcinj.com\/blog\/2009\/04\/07\/arjani-vajzat-nuk-i-nominoj\/#breadcrumb","itemListElement":[{"@type":"ListItem","position":1,"name":"Arjani : Vajzat nuk i nominoj"}]},{"@type":"Person","@id":"https:\/\/www.visit-ulcinj.com\/blog\/#\/schema\/person\/dcab619c614d3038751c63bc2aadc06d","name":"ulqini","sameAs":["http:\/\/www.visit-ulcinj.com"],"url":"https:\/\/www.visit-ulcinj.com\/blog\/author\/admin\/"}]}},"jetpack_featured_media_url":"","jetpack_sharing_enabled":true,"jetpack_shortlink":"https:\/\/wp.me\/pe6lTn-4oA","_links":{"self":[{"href":"https:\/\/www.visit-ulcinj.com\/blog\/wp-json\/wp\/v2\/posts\/16900"}],"collection":[{"href":"https:\/\/www.visit-ulcinj.com\/blog\/wp-json\/wp\/v2\/posts"}],"about":[{"href":"https:\/\/www.visit-ulcinj.com\/blog\/wp-json\/wp\/v2\/types\/post"}],"author":[{"embeddable":true,"href":"https:\/\/www.visit-ulcinj.com\/blog\/wp-json\/wp\/v2\/users\/1"}],"replies":[{"embeddable":true,"href":"https:\/\/www.visit-ulcinj.com\/blog\/wp-json\/wp\/v2\/comments?post=16900"}],"version-history":[{"count":0,"href":"https:\/\/www.visit-ulcinj.com\/blog\/wp-json\/wp\/v2\/posts\/16900\/revisions"}],"wp:attachment":[{"href":"https:\/\/www.visit-ulcinj.com\/blog\/wp-json\/wp\/v2\/media?parent=16900"}],"wp:term":[{"taxonomy":"category","embeddable":true,"href":"https:\/\/www.visit-ulcinj.com\/blog\/wp-json\/wp\/v2\/categories?post=16900"},{"taxonomy":"post_tag","embeddable":true,"href":"https:\/\/www.visit-ulcinj.com\/blog\/wp-json\/wp\/v2\/tags?post=16900"}],"curies":[{"name":"wp","href":"https:\/\/api.w.org\/{rel}","templated":true}]}}