{"id":16923,"date":"2009-04-07T16:12:01","date_gmt":"2009-04-07T14:12:01","guid":{"rendered":"http:\/\/www.visit-ulcinj.com\/blog\/?p=16923"},"modified":"2009-04-07T16:12:01","modified_gmt":"2009-04-07T14:12:01","slug":"forca-e-re-demokratike-me-rastin-e-antaresimit-se-shqiperise-ne-nato","status":"publish","type":"post","link":"https:\/\/www.visit-ulcinj.com\/blog\/2009\/04\/07\/forca-e-re-demokratike-me-rastin-e-antaresimit-se-shqiperise-ne-nato\/","title":{"rendered":"Forca e Re Demokratike  me rastin e antaresimit se Shqiperise ne NATO"},"content":{"rendered":"<p><strong><a href=\"http:\/\/www.visit-ulcinj.com\/blog\/wp-content\/uploads\/2009\/04\/shqiperia-ne-nato-_telegram-forca-ulqin.jpg\"><img loading=\"lazy\" class=\"alignleft size-full wp-image-16924\" title=\"shqiperia-ne-nato-_telegram-forca-ulqin\" src=\"http:\/\/www.visit-ulcinj.com\/blog\/wp-content\/uploads\/2009\/04\/shqiperia-ne-nato-_telegram-forca-ulqin.jpg\" alt=\"shqiperia-ne-nato-_telegram-forca-ulqin\" width=\"570\" height=\"200\" \/><\/a>Shqiperia ne NATO <\/strong><br \/>\n<strong>Me rastin e antaresimit se Shqiperise ne NATO, Forca e Re Demokratike dergoi telegram urimi Presidentit te shqiperise Prof. Dr. BamirTopit, Kryeparlamentares zonjes Jozefina Topali dhe kryeministrit te shiperise Prof. Dr. Sali Berishes.<\/strong><\/p>\n<p>Ne vijim\u00a0 teksti urimit Kryeministrit.<\/p>\n<p>REPUBLIKA E SHQIPERISE<br \/>\nKeshilli i Ministrave<br \/>\nKryeministri,\u00a0 Prof. Dr. SaliBerisha<\/p>\n<p><strong>I nderuari z. Kryeminister,<\/strong><\/p>\n<p>Me k\u00ebnaq\u00ebsi Ju shprehiurimet e mia m\u00eb t\u00eb p\u00ebrzem\u00ebrta me rastin e an\u00ebtar\u00ebsimit t\u00eb Republik\u00ebs s\u00ebShqip\u00ebris\u00eb n\u00eb NATO.<\/p>\n<p>Ky sukses tejkalon kufijt\u00ebe shtetit am\u00eb, rrit nivelin e siguris\u00eb n\u00eb rajon dhe krijon kushte p\u00ebrpermbushjen e standardeve demokratike dhe p\u00ebrmir\u00ebsimin e pozit\u00ebs s\u00eb shqiptar\u00ebve edhe n\u00eb Mal t\u00eb Zi.<\/p>\n<p>Me d\u00ebshirat e mija m\u00eb t\u00ebsinqerta p\u00ebr suksese t\u00eb m\u00ebtejshme, pranoni konsiderat\u00ebn time m\u00eb t\u00eb lart\u00eb p\u00ebrperkushtimin tuaj n\u00eb permbushjen e standardeve t\u00eb nevojshme n\u00eb procesin eintegrimeve t\u00eb m\u00ebtejshme.<\/p>\n<p><strong>Merespekt,<br \/>\nNazif Cungu<br \/>\nKryetari i Forces se Re Demokratike\u00a0 &#8211;\u00a0 Ulqin <\/strong><\/p>\n","protected":false},"excerpt":{"rendered":"<p>Shqiperia ne NATO Me rastin e antaresimit se Shqiperise ne NATO, Forca e Re Demokratike dergoi telegram urimi Presidentit te shqiperise Prof. Dr. BamirTopit, Kryeparlamentares zonjes Jozefina Topali dhe kryeministrit te shiperise Prof. Dr. Sali Berishes. Ne vijim\u00a0 teksti urimit Kryeministrit. REPUBLIKA E SHQIPERISE Keshilli i Ministrave Kryeministri,\u00a0 Prof. Dr. SaliBerisha I nderuari z. Kryeminister, [&hellip;]<\/p>\n","protected":false},"author":1,"featured_media":0,"comment_status":"open","ping_status":"closed","sticky":false,"template":"","format":"standard","meta":{"spay_email":"","jetpack_publicize_message":"","jetpack_is_tweetstorm":false,"jetpack_publicize_feature_enabled":true},"categories":[6],"tags":[874,8798,8797,8796,8794,8799,8795],"jetpack_publicize_connections":[],"yoast_head":"<!-- This site is optimized with the Yoast SEO plugin v19.1 - https:\/\/yoast.com\/wordpress\/plugins\/seo\/ -->\n<title>Forca e Re Demokratike me rastin e antaresimit se Shqiperise ne NATO - Lajme nga Ulqini<\/title>\n<meta name=\"description\" content=\"Shqiperia ne NATO Me rastin e antaresimit se Shqiperise ne NATO, Forca e Re Demokratike dergoi telegram urimi Presidentit te shqiperise Prof. Dr.\" \/>\n<meta name=\"robots\" content=\"index, follow, max-snippet:-1, max-image-preview:large, max-video-preview:-1\" \/>\n<link rel=\"canonical\" href=\"https:\/\/www.visit-ulcinj.com\/blog\/2009\/04\/07\/forca-e-re-demokratike-me-rastin-e-antaresimit-se-shqiperise-ne-nato\/\" \/>\n<meta property=\"og:locale\" content=\"en_US\" \/>\n<meta property=\"og:type\" content=\"article\" \/>\n<meta property=\"og:title\" content=\"Forca e Re Demokratike me rastin e antaresimit se Shqiperise ne NATO - Lajme nga Ulqini\" \/>\n<meta property=\"og:description\" content=\"Shqiperia ne NATO Me rastin e antaresimit se Shqiperise ne NATO, Forca e Re Demokratike dergoi telegram urimi Presidentit te shqiperise Prof. Dr.\" \/>\n<meta property=\"og:url\" content=\"https:\/\/www.visit-ulcinj.com\/blog\/2009\/04\/07\/forca-e-re-demokratike-me-rastin-e-antaresimit-se-shqiperise-ne-nato\/\" \/>\n<meta property=\"og:site_name\" content=\"Lajme nga Ulqini\" \/>\n<meta property=\"article:published_time\" content=\"2009-04-07T14:12:01+00:00\" \/>\n<meta property=\"og:image\" content=\"http:\/\/www.visit-ulcinj.com\/blog\/wp-content\/uploads\/2009\/04\/shqiperia-ne-nato-_telegram-forca-ulqin.jpg\" \/>\n<meta name=\"twitter:label1\" content=\"Written by\" \/>\n\t<meta name=\"twitter:data1\" content=\"ulqini\" \/>\n\t<meta name=\"twitter:label2\" content=\"Est. reading time\" \/>\n\t<meta name=\"twitter:data2\" content=\"1 minute\" \/>\n<script type=\"application\/ld+json\" class=\"yoast-schema-graph\">{\"@context\":\"https:\/\/schema.org\",\"@graph\":[{\"@type\":\"WebSite\",\"@id\":\"https:\/\/www.visit-ulcinj.com\/blog\/#website\",\"url\":\"https:\/\/www.visit-ulcinj.com\/blog\/\",\"name\":\"Lajme nga Ulqini\",\"description\":\"Lajme,Vijesti,Ulqini,Ulqin,Crna Gora,Mali i Zi\",\"potentialAction\":[{\"@type\":\"SearchAction\",\"target\":{\"@type\":\"EntryPoint\",\"urlTemplate\":\"https:\/\/www.visit-ulcinj.com\/blog\/?s={search_term_string}\"},\"query-input\":\"required name=search_term_string\"}],\"inLanguage\":\"en-US\"},{\"@type\":\"ImageObject\",\"inLanguage\":\"en-US\",\"@id\":\"https:\/\/www.visit-ulcinj.com\/blog\/2009\/04\/07\/forca-e-re-demokratike-me-rastin-e-antaresimit-se-shqiperise-ne-nato\/#primaryimage\",\"url\":\"https:\/\/www.visit-ulcinj.com\/blog\/wp-content\/uploads\/2009\/04\/shqiperia-ne-nato-_telegram-forca-ulqin.jpg\",\"contentUrl\":\"https:\/\/www.visit-ulcinj.com\/blog\/wp-content\/uploads\/2009\/04\/shqiperia-ne-nato-_telegram-forca-ulqin.jpg\",\"width\":\"187\",\"height\":\"92\"},{\"@type\":\"WebPage\",\"@id\":\"https:\/\/www.visit-ulcinj.com\/blog\/2009\/04\/07\/forca-e-re-demokratike-me-rastin-e-antaresimit-se-shqiperise-ne-nato\/#webpage\",\"url\":\"https:\/\/www.visit-ulcinj.com\/blog\/2009\/04\/07\/forca-e-re-demokratike-me-rastin-e-antaresimit-se-shqiperise-ne-nato\/\",\"name\":\"Forca e Re Demokratike me rastin e antaresimit se Shqiperise ne NATO - Lajme nga Ulqini\",\"isPartOf\":{\"@id\":\"https:\/\/www.visit-ulcinj.com\/blog\/#website\"},\"primaryImageOfPage\":{\"@id\":\"https:\/\/www.visit-ulcinj.com\/blog\/2009\/04\/07\/forca-e-re-demokratike-me-rastin-e-antaresimit-se-shqiperise-ne-nato\/#primaryimage\"},\"datePublished\":\"2009-04-07T14:12:01+00:00\",\"dateModified\":\"2009-04-07T14:12:01+00:00\",\"author\":{\"@id\":\"https:\/\/www.visit-ulcinj.com\/blog\/#\/schema\/person\/dcab619c614d3038751c63bc2aadc06d\"},\"description\":\"Shqiperia ne NATO Me rastin e antaresimit se Shqiperise ne NATO, Forca e Re Demokratike dergoi telegram urimi Presidentit te shqiperise Prof. Dr.\",\"breadcrumb\":{\"@id\":\"https:\/\/www.visit-ulcinj.com\/blog\/2009\/04\/07\/forca-e-re-demokratike-me-rastin-e-antaresimit-se-shqiperise-ne-nato\/#breadcrumb\"},\"inLanguage\":\"en-US\",\"potentialAction\":[{\"@type\":\"ReadAction\",\"target\":[\"https:\/\/www.visit-ulcinj.com\/blog\/2009\/04\/07\/forca-e-re-demokratike-me-rastin-e-antaresimit-se-shqiperise-ne-nato\/\"]}]},{\"@type\":\"BreadcrumbList\",\"@id\":\"https:\/\/www.visit-ulcinj.com\/blog\/2009\/04\/07\/forca-e-re-demokratike-me-rastin-e-antaresimit-se-shqiperise-ne-nato\/#breadcrumb\",\"itemListElement\":[{\"@type\":\"ListItem\",\"position\":1,\"name\":\"Forca e Re Demokratike me rastin e antaresimit se Shqiperise ne NATO\"}]},{\"@type\":\"Person\",\"@id\":\"https:\/\/www.visit-ulcinj.com\/blog\/#\/schema\/person\/dcab619c614d3038751c63bc2aadc06d\",\"name\":\"ulqini\",\"sameAs\":[\"http:\/\/www.visit-ulcinj.com\"],\"url\":\"https:\/\/www.visit-ulcinj.com\/blog\/author\/admin\/\"}]}<\/script>\n<!-- \/ Yoast SEO plugin. -->","yoast_head_json":{"title":"Forca e Re Demokratike me rastin e antaresimit se Shqiperise ne NATO - Lajme nga Ulqini","description":"Shqiperia ne NATO Me rastin e antaresimit se Shqiperise ne NATO, Forca e Re Demokratike dergoi telegram urimi Presidentit te shqiperise Prof. Dr.","robots":{"index":"index","follow":"follow","max-snippet":"max-snippet:-1","max-image-preview":"max-image-preview:large","max-video-preview":"max-video-preview:-1"},"canonical":"https:\/\/www.visit-ulcinj.com\/blog\/2009\/04\/07\/forca-e-re-demokratike-me-rastin-e-antaresimit-se-shqiperise-ne-nato\/","og_locale":"en_US","og_type":"article","og_title":"Forca e Re Demokratike me rastin e antaresimit se Shqiperise ne NATO - Lajme nga Ulqini","og_description":"Shqiperia ne NATO Me rastin e antaresimit se Shqiperise ne NATO, Forca e Re Demokratike dergoi telegram urimi Presidentit te shqiperise Prof. Dr.","og_url":"https:\/\/www.visit-ulcinj.com\/blog\/2009\/04\/07\/forca-e-re-demokratike-me-rastin-e-antaresimit-se-shqiperise-ne-nato\/","og_site_name":"Lajme nga Ulqini","article_published_time":"2009-04-07T14:12:01+00:00","og_image":[{"url":"http:\/\/www.visit-ulcinj.com\/blog\/wp-content\/uploads\/2009\/04\/shqiperia-ne-nato-_telegram-forca-ulqin.jpg"}],"twitter_misc":{"Written by":"ulqini","Est. reading time":"1 minute"},"schema":{"@context":"https:\/\/schema.org","@graph":[{"@type":"WebSite","@id":"https:\/\/www.visit-ulcinj.com\/blog\/#website","url":"https:\/\/www.visit-ulcinj.com\/blog\/","name":"Lajme nga Ulqini","description":"Lajme,Vijesti,Ulqini,Ulqin,Crna Gora,Mali i Zi","potentialAction":[{"@type":"SearchAction","target":{"@type":"EntryPoint","urlTemplate":"https:\/\/www.visit-ulcinj.com\/blog\/?s={search_term_string}"},"query-input":"required name=search_term_string"}],"inLanguage":"en-US"},{"@type":"ImageObject","inLanguage":"en-US","@id":"https:\/\/www.visit-ulcinj.com\/blog\/2009\/04\/07\/forca-e-re-demokratike-me-rastin-e-antaresimit-se-shqiperise-ne-nato\/#primaryimage","url":"https:\/\/www.visit-ulcinj.com\/blog\/wp-content\/uploads\/2009\/04\/shqiperia-ne-nato-_telegram-forca-ulqin.jpg","contentUrl":"https:\/\/www.visit-ulcinj.com\/blog\/wp-content\/uploads\/2009\/04\/shqiperia-ne-nato-_telegram-forca-ulqin.jpg","width":"187","height":"92"},{"@type":"WebPage","@id":"https:\/\/www.visit-ulcinj.com\/blog\/2009\/04\/07\/forca-e-re-demokratike-me-rastin-e-antaresimit-se-shqiperise-ne-nato\/#webpage","url":"https:\/\/www.visit-ulcinj.com\/blog\/2009\/04\/07\/forca-e-re-demokratike-me-rastin-e-antaresimit-se-shqiperise-ne-nato\/","name":"Forca e Re Demokratike me rastin e antaresimit se Shqiperise ne NATO - Lajme nga Ulqini","isPartOf":{"@id":"https:\/\/www.visit-ulcinj.com\/blog\/#website"},"primaryImageOfPage":{"@id":"https:\/\/www.visit-ulcinj.com\/blog\/2009\/04\/07\/forca-e-re-demokratike-me-rastin-e-antaresimit-se-shqiperise-ne-nato\/#primaryimage"},"datePublished":"2009-04-07T14:12:01+00:00","dateModified":"2009-04-07T14:12:01+00:00","author":{"@id":"https:\/\/www.visit-ulcinj.com\/blog\/#\/schema\/person\/dcab619c614d3038751c63bc2aadc06d"},"description":"Shqiperia ne NATO Me rastin e antaresimit se Shqiperise ne NATO, Forca e Re Demokratike dergoi telegram urimi Presidentit te shqiperise Prof. Dr.","breadcrumb":{"@id":"https:\/\/www.visit-ulcinj.com\/blog\/2009\/04\/07\/forca-e-re-demokratike-me-rastin-e-antaresimit-se-shqiperise-ne-nato\/#breadcrumb"},"inLanguage":"en-US","potentialAction":[{"@type":"ReadAction","target":["https:\/\/www.visit-ulcinj.com\/blog\/2009\/04\/07\/forca-e-re-demokratike-me-rastin-e-antaresimit-se-shqiperise-ne-nato\/"]}]},{"@type":"BreadcrumbList","@id":"https:\/\/www.visit-ulcinj.com\/blog\/2009\/04\/07\/forca-e-re-demokratike-me-rastin-e-antaresimit-se-shqiperise-ne-nato\/#breadcrumb","itemListElement":[{"@type":"ListItem","position":1,"name":"Forca e Re Demokratike me rastin e antaresimit se Shqiperise ne NATO"}]},{"@type":"Person","@id":"https:\/\/www.visit-ulcinj.com\/blog\/#\/schema\/person\/dcab619c614d3038751c63bc2aadc06d","name":"ulqini","sameAs":["http:\/\/www.visit-ulcinj.com"],"url":"https:\/\/www.visit-ulcinj.com\/blog\/author\/admin\/"}]}},"jetpack_featured_media_url":"","jetpack_sharing_enabled":true,"jetpack_shortlink":"https:\/\/wp.me\/pe6lTn-4oX","_links":{"self":[{"href":"https:\/\/www.visit-ulcinj.com\/blog\/wp-json\/wp\/v2\/posts\/16923"}],"collection":[{"href":"https:\/\/www.visit-ulcinj.com\/blog\/wp-json\/wp\/v2\/posts"}],"about":[{"href":"https:\/\/www.visit-ulcinj.com\/blog\/wp-json\/wp\/v2\/types\/post"}],"author":[{"embeddable":true,"href":"https:\/\/www.visit-ulcinj.com\/blog\/wp-json\/wp\/v2\/users\/1"}],"replies":[{"embeddable":true,"href":"https:\/\/www.visit-ulcinj.com\/blog\/wp-json\/wp\/v2\/comments?post=16923"}],"version-history":[{"count":0,"href":"https:\/\/www.visit-ulcinj.com\/blog\/wp-json\/wp\/v2\/posts\/16923\/revisions"}],"wp:attachment":[{"href":"https:\/\/www.visit-ulcinj.com\/blog\/wp-json\/wp\/v2\/media?parent=16923"}],"wp:term":[{"taxonomy":"category","embeddable":true,"href":"https:\/\/www.visit-ulcinj.com\/blog\/wp-json\/wp\/v2\/categories?post=16923"},{"taxonomy":"post_tag","embeddable":true,"href":"https:\/\/www.visit-ulcinj.com\/blog\/wp-json\/wp\/v2\/tags?post=16923"}],"curies":[{"name":"wp","href":"https:\/\/api.w.org\/{rel}","templated":true}]}}