{"id":16931,"date":"2009-04-07T21:10:10","date_gmt":"2009-04-07T19:10:10","guid":{"rendered":"http:\/\/www.visit-ulcinj.com\/blog\/?p=16931"},"modified":"2023-04-01T13:21:02","modified_gmt":"2023-04-01T12:21:02","slug":"ulcinj-montenegro-maison-de-vacances-logement-pour-7-e","status":"publish","type":"post","link":"https:\/\/www.visit-ulcinj.com\/blog\/2009\/04\/07\/ulcinj-montenegro-maison-de-vacances-logement-pour-7-e\/","title":{"rendered":"A Mont\u00e9n\u00e9gro &#8211; Ulcinj Maison de vacances, logement d\u00e9s 8\u20ac"},"content":{"rendered":"<p><strong><a href=\"http:\/\/www.visit-ulcinj.com\/blog\/wp-content\/uploads\/2009\/04\/grande-plage-de-ulcinj_montenegro.jpg\"><img loading=\"lazy\" class=\"alignleft size-full wp-image-16932\" title=\"grande-plage-de-ulcinj_montenegro\" src=\"http:\/\/www.visit-ulcinj.com\/blog\/wp-content\/uploads\/2009\/04\/grande-plage-de-ulcinj_montenegro.jpg\" alt=\"grande-plage-de-ulcinj_montenegro\" width=\"570\" height=\"400\" \/><\/a><\/strong><strong>Mobil: Viber + Whatsapp: +382 69 335 534\u00a0 : +382 69 335 512<\/strong><\/p>\n<p><strong><br \/>\nBienvenue au Ulqin \/ Ulcinj &#8211; Mont\u00e9n\u00e9gro<\/strong><\/p>\n<p><a href=\"http:\/\/www.visit-ulcinj.com\/apartments-in-ulcinj\/holiday-house-last-minute-ulcinj-ulqini-montenegro-of-7e-bed\/\" target=\"_blank\" rel=\"noopener\"><strong>Passer des vacances a Ulcinj &#8211; Mont\u00e9n\u00e9gro<\/strong><\/a><\/p>\n<p><a href=\"http:\/\/www.visit-ulcinj.com\/apartments-in-ulcinj\/holiday-house-last-minute-ulcinj-ulqini-montenegro-of-7e-bed\/\" target=\"_blank\" rel=\"noopener\">Afin de passer des vacances inoubliables et de d\u00e9couvrir un nouveau pays \u00e0 un prix abordable.Mont\u00e9n\u00e9gro, 1910 km de Paris de autoroute,et 1510 de la <strong>Suisee <\/strong>de autoroute,Chambre avec cuisine, salle de bains,WC, terrasses, parking, vue sur mer.<\/a><\/p>\n<p><a href=\"http:\/\/www.visit-ulcinj.com\/apartments-in-ulcinj\/holiday-house-last-minute-ulcinj-ulqini-montenegro-of-7e-bed\/\" target=\"_blank\" rel=\"noopener\">Location de chambres pour une, deux ou trois personnes dans une maison situ\u00e9e dans le village baln\u00e9aire de Grande Plage de Ulcinj.<\/a><\/p>\n<p><a href=\"http:\/\/www.visit-ulcinj.com\/apartments-in-ulcinj\/holiday-house-last-minute-ulcinj-ulqini-montenegro-of-7e-bed\/\" target=\"_blank\" rel=\"noopener\">\u00c0 5 minutes \u00e0 pied de la plage au 800 metres.<\/a><\/p>\n<p><a href=\"http:\/\/www.visit-ulcinj.com\/apartments-in-ulcinj\/holiday-house-last-minute-ulcinj-ulqini-montenegro-of-7e-bed\/\" target=\"_blank\" rel=\"noopener\">\u00a0<\/a><\/p>\n<p><a href=\"http:\/\/www.visit-ulcinj.com\/apartments-in-ulcinj\/holiday-house-last-minute-ulcinj-ulqini-montenegro-of-7e-bed\/\" target=\"_blank\" rel=\"noopener\"><strong>Prix : 7\u20ac la nuit\/personne<\/strong><\/a><\/p>\n<p><a href=\"http:\/\/www.visit-ulcinj.com\/apartments-in-ulcinj\/holiday-house-last-minute-ulcinj-ulqini-montenegro-of-7e-bed\/\" target=\"_blank\" rel=\"noopener\"><strong>(Taxe non incluse)<\/strong><\/a><\/p>\n<p><a href=\"http:\/\/www.visit-ulcinj.com\/apartments-in-ulcinj\/holiday-house-last-minute-ulcinj-ulqini-montenegro-of-7e-bed\/\" target=\"_blank\" rel=\"noopener\">ULCINJ est situ\u00e9 sur la c\u00f4te Adriatique et offre une vue sublime sur la mer et les montagnes. Entre galets et nature, vous pourrez admirer la plage qui se trouve \u00e0 quelques pas . Il vous sera possible de rejoindre cet endroit unique depuis l&#8217;a\u00e9roport de Podgorica en une heure de voiture environ (de nombreux vols de Prague, Budapest, Vienne, Paris, Milan, Zurich..). De l&#8217;a\u00e9roport de Tivat, il faut 40 min environ (des vols directs de Paris et Zurich par Mont\u00e9n\u00e9gro Airlines 3 fois par semaine) ou bien depuis l&#8217;a\u00e9roport de Dubrovnik (plusieurs vols charters \u00e0 des prix int\u00e9ressants durant la saison estivale) d&#8217;o\u00f9 il faut \u00e0 peu pr\u00e8s trois heures de route en longeant les tr\u00e8s pitoresques Fjords de Kotor.<\/a><\/p>\n<p><a href=\"http:\/\/www.visit-ulcinj.com\/apartments-in-ulcinj\/holiday-house-last-minute-ulcinj-ulqini-montenegro-of-7e-bed\/\" target=\"_blank\" rel=\"noopener\">Notre Maison et consacr\u00e9 au repos, au bien \u00eatre et \u00e0 la relaxation. C&#8217;est l&#8217;endroit id\u00e9al pour des vacances en famille , entre amis.Nous sommes \u00e0 votre service\u00a0 pour entretenir cette atmosph\u00e8re de d\u00e9tente et de vacances, rappelant l&#8217;esprit d&#8217;Ibiza. Ce lieu est parfait pour cr\u00e9er et maintenir la chaleur familiale, l&#8217;amiti\u00e9 et les relations d&#8217;affaires.<\/a><\/p>\n<p><a href=\"http:\/\/www.visit-ulcinj.com\/apartments-in-ulcinj\/holiday-house-last-minute-ulcinj-ulqini-montenegro-of-7e-bed\/\" target=\"_blank\" rel=\"noopener\">L&#8217;hospitalit\u00e9 est notre fa\u00e7on de vivre.<\/a><\/p>\n<p><a href=\"http:\/\/www.visit-ulcinj.com\/apartments-in-ulcinj\/holiday-house-last-minute-ulcinj-ulqini-montenegro-of-7e-bed\/\" target=\"_blank\" rel=\"noopener\">Notre philosophie:<\/a><\/p>\n<p><a href=\"http:\/\/www.visit-ulcinj.com\/apartments-in-ulcinj\/holiday-house-last-minute-ulcinj-ulqini-montenegro-of-7e-bed\/\" target=\"_blank\" rel=\"noopener\">&#8220;Vous viendrez la premi\u00e8re fois en tant que clients, vous reviendrez en tant qu&#8217;amis.&#8221;<\/a><\/p>\n<p><a href=\"http:\/\/www.visit-ulcinj.com\/apartments-in-ulcinj\/holiday-house-last-minute-ulcinj-ulqini-montenegro-of-7e-bed\/\" target=\"_blank\" rel=\"noopener\">Notre Maison et situ\u00e9e au c\u0153ur de la magnifique Grande Plage de\u00a0 Ulcinj , Notre Maison vous promet la s\u00e9r\u00e9nit\u00e9 et le repos absolu tout en vous laissant \u00e0 port\u00e9e de main les multiples et nombreuses possibilit\u00e9s de divertissement qu\u2019offre cette r\u00e9gion unique.<\/a><\/p>\n<p><a href=\"http:\/\/www.visit-ulcinj.com\/apartments-in-ulcinj\/holiday-house-last-minute-ulcinj-ulqini-montenegro-of-7e-bed\/\" target=\"_blank\" rel=\"noopener\">Notre Maison vous n\u2019\u00eates qu\u2019\u00e0 quelques pas d\u2019une magnifique plage sauvage de Ada Bojana. Celle-ci n\u2019est que la premi\u00e8re d\u2019une multitude de criques et de plages qui vous pr\u00e9sentent un vaste choix de paysages et de loisirs. Tout au long de cette superbe c\u00f4te surnomm\u00e9e \u00ab le Saint-Tropez mont\u00e9n\u00e9grin \u00bb nous pouvons vous sugg\u00e9rer plusieurs destinations : Budva, Sveti Stefan ou la plage infinie d\u2019Ulcinj. Une balade en soir\u00e9e dans Budva et vous ressentirez toute l\u2019effervescence du Mont\u00e9n\u00e9gro. Vous pourrez vous installer \u00e0 la terrasse d\u2019un caf\u00e9 pittoresque, d\u00e9couvrir d\u2019\u00e9clectiques boutiques et go\u00fbter \u00e0 l\u2019excitante vie nocturne de la ville.<\/a><\/p>\n<p><a href=\"http:\/\/www.visit-ulcinj.com\/apartments-in-ulcinj\/holiday-house-last-minute-ulcinj-ulqini-montenegro-of-7e-bed\/\" target=\"_blank\" rel=\"noopener\">Vous pourrez aussi visiter les monuments historiques dans les vieilles villes de Bar,Kotor, Budva, Ulcinj\u2026<\/a><\/p>\n<p><a href=\"http:\/\/www.visit-ulcinj.com\/apartments-in-ulcinj\/holiday-house-last-minute-ulcinj-ulqini-montenegro-of-7e-bed\/\" target=\"_blank\" rel=\"noopener\">Notre Maison, vous n\u2019\u00eates jamais loin des divertissements qui rendent la vie et les voyages inoubliables: natation, ski nautique, p\u00eache, randonn\u00e9e, plong\u00e9e sous-marine, vie nocturne\u2026<\/a><\/p>\n<p><a href=\"http:\/\/www.visit-ulcinj.com\/apartments-in-ulcinj\/holiday-house-last-minute-ulcinj-ulqini-montenegro-of-7e-bed\/\" target=\"_blank\" rel=\"noopener\"><strong>Le Mont\u00e9n\u00e9gro est pr\u00eat \u00e0 satisfaire toutes vos envies.<\/strong><\/a><\/p>\n<p><a href=\"http:\/\/www.visit-ulcinj.com\/apartments-in-ulcinj\/holiday-house-last-minute-ulcinj-ulqini-montenegro-of-7e-bed\/\" target=\"_blank\" rel=\"noopener\">Nous pouvons bien s\u00fbr vous aider \u00e0 organiser des excursions ou des activit\u00e9s sportives.<\/a><\/p>\n<p><a href=\"http:\/\/www.visit-ulcinj.com\/apartments-in-ulcinj\/holiday-house-last-minute-ulcinj-ulqini-montenegro-of-7e-bed\/\" target=\"_blank\" rel=\"noopener\"><span style=\"color: #ff0000;\"><strong>Les h\u00f4tes parlent Albanais, Fran\u00e7ais, Mont\u00e9n\u00e9grin, l&#8217;Allemand et un peu trop l&#8217;Anglais. <\/strong><\/span><\/a><br \/>\n<a href=\"http:\/\/www.visit-ulcinj.com\/apartments-in-ulcinj\/holiday-house-last-minute-ulcinj-ulqini-montenegro-of-7e-bed\/\" target=\"_blank\" rel=\"noopener\"> <strong>R\u00e9servations et contacts sur t\u00e9l\u00e9phone:<br \/>\n<\/strong><\/a><\/p>\n<p><a href=\"http:\/\/www.visit-ulcinj.com\/apartments-in-ulcinj\/holiday-house-last-minute-ulcinj-ulqini-montenegro-of-7e-bed\/\" target=\"_blank\" rel=\"noopener\"><strong>Une r\u00e9duction est EXCLUSIVEMENT disponible pendant les mois de juin et de septembre<\/strong><\/a><\/p>\n\n\t\t<style type=\"text\/css\">\n\t\t\t#gallery-1 {\n\t\t\t\tmargin: auto;\n\t\t\t}\n\t\t\t#gallery-1 .gallery-item {\n\t\t\t\tfloat: left;\n\t\t\t\tmargin-top: 10px;\n\t\t\t\ttext-align: center;\n\t\t\t\twidth: 33%;\n\t\t\t}\n\t\t\t#gallery-1 img {\n\t\t\t\tborder: 2px solid #cfcfcf;\n\t\t\t}\n\t\t\t#gallery-1 .gallery-caption {\n\t\t\t\tmargin-left: 0;\n\t\t\t}\n\t\t\t\/* see gallery_shortcode() in wp-includes\/media.php *\/\n\t\t<\/style>\n\t\t<div id='gallery-1' class='gallery galleryid-16931 gallery-columns-3 gallery-size-thumbnail'><dl class='gallery-item'>\n\t\t\t<dt class='gallery-icon landscape'>\n\t\t\t\t<a href='https:\/\/www.visit-ulcinj.com\/blog\/2009\/04\/07\/ulcinj-montenegro-maison-de-vacances-logement-pour-7-e\/grande-plage-de-ulcinj_montenegro\/'><img width=\"150\" height=\"150\" src=\"https:\/\/www.visit-ulcinj.com\/blog\/wp-content\/uploads\/2009\/04\/grande-plage-de-ulcinj_montenegro-150x150.jpg\" class=\"attachment-thumbnail size-thumbnail\" alt=\"\" loading=\"lazy\" \/><\/a>\n\t\t\t<\/dt><\/dl><dl class='gallery-item'>\n\t\t\t<dt class='gallery-icon landscape'>\n\t\t\t\t<a href='https:\/\/www.visit-ulcinj.com\/blog\/2009\/04\/07\/ulcinj-montenegro-maison-de-vacances-logement-pour-7-e\/hebergement-prive-a-ulcinj_montennegro\/'><img width=\"150\" height=\"150\" src=\"https:\/\/www.visit-ulcinj.com\/blog\/wp-content\/uploads\/2009\/04\/hebergement-prive-a-ulcinj_montennegro-150x150.jpg\" class=\"attachment-thumbnail size-thumbnail\" alt=\"\" loading=\"lazy\" \/><\/a>\n\t\t\t<\/dt><\/dl><dl class='gallery-item'>\n\t\t\t<dt class='gallery-icon landscape'>\n\t\t\t\t<a href='https:\/\/www.visit-ulcinj.com\/blog\/2009\/04\/07\/ulcinj-montenegro-maison-de-vacances-logement-pour-7-e\/grande-plage-de-ulcinj_montenegro1\/'><img width=\"150\" height=\"150\" src=\"https:\/\/www.visit-ulcinj.com\/blog\/wp-content\/uploads\/2009\/04\/grande-plage-de-ulcinj_montenegro1-150x150.jpg\" class=\"attachment-thumbnail size-thumbnail\" alt=\"\" loading=\"lazy\" \/><\/a>\n\t\t\t<\/dt><\/dl><br style=\"clear: both\" \/><dl class='gallery-item'>\n\t\t\t<dt class='gallery-icon landscape'>\n\t\t\t\t<a href='https:\/\/www.visit-ulcinj.com\/blog\/2009\/04\/07\/ulcinj-montenegro-maison-de-vacances-logement-pour-7-e\/hebergement-prive-a-ulcinj_montennegro1\/'><img width=\"150\" height=\"150\" src=\"https:\/\/www.visit-ulcinj.com\/blog\/wp-content\/uploads\/2009\/04\/hebergement-prive-a-ulcinj_montennegro1-150x150.jpg\" class=\"attachment-thumbnail size-thumbnail\" alt=\"\" loading=\"lazy\" \/><\/a>\n\t\t\t<\/dt><\/dl><dl class='gallery-item'>\n\t\t\t<dt class='gallery-icon landscape'>\n\t\t\t\t<a href='https:\/\/www.visit-ulcinj.com\/blog\/2009\/04\/07\/ulcinj-montenegro-maison-de-vacances-logement-pour-7-e\/hebergement-prive-a-ulcinj_montennegro2\/'><img width=\"150\" height=\"150\" src=\"https:\/\/www.visit-ulcinj.com\/blog\/wp-content\/uploads\/2009\/04\/hebergement-prive-a-ulcinj_montennegro2-150x150.jpg\" class=\"attachment-thumbnail size-thumbnail\" alt=\"\" loading=\"lazy\" \/><\/a>\n\t\t\t<\/dt><\/dl><dl class='gallery-item'>\n\t\t\t<dt class='gallery-icon landscape'>\n\t\t\t\t<a href='https:\/\/www.visit-ulcinj.com\/blog\/2009\/04\/07\/ulcinj-montenegro-maison-de-vacances-logement-pour-7-e\/grande-plage-de-ulcinj_montenegro2\/'><img width=\"150\" height=\"150\" src=\"https:\/\/www.visit-ulcinj.com\/blog\/wp-content\/uploads\/2009\/04\/grande-plage-de-ulcinj_montenegro2-150x150.jpg\" class=\"attachment-thumbnail size-thumbnail\" alt=\"\" loading=\"lazy\" \/><\/a>\n\t\t\t<\/dt><\/dl><br style=\"clear: both\" \/><dl class='gallery-item'>\n\t\t\t<dt class='gallery-icon portrait'>\n\t\t\t\t<a href='https:\/\/www.visit-ulcinj.com\/blog\/2009\/04\/07\/ulcinj-montenegro-maison-de-vacances-logement-pour-7-e\/hebergement-prive-a-ulcinj_montennegro3\/'><img width=\"150\" height=\"150\" src=\"https:\/\/www.visit-ulcinj.com\/blog\/wp-content\/uploads\/2009\/04\/hebergement-prive-a-ulcinj_montennegro3-150x150.jpg\" class=\"attachment-thumbnail size-thumbnail\" alt=\"\" loading=\"lazy\" \/><\/a>\n\t\t\t<\/dt><\/dl><dl class='gallery-item'>\n\t\t\t<dt class='gallery-icon landscape'>\n\t\t\t\t<a href='https:\/\/www.visit-ulcinj.com\/blog\/2009\/04\/07\/ulcinj-montenegro-maison-de-vacances-logement-pour-7-e\/hebergement-prive-a-ulcinj_montennegro4\/'><img width=\"150\" height=\"150\" src=\"https:\/\/www.visit-ulcinj.com\/blog\/wp-content\/uploads\/2009\/04\/hebergement-prive-a-ulcinj_montennegro4-150x150.jpg\" class=\"attachment-thumbnail size-thumbnail\" alt=\"\" loading=\"lazy\" \/><\/a>\n\t\t\t<\/dt><\/dl><dl class='gallery-item'>\n\t\t\t<dt class='gallery-icon portrait'>\n\t\t\t\t<a href='https:\/\/www.visit-ulcinj.com\/blog\/2009\/04\/07\/ulcinj-montenegro-maison-de-vacances-logement-pour-7-e\/hebergement-prive-a-ulcinj_montennegro5\/'><img width=\"150\" height=\"150\" src=\"https:\/\/www.visit-ulcinj.com\/blog\/wp-content\/uploads\/2009\/04\/hebergement-prive-a-ulcinj_montennegro5-150x150.jpg\" class=\"attachment-thumbnail size-thumbnail\" alt=\"\" loading=\"lazy\" \/><\/a>\n\t\t\t<\/dt><\/dl><br style=\"clear: both\" \/><dl class='gallery-item'>\n\t\t\t<dt class='gallery-icon portrait'>\n\t\t\t\t<a href='https:\/\/www.visit-ulcinj.com\/blog\/2009\/04\/07\/ulcinj-montenegro-maison-de-vacances-logement-pour-7-e\/hebergement-prive-a-ulcinj_montennegro6\/'><img width=\"150\" height=\"150\" src=\"https:\/\/www.visit-ulcinj.com\/blog\/wp-content\/uploads\/2009\/04\/hebergement-prive-a-ulcinj_montennegro6-150x150.jpg\" class=\"attachment-thumbnail size-thumbnail\" alt=\"\" loading=\"lazy\" \/><\/a>\n\t\t\t<\/dt><\/dl><dl class='gallery-item'>\n\t\t\t<dt class='gallery-icon landscape'>\n\t\t\t\t<a href='https:\/\/www.visit-ulcinj.com\/blog\/2009\/04\/07\/ulcinj-montenegro-maison-de-vacances-logement-pour-7-e\/ulcinj_montenegro-2\/'><img width=\"150\" height=\"150\" src=\"https:\/\/www.visit-ulcinj.com\/blog\/wp-content\/uploads\/2009\/04\/ulcinj_montenegro-150x150.jpg\" class=\"attachment-thumbnail size-thumbnail\" alt=\"\" loading=\"lazy\" \/><\/a>\n\t\t\t<\/dt><\/dl><dl class='gallery-item'>\n\t\t\t<dt class='gallery-icon portrait'>\n\t\t\t\t<a href='https:\/\/www.visit-ulcinj.com\/blog\/2009\/04\/07\/ulcinj-montenegro-maison-de-vacances-logement-pour-7-e\/maps-of-ulcinj-montenegro\/'><img width=\"150\" height=\"150\" src=\"https:\/\/www.visit-ulcinj.com\/blog\/wp-content\/uploads\/2009\/04\/maps-of-ulcinj-montenegro-150x150.jpg\" class=\"attachment-thumbnail size-thumbnail\" alt=\"\" loading=\"lazy\" \/><\/a>\n\t\t\t<\/dt><\/dl><br style=\"clear: both\" \/>\n\t\t<\/div>\n\n<p><strong><!--YouTube Error: bad URL entered--><br \/>\n<\/strong><\/p>\n<p><strong> Link: <a href=\"http:\/\/www.visit-ulcinj.com\" target=\"_blank\" rel=\"noopener\">http:\/\/www.visit-ulcinj.com<\/a><\/strong><br \/>\n<a title=\"Accommodation Holiday House in Ulcinj-Montenegro,from 7\u20ac pers\" href=\"http:\/\/www.visit-ulcinj.com\/\" target=\"_blank\" rel=\"noopener\"><img loading=\"lazy\" class=\"alignleft size-full wp-image-22793\" title=\"Travel, Ulcinj, Vacation,chambres \u00e0 louer \u00e0 ulcinj, location de vacance, location saisonni\u00e8res, louer villa,location de vacance, Locations vacance, h\u00e9bergements vacances, locations villa, logements de vacances, location maison avec piscine, Location vacance, locations de vacance, h\u00e9bergements de vacances, location villa, locations entre particulier, logements vacance, vacances \u00e0 Mont\u00e9n\u00e9gro - location \u00e0 Ulcinj ,location de bigorre,A Aarau, Abtwil, Adelboden, Aeschi, Aeschlen, Aigle, Airolo, Albinen, Alpnachstad, Altst\u00e4tten, Amsteg, Andermatt, Appenzell, Arosa, Ascona, Ausserberg, Avenches, Avry devant Pont, B Bad Ragaz, Bad-Schwarzsee, Baden, Bazel, Beatenberg, Beckenried, Bedretto, Bellinzona, Belmont-sur-Lausanne, Berg\u00fcn, Berikon, Bern, Bettmeralp, Bevaix, Bevers, Biasca, Biel, Binningen, Birsfelden, Bissone, Bivio, Blatten, Boltigen, Bonaduz, Boudevilliers, Bourg-Saint-Pierre, Brienz, Brig, Brissago, Brunnen, B\u00fclach, Bulle, Buochs, Burgdorf, Busingen am Hochrhein, Bussigny, C Cadro, Carona, Carouge, Caslano, Caux, Celerina, Cergnat, Cham, Champ\u00e9ry, Champex, Champoussin, Charmey, Ch\u00e2teau-d?Oex, Chavannes-de-Bogis, Cheseaux, Chexbres, Chur, Cinuos-Chel, Cointrin, Conters, Cortaillod, Cossonay, Crans-Montana, Cr\u00e9suz, Cudrefin, D D\u00e4llikon, Davos Dorf, Davos Platz, Diegten, Dietikon, Disentis, Dornach, D\u00fcbendorf, Duggingen, E Ebikon, Egerkingen, Eglisau, Elgg, Emmenbr\u00fccke, Engelberg, Eptingen, Erstfeld, Eschenz, F Fanas, Faulensee, Fiesch, Flims, Flims Waldhaus, Fluelen, Fl\u00fceli, Fl\u00fchli, Flumserberg, Frauenfeld, Fribourg, Frutigen, Ftan, G Geneve, Geroldswil, Gerzensee, Giswil, Glattbrugg, Glion, Goldiwil, Goldswil, G\u00f6schenen, Gottlieben, Gr\u00e4chen, Grenchen, Grimentz, Grindelwald, Gr\u00fcsch, Gruy\u00e8res, Gstaad, Gsteigwiler, Guarda, Gundlischwand, Gunten, H Habkern, Hausernmoos Bern, Heiden, Heiligenschwendi, Hergiswil, Hilterfingen, Holderbank, Horgen, Horn, Horw, H\u00fcnibach, Hurden, I Interlaken, Iseltwald, K Kandersteg, Kastanienbaum, Kiental, Klosters Dorf, Klosters Platz, Klosters Serneus, Kloten, Konolfingen, Kreuzlingen, Kriens, K\u00fcblis, K\u00fcsnacht, L L'Etivaz, La Chaux-de-Fonds, La L\u00e9cherette, La Vue des Alpes, Langenthal, Langwies, Laufen, Lausanne, Lauterbrunnen, Lavorgo, Le Locle, Le Prese, Le Sentier, Leissigen, Lenk, Lenzburg, Lenzerheide, Les Brenets, Les Diablerets, Les Mar\u00e9cottes, Les Mosses, Leukerbad, Leysin, Liestal, Lisone, Littau, Locarno, Losone, Lugano, Lully, Lumino, Luterbach, Lutry, Luzern, M Maienfeld, Maloja, Malters, Martigny-Ville, Matten, Meggen, Meiringen, Mendrisio, Mergoscia, Merligen, Merlischachen, Minusio, Mollens, Monte Carasso, Mont\u00e9zillon, Montreux, Morges, Morgins, Mugena, Muntelier, M\u00fcrren, Murten, M\u00fcstair, Muttenz, N Naters, Neuch\u00e2tel, Nods, Nottwil, Nyon, O Oberhofen, Obermeilen, Oberwald, Oberwil, Oensingen, Olivone, Olten, Opfikon, Origlio, P Perlen, Pf\u00e4ffikon, Pf\u00e4ffikon, Piotta, Plan-les-Ouates, Ponte Tresa, Pontresina, Portalban- Dessous, Porto Ronco, Pragg-Jenaz, Pura, Q Quartino, R Ramsen, Rapperswil, Reckingen, Regensdorf, Rheinfelden, Riederalp, Rigi Kaltbad, Ringgenberg, Rodi, Rohr, Romainm\u00f4tier, Romanel, Ronchini, Ronco, Rorschacherberg, Rothenburg, Rovio, R\u00fcmlang, R\u00fcschlikon, S Saanen, Saanenm\u00f6ser, Saas-Almagel, Saas-Fee, Saas-Grund, Sachseln, Saillon, Saint-Blaise, Saint-Sulpice, Samedan, Samnaun, San Bernardino, Sankt Gallen, Santa Maria, Sant?Antonio, Sargans, Sarnen, Savognin, Scanfs, Schaffhausen, Schangnau, Schlieren, Sch\u00f6nenwerd, Sch\u00f6nried, Schwefelbergbad, Scuol, Sedrun, Segl-Maria, Sent, Sessa, Sierre, Silvaplana, Sion, Solothurn, S\u00f6renberg, Speicher, Spiez, Spreitenbach, St. Moritz, Stans, Stein am Rhein, Stettlen, Stoos, Suhr, Sursee, T Tarasp, T\u00e4sch, Tegna, Thalwil, Thun, Thusis, Tschierv, Twann, U Uetliberg, Unter\u00e4geri, Unteriberg, Unterwasser, V Vacallo, Val d?Illiez, Vercorin, Versoix, Vevey, Villars-sur-Ollon, Visp, Vitznau, Vulpera, W Wallisellen, Walzenhausen, Wangen an der Aare, Weesen, Weggis, Weissbad, Wengen, Wetzikon, Widnau, Wiesen, Wilderswil, Wildhaus, Winterthur, Y Yverdon, Z Zermatt, Zernez, Zillis, Zug, Zuoz, Z\u00fcrich, Zurzach, Zweisimmen ,\" src=\"http:\/\/www.visit-ulcinj.com\/blog\/wp-content\/uploads\/2009\/06\/ulcinj-info_holiday-in-montenegro.png\" alt=\"ulcinj-info_holiday-in-montenegro,Simply, travel, Ulcinj,Ulqin,Long Beach,ada bojana, Holidays in montenegro, apartments, cottages, hotels, accommodation, information, maps, holiday, tour operators, car hire, winter,travel, holiday in ulcinj, book, flights in montenegro, booking ulcinj montenegro,holiday apartments in montenegro,beaches in montenegro,all inclusive montenegro,montenegro adriatic sea,Apartmani, Appartements, booking, buy, car, Cobi House, Estate, hire, holiday, Home, Hotel, House, Land, last minute, Montenegro, Plots, Properties, Property, Real, Realtor, rent, rental, room, Travel, Ulcinj, Ulqini, Vacation, \" width=\"580\" height=\"125\" \/><\/a><\/p>\n<div><!-- vimeo error: not a vimeo video --><\/div>\n","protected":false},"excerpt":{"rendered":"<p>Mobil: Viber + Whatsapp: +382 69 335 534\u00a0 : +382 69 335 512 Bienvenue au Ulqin \/ Ulcinj &#8211; Mont\u00e9n\u00e9gro Passer des vacances a Ulcinj &#8211; Mont\u00e9n\u00e9gro Afin de passer des vacances inoubliables et de d\u00e9couvrir un nouveau pays \u00e0 un prix abordable.Mont\u00e9n\u00e9gro, 1910 km de Paris de autoroute,et 1510 de la Suisee de autoroute,Chambre [&hellip;]<\/p>\n","protected":false},"author":1,"featured_media":0,"comment_status":"open","ping_status":"closed","sticky":false,"template":"","format":"standard","meta":{"spay_email":"","jetpack_publicize_message":"","jetpack_is_tweetstorm":false,"jetpack_publicize_feature_enabled":true},"categories":[7679],"tags":[8804,8879,8881,8809,8808,8805,8801,8803,8800,19,8802,8880,8877,3757,8807,8878,8806],"jetpack_publicize_connections":[],"yoast_head":"<!-- This site is optimized with the Yoast SEO plugin v19.1 - https:\/\/yoast.com\/wordpress\/plugins\/seo\/ -->\n<title>A Mont\u00e9n\u00e9gro - Ulcinj Maison de vacances, logement d\u00e9s 8\u20ac - Lajme nga Ulqini<\/title>\n<meta name=\"description\" content=\"Mobil: Viber + Whatsapp: +382 69 335 534\u00a0 : +382 69 335 512 Bienvenue au Ulqin \/ Ulcinj - Mont\u00e9n\u00e9gro Passer des vacances a Ulcinj - Mont\u00e9n\u00e9gro Afin de\" \/>\n<meta name=\"robots\" content=\"index, follow, max-snippet:-1, max-image-preview:large, max-video-preview:-1\" \/>\n<link rel=\"canonical\" href=\"https:\/\/www.visit-ulcinj.com\/blog\/2009\/04\/07\/ulcinj-montenegro-maison-de-vacances-logement-pour-7-e\/\" \/>\n<meta property=\"og:locale\" content=\"en_US\" \/>\n<meta property=\"og:type\" content=\"article\" \/>\n<meta property=\"og:title\" content=\"A Mont\u00e9n\u00e9gro - Ulcinj Maison de vacances, logement d\u00e9s 8\u20ac - Lajme nga Ulqini\" \/>\n<meta property=\"og:description\" content=\"Mobil: Viber + Whatsapp: +382 69 335 534\u00a0 : +382 69 335 512 Bienvenue au Ulqin \/ Ulcinj - Mont\u00e9n\u00e9gro Passer des vacances a Ulcinj - Mont\u00e9n\u00e9gro Afin de\" \/>\n<meta property=\"og:url\" content=\"https:\/\/www.visit-ulcinj.com\/blog\/2009\/04\/07\/ulcinj-montenegro-maison-de-vacances-logement-pour-7-e\/\" \/>\n<meta property=\"og:site_name\" content=\"Lajme nga Ulqini\" \/>\n<meta property=\"article:published_time\" content=\"2009-04-07T19:10:10+00:00\" \/>\n<meta property=\"article:modified_time\" content=\"2023-04-01T12:21:02+00:00\" \/>\n<meta property=\"og:image\" content=\"http:\/\/www.visit-ulcinj.com\/blog\/wp-content\/uploads\/2009\/04\/grande-plage-de-ulcinj_montenegro-150x150.jpg\" \/>\n<meta name=\"twitter:label1\" content=\"Written by\" \/>\n\t<meta name=\"twitter:data1\" content=\"ulqini\" \/>\n\t<meta name=\"twitter:label2\" content=\"Est. reading time\" \/>\n\t<meta name=\"twitter:data2\" content=\"3 minutes\" \/>\n<script type=\"application\/ld+json\" class=\"yoast-schema-graph\">{\"@context\":\"https:\/\/schema.org\",\"@graph\":[{\"@type\":\"WebSite\",\"@id\":\"https:\/\/www.visit-ulcinj.com\/blog\/#website\",\"url\":\"https:\/\/www.visit-ulcinj.com\/blog\/\",\"name\":\"Lajme nga Ulqini\",\"description\":\"Lajme,Vijesti,Ulqini,Ulqin,Crna Gora,Mali i Zi\",\"potentialAction\":[{\"@type\":\"SearchAction\",\"target\":{\"@type\":\"EntryPoint\",\"urlTemplate\":\"https:\/\/www.visit-ulcinj.com\/blog\/?s={search_term_string}\"},\"query-input\":\"required name=search_term_string\"}],\"inLanguage\":\"en-US\"},{\"@type\":\"ImageObject\",\"inLanguage\":\"en-US\",\"@id\":\"https:\/\/www.visit-ulcinj.com\/blog\/2009\/04\/07\/ulcinj-montenegro-maison-de-vacances-logement-pour-7-e\/#primaryimage\",\"url\":\"https:\/\/www.visit-ulcinj.com\/blog\/wp-content\/uploads\/2009\/04\/grande-plage-de-ulcinj_montenegro.jpg\",\"contentUrl\":\"https:\/\/www.visit-ulcinj.com\/blog\/wp-content\/uploads\/2009\/04\/grande-plage-de-ulcinj_montenegro.jpg\",\"width\":\"800\",\"height\":\"600\"},{\"@type\":\"WebPage\",\"@id\":\"https:\/\/www.visit-ulcinj.com\/blog\/2009\/04\/07\/ulcinj-montenegro-maison-de-vacances-logement-pour-7-e\/#webpage\",\"url\":\"https:\/\/www.visit-ulcinj.com\/blog\/2009\/04\/07\/ulcinj-montenegro-maison-de-vacances-logement-pour-7-e\/\",\"name\":\"A Mont\u00e9n\u00e9gro - Ulcinj Maison de vacances, logement d\u00e9s 8\u20ac - Lajme nga Ulqini\",\"isPartOf\":{\"@id\":\"https:\/\/www.visit-ulcinj.com\/blog\/#website\"},\"primaryImageOfPage\":{\"@id\":\"https:\/\/www.visit-ulcinj.com\/blog\/2009\/04\/07\/ulcinj-montenegro-maison-de-vacances-logement-pour-7-e\/#primaryimage\"},\"datePublished\":\"2009-04-07T19:10:10+00:00\",\"dateModified\":\"2023-04-01T12:21:02+00:00\",\"author\":{\"@id\":\"https:\/\/www.visit-ulcinj.com\/blog\/#\/schema\/person\/dcab619c614d3038751c63bc2aadc06d\"},\"description\":\"Mobil: Viber + Whatsapp: +382 69 335 534\u00a0 : +382 69 335 512 Bienvenue au Ulqin \/ Ulcinj - Mont\u00e9n\u00e9gro Passer des vacances a Ulcinj - Mont\u00e9n\u00e9gro Afin de\",\"breadcrumb\":{\"@id\":\"https:\/\/www.visit-ulcinj.com\/blog\/2009\/04\/07\/ulcinj-montenegro-maison-de-vacances-logement-pour-7-e\/#breadcrumb\"},\"inLanguage\":\"en-US\",\"potentialAction\":[{\"@type\":\"ReadAction\",\"target\":[\"https:\/\/www.visit-ulcinj.com\/blog\/2009\/04\/07\/ulcinj-montenegro-maison-de-vacances-logement-pour-7-e\/\"]}]},{\"@type\":\"BreadcrumbList\",\"@id\":\"https:\/\/www.visit-ulcinj.com\/blog\/2009\/04\/07\/ulcinj-montenegro-maison-de-vacances-logement-pour-7-e\/#breadcrumb\",\"itemListElement\":[{\"@type\":\"ListItem\",\"position\":1,\"name\":\"A Mont\u00e9n\u00e9gro &#8211; Ulcinj Maison de vacances, logement d\u00e9s 8\u20ac\"}]},{\"@type\":\"Person\",\"@id\":\"https:\/\/www.visit-ulcinj.com\/blog\/#\/schema\/person\/dcab619c614d3038751c63bc2aadc06d\",\"name\":\"ulqini\",\"sameAs\":[\"http:\/\/www.visit-ulcinj.com\"],\"url\":\"https:\/\/www.visit-ulcinj.com\/blog\/author\/admin\/\"}]}<\/script>\n<!-- \/ Yoast SEO plugin. -->","yoast_head_json":{"title":"A Mont\u00e9n\u00e9gro - Ulcinj Maison de vacances, logement d\u00e9s 8\u20ac - Lajme nga Ulqini","description":"Mobil: Viber + Whatsapp: +382 69 335 534\u00a0 : +382 69 335 512 Bienvenue au Ulqin \/ Ulcinj - Mont\u00e9n\u00e9gro Passer des vacances a Ulcinj - Mont\u00e9n\u00e9gro Afin de","robots":{"index":"index","follow":"follow","max-snippet":"max-snippet:-1","max-image-preview":"max-image-preview:large","max-video-preview":"max-video-preview:-1"},"canonical":"https:\/\/www.visit-ulcinj.com\/blog\/2009\/04\/07\/ulcinj-montenegro-maison-de-vacances-logement-pour-7-e\/","og_locale":"en_US","og_type":"article","og_title":"A Mont\u00e9n\u00e9gro - Ulcinj Maison de vacances, logement d\u00e9s 8\u20ac - Lajme nga Ulqini","og_description":"Mobil: Viber + Whatsapp: +382 69 335 534\u00a0 : +382 69 335 512 Bienvenue au Ulqin \/ Ulcinj - Mont\u00e9n\u00e9gro Passer des vacances a Ulcinj - Mont\u00e9n\u00e9gro Afin de","og_url":"https:\/\/www.visit-ulcinj.com\/blog\/2009\/04\/07\/ulcinj-montenegro-maison-de-vacances-logement-pour-7-e\/","og_site_name":"Lajme nga Ulqini","article_published_time":"2009-04-07T19:10:10+00:00","article_modified_time":"2023-04-01T12:21:02+00:00","og_image":[{"url":"http:\/\/www.visit-ulcinj.com\/blog\/wp-content\/uploads\/2009\/04\/grande-plage-de-ulcinj_montenegro-150x150.jpg"}],"twitter_misc":{"Written by":"ulqini","Est. reading time":"3 minutes"},"schema":{"@context":"https:\/\/schema.org","@graph":[{"@type":"WebSite","@id":"https:\/\/www.visit-ulcinj.com\/blog\/#website","url":"https:\/\/www.visit-ulcinj.com\/blog\/","name":"Lajme nga Ulqini","description":"Lajme,Vijesti,Ulqini,Ulqin,Crna Gora,Mali i Zi","potentialAction":[{"@type":"SearchAction","target":{"@type":"EntryPoint","urlTemplate":"https:\/\/www.visit-ulcinj.com\/blog\/?s={search_term_string}"},"query-input":"required name=search_term_string"}],"inLanguage":"en-US"},{"@type":"ImageObject","inLanguage":"en-US","@id":"https:\/\/www.visit-ulcinj.com\/blog\/2009\/04\/07\/ulcinj-montenegro-maison-de-vacances-logement-pour-7-e\/#primaryimage","url":"https:\/\/www.visit-ulcinj.com\/blog\/wp-content\/uploads\/2009\/04\/grande-plage-de-ulcinj_montenegro.jpg","contentUrl":"https:\/\/www.visit-ulcinj.com\/blog\/wp-content\/uploads\/2009\/04\/grande-plage-de-ulcinj_montenegro.jpg","width":"800","height":"600"},{"@type":"WebPage","@id":"https:\/\/www.visit-ulcinj.com\/blog\/2009\/04\/07\/ulcinj-montenegro-maison-de-vacances-logement-pour-7-e\/#webpage","url":"https:\/\/www.visit-ulcinj.com\/blog\/2009\/04\/07\/ulcinj-montenegro-maison-de-vacances-logement-pour-7-e\/","name":"A Mont\u00e9n\u00e9gro - Ulcinj Maison de vacances, logement d\u00e9s 8\u20ac - Lajme nga Ulqini","isPartOf":{"@id":"https:\/\/www.visit-ulcinj.com\/blog\/#website"},"primaryImageOfPage":{"@id":"https:\/\/www.visit-ulcinj.com\/blog\/2009\/04\/07\/ulcinj-montenegro-maison-de-vacances-logement-pour-7-e\/#primaryimage"},"datePublished":"2009-04-07T19:10:10+00:00","dateModified":"2023-04-01T12:21:02+00:00","author":{"@id":"https:\/\/www.visit-ulcinj.com\/blog\/#\/schema\/person\/dcab619c614d3038751c63bc2aadc06d"},"description":"Mobil: Viber + Whatsapp: +382 69 335 534\u00a0 : +382 69 335 512 Bienvenue au Ulqin \/ Ulcinj - Mont\u00e9n\u00e9gro Passer des vacances a Ulcinj - Mont\u00e9n\u00e9gro Afin de","breadcrumb":{"@id":"https:\/\/www.visit-ulcinj.com\/blog\/2009\/04\/07\/ulcinj-montenegro-maison-de-vacances-logement-pour-7-e\/#breadcrumb"},"inLanguage":"en-US","potentialAction":[{"@type":"ReadAction","target":["https:\/\/www.visit-ulcinj.com\/blog\/2009\/04\/07\/ulcinj-montenegro-maison-de-vacances-logement-pour-7-e\/"]}]},{"@type":"BreadcrumbList","@id":"https:\/\/www.visit-ulcinj.com\/blog\/2009\/04\/07\/ulcinj-montenegro-maison-de-vacances-logement-pour-7-e\/#breadcrumb","itemListElement":[{"@type":"ListItem","position":1,"name":"A Mont\u00e9n\u00e9gro &#8211; Ulcinj Maison de vacances, logement d\u00e9s 8\u20ac"}]},{"@type":"Person","@id":"https:\/\/www.visit-ulcinj.com\/blog\/#\/schema\/person\/dcab619c614d3038751c63bc2aadc06d","name":"ulqini","sameAs":["http:\/\/www.visit-ulcinj.com"],"url":"https:\/\/www.visit-ulcinj.com\/blog\/author\/admin\/"}]}},"jetpack_featured_media_url":"","jetpack_sharing_enabled":true,"jetpack_shortlink":"https:\/\/wp.me\/pe6lTn-4p5","_links":{"self":[{"href":"https:\/\/www.visit-ulcinj.com\/blog\/wp-json\/wp\/v2\/posts\/16931"}],"collection":[{"href":"https:\/\/www.visit-ulcinj.com\/blog\/wp-json\/wp\/v2\/posts"}],"about":[{"href":"https:\/\/www.visit-ulcinj.com\/blog\/wp-json\/wp\/v2\/types\/post"}],"author":[{"embeddable":true,"href":"https:\/\/www.visit-ulcinj.com\/blog\/wp-json\/wp\/v2\/users\/1"}],"replies":[{"embeddable":true,"href":"https:\/\/www.visit-ulcinj.com\/blog\/wp-json\/wp\/v2\/comments?post=16931"}],"version-history":[{"count":10,"href":"https:\/\/www.visit-ulcinj.com\/blog\/wp-json\/wp\/v2\/posts\/16931\/revisions"}],"predecessor-version":[{"id":106893,"href":"https:\/\/www.visit-ulcinj.com\/blog\/wp-json\/wp\/v2\/posts\/16931\/revisions\/106893"}],"wp:attachment":[{"href":"https:\/\/www.visit-ulcinj.com\/blog\/wp-json\/wp\/v2\/media?parent=16931"}],"wp:term":[{"taxonomy":"category","embeddable":true,"href":"https:\/\/www.visit-ulcinj.com\/blog\/wp-json\/wp\/v2\/categories?post=16931"},{"taxonomy":"post_tag","embeddable":true,"href":"https:\/\/www.visit-ulcinj.com\/blog\/wp-json\/wp\/v2\/tags?post=16931"}],"curies":[{"name":"wp","href":"https:\/\/api.w.org\/{rel}","templated":true}]}}