{"id":16959,"date":"2009-04-08T18:47:54","date_gmt":"2009-04-08T16:47:54","guid":{"rendered":"http:\/\/www.visit-ulcinj.com\/blog\/?p=16959"},"modified":"2022-08-03T17:49:54","modified_gmt":"2022-08-03T16:49:54","slug":"a-ulcinj-montenegro-des-vacances-a-partir-de-8e-par-jour","status":"publish","type":"post","link":"https:\/\/www.visit-ulcinj.com\/blog\/2009\/04\/08\/a-ulcinj-montenegro-des-vacances-a-partir-de-8e-par-jour\/","title":{"rendered":"A Ulcinj &#8211; Mont\u00e9n\u00e9gro des vacances \u00e0 partir de 8\u20ac par Jour"},"content":{"rendered":"<p><span style=\"font-size: 10pt; font-family: 'Arial','sans-serif';\"><a href=\"http:\/\/www.visit-ulcinj.com\/blog\/wp-content\/uploads\/2009\/04\/montenegro-maps.jpg\"><img loading=\"lazy\" class=\"alignleft size-full wp-image-16960\" title=\"montenegro-maps\" src=\"http:\/\/www.visit-ulcinj.com\/blog\/wp-content\/uploads\/2009\/04\/montenegro-maps.jpg\" alt=\"montenegro-maps\" width=\"570\" height=\"400\" \/><\/a><\/span><\/p>\n<p class=\"MsoNormal\" style=\"margin-bottom: 0.0001pt; line-height: normal;\"><span style=\"font-size: 10pt; font-family: 'Arial','sans-serif';\"><a href=\"skype:ulqinaku1?call\"><img loading=\"lazy\" class=\"alignleft size-full wp-image-3933\" src=\"http:\/\/www.visit-ulcinj.com\/blog\/wp-content\/uploads\/2013\/07\/c70e_skype.jpg\" alt=\"skype\" width=\"121\" height=\"91\" \/><\/a><br \/>\nSavez-vous quelle est la ville la plus ensoleill\u00e9e de l\u2019Adriatique? Il ne s\u2019agit ni d\u2019une ville italienne, ni d\u2019une ville croate, mais de <span class=\"goog-spellcheck-word\">ULCINJ<\/span>, une ville baln\u00e9aire situ\u00e9e au sud du <span class=\"goog-spellcheck-word\">Mont\u00e9n\u00e9gro<\/span>. En \u00e9t\u00e9, le soleil brille pr\u00e8s de 12 heures par jour! Le soleil ne semble d\u2019ailleurs jamais quitter ce petit coin de paradis. En effet, il est pr\u00e9sent plus de 2700 heures par an, soit une moyenne de 7h30 par jour. La baignade est garantie de mai \u00e0 octobre. Alors, si vous ne trouvez pas le soleil, sachez qu\u2019il se trouve toujours quelque partet qu\u2019il vous attend avec impatience, \u00e0 <span class=\"goog-spellcheck-word\">ULCINJ<\/span>, au sud de l\u2019Europe.<\/span><\/p>\n<p class=\"MsoNormal\" style=\"margin-bottom: 0.0001pt; line-height: normal;\"><a href=\"http:\/\/www.visit-ulcinj.com\/\" target=\"_blank\" rel=\"noopener\"><span style=\"font-size: 10pt; font-family: 'Arial','sans-serif';\"><span class=\"goog-spellcheck-word\">Ulcinj<\/span> se trouve au sud de la mer <span class=\"goog-spellcheck-word\">Adriatique<\/span> entre 19o 22 \u2018 30 \u201d de la latitude est g\u00e9ographique et 41o 5 \u2018 6 \u201d de la longitude nord g\u00e9ographique. La municipalit\u00e9 a 25.000 habitants, et caract\u00e9ris\u00e9e par la plus grand nombre de jours ensoleill\u00e9s \u00e0 <span class=\"goog-spellcheck-word\">Adriatique<\/span> ( moyenne annuelle de 218 jours ou 2706 heures).<\/span><\/a><\/p>\n<p class=\"MsoNormal\" style=\"margin-bottom: 0.0001pt; line-height: normal;\"><a href=\"http:\/\/www.visit-ulcinj.com\/\" target=\"_blank\" rel=\"noopener\"><span style=\"font-size: 10pt; font-family: 'Arial','sans-serif';\">Avec environ de 20 km de plages, dont 15 km du sable, avec plus de 6.000 h de champs, le jardins d\u2019oliviers de 88.000 d\u2019arbres, les propri\u00e9t\u00e9s m\u00e9dicinales du sable, de la boue et l\u2019eau min\u00e9rale sulfurique, avec une vingtaine d\u2019h\u00f4tels et environ de 6.000 lits dans eux, avec le paradis unique pour les nudistes \u2013 \u00cele <span class=\"goog-spellcheck-word\">Bojana<\/span>, avec plusieurs maisons de repos et auto-camps de grande capacit\u00e9,<\/span><\/a><\/p>\n<p class=\"MsoNormal\" style=\"margin-bottom: 0.0001pt; line-height: normal;\"><a href=\"http:\/\/www.visit-ulcinj.com\/\" target=\"_blank\" rel=\"noopener\"><span style=\"font-size: 10pt; font-family: 'Arial','sans-serif';\">Avec environ de quinze d\u2019agences de voyage, avec plus de 80 restaurants et autres objets d\u2019h\u00f4tellerie, avec quatre discos, deux clubs de nuit et un casino, avec plus de 30 plages organis\u00e9es et les sites de bain, avec la variante <span class=\"goog-spellcheck-word\">Adriatique<\/span> du climat m\u00e9diterran\u00e9en et la v\u00e9g\u00e9tation <span class=\"goog-spellcheck-word\">sub<\/span>-tropique, avec la temp\u00e9rature moyenne annuelle de 16,5o C et la temp\u00e9rature moyenne estivale de 24,4o C, avec l\u2019histoire riche (la ville a \u00e9t\u00e9 fond\u00e9e en 5 \u00e8me si\u00e8cle av. J-C.), avec la Ville vieille et ses forteresses belles surgies de la mer, avec plus de 30 \u00e9glises et mosqu\u00e9es, avec le lac de Sas, un lac de la beaut\u00e9 vierge et la ville m\u00e9di\u00e9vale exactement au-dessus du lac, avec quelques manifestations estivales traditionnelles touristiques et culturelles, <span class=\"goog-spellcheck-word\">Ulcinj<\/span> est un grand potentiel touristique pour le d\u00e9veloppement de tous les types du tourisme.<\/span><\/a><\/p>\n<p class=\"MsoNormal\" style=\"margin-bottom: 0.0001pt; line-height: normal;\"><a href=\"http:\/\/www.visit-ulcinj.com\/\" target=\"_blank\" rel=\"noopener\"><span style=\"font-size: 10pt; font-family: 'Arial','sans-serif';\">Situ\u00e9e tout au Sud du <span class=\"goog-spellcheck-word\">Mont\u00e9n\u00e9gro<\/span>, <span class=\"goog-spellcheck-word\">Ulcinj<\/span> est la derni\u00e8re grande ville c\u00f4ti\u00e8re avant la fronti\u00e8re albanaise. Elle est d\u2019ailleurs la plus grande ville <span class=\"goog-spellcheck-word\">albanophone<\/span> du pays. Cette proximit\u00e9 explique une histoire tr\u00e8s complexe qui a laiss\u00e9 de nombreux vestiges, notamment la vieille ville qui est en fait un ch\u00e2teau fort en haut d\u2019une falaise plongeant dans la mer. L&#8217;autre attrait de <span class=\"goog-spellcheck-word\">Ulcinj<\/span>, c\u2019est ses plages, la plus grande <span class=\"goog-spellcheck-word\">velika<\/span> plaza\u201d fait 13 km de long et s\u2019\u00e9tent jusqu\u2019\u00e0 l\u2019Albanie. Une promenade appel\u00e9e \u201cKorzo\u201d et longeant une plus petite plage \u201cMala plaza\u201d devient la nuit l\u2019un des lieux les plus anim\u00e9s de la c\u00f4te, avec la r\u00e9putation d\u2019attirer les plus belles femmes de la r\u00e9gion. C\u2019est dans cette ville que <span class=\"goog-spellcheck-word\">Miguel<\/span> de Servantes, auteur de Don <span class=\"goog-spellcheck-word\">Quichote<\/span>, a \u00e9t\u00e9 retenu en otage par les Ottomans et qu\u2019il aurait trouv\u00e9 l\u2019inspiration pour cr\u00e9er son personnage de Dulcin\u00e9e. \u201c<\/span><\/a><\/p>\n<p class=\"MsoNormal\" style=\"margin-bottom: 0.0001pt; line-height: normal;\"><a href=\"http:\/\/www.visit-ulcinj.com\/\" target=\"_blank\" rel=\"noopener\"><strong><span style=\"font-size: 10pt; font-family: 'Arial','sans-serif';\">Bienvenue<\/span><\/strong><\/a><\/p>\n<p class=\"MsoNormal\" style=\"margin-bottom: 0.0001pt; line-height: normal;\"><a href=\"http:\/\/www.visit-ulcinj.com\/\" target=\"_blank\" rel=\"noopener\"><span style=\"font-size: 10pt; font-family: 'Arial','sans-serif';\"><span class=\"goog-spellcheck-word\">Ulcinj<\/span> poss\u00e8de une des plus belles plages de sable fin de la C\u00f4te <span class=\"goog-spellcheck-word\">Adriatique<\/span>, elle est longue de 13 km et le soleil y brille 217 jours par an.<\/span><\/a><\/p>\n<p class=\"MsoNormal\" style=\"margin-bottom: 0.0001pt; line-height: normal;\"><a href=\"http:\/\/www.visit-ulcinj.com\/\" target=\"_blank\" rel=\"noopener\"><span style=\"font-size: 10pt; font-family: 'Arial','sans-serif';\">Vous cherchez un lieu de vacances agr\u00e9ables avec des vues magnifiques sur la mer et des belles plages : venezvisiter <span class=\"goog-spellcheck-word\">Ulcinj<\/span>.<\/span><\/a><\/p>\n<p class=\"MsoNormal\" style=\"margin-bottom: 0.0001pt; line-height: normal;\"><a href=\"http:\/\/www.visit-ulcinj.com\/\" target=\"_blank\" rel=\"noopener\"><strong><span style=\"font-size: 10pt; font-family: 'Arial','sans-serif';\">Bienvenue \u00e0 Maison de Vacances <\/span><\/strong><\/a><\/p>\n<p class=\"MsoNormal\" style=\"margin-bottom: 0.0001pt; line-height: normal;\"><a href=\"http:\/\/www.visit-ulcinj.com\/\" target=\"_blank\" rel=\"noopener\"><strong><span style=\"font-size: 10pt; font-family: 'Arial','sans-serif';\">Location de Chambres de Vacances<\/span><\/strong><\/a><\/p>\n<p class=\"MsoNormal\" style=\"margin-bottom: 0.0001pt; line-height: normal;\"><a href=\"http:\/\/www.visit-ulcinj.com\/\" target=\"_blank\" rel=\"noopener\"><span style=\"font-size: 10pt; font-family: 'Arial','sans-serif';\">Notre Maison et situ\u00e9 en face de la plage de sable fin d\u2019Ulcinj <span class=\"goog-spellcheck-word\">Bukuria<\/span> e <span class=\"goog-spellcheck-word\">Ulqinit<\/span>, Notre Maison est id\u00e9al pour les familles qui d\u00e9cident de passer leurs vacances au <span class=\"goog-spellcheck-word\">Mont\u00e9n\u00e9gro<\/span>. En effet, elles savoureront des journ\u00e9es de d\u00e9tente, au bord de la plage.<\/span><\/a><\/p>\n<p class=\"MsoNormal\" style=\"margin-bottom: 0.0001pt; line-height: normal;\"><a href=\"http:\/\/www.visit-ulcinj.com\/\" target=\"_blank\" rel=\"noopener\"><span style=\"font-size: 10pt; font-family: 'Arial','sans-serif';\">Notre Maison conjugue calme et repos, avec seschambres parfaitement \u00e9quip\u00e9es et compl\u00e9t\u00e9es par de nombreuses installations.<\/span><\/a><\/p>\n<p class=\"MsoNormal\" style=\"margin-bottom: 0.0001pt; line-height: normal;\"><a href=\"http:\/\/www.visit-ulcinj.com\/\" target=\"_blank\" rel=\"noopener\"><span style=\"font-size: 10pt; font-family: 'Arial','sans-serif';\">Les Chambres de Vacancesson dans une des parties les plus belles de la Grande Plage d\u2019Ulcinj. Venez pass\u00e9es des moments inoubliables \u00e0 la chambres de Vacances. Nous sommes situ\u00e9s \u00e0 quelques 700 m\u00e8tres de la plage.Nous avons de chambres avec cousine,<span class=\"goog-spellcheck-word\">WC<\/span> + Salles de Bains; certaines avec 2 lits et ou jusqu\u2019\u00e0 3 lits.Pour votre confort, toutes les chambres ont un \u00e9quipement moderne :Douche,<span class=\"goog-spellcheck-word\">WC<\/span>,Cousine, r\u00e9frig\u00e9rateur etc \u2026 <\/span><\/a><\/p>\n<p class=\"MsoNormal\" style=\"margin-bottom: 0.0001pt; line-height: normal;\"><a href=\"http:\/\/www.visit-ulcinj.com\/\" target=\"_blank\" rel=\"noopener\"><span style=\"font-size: 10pt; font-family: 'Arial','sans-serif';\">Les plages d\u2019Ulcinj ont la renomm\u00e9 mondiale telles que les plages \u201d <span class=\"goog-spellcheck-word\">Copacabana<\/span>, Safari, <span class=\"goog-spellcheck-word\">Tropicana<\/span> et <span class=\"goog-spellcheck-word\">Miami<\/span>.Le march\u00e9 vert est \u00e0 20 minutes de distance de marche, et les banques ou les bureaux de poste \u00e0 10 minutes de distance \u00e0 pied. Tous les clients de notre maison peuvent utiliser le parking en face de la maison ainsi que les terrasses sur deux niveaux.<\/span><\/a><\/p>\n<p class=\"MsoNormal\" style=\"margin-bottom: 0.0001pt; line-height: normal;\"><a href=\"http:\/\/www.visit-ulcinj.com\/\" target=\"_blank\" rel=\"noopener\"><strong><span style=\"font-size: 10pt; font-family: 'Arial','sans-serif';\">Possibilit\u00e9 d\u2019organiser des excursions.<\/span><\/strong><\/a><\/p>\n<p><a href=\"http:\/\/www.visit-ulcinj.com\/\" target=\"_blank\" rel=\"noopener\"><span style=\"color: #ff0000;\"><strong>Les h\u00f4tes parlent Albanais, Fran\u00e7ais, <span class=\"goog-spellcheck-word\">Mont\u00e9n\u00e9grin<\/span>, l\u2019Allemand et un peu trop l\u2019Anglais. <\/strong><\/span><\/a><\/p>\n<p><strong><a href=\"http:\/\/www.visit-ulcinj.com\/\" target=\"_blank\" rel=\"noopener\">R\u00e9servations et contacts sur t\u00e9l\u00e9phone:<\/a><br \/>\n<\/strong><\/p>\n<p><strong>Une r\u00e9duction est EXCLUSIVEMENT disponible pendant les mois de juin et de septembre<br \/>\n<\/strong><\/p>\n<p><strong>LINK: <a href=\"www.visit-ulcinj.com\" target=\"_blank\" rel=\"noopener\">www.visit-ulcinj.com<\/a><\/strong><\/p>\n\n\t\t<style type=\"text\/css\">\n\t\t\t#gallery-1 {\n\t\t\t\tmargin: auto;\n\t\t\t}\n\t\t\t#gallery-1 .gallery-item {\n\t\t\t\tfloat: left;\n\t\t\t\tmargin-top: 10px;\n\t\t\t\ttext-align: center;\n\t\t\t\twidth: 33%;\n\t\t\t}\n\t\t\t#gallery-1 img {\n\t\t\t\tborder: 2px solid #cfcfcf;\n\t\t\t}\n\t\t\t#gallery-1 .gallery-caption {\n\t\t\t\tmargin-left: 0;\n\t\t\t}\n\t\t\t\/* see gallery_shortcode() in wp-includes\/media.php *\/\n\t\t<\/style>\n\t\t<div id='gallery-1' class='gallery galleryid-16959 gallery-columns-3 gallery-size-thumbnail'><dl class='gallery-item'>\n\t\t\t<dt class='gallery-icon landscape'>\n\t\t\t\t<a href='https:\/\/www.visit-ulcinj.com\/blog\/2009\/04\/08\/a-ulcinj-montenegro-des-vacances-a-partir-de-8e-par-jour\/montenegro-maps-2\/'><img width=\"150\" height=\"150\" src=\"https:\/\/www.visit-ulcinj.com\/blog\/wp-content\/uploads\/2009\/04\/montenegro-maps-150x150.jpg\" class=\"attachment-thumbnail size-thumbnail\" alt=\"\" loading=\"lazy\" \/><\/a>\n\t\t\t<\/dt><\/dl><dl class='gallery-item'>\n\t\t\t<dt class='gallery-icon landscape'>\n\t\t\t\t<a href='https:\/\/www.visit-ulcinj.com\/blog\/2009\/04\/08\/a-ulcinj-montenegro-des-vacances-a-partir-de-8e-par-jour\/la-grande-plage-de-ulcinj_montenegro\/'><img width=\"150\" height=\"150\" src=\"https:\/\/www.visit-ulcinj.com\/blog\/wp-content\/uploads\/2009\/04\/la-grande-plage-de-ulcinj_montenegro-150x150.jpg\" class=\"attachment-thumbnail size-thumbnail\" alt=\"\" loading=\"lazy\" \/><\/a>\n\t\t\t<\/dt><\/dl><dl class='gallery-item'>\n\t\t\t<dt class='gallery-icon landscape'>\n\t\t\t\t<a href='https:\/\/www.visit-ulcinj.com\/blog\/2009\/04\/08\/a-ulcinj-montenegro-des-vacances-a-partir-de-8e-par-jour\/la-grande-plage-de-ulcinj_montenegro1\/'><img width=\"150\" height=\"150\" src=\"https:\/\/www.visit-ulcinj.com\/blog\/wp-content\/uploads\/2009\/04\/la-grande-plage-de-ulcinj_montenegro1-150x150.jpg\" class=\"attachment-thumbnail size-thumbnail\" alt=\"\" loading=\"lazy\" \/><\/a>\n\t\t\t<\/dt><\/dl><br style=\"clear: both\" \/><dl class='gallery-item'>\n\t\t\t<dt class='gallery-icon landscape'>\n\t\t\t\t<a href='https:\/\/www.visit-ulcinj.com\/blog\/2009\/04\/08\/a-ulcinj-montenegro-des-vacances-a-partir-de-8e-par-jour\/la-grande-plage-de-ulcinj_montenegro2\/'><img width=\"150\" height=\"150\" src=\"https:\/\/www.visit-ulcinj.com\/blog\/wp-content\/uploads\/2009\/04\/la-grande-plage-de-ulcinj_montenegro2-150x150.jpg\" class=\"attachment-thumbnail size-thumbnail\" alt=\"\" loading=\"lazy\" \/><\/a>\n\t\t\t<\/dt><\/dl><dl class='gallery-item'>\n\t\t\t<dt class='gallery-icon landscape'>\n\t\t\t\t<a href='https:\/\/www.visit-ulcinj.com\/blog\/2009\/04\/08\/a-ulcinj-montenegro-des-vacances-a-partir-de-8e-par-jour\/la-grande-plage-de-ulcinj_montenegro3\/'><img width=\"150\" height=\"150\" src=\"https:\/\/www.visit-ulcinj.com\/blog\/wp-content\/uploads\/2009\/04\/la-grande-plage-de-ulcinj_montenegro3-150x150.jpg\" class=\"attachment-thumbnail size-thumbnail\" alt=\"\" loading=\"lazy\" \/><\/a>\n\t\t\t<\/dt><\/dl><dl class='gallery-item'>\n\t\t\t<dt class='gallery-icon landscape'>\n\t\t\t\t<a href='https:\/\/www.visit-ulcinj.com\/blog\/2009\/04\/08\/a-ulcinj-montenegro-des-vacances-a-partir-de-8e-par-jour\/la-grande-plage-de-ulcinj_montenegro4\/'><img width=\"150\" height=\"150\" src=\"https:\/\/www.visit-ulcinj.com\/blog\/wp-content\/uploads\/2009\/04\/la-grande-plage-de-ulcinj_montenegro4-150x150.jpg\" class=\"attachment-thumbnail size-thumbnail\" alt=\"\" loading=\"lazy\" \/><\/a>\n\t\t\t<\/dt><\/dl><br style=\"clear: both\" \/><dl class='gallery-item'>\n\t\t\t<dt class='gallery-icon landscape'>\n\t\t\t\t<a href='https:\/\/www.visit-ulcinj.com\/blog\/2009\/04\/08\/a-ulcinj-montenegro-des-vacances-a-partir-de-8e-par-jour\/ville-de-ulcinj_montenegro\/'><img width=\"150\" height=\"150\" src=\"https:\/\/www.visit-ulcinj.com\/blog\/wp-content\/uploads\/2009\/04\/ville-de-ulcinj_montenegro-150x150.jpg\" class=\"attachment-thumbnail size-thumbnail\" alt=\"\" loading=\"lazy\" \/><\/a>\n\t\t\t<\/dt><\/dl><dl class='gallery-item'>\n\t\t\t<dt class='gallery-icon landscape'>\n\t\t\t\t<a href='https:\/\/www.visit-ulcinj.com\/blog\/2009\/04\/08\/a-ulcinj-montenegro-des-vacances-a-partir-de-8e-par-jour\/la-grande-plage-_safari_-ulcinj_montenegro\/'><img width=\"150\" height=\"150\" src=\"https:\/\/www.visit-ulcinj.com\/blog\/wp-content\/uploads\/2009\/04\/la-grande-plage-_safari_-ulcinj_montenegro-150x150.jpg\" class=\"attachment-thumbnail size-thumbnail\" alt=\"\" loading=\"lazy\" \/><\/a>\n\t\t\t<\/dt><\/dl><dl class='gallery-item'>\n\t\t\t<dt class='gallery-icon landscape'>\n\t\t\t\t<a href='https:\/\/www.visit-ulcinj.com\/blog\/2009\/04\/08\/a-ulcinj-montenegro-des-vacances-a-partir-de-8e-par-jour\/la-grande-plage-_safari_-ulcinj_montenegro2\/'><img width=\"150\" height=\"150\" src=\"https:\/\/www.visit-ulcinj.com\/blog\/wp-content\/uploads\/2009\/04\/la-grande-plage-_safari_-ulcinj_montenegro2-150x150.jpg\" class=\"attachment-thumbnail size-thumbnail\" alt=\"\" loading=\"lazy\" \/><\/a>\n\t\t\t<\/dt><\/dl><br style=\"clear: both\" \/><dl class='gallery-item'>\n\t\t\t<dt class='gallery-icon landscape'>\n\t\t\t\t<a href='https:\/\/www.visit-ulcinj.com\/blog\/2009\/04\/08\/a-ulcinj-montenegro-des-vacances-a-partir-de-8e-par-jour\/la-grande-plage-_safari_-ulcinj_montenegro3\/'><img width=\"150\" height=\"150\" src=\"https:\/\/www.visit-ulcinj.com\/blog\/wp-content\/uploads\/2009\/04\/la-grande-plage-_safari_-ulcinj_montenegro3-150x150.jpg\" class=\"attachment-thumbnail size-thumbnail\" alt=\"\" loading=\"lazy\" \/><\/a>\n\t\t\t<\/dt><\/dl><dl class='gallery-item'>\n\t\t\t<dt class='gallery-icon landscape'>\n\t\t\t\t<a href='https:\/\/www.visit-ulcinj.com\/blog\/2009\/04\/08\/a-ulcinj-montenegro-des-vacances-a-partir-de-8e-par-jour\/la-grande-plage-_safari_-ulcinj_montenegro4\/'><img width=\"150\" height=\"150\" src=\"https:\/\/www.visit-ulcinj.com\/blog\/wp-content\/uploads\/2009\/04\/la-grande-plage-_safari_-ulcinj_montenegro4-150x150.jpg\" class=\"attachment-thumbnail size-thumbnail\" alt=\"\" loading=\"lazy\" \/><\/a>\n\t\t\t<\/dt><\/dl><dl class='gallery-item'>\n\t\t\t<dt class='gallery-icon landscape'>\n\t\t\t\t<a href='https:\/\/www.visit-ulcinj.com\/blog\/2009\/04\/08\/a-ulcinj-montenegro-des-vacances-a-partir-de-8e-par-jour\/la-grande-plage-_safari_-ulcinj_montenegro5\/'><img width=\"150\" height=\"150\" src=\"https:\/\/www.visit-ulcinj.com\/blog\/wp-content\/uploads\/2009\/04\/la-grande-plage-_safari_-ulcinj_montenegro5-150x150.jpg\" class=\"attachment-thumbnail size-thumbnail\" alt=\"\" loading=\"lazy\" \/><\/a>\n\t\t\t<\/dt><\/dl><br style=\"clear: both\" \/><dl class='gallery-item'>\n\t\t\t<dt class='gallery-icon landscape'>\n\t\t\t\t<a href='https:\/\/www.visit-ulcinj.com\/blog\/2009\/04\/08\/a-ulcinj-montenegro-des-vacances-a-partir-de-8e-par-jour\/la-grande-plage-_safari_-ulcinj_montenegro6\/'><img width=\"150\" height=\"150\" src=\"https:\/\/www.visit-ulcinj.com\/blog\/wp-content\/uploads\/2009\/04\/la-grande-plage-_safari_-ulcinj_montenegro6-150x150.jpg\" class=\"attachment-thumbnail size-thumbnail\" alt=\"\" loading=\"lazy\" \/><\/a>\n\t\t\t<\/dt><\/dl><dl class='gallery-item'>\n\t\t\t<dt class='gallery-icon landscape'>\n\t\t\t\t<a href='https:\/\/www.visit-ulcinj.com\/blog\/2009\/04\/08\/a-ulcinj-montenegro-des-vacances-a-partir-de-8e-par-jour\/la-grande-plage-_safari_-ulcinj_montenegro7\/'><img width=\"150\" height=\"150\" src=\"https:\/\/www.visit-ulcinj.com\/blog\/wp-content\/uploads\/2009\/04\/la-grande-plage-_safari_-ulcinj_montenegro7-150x150.jpg\" class=\"attachment-thumbnail size-thumbnail\" alt=\"\" loading=\"lazy\" \/><\/a>\n\t\t\t<\/dt><\/dl><dl class='gallery-item'>\n\t\t\t<dt class='gallery-icon landscape'>\n\t\t\t\t<a href='https:\/\/www.visit-ulcinj.com\/blog\/2009\/04\/08\/a-ulcinj-montenegro-des-vacances-a-partir-de-8e-par-jour\/hebergement-prive-a-ulcinj_montennegro11\/'><img width=\"150\" height=\"150\" src=\"https:\/\/www.visit-ulcinj.com\/blog\/wp-content\/uploads\/2009\/04\/hebergement-prive-a-ulcinj_montennegro11-150x150.jpg\" class=\"attachment-thumbnail size-thumbnail\" alt=\"\" loading=\"lazy\" \/><\/a>\n\t\t\t<\/dt><\/dl><br style=\"clear: both\" \/><dl class='gallery-item'>\n\t\t\t<dt class='gallery-icon landscape'>\n\t\t\t\t<a href='https:\/\/www.visit-ulcinj.com\/blog\/2009\/04\/08\/a-ulcinj-montenegro-des-vacances-a-partir-de-8e-par-jour\/hebergement-prive-a-ulcinj_montennegro21\/'><img width=\"150\" height=\"150\" src=\"https:\/\/www.visit-ulcinj.com\/blog\/wp-content\/uploads\/2009\/04\/hebergement-prive-a-ulcinj_montennegro21-150x150.jpg\" class=\"attachment-thumbnail size-thumbnail\" alt=\"\" loading=\"lazy\" \/><\/a>\n\t\t\t<\/dt><\/dl><dl class='gallery-item'>\n\t\t\t<dt class='gallery-icon portrait'>\n\t\t\t\t<a href='https:\/\/www.visit-ulcinj.com\/blog\/2009\/04\/08\/a-ulcinj-montenegro-des-vacances-a-partir-de-8e-par-jour\/hebergement-prive-a-ulcinj_montennegro31\/'><img width=\"150\" height=\"150\" src=\"https:\/\/www.visit-ulcinj.com\/blog\/wp-content\/uploads\/2009\/04\/hebergement-prive-a-ulcinj_montennegro31-150x150.jpg\" class=\"attachment-thumbnail size-thumbnail\" alt=\"\" loading=\"lazy\" \/><\/a>\n\t\t\t<\/dt><\/dl><dl class='gallery-item'>\n\t\t\t<dt class='gallery-icon landscape'>\n\t\t\t\t<a href='https:\/\/www.visit-ulcinj.com\/blog\/2009\/04\/08\/a-ulcinj-montenegro-des-vacances-a-partir-de-8e-par-jour\/hebergement-prive-a-ulcinj_montennegro41\/'><img width=\"150\" height=\"150\" src=\"https:\/\/www.visit-ulcinj.com\/blog\/wp-content\/uploads\/2009\/04\/hebergement-prive-a-ulcinj_montennegro41-150x150.jpg\" class=\"attachment-thumbnail size-thumbnail\" alt=\"\" loading=\"lazy\" \/><\/a>\n\t\t\t<\/dt><\/dl><br style=\"clear: both\" \/><dl class='gallery-item'>\n\t\t\t<dt class='gallery-icon portrait'>\n\t\t\t\t<a href='https:\/\/www.visit-ulcinj.com\/blog\/2009\/04\/08\/a-ulcinj-montenegro-des-vacances-a-partir-de-8e-par-jour\/hebergement-prive-a-ulcinj_montennegro51\/'><img width=\"150\" height=\"150\" src=\"https:\/\/www.visit-ulcinj.com\/blog\/wp-content\/uploads\/2009\/04\/hebergement-prive-a-ulcinj_montennegro51-150x150.jpg\" class=\"attachment-thumbnail size-thumbnail\" alt=\"\" loading=\"lazy\" \/><\/a>\n\t\t\t<\/dt><\/dl><dl class='gallery-item'>\n\t\t\t<dt class='gallery-icon portrait'>\n\t\t\t\t<a href='https:\/\/www.visit-ulcinj.com\/blog\/2009\/04\/08\/a-ulcinj-montenegro-des-vacances-a-partir-de-8e-par-jour\/hebergement-prive-a-ulcinj_montennegro61\/'><img width=\"150\" height=\"150\" src=\"https:\/\/www.visit-ulcinj.com\/blog\/wp-content\/uploads\/2009\/04\/hebergement-prive-a-ulcinj_montennegro61-150x150.jpg\" class=\"attachment-thumbnail size-thumbnail\" alt=\"\" loading=\"lazy\" \/><\/a>\n\t\t\t<\/dt><\/dl><dl class='gallery-item'>\n\t\t\t<dt class='gallery-icon landscape'>\n\t\t\t\t<a href='https:\/\/www.visit-ulcinj.com\/blog\/2009\/04\/08\/a-ulcinj-montenegro-des-vacances-a-partir-de-8e-par-jour\/hebergement-prive-a-ulcinj_montennegro7\/'><img width=\"150\" height=\"150\" src=\"https:\/\/www.visit-ulcinj.com\/blog\/wp-content\/uploads\/2009\/04\/hebergement-prive-a-ulcinj_montennegro7-150x150.jpg\" class=\"attachment-thumbnail size-thumbnail\" alt=\"\" loading=\"lazy\" \/><\/a>\n\t\t\t<\/dt><\/dl><br style=\"clear: both\" \/>\n\t\t<\/div>\n\n<p>[flv width=&#8221;490&#8243; height=&#8221;400&#8243;]http:\/\/video.zoover.nl\/media\/play\/2010\/01\/20100125130811_025.flv[\/flv]<\/p>\n<p>Non loin de la fronti\u00e8re albanaise, la station baln\u00e9aire d&#8217;Ulcinj, la plus connue du Sud du pays, est aussi la plus marqu\u00e9e de la c\u00f4te par la culture orientale, la r\u00e9gion \u00e9tant rest\u00e9 sous influence ottomane plus de trois si\u00e8cles. Dot\u00e9e d&#8217;une belle plage long\u00e9e d&#8217;une promenade o\u00f9 bars et restaurants accueillent une client\u00e8le de touristes majoritairement venus d&#8217;Europe de l&#8217;Est, la ville poss\u00e8de aussi une partie ancienne surplombant la mer. Cette derni\u00e8re, nomm\u00e9e la vieille ville a \u00e9t\u00e9 enti\u00e8rement restaur\u00e9e dans le respect de l&#8217;architecture locale. Entour\u00e9e de remparts, elle offre une promenade agr\u00e9able dans un labyrinthe de ruelles pav\u00e9es au milieu de vieilles b\u00e2tisses en pierres.<\/p>\n<p><strong>Histoire de Ulcinj<\/strong><\/p>\n<p>Selon les donn\u00e9es historiques d\u2019Ulcinj c\u2019est assur\u00e9ment l&#8217;une des plus anciennes villes de la c\u00f4te Adriatique. On pense qu\u2019Ulcinj aurait plus que 2.000 ans. Dans ce domaine et depuis des si\u00e8cles, les cultures de l&#8217;Orient et de l&#8217;Occident se sont heurt\u00e9es. Et la richesse de l&#8217;h\u00e9ritage historique, peut \u00eatre ressentie \u00e0 chaque p\u00e9riode. Il est reconnu qu\u2019Ulcinj a \u00e9t\u00e9 fond\u00e9e par les Illyriens, des personnes d&#8217;origine indo-europ\u00e9enne. \u00c0 l&#8217;heure de l&#8217;\u00e9tat libre d&#8217;Illyrien, Ulcinj \u00e9prouve sa plus grande fleur. Le nom original d&#8217;Ulcinj \u00e9tait Kolhinijum, et il a obtenu un tel nom par Kolhidians (une tribu d&#8217;origine grecque) pour lequel est pens\u00e9 qu&#8217;ils sont les fondateurs du vieux lac Ulcinj.<\/p>\n<p>Avant l&#8217;ann\u00e9e 162 av. J.-C. Ulcinj est gouvern\u00e9 par une tribu illyrienne Olcinijantas, qui, au II si\u00e8cle av. J.-C., a \u00e9t\u00e9 conquise par les Romains .Ainsi l&#8217;ancienne Colchinijum devient Olcinijum. \u00c0 l&#8217;\u00e9poque de l&#8217;Empire romain Ulcinj re\u00e7oit un statut de ville avec des privil\u00e8ges sp\u00e9ciaux (Opida civijum romanorum), afin de devenir plus tard une ville dot\u00e9e d&#8217;un statut ind\u00e9pendant temporaire \u2013 un municipe. Apr\u00e8s la division de l&#8217;Empire romain Ulcinj appartenait \u00e0 la province de Pr\u00e9valitane, qui fait partie de l&#8217;Empire d&#8217;Orient.<\/p>\n<p><strong>Un extraordinaire emplacement g\u00e9ographique&#8230;<\/strong><\/p>\n<p>En raison d&#8217;un extraordinaire emplacement g\u00e9ographique, un climat doux et r\u00e9parateur, Ulcinj a \u00e9t\u00e9 pendant des si\u00e8cles une cible pour les conqu\u00e9rants. Cette ville du Mont\u00e9n\u00e9gro \u00e0 l&#8217;extr\u00eame sud \u00e9tait souvent ruin\u00e9e au passage des guerres. L\u2019empereur de Byzance Justinijan, a renouvel\u00e9 et a reconstruit Ulcinj, tandis que Nemanja, les Balsides, les V\u00e9nitiens et les Turcs ont \u00e9largi la ville avec de nouveaux b\u00e2timents.<\/p>\n<p>En l&#8217;an 1183 Ulcinj a \u00e9t\u00e9 repris par le grand recteur serbe Stefan Nemanja, et dans cette p\u00e9riode Ulcinj devient l&#8217;une des plus importantes villes c\u00f4ti\u00e8res. Ainsi que dans l&#8217;\u00e8re des dirigeants Dol\u00e9e (depuis le si\u00e8cle IX et de), Ulcinj est une ville c\u00f4ti\u00e8re distingu\u00e9e avec des citoyens slaves, Albanais et Romains.<\/p>\n<p>Ulcinj n&#8217;\u00e9tait pas une capitale permanente des dirigeants ni des codirigeants de Zeta et de la c\u00f4te, mais les potentats de Zeta et de la c\u00f4te avaient leurs r\u00e9sidences dans cette ville.<\/p>\n<p>Surtout dans la p\u00e9riode du r\u00e8gne de Diocl\u00e9e et l&#8217;\u00e9tat de Nemanjic, Ulcinj acquiert un caract\u00e8re m\u00e9di\u00e9val. \u00c0 cette \u00e9poque Ulcinj \u00e9tait un centre naval avec l&#8217;autonomie d\u2019une ville \u00e0 l&#8217;int\u00e9rieur de l&#8217;\u00e9tat de Raska et avec un commerce important. La signification politique d\u2019Ulcinj a \u00e9t\u00e9 tr\u00e8s claire \u00e0 l\u2019\u00e9poque des Balsides, surtout \u00e0 l&#8217;\u00e9poque de Djuradj Stratzimirovic Balsic (1385 \u2013 1403).<\/p>\n<p>A la fin du XIII\u00c8ME si\u00e8cle, les Mongols ont men\u00e9 un si\u00e8ge infructueux contre la ville. Apr\u00e8s cet \u00e9chec ils ont ruin\u00e9 la ville de Svac (pr\u00e8s de Ulcinj \u2013 aujourd&#8217;hui une ville morte) et assassin\u00e9 tous ses citoyens.<\/p>\n<p>Apr\u00e8s la chute de l&#8217;\u00e9tat de Zeta en 1405, Ulcinj est pris en charge par les V\u00e9nitiens qui y r\u00e8gnent depuis 150 ans. Ulcinj \u00e9tait sous le r\u00e8gne des Turcs jusqu&#8217;en 1571, quand elle tombe d\u00e9finitivement dans les mains turques.<\/p>\n<p><strong>le r\u00e8gne de la R\u00e9publique v\u00e9nitienne<\/strong><\/p>\n<p>Pendant le r\u00e8gne de la R\u00e9publique v\u00e9nitienne Ulcinj avait une fortification probante, une importance strat\u00e9gique, navale, \u00e9conomique et politique. Si bien que les conqu\u00e9rants turcs ont continu\u00e9 d&#8217;\u00e9laborer des objectifs strat\u00e9giques. Encore, l&#8217;\u00e9poque du r\u00e8gne sur la ville turque, Ulcinj gagne un look compl\u00e8tement Oriental. Regardent des mosqu\u00e9es, des bains turcs, fontaines, \u00e0 boire \u2013 tours, les auberges et les chambres fun\u00e9raires sont construits. Tout dans les villes s&#8217;ajuste aux nouveaux ma\u00eetres. Ulcinj \u00e9tait aussi c\u00e9l\u00e8bre comme un lieu d&#8217;une tradition navale et marchand longue et riche. Dans cette ville de voile a atteint son ascension haut en XVII, XVIII et au cours du XIXe si\u00e8cle. Le commerce naval de gens d\u2019Ulcinj avec leurs propres bateaux ont eu lieu dans les plus grands ports et des centres commerciaux de la c\u00f4te Adriatique, Levant et la M\u00e9diterran\u00e9e. L&#8217;\u00e9poque du r\u00e8gne turc (1571 \u2013 1880) Ulcinj avec sa flotte de commerce est devenu le principal pilier de l&#8217;Empire de Otoman sur la M\u00e9diterran\u00e9e. Navigateurs braves et habiles d\u2019Ulcinj ont mal reconnu le r\u00e8gne de l&#8217;\u00e9tat des Turcs. Jusqu&#8217;\u00e0 la proclamation de Mehmed Busatlija pour le Grand vizir de Skadar, Ulcinj est comme une petite R\u00e9publique. Il est \u00e9crit que le Grand vizir de Skadar dans la tromperie, \u00e0 emp\u00eacher le piratage, qui \u00e0 cette \u00e9poque a augment\u00e9 de plus en plus, dans le port Valdanos a coul\u00e9 doublures forme Ulcinj, apr\u00e8s quoi les gens de Ulcinj reconnaissant officiellement le r\u00e8gne turque. L&#8217;\u00e9poque du r\u00e8gne du Mont\u00e9n\u00e9gro (1880 \u2013 1918) \u00e0 Ulcinj, 107 voile de vanter l&#8217;ont \u00e9t\u00e9 enregistr\u00e9s. Gens d\u2019Ulcinj ont \u00e9t\u00e9 habiles navigateurs et bon navire wrighters.<\/p>\n<p>Dans le XVIIE si\u00e8cle, que la flotte d\u2019Ulcinj avait 500 \u2013 ma\u00eetres deux navires, qui a travers\u00e9 la mer M\u00e9diterran\u00e9e. Nombreuses guerres ont en p\u00e9ril le d\u00e9veloppement de la flotte d\u2019Ulcinj. Ulcinj \u00e9tait connue par 400 pirates de Malte, Tunis et l&#8217;Alg\u00e9rie qui ont habit\u00e9 Ulcinj apr\u00e8s la guerre de Kanidian (1669), donc Ulcinj s&#8217;est transform\u00e9e en un nid de pirate dangereux, qui est rest\u00e9 une caract\u00e9ristique de la ville au cours du XVII et XVIII si\u00e8cle ainsi le XIVE si\u00e8cle.<\/p>\n<p>Apr\u00e8s pr\u00e8s de 300 ans, au d\u00e9but de la 1878 Ulcinj est lib\u00e9r\u00e9e par les Turcs, et apr\u00e8s la d\u00e9cision du Congr\u00e8s de Berlin sur le 10 novembre, 1880, Ulcinj est annex\u00e9e \u00e0 la Principaut\u00e9 du Mont\u00e9n\u00e9gro. La premi\u00e8re guerre mondiale Ulcinj attendu comme une ville partie int\u00e9grante de l&#8217;ancienne principaut\u00e9 de mont\u00e9n\u00e9grin. M\u00eame si le roi et le Prince du Mont\u00e9n\u00e9gro, Nikola I Petrovic Njegos, au d\u00e9but du XXe si\u00e8cle, s&#8217;installe une partie de la citoyennet\u00e9 chr\u00e9tienne, en Ulcinj la citoyennet\u00e9 islamique, qui a \u00e9t\u00e9 fid\u00e8le \u00e0 la Principaut\u00e9 du Mont\u00e9n\u00e9gro, a toujours pr\u00e9valu.<\/p>\n<p>Comme dans beaucoup d&#8217;autres villes de la c\u00f4te mont\u00e9n\u00e9grine en Ulcinj trop le tourbillon de la seconde guerre mondiale a \u00e9t\u00e9 ressenti. Au cours de l&#8217;ann\u00e9e 1941 les troupes allemandes et italiennes conquirent le Mont\u00e9n\u00e9gro ensemble et resta \u00e0 elle jusqu&#8217;\u00e0 l&#8217;\u00e9crasement du nazisme \u00e0 la fin de 1944, quand les troupes partisanes lib\u00e9r\u00e8rent la plus grande ville du Sud sur la c\u00f4te de mont\u00e9n\u00e9grin \u2013 Ulcinj.<\/p>\n<p><strong>Un riche patrimoine culturel et historique<\/strong><\/p>\n<p>\u00c0 c\u00f4t\u00e9 de son riche patrimoine culturel et historique, cette ville antique est c\u00e9l\u00e8bre pour sa structure multiethnique et multinationale des citoyens qui, \u00e0 travers l&#8217;histoire, \u00e9tait unie et a r\u00e9sist\u00e9 au conqu\u00e9rant, surtout pendant la seconde guerre mondiale. Sur ceux qui, pour les jours tr\u00e8s importants de l&#8217;historiques Ulcinj, rappeler aux nombreuses plaques comm\u00e9moratives et des bustes partout en ville.<\/p>\n<p>Apr\u00e8s la seconde guerre mondiale, le renouvellement de toutes les villes sur la c\u00f4te mont\u00e9n\u00e9grine ainsi que Ulcinj a commenc\u00e9. Le grand potentiel touristique qui Ulcinj avec l&#8217;entourage a encore aujourd&#8217;hui, a \u00e9t\u00e9 et reste une grande chance pour un d\u00e9veloppement r\u00e9ussi de la branche \u00e9conomique plus important au Mont\u00e9n\u00e9gro \u2013 tourisme&#8230;<\/p>\n<p>Aujourd&#8217;hui, Ulcinj est une c\u00e9l\u00e8bre ville multiethnique et touristiques dans le sud du Mont\u00e9n\u00e9gro, qui, d&#8217;ann\u00e9e en ann\u00e9e, marque une plus grande et plus grand nombre de touristes nationaux et \u00e9trangers.<\/p>\n<p><strong>La l\u00e9gende de Ulcinj<\/strong><br \/>\nComme de nombreux autres \u00c9tats, les lieux ou les villes sont reconnaissables pour ses \u00e9v\u00e9nements historiques, les personnes c\u00e9l\u00e8bres, les contes de f\u00e9es ou les histoires, Ulcinj et des gens de Ulcinj sont c\u00e9l\u00e8bres pour diverses et surtout de ceux qui piratent.<br \/>\n\u00c0 travers l&#8217;histoire, Ulcinj a \u00e9t\u00e9 pendant des si\u00e8cles un nid de pirate. La ville \u00e0 partir du XIV si\u00e8cle a commenc\u00e9 \u00e0 \u00eatre habit\u00e9e par les pirates de Malte, Tunis et l&#8217;Alg\u00e9rie. La partie c\u00f4ti\u00e8re, de la Ulcinj pr\u00e9sent \u00e0 Kotor, \u00e9tait le nid de pirate. Les pirates, surtout au cours du XVII et XVIII si\u00e8cle, ont repr\u00e9sent\u00e9 peur sur la mer. Bandes de pirates sont devenus si puissants qu&#8217;ils ont attaqu\u00e9 des diff\u00e9rents navires commerciaux qui a navigu\u00e9 sous diff\u00e9rentes enseignes ; ils ont vol\u00e9 leur et rapidement navigu\u00e9 dans leurs pavois, ils ont fait le long de la c\u00f4te Ulcinj.<\/p>\n<p>Les plus grands dommages des attaques dangereuses des commandants de pirate parmi lesquels le plus c\u00e9l\u00e8bre les fr\u00e8res Karamindzoja, Lika Ceni, Ali hodza et autres, a subi la flotte v\u00e9nitienne.<\/p>\n<p>\u00c0 c\u00f4t\u00e9 des invasions et vols sur les navires marchands, les pirates d\u2019Ulcinj ont \u00e9t\u00e9 c\u00e9l\u00e8bres par le commerce des esclaves noirs. En raison de ce fait, un grand nombre d&#8217;habitants d\u2019Ulcinj \u00e9tait noirs venant de diff\u00e9rents pays africains. Chez les personnes \u00e2g\u00e9es de Ulcinj, m\u00eame aujourd&#8217;hui, il est mentionn\u00e9 comment jusqu&#8217;en 1878 dans 100 Ulcinj noirs ont v\u00e9cu, ainsi que le fait que parmi les esclaves dans les donjons un \u00e9crivain c\u00e9l\u00e8bre Servantes attach\u00e9es, dont un des carr\u00e9s Ulcinj est nomm\u00e9 esclave carr\u00e9. Pourtant, le plus c\u00e9l\u00e8bre et l&#8217;histoire de moeurs plus volontiers chez les gens de Ulcinj m\u00eame aujourd&#8217;hui est la l\u00e9gende du c\u00e9l\u00e8bre pirate Liko Cena.<br \/>\nLiko Cena un homme d\u2019Ulcinj \u00e9tait le plus c\u00e9l\u00e8bre chef de pirate. Tous les jours avec son arm\u00e9e de pirate, il attaqua diff\u00e9rents navires marchands et parfois m\u00eame les flottes enti\u00e8res. Une fois Liko Cena avec sa compagnie a coul\u00e9 un navire sur lequel il y avait les p\u00e8lerins qui se rend \u00e0 un p\u00e8lerinage \u00e0 la Mecque. C&#8217;est un \u00e9v\u00e9nement tr\u00e8s tragique qui a fait \u00e9cho m\u00eame pass\u00e9 Ulcinj. \u00c0 savoir, lorsque le sultan turc entendu parler de l&#8217;accident grand, il a ordonn\u00e9 que Liko Cena doit \u00eatre trouv\u00e9 et emprisonn\u00e9. Sultan aussi proclam\u00e9 qu&#8217;il richement accorderais celui qui intercepte ou tue Liko Cena. Mais, exactement puis sur la mer est apparu un autre, \u00e9galement tr\u00e8s dangereux pirate \u2013 Lambro ou Aralampija comme il en \u00e9tait autrement appel\u00e9. \u00c0 l&#8217;origine de la Gr\u00e8ce, Lambro connaissait la mer tr\u00e8s bien, et il \u00e9tait cens\u00e9 \u00eatre un pirate habile. Tr\u00e8s dangereux et intr\u00e9pide, Lambro est rapidement devenu un v\u00e9ritable \u00ab monstre marin &#8216; pour de nombreux navires commerciaux et des flottes navales. L&#8217;actualit\u00e9 de ses m\u00e9faits du Lambro obtenu rapidement au sultan turc. Comme les dommages-int\u00e9r\u00eats compagnie du qui Lambro commis \u00e9tait immense et sultan bient\u00f4t proclam\u00e9 qu&#8217;il donnera une riche r\u00e9compense \u00e0 celui qui intercepte ou tue Lambro.<br \/>\nCependant, le temps passait et le sultan pouvait trouver Lambro. La seule chose qui, \u00e0 ce moment, a \u00e9t\u00e9 laiss\u00e9e \u00e0 lui faire \u00e9tait d&#8217;envoyer un message \u00e0 Liko Cena dans lequel il dit qu&#8217;il me permet lui tout ce que s&#8217;il parvient \u00e0 d\u00e9truire Lambro.<br \/>\nSultan bient\u00f4t l&#8217;a fait, et Liko Cena avec plaisir a accept\u00e9 l&#8217;appel, se lie au-devant du sultan qu&#8217;il va \u00ab soit attraper Lambro ou die \u00bb.<\/p>\n<p>Apr\u00e8s un certain temps, il vient un duel dans laquelle Liko Cena parvient \u00e0 tuer Lambro. La faveur qu&#8217;il a accompli et pour la loyaut\u00e9, sultan turc pi\u00e8ces de rechange de la vie de Liko Cena, en lui donnant le titre de capitaine. Des hommes c\u00e9l\u00e8bres de Ulcinj, descendants de Liko Cena, ont \u00e9galement \u00e9taient distingu\u00e9s capitaines. La l\u00e9gende de Liko Cena, parmi les personnes est deviendras m\u00eame mentionn\u00e9 comme suis \u00e9v\u00e9nement inhabituel, pour les gens de Ulcinj de g\u00e9n\u00e9ration en g\u00e9n\u00e9ration racontent l&#8217;histoire de la fa\u00e7on dont le plus c\u00e9l\u00e8bre bandit de Ulcinj gr\u00e2ce \u00e0 la destin\u00e9e est devenu un capitaine.<\/p>\n<p><strong>Culture de Ulcinj<\/strong><\/p>\n<p>Ulcinj est l&#8217;une des plus anciennes villes sur la c\u00f4te Adriatique qui, depuis 25 ans, a \u00e9t\u00e9 r\u00e9sist\u00e9 aux ravages du temps. Au fil des si\u00e8cles de la vari\u00e9t\u00e9 stock\u00e9e des cultures et des civilisations ont fusionn\u00e9 en un compos\u00e9. Ulcinj est comme un petit paradis sur terre, un intemporelle sculpt\u00e9s dans les si\u00e8cles de combats sanglants, m\u00e9pris, fiert\u00e9 et l&#8217;amour de tous ceux qui ont visit\u00e9 ce lieu au moins une fois dans leur vie. Les premi\u00e8res traces nous am\u00e8nent \u00e0 des temps pr\u00e9historiques quand Ulcinj appartenait \u00e0 Illyriens, un peuple d&#8217;origine indo-europ\u00e9enne. La ville, dont les murs \u00e9taient souvent ruin\u00e9s dans les guerres, \u00e9tait \u00e9galement \u00e0 la m\u00eame vitesse renouvel\u00e9e par tous ceux qui, en raison de l&#8217;extr\u00eame beaut\u00e9 de cette ville antique, qu&#8217;il leur morceau, b\u00e2timent pour eux-m\u00eames forteresses et r\u00e9sidences. L&#8217;ancien Colchinium ou Olcinijum, appel\u00e9 Ulcinj dans la p\u00e9riode de grec et l&#8217;Empire romain, est mentionn\u00e9 dans les documents \u00e9crits de Plinije \u00e2g\u00e9s dans son ouvrage \u00ab historiae naturalis \u00bb et dans ses \u0153uvres, Tit Livije mentionne \u00e9galement Ulcinj.<br \/>\nDans la premi\u00e8re p\u00e9riode fro le d\u00e9veloppement culturel et historique d\u2019Ulcinj, le nom de la Justinijan de l&#8217;empereur de Byzance est mentionn\u00e9. Il a renouvel\u00e9 et construit des forteresses de Ulcinj, et apr\u00e8s l&#8217;\u00e9poque de son r\u00e8gne, apr\u00e8s l&#8217;an 1100, les m\u00eames choses ont \u00e9t\u00e9 faites par des dirigeants c\u00e9l\u00e8bres qui r\u00e9gna sur une partie de l&#8217;ancienne Mont\u00e9n\u00e9gro et la c\u00f4te comme : Nemanja, Balsides, v\u00e9nitiens et les Turcs.<br \/>\nEn l&#8217;an 1183 Ulcinj devient le plus c\u00e9l\u00e8bre Centre naval dans la mer Adriatique, et quelque part, vers la m\u00eame \u00e9poque, un c\u00e9l\u00e8bre tour de Balsides a \u00e9t\u00e9 construit.<br \/>\nM\u00eame si Ulcinj n&#8217;a jamais \u00e9t\u00e9 une capitale des dirigeants mont\u00e9n\u00e9grins, la preuve historique nous am\u00e8ne aux conclusions qu\u2019Ulcinj avec l&#8217;environnement \u00e9tait une destination favorite des dirigeants de Zeta, qui ont utilis\u00e9 cette ville comme une sorte d&#8217;une r\u00e9sidence. L&#8217;ann\u00e9e 1252 dans Ulcinj, le fils du roi de Vukan Zeta, Djordjije qui avait un titre \u00ab princeps diocliae \u00bb r\u00e8gne.<br \/>\nL&#8217;ann\u00e9e 1281 dans Ulcinj ses resort trouv\u00e9 aussi la s\u0153ur des Reine Jelena Balsic, Marija, else fran\u00e7ais, une veuve du c\u00e9l\u00e8bre duc fran\u00e7ais Anselm se Chaurusa. Elle a un titre \u00ab domina ulcini \u00bb. Tombe de Marija \u00e9tait situ\u00e9 en face de l&#8217;autel de la Sainte m\u00e8re de l&#8217;\u00e9glise de Dieu ou \u00e9glise de Marko Ulcinj<br \/>\nEn outre, la Reine Jelena, historiquement plus c\u00e9l\u00e8bres comme la veuve d&#8217;Uros I Nemanjic, avec son Marija s\u0153ur souvent utilis\u00e9e pour rester en Ulcinj. La confirmation de leur lien avec cette ville \u00e9tait un couvent franciscain, qui les s\u0153urs b\u00e2ties ensemble dans l&#8217;ann\u00e9e 1278.<br \/>\nUn autre Jelena, un grand souverain et la veuve de l&#8217;empereur serbe Dusan, aim\u00e9 rester dans Ulcinj. Jelena depuis plusieurs ann\u00e9es a m\u00eame r\u00e9gn\u00e9 sur Ulcinj. Aussi, dans cette ville, o\u00f9 il a utilis\u00e9 pour avoir un tr\u00f4ne, Djuradj Stratzimirovic Balsic (1358 \u2013 1403) c\u00e9l\u00e8bre souverain est enterr\u00e9. Au moment de l&#8217;\u00e8re de la d\u00e9cision des familles Nemanjic et Balsic, Ulcinj \u00e9tait c\u00e9l\u00e8bre pour ses usines de monnaie d&#8217;argent d&#8217;argent et de bronze.<br \/>\nDans l&#8217;apparition rapide sur leurs chevaux rapides en 1242, une foule mongole des zones ASIES centrales a essuy\u00e9 les murs m\u00eames d\u2019Ulcinj. L&#8217;attaque des Mongols de la vieille ville de Ulcinj fut un \u00e9chec, gouvernement mongol a attaqu\u00e9 la Svac voisine.<br \/>\nHistoriquement et culturellement important est que le c\u00e9l\u00e8bre Svac a \u00e9t\u00e9 ruin\u00e9 par les Mongols et tu\u00e9 tous leurs habitants. La ville de Svac, ville de l&#8217;\u00e9v\u00each\u00e9 autrement, avait 365 \u00e9glises, comme beaucoup d&#8217;\u00e9glises comme il est jours dans une ann\u00e9e, donc dans le XIII\u00c8ME si\u00e8cle Reine Jelena Balsic reconduit. Les \u00e9crivains italiens Djustinijani (1533) et Bici (1610) fait une trace \u00e9crite de cet \u00e9v\u00e9nement.<br \/>\nLe fait important pour le d\u00e9veloppement culturel de Ulcinj, c&#8217;est qu&#8217;apr\u00e8s la bataille navale de Lapant (1571) dans la mer M\u00e9diterran\u00e9e, en Ulcinj un c\u00e9l\u00e8bre \u00e9crivain espagnol Miguel de Servantes Savedra, qui plus tard a \u00e9crit un roman c\u00e9l\u00e8bre du monde \u00ab Don Quichotte \u00bb est emprisonn\u00e9. Il est suppos\u00e9 que les Servantes c\u00e9l\u00e8bre pour son protagoniste de Don Quichotte, dans le m\u00eame roman nomm\u00e9, a donn\u00e9 un amant nomm\u00e9 Dilcinee, une jeune fille dont l&#8217;origine est de Ulcinj et qui portait le nom de l&#8217;ancien nom de Ulcinj &#8211; Cita de Dolcino, avec qui Servanets \u00e9tait en vivaient avec. Fonctionnaires a pass\u00e9 pr\u00e8s de 5 ans en Ulcinj et on pense qu&#8217;avec les autres esclaves, qu&#8217;il a \u00e9t\u00e9 vendu sur un endroit qui, pour eux, est appel\u00e9 esclave carr\u00e9 ou carr\u00e9 de Servantes et il est situ\u00e9 dans la vieille ville. La suspension de la c\u00e9l\u00e8bre \u00e9crivain espagnol en Ulcinj est int\u00e9ressante aussi en raison du fait que les pirates qui l&#8217;a achet\u00e9, pensait que Servatnes vient d&#8217;une famille noble, sorte de sa ran\u00e7on, ils ont demand\u00e9 beaucoup plus d&#8217;argent, donc il a emmen\u00e9 sa famille, 5 ans, de collecter cette somme d&#8217;argent.<br \/>\nUlcinj, en fait sa vieille ville dans le pass\u00e9 accueille un c\u00e9l\u00e8bre r\u00e9formateur Sabati Cevi (1626 \u2013 1676), qui sont rest\u00e9s dans l&#8217;\u00e9difice bien connu \u2013 tour de Balsides. CEVI est connu dans l&#8217;histoire comme un promoteur de Talmudo (The Holy Jewish Book).<br \/>\n\u00c0 Cevi, selon les sources, Ulcinj \u00e9tait un dernier recours parce qu&#8217;autour de l&#8217;ann\u00e9e 1676 apr\u00e8s avoir lui-m\u00eame converti \u00e0 l&#8217;Islam, vivant comme un exil\u00e9, Cevi mourut \u00e0 Ulcinj comme Mehmed \u2013 effendi. Aujourd&#8217;hui la conserve chambre fun\u00e9raire Sainte de Mehmed \u2013 effendi, est situ\u00e9 dans le jardin de la famille Manic, et il repr\u00e9sente une maison \u00e9ternelle de l&#8217;un des plus grands rebelles du XVIIE si\u00e8cle. Sa tombe est pr\u00e9serv\u00e9e comme caract\u00e8re sacr\u00e9. CEVI a continu\u00e9 \u00e0 vivre apr\u00e8s la mort dans les \u0153uvres litt\u00e9raires. Le visage et le caract\u00e8re de l&#8217;\u00e9crivain juif controvers\u00e9e, comme les gens consid\u00e8rent Cevi, apparaissent dans les \u0153uvres litt\u00e9raires du grand homme litt\u00e9raire comme : Isak Basevic chanteur \u2013 (le roman &#8220;The Slave&#8221;) ou un Erih Kos acad\u00e9mique dans le roman \u00ab Dans la recherche de Messie \u00bb. Le nom et l&#8217;importance de la Sabati Cevi sont mentionn\u00e9s dans l&#8217;ouvrage \u00ab De David Star \u00bb, de la c\u00e9l\u00e8bre mont\u00e9n\u00e9grin lettr\u00e9 et acad\u00e9mique Zuvdija Hodzic.<br \/>\nUlcinj \u00e9tait int\u00e9ressant en raison du tourisme de sant\u00e9, donc, m\u00eame en 1925 dans cette ville une rencontre scientifique a eu lieu, dans lequel un c\u00e9l\u00e8bre professeur allemand, sinon, le directeur de l&#8217;Institut pour les maladies tropicales non m\u00e9decin a particip\u00e9, et qui a ravi de la r\u00e9gion qui entourait Ulcinj a d\u00e9clar\u00e9: \u00ab que jamais dans sa vie il a vu une r\u00e9gion plus riche avec des \u00e9toiles que Ulcinjajoutant que la valeur de Ulcinj pour l&#8217;organisme humain est tr\u00e8s grande et diversifi\u00e9e \u00bb, ce qui prouve une fois de plus que le s\u00e9jour \u00e0 Ulcinj et ses environs gu\u00e9rit \u00e2me et du corps.<br \/>\nCompte tenu du fait qu\u2019Ulcinj est c\u00e9l\u00e8bre pour son d\u00e9veloppement des travaux d&#8217;artisanat, cette ville est un lieu de naissance de Mrio Surla, un africain du Mont\u00e9n\u00e9gro et le fils du l\u00e9gendaire photographe d\u2019Ulcinj Rizo Surla. \u00c0 c\u00f4t\u00e9 de la fabrication habile des belles photographies d\u2019Ulcinj et de ses environs, Mario est connu comme un p\u00eacheur passionn\u00e9 et un grand Boehm. Il est int\u00e9ressant de souligner que les premiers colons de la famille Surla en sont venus \u00e0 Ulcinj 400 ans comme esclaves.<\/p>\n<p>Pour le d\u00e9veloppement touristique de la ville de grande importance sont des personnalit\u00e9s telles que : docteur Maksut Hadzibrahimovic, un travailleur scientifique et expert, puis touristiques et travailleur public Dzelal Hodzic et le pr\u00e9sident de l&#8217;Union des Albanais du docteur Gani Karamanga. Pour le d\u00e9veloppement culturel de Ulcinj et de ses environs que le nom du peintre mont\u00e9n\u00e9grin Milo Pavlovic est connect\u00e9, qui a cr\u00e9\u00e9 son travail et cr\u00e9e encore \u00e0 Ulcinj, et dont la face et travail sont c\u00e9l\u00e8bres m\u00eame au-del\u00e0 des fronti\u00e8res du Mont\u00e9n\u00e9gro.<\/p>\n","protected":false},"excerpt":{"rendered":"<p>Savez-vous quelle est la ville la plus ensoleill\u00e9e de l\u2019Adriatique? Il ne s\u2019agit ni d\u2019une ville italienne, ni d\u2019une ville croate, mais de ULCINJ, une ville baln\u00e9aire situ\u00e9e au sud du Mont\u00e9n\u00e9gro. En \u00e9t\u00e9, le soleil brille pr\u00e8s de 12 heures par jour! Le soleil ne semble d\u2019ailleurs jamais quitter ce petit coin de paradis. [&hellip;]<\/p>\n","protected":false},"author":1,"featured_media":0,"comment_status":"open","ping_status":"closed","sticky":false,"template":"","format":"standard","meta":{"spay_email":"","jetpack_publicize_message":"","jetpack_is_tweetstorm":false,"jetpack_publicize_feature_enabled":true},"categories":[7679],"tags":[8810,8804,8811,8809,8808,8805,8801,8803,8800,1096,19,8802,8812,8807,8806],"jetpack_publicize_connections":[],"yoast_head":"<!-- This site is optimized with the Yoast SEO plugin v19.1 - https:\/\/yoast.com\/wordpress\/plugins\/seo\/ -->\n<title>A Ulcinj - Mont\u00e9n\u00e9gro des vacances \u00e0 partir de 8\u20ac par Jour - Lajme nga Ulqini<\/title>\n<meta name=\"description\" content=\"Savez-vous quelle est la ville la plus ensoleill\u00e9e de l\u2019Adriatique? Il ne s\u2019agit ni d\u2019une ville italienne, ni d\u2019une ville croate, mais de ULCINJ, une\" \/>\n<meta name=\"robots\" content=\"index, follow, max-snippet:-1, max-image-preview:large, max-video-preview:-1\" \/>\n<link rel=\"canonical\" href=\"https:\/\/www.visit-ulcinj.com\/blog\/2009\/04\/08\/a-ulcinj-montenegro-des-vacances-a-partir-de-8e-par-jour\/\" \/>\n<meta property=\"og:locale\" content=\"en_US\" \/>\n<meta property=\"og:type\" content=\"article\" \/>\n<meta property=\"og:title\" content=\"A Ulcinj - Mont\u00e9n\u00e9gro des vacances \u00e0 partir de 8\u20ac par Jour - Lajme nga Ulqini\" \/>\n<meta property=\"og:description\" content=\"Savez-vous quelle est la ville la plus ensoleill\u00e9e de l\u2019Adriatique? Il ne s\u2019agit ni d\u2019une ville italienne, ni d\u2019une ville croate, mais de ULCINJ, une\" \/>\n<meta property=\"og:url\" content=\"https:\/\/www.visit-ulcinj.com\/blog\/2009\/04\/08\/a-ulcinj-montenegro-des-vacances-a-partir-de-8e-par-jour\/\" \/>\n<meta property=\"og:site_name\" content=\"Lajme nga Ulqini\" \/>\n<meta property=\"article:published_time\" content=\"2009-04-08T16:47:54+00:00\" \/>\n<meta property=\"article:modified_time\" content=\"2022-08-03T16:49:54+00:00\" \/>\n<meta property=\"og:image\" content=\"http:\/\/www.visit-ulcinj.com\/blog\/wp-content\/uploads\/2009\/04\/montenegro-maps-150x150.jpg\" \/>\n<meta name=\"twitter:label1\" content=\"Written by\" \/>\n\t<meta name=\"twitter:data1\" content=\"ulqini\" \/>\n\t<meta name=\"twitter:label2\" content=\"Est. reading time\" \/>\n\t<meta name=\"twitter:data2\" content=\"18 minutes\" \/>\n<script type=\"application\/ld+json\" class=\"yoast-schema-graph\">{\"@context\":\"https:\/\/schema.org\",\"@graph\":[{\"@type\":\"WebSite\",\"@id\":\"https:\/\/www.visit-ulcinj.com\/blog\/#website\",\"url\":\"https:\/\/www.visit-ulcinj.com\/blog\/\",\"name\":\"Lajme nga Ulqini\",\"description\":\"Lajme,Vijesti,Ulqini,Ulqin,Crna Gora,Mali i Zi\",\"potentialAction\":[{\"@type\":\"SearchAction\",\"target\":{\"@type\":\"EntryPoint\",\"urlTemplate\":\"https:\/\/www.visit-ulcinj.com\/blog\/?s={search_term_string}\"},\"query-input\":\"required name=search_term_string\"}],\"inLanguage\":\"en-US\"},{\"@type\":\"ImageObject\",\"inLanguage\":\"en-US\",\"@id\":\"https:\/\/www.visit-ulcinj.com\/blog\/2009\/04\/08\/a-ulcinj-montenegro-des-vacances-a-partir-de-8e-par-jour\/#primaryimage\",\"url\":\"https:\/\/www.visit-ulcinj.com\/blog\/wp-content\/uploads\/2009\/04\/montenegro-maps.jpg\",\"contentUrl\":\"https:\/\/www.visit-ulcinj.com\/blog\/wp-content\/uploads\/2009\/04\/montenegro-maps.jpg\",\"width\":\"800\",\"height\":\"750\"},{\"@type\":\"WebPage\",\"@id\":\"https:\/\/www.visit-ulcinj.com\/blog\/2009\/04\/08\/a-ulcinj-montenegro-des-vacances-a-partir-de-8e-par-jour\/#webpage\",\"url\":\"https:\/\/www.visit-ulcinj.com\/blog\/2009\/04\/08\/a-ulcinj-montenegro-des-vacances-a-partir-de-8e-par-jour\/\",\"name\":\"A Ulcinj - Mont\u00e9n\u00e9gro des vacances \u00e0 partir de 8\u20ac par Jour - Lajme nga Ulqini\",\"isPartOf\":{\"@id\":\"https:\/\/www.visit-ulcinj.com\/blog\/#website\"},\"primaryImageOfPage\":{\"@id\":\"https:\/\/www.visit-ulcinj.com\/blog\/2009\/04\/08\/a-ulcinj-montenegro-des-vacances-a-partir-de-8e-par-jour\/#primaryimage\"},\"datePublished\":\"2009-04-08T16:47:54+00:00\",\"dateModified\":\"2022-08-03T16:49:54+00:00\",\"author\":{\"@id\":\"https:\/\/www.visit-ulcinj.com\/blog\/#\/schema\/person\/dcab619c614d3038751c63bc2aadc06d\"},\"description\":\"Savez-vous quelle est la ville la plus ensoleill\u00e9e de l\u2019Adriatique? Il ne s\u2019agit ni d\u2019une ville italienne, ni d\u2019une ville croate, mais de ULCINJ, une\",\"breadcrumb\":{\"@id\":\"https:\/\/www.visit-ulcinj.com\/blog\/2009\/04\/08\/a-ulcinj-montenegro-des-vacances-a-partir-de-8e-par-jour\/#breadcrumb\"},\"inLanguage\":\"en-US\",\"potentialAction\":[{\"@type\":\"ReadAction\",\"target\":[\"https:\/\/www.visit-ulcinj.com\/blog\/2009\/04\/08\/a-ulcinj-montenegro-des-vacances-a-partir-de-8e-par-jour\/\"]}]},{\"@type\":\"BreadcrumbList\",\"@id\":\"https:\/\/www.visit-ulcinj.com\/blog\/2009\/04\/08\/a-ulcinj-montenegro-des-vacances-a-partir-de-8e-par-jour\/#breadcrumb\",\"itemListElement\":[{\"@type\":\"ListItem\",\"position\":1,\"name\":\"A Ulcinj &#8211; Mont\u00e9n\u00e9gro des vacances \u00e0 partir de 8\u20ac par Jour\"}]},{\"@type\":\"Person\",\"@id\":\"https:\/\/www.visit-ulcinj.com\/blog\/#\/schema\/person\/dcab619c614d3038751c63bc2aadc06d\",\"name\":\"ulqini\",\"sameAs\":[\"http:\/\/www.visit-ulcinj.com\"],\"url\":\"https:\/\/www.visit-ulcinj.com\/blog\/author\/admin\/\"}]}<\/script>\n<!-- \/ Yoast SEO plugin. -->","yoast_head_json":{"title":"A Ulcinj - Mont\u00e9n\u00e9gro des vacances \u00e0 partir de 8\u20ac par Jour - Lajme nga Ulqini","description":"Savez-vous quelle est la ville la plus ensoleill\u00e9e de l\u2019Adriatique? Il ne s\u2019agit ni d\u2019une ville italienne, ni d\u2019une ville croate, mais de ULCINJ, une","robots":{"index":"index","follow":"follow","max-snippet":"max-snippet:-1","max-image-preview":"max-image-preview:large","max-video-preview":"max-video-preview:-1"},"canonical":"https:\/\/www.visit-ulcinj.com\/blog\/2009\/04\/08\/a-ulcinj-montenegro-des-vacances-a-partir-de-8e-par-jour\/","og_locale":"en_US","og_type":"article","og_title":"A Ulcinj - Mont\u00e9n\u00e9gro des vacances \u00e0 partir de 8\u20ac par Jour - Lajme nga Ulqini","og_description":"Savez-vous quelle est la ville la plus ensoleill\u00e9e de l\u2019Adriatique? Il ne s\u2019agit ni d\u2019une ville italienne, ni d\u2019une ville croate, mais de ULCINJ, une","og_url":"https:\/\/www.visit-ulcinj.com\/blog\/2009\/04\/08\/a-ulcinj-montenegro-des-vacances-a-partir-de-8e-par-jour\/","og_site_name":"Lajme nga Ulqini","article_published_time":"2009-04-08T16:47:54+00:00","article_modified_time":"2022-08-03T16:49:54+00:00","og_image":[{"url":"http:\/\/www.visit-ulcinj.com\/blog\/wp-content\/uploads\/2009\/04\/montenegro-maps-150x150.jpg"}],"twitter_misc":{"Written by":"ulqini","Est. reading time":"18 minutes"},"schema":{"@context":"https:\/\/schema.org","@graph":[{"@type":"WebSite","@id":"https:\/\/www.visit-ulcinj.com\/blog\/#website","url":"https:\/\/www.visit-ulcinj.com\/blog\/","name":"Lajme nga Ulqini","description":"Lajme,Vijesti,Ulqini,Ulqin,Crna Gora,Mali i Zi","potentialAction":[{"@type":"SearchAction","target":{"@type":"EntryPoint","urlTemplate":"https:\/\/www.visit-ulcinj.com\/blog\/?s={search_term_string}"},"query-input":"required name=search_term_string"}],"inLanguage":"en-US"},{"@type":"ImageObject","inLanguage":"en-US","@id":"https:\/\/www.visit-ulcinj.com\/blog\/2009\/04\/08\/a-ulcinj-montenegro-des-vacances-a-partir-de-8e-par-jour\/#primaryimage","url":"https:\/\/www.visit-ulcinj.com\/blog\/wp-content\/uploads\/2009\/04\/montenegro-maps.jpg","contentUrl":"https:\/\/www.visit-ulcinj.com\/blog\/wp-content\/uploads\/2009\/04\/montenegro-maps.jpg","width":"800","height":"750"},{"@type":"WebPage","@id":"https:\/\/www.visit-ulcinj.com\/blog\/2009\/04\/08\/a-ulcinj-montenegro-des-vacances-a-partir-de-8e-par-jour\/#webpage","url":"https:\/\/www.visit-ulcinj.com\/blog\/2009\/04\/08\/a-ulcinj-montenegro-des-vacances-a-partir-de-8e-par-jour\/","name":"A Ulcinj - Mont\u00e9n\u00e9gro des vacances \u00e0 partir de 8\u20ac par Jour - Lajme nga Ulqini","isPartOf":{"@id":"https:\/\/www.visit-ulcinj.com\/blog\/#website"},"primaryImageOfPage":{"@id":"https:\/\/www.visit-ulcinj.com\/blog\/2009\/04\/08\/a-ulcinj-montenegro-des-vacances-a-partir-de-8e-par-jour\/#primaryimage"},"datePublished":"2009-04-08T16:47:54+00:00","dateModified":"2022-08-03T16:49:54+00:00","author":{"@id":"https:\/\/www.visit-ulcinj.com\/blog\/#\/schema\/person\/dcab619c614d3038751c63bc2aadc06d"},"description":"Savez-vous quelle est la ville la plus ensoleill\u00e9e de l\u2019Adriatique? Il ne s\u2019agit ni d\u2019une ville italienne, ni d\u2019une ville croate, mais de ULCINJ, une","breadcrumb":{"@id":"https:\/\/www.visit-ulcinj.com\/blog\/2009\/04\/08\/a-ulcinj-montenegro-des-vacances-a-partir-de-8e-par-jour\/#breadcrumb"},"inLanguage":"en-US","potentialAction":[{"@type":"ReadAction","target":["https:\/\/www.visit-ulcinj.com\/blog\/2009\/04\/08\/a-ulcinj-montenegro-des-vacances-a-partir-de-8e-par-jour\/"]}]},{"@type":"BreadcrumbList","@id":"https:\/\/www.visit-ulcinj.com\/blog\/2009\/04\/08\/a-ulcinj-montenegro-des-vacances-a-partir-de-8e-par-jour\/#breadcrumb","itemListElement":[{"@type":"ListItem","position":1,"name":"A Ulcinj &#8211; Mont\u00e9n\u00e9gro des vacances \u00e0 partir de 8\u20ac par Jour"}]},{"@type":"Person","@id":"https:\/\/www.visit-ulcinj.com\/blog\/#\/schema\/person\/dcab619c614d3038751c63bc2aadc06d","name":"ulqini","sameAs":["http:\/\/www.visit-ulcinj.com"],"url":"https:\/\/www.visit-ulcinj.com\/blog\/author\/admin\/"}]}},"jetpack_featured_media_url":"","jetpack_sharing_enabled":true,"jetpack_shortlink":"https:\/\/wp.me\/pe6lTn-4px","_links":{"self":[{"href":"https:\/\/www.visit-ulcinj.com\/blog\/wp-json\/wp\/v2\/posts\/16959"}],"collection":[{"href":"https:\/\/www.visit-ulcinj.com\/blog\/wp-json\/wp\/v2\/posts"}],"about":[{"href":"https:\/\/www.visit-ulcinj.com\/blog\/wp-json\/wp\/v2\/types\/post"}],"author":[{"embeddable":true,"href":"https:\/\/www.visit-ulcinj.com\/blog\/wp-json\/wp\/v2\/users\/1"}],"replies":[{"embeddable":true,"href":"https:\/\/www.visit-ulcinj.com\/blog\/wp-json\/wp\/v2\/comments?post=16959"}],"version-history":[{"count":11,"href":"https:\/\/www.visit-ulcinj.com\/blog\/wp-json\/wp\/v2\/posts\/16959\/revisions"}],"predecessor-version":[{"id":106764,"href":"https:\/\/www.visit-ulcinj.com\/blog\/wp-json\/wp\/v2\/posts\/16959\/revisions\/106764"}],"wp:attachment":[{"href":"https:\/\/www.visit-ulcinj.com\/blog\/wp-json\/wp\/v2\/media?parent=16959"}],"wp:term":[{"taxonomy":"category","embeddable":true,"href":"https:\/\/www.visit-ulcinj.com\/blog\/wp-json\/wp\/v2\/categories?post=16959"},{"taxonomy":"post_tag","embeddable":true,"href":"https:\/\/www.visit-ulcinj.com\/blog\/wp-json\/wp\/v2\/tags?post=16959"}],"curies":[{"name":"wp","href":"https:\/\/api.w.org\/{rel}","templated":true}]}}