{"id":1696,"date":"2008-05-19T13:14:06","date_gmt":"2008-05-19T18:14:06","guid":{"rendered":"http:\/\/www.visit-ulcinj.com\/blog\/?p=1696"},"modified":"2008-05-19T13:23:39","modified_gmt":"2008-05-19T18:23:39","slug":"ismet-karamanaga-is-a-german-language-teacher-in-the-ancient-town-of-ulcinj","status":"publish","type":"post","link":"https:\/\/www.visit-ulcinj.com\/blog\/2008\/05\/19\/ismet-karamanaga-is-a-german-language-teacher-in-the-ancient-town-of-ulcinj\/","title":{"rendered":"Ismet Karamanaga is a German language teacher in the ancient town of Ulcinj"},"content":{"rendered":"<div id=\"photo\" class=\"iconphoto\">\n<p><a href=\"http:\/\/www.visit-ulcinj.com\/blog\/wp-content\/uploads\/2008\/05\/karmanaga.jpg\"><img loading=\"lazy\" class=\"alignleft attachment wp-att-1697\" style=\"float: left;\" src=\"http:\/\/www.visit-ulcinj.com\/blog\/wp-content\/uploads\/2008\/05\/karmanaga.thumbnail.jpg\" alt=\"Ismet Karamanaga\" width=\"200\" height=\"128\" \/><\/a><strong>Ismet Karamanaga<\/strong><br \/>\nIsmet Karamanaga is a German language teacher in the ancient town of Ulcinj in the far south of Montenegro, where Albanians have traditionally lived for centuries. The town is close to the border with what is now modern Albania. It voted in favour of independence.<br \/>\nIsmet is a Muslim and lives with his family in the middle of the Old Town. He is intensely proud of the town&#8217;s history and its harmonious interethnic relations. He says:<br \/>\n&#8220;Ulcinj especially is an example for a life of harmony. We live as followers of three religions, three denominations in perfect cohabitation. I mention this wherever I go in the world and say it often: there was no problem in Montenegro, it was in Kosovo that things were bad.&#8221;<br \/>\nBut he says the Albanian community does need more rights:<br \/>\n&#8220;O f course we say we need more justice, more rights for our people, for our children. We need a University. We only have one newspaper, printed in the Albanian language. Many of the texts printed are translated; texts written by me or by someone else; the news is taken from other papers and translated. We want a new school programme, a new curriculum. But overall we are content.&#8221;<\/p>\n<\/div>\n<div class=\"backnext\" style=\"margin-top: 30px;\">\n<table border=\"0\" cellspacing=\"0\" cellpadding=\"0\" width=\"100%\">\n<tbody>\n<tr>\n<td style=\"text-align: left;\" width=\"100\"><img loading=\"lazy\" src=\"http:\/\/www.esiweb.org\/art\/arrows_left.gif\" border=\"0\" alt=\"\" width=\"12\" height=\"7\" \/> <a href=\"http:\/\/www.esiweb.org\/index.php?lang=en&amp;id=311&amp;film_ID=1&amp;slide_ID=12\"><strong>Back<\/strong><\/a><\/td>\n<td style=\"text-align: center;\" align=\"center\">&#8211; <span style=\"text-align: center; font-weight: bold;\"> People: \t \t \tIsmet Karamanaga<\/span> &#8211;<\/td>\n<td style=\"text-align: right;\" width=\"100\" align=\"right\"><a href=\"http:\/\/www.esiweb.org\/index.php?lang=en&amp;id=311&amp;film_ID=1&amp;slide_ID=14\"><strong>Nex<\/strong><\/a><\/td>\n<\/tr>\n<\/tbody>\n<\/table>\n<\/div>\n<div style=\"margin-bottom: 20px; margin-top: 60px;\"><span style=\"color: #000080;\"><strong><a href=\"http:\/\/www.esiweb.org\/index.php?lang=en&amp;id=311&amp;film_ID=1\">Montenegro &#8211; Wild Beauty<\/a><br \/>\n<a href=\"http:\/\/www.esiweb.org\/index.php?lang=en&amp;id=311&amp;film_ID=1\"><\/a><\/strong><\/span><strong><br \/>\nKTO JAN VIDEO T\u00cb ULQINIT T\u00cb LASHT JAN P\u00cbR TU SHIQUAR SE KAN VLER HISTORIKE<\/strong><br \/>\n<!--YouTube Error: bad URL entered--><\/div>\n","protected":false},"excerpt":{"rendered":"<p><img loading=\"lazy\" class=\"attachment wp-att-1697 alignleft\" src=\"http:\/\/www.visit-ulcinj.com\/blog\/wp-content\/uploads\/2008\/05\/karmanaga.thumbnail.jpg\" alt=\"Ismet Karamanaga\" width=\"140\" height=\"140\" \/><\/p>\n","protected":false},"author":1,"featured_media":0,"comment_status":"open","ping_status":"closed","sticky":false,"template":"","format":"standard","meta":{"spay_email":"","jetpack_publicize_message":"","jetpack_is_tweetstorm":false,"jetpack_publicize_feature_enabled":true},"categories":[15],"tags":[306],"jetpack_publicize_connections":[],"yoast_head":"<!-- This site is optimized with the Yoast SEO plugin v19.1 - https:\/\/yoast.com\/wordpress\/plugins\/seo\/ -->\n<title>Ismet Karamanaga is a German language teacher in the ancient town of Ulcinj - Lajme nga Ulqini<\/title>\n<meta name=\"robots\" content=\"index, follow, max-snippet:-1, max-image-preview:large, max-video-preview:-1\" \/>\n<link rel=\"canonical\" href=\"https:\/\/www.visit-ulcinj.com\/blog\/2008\/05\/19\/ismet-karamanaga-is-a-german-language-teacher-in-the-ancient-town-of-ulcinj\/\" \/>\n<meta property=\"og:locale\" content=\"en_US\" \/>\n<meta property=\"og:type\" content=\"article\" \/>\n<meta property=\"og:title\" content=\"Ismet Karamanaga is a German language teacher in the ancient town of Ulcinj - Lajme nga Ulqini\" \/>\n<meta property=\"og:url\" content=\"https:\/\/www.visit-ulcinj.com\/blog\/2008\/05\/19\/ismet-karamanaga-is-a-german-language-teacher-in-the-ancient-town-of-ulcinj\/\" \/>\n<meta property=\"og:site_name\" content=\"Lajme nga Ulqini\" \/>\n<meta property=\"article:published_time\" content=\"2008-05-19T18:14:06+00:00\" \/>\n<meta property=\"article:modified_time\" content=\"2008-05-19T18:23:39+00:00\" \/>\n<meta property=\"og:image\" content=\"http:\/\/www.visit-ulcinj.com\/blog\/wp-content\/uploads\/2008\/05\/karmanaga.thumbnail.jpg\" \/>\n<meta name=\"twitter:label1\" content=\"Written by\" \/>\n\t<meta name=\"twitter:data1\" content=\"ulqini\" \/>\n\t<meta name=\"twitter:label2\" content=\"Est. reading time\" \/>\n\t<meta name=\"twitter:data2\" content=\"1 minute\" \/>\n<script type=\"application\/ld+json\" class=\"yoast-schema-graph\">{\"@context\":\"https:\/\/schema.org\",\"@graph\":[{\"@type\":\"WebSite\",\"@id\":\"https:\/\/www.visit-ulcinj.com\/blog\/#website\",\"url\":\"https:\/\/www.visit-ulcinj.com\/blog\/\",\"name\":\"Lajme nga Ulqini\",\"description\":\"Lajme,Vijesti,Ulqini,Ulqin,Crna Gora,Mali i Zi\",\"potentialAction\":[{\"@type\":\"SearchAction\",\"target\":{\"@type\":\"EntryPoint\",\"urlTemplate\":\"https:\/\/www.visit-ulcinj.com\/blog\/?s={search_term_string}\"},\"query-input\":\"required name=search_term_string\"}],\"inLanguage\":\"en-US\"},{\"@type\":\"ImageObject\",\"inLanguage\":\"en-US\",\"@id\":\"https:\/\/www.visit-ulcinj.com\/blog\/2008\/05\/19\/ismet-karamanaga-is-a-german-language-teacher-in-the-ancient-town-of-ulcinj\/#primaryimage\",\"url\":\"http:\/\/www.visit-ulcinj.com\/blog\/wp-content\/uploads\/2008\/05\/karmanaga.thumbnail.jpg\",\"contentUrl\":\"http:\/\/www.visit-ulcinj.com\/blog\/wp-content\/uploads\/2008\/05\/karmanaga.thumbnail.jpg\"},{\"@type\":\"WebPage\",\"@id\":\"https:\/\/www.visit-ulcinj.com\/blog\/2008\/05\/19\/ismet-karamanaga-is-a-german-language-teacher-in-the-ancient-town-of-ulcinj\/#webpage\",\"url\":\"https:\/\/www.visit-ulcinj.com\/blog\/2008\/05\/19\/ismet-karamanaga-is-a-german-language-teacher-in-the-ancient-town-of-ulcinj\/\",\"name\":\"Ismet Karamanaga is a German language teacher in the ancient town of Ulcinj - Lajme nga Ulqini\",\"isPartOf\":{\"@id\":\"https:\/\/www.visit-ulcinj.com\/blog\/#website\"},\"primaryImageOfPage\":{\"@id\":\"https:\/\/www.visit-ulcinj.com\/blog\/2008\/05\/19\/ismet-karamanaga-is-a-german-language-teacher-in-the-ancient-town-of-ulcinj\/#primaryimage\"},\"datePublished\":\"2008-05-19T18:14:06+00:00\",\"dateModified\":\"2008-05-19T18:23:39+00:00\",\"author\":{\"@id\":\"https:\/\/www.visit-ulcinj.com\/blog\/#\/schema\/person\/dcab619c614d3038751c63bc2aadc06d\"},\"breadcrumb\":{\"@id\":\"https:\/\/www.visit-ulcinj.com\/blog\/2008\/05\/19\/ismet-karamanaga-is-a-german-language-teacher-in-the-ancient-town-of-ulcinj\/#breadcrumb\"},\"inLanguage\":\"en-US\",\"potentialAction\":[{\"@type\":\"ReadAction\",\"target\":[\"https:\/\/www.visit-ulcinj.com\/blog\/2008\/05\/19\/ismet-karamanaga-is-a-german-language-teacher-in-the-ancient-town-of-ulcinj\/\"]}]},{\"@type\":\"BreadcrumbList\",\"@id\":\"https:\/\/www.visit-ulcinj.com\/blog\/2008\/05\/19\/ismet-karamanaga-is-a-german-language-teacher-in-the-ancient-town-of-ulcinj\/#breadcrumb\",\"itemListElement\":[{\"@type\":\"ListItem\",\"position\":1,\"name\":\"Ismet Karamanaga is a German language teacher in the ancient town of Ulcinj\"}]},{\"@type\":\"Person\",\"@id\":\"https:\/\/www.visit-ulcinj.com\/blog\/#\/schema\/person\/dcab619c614d3038751c63bc2aadc06d\",\"name\":\"ulqini\",\"sameAs\":[\"http:\/\/www.visit-ulcinj.com\"],\"url\":\"https:\/\/www.visit-ulcinj.com\/blog\/author\/admin\/\"}]}<\/script>\n<!-- \/ Yoast SEO plugin. -->","yoast_head_json":{"title":"Ismet Karamanaga is a German language teacher in the ancient town of Ulcinj - Lajme nga Ulqini","robots":{"index":"index","follow":"follow","max-snippet":"max-snippet:-1","max-image-preview":"max-image-preview:large","max-video-preview":"max-video-preview:-1"},"canonical":"https:\/\/www.visit-ulcinj.com\/blog\/2008\/05\/19\/ismet-karamanaga-is-a-german-language-teacher-in-the-ancient-town-of-ulcinj\/","og_locale":"en_US","og_type":"article","og_title":"Ismet Karamanaga is a German language teacher in the ancient town of Ulcinj - Lajme nga Ulqini","og_url":"https:\/\/www.visit-ulcinj.com\/blog\/2008\/05\/19\/ismet-karamanaga-is-a-german-language-teacher-in-the-ancient-town-of-ulcinj\/","og_site_name":"Lajme nga Ulqini","article_published_time":"2008-05-19T18:14:06+00:00","article_modified_time":"2008-05-19T18:23:39+00:00","og_image":[{"url":"http:\/\/www.visit-ulcinj.com\/blog\/wp-content\/uploads\/2008\/05\/karmanaga.thumbnail.jpg"}],"twitter_misc":{"Written by":"ulqini","Est. reading time":"1 minute"},"schema":{"@context":"https:\/\/schema.org","@graph":[{"@type":"WebSite","@id":"https:\/\/www.visit-ulcinj.com\/blog\/#website","url":"https:\/\/www.visit-ulcinj.com\/blog\/","name":"Lajme nga Ulqini","description":"Lajme,Vijesti,Ulqini,Ulqin,Crna Gora,Mali i Zi","potentialAction":[{"@type":"SearchAction","target":{"@type":"EntryPoint","urlTemplate":"https:\/\/www.visit-ulcinj.com\/blog\/?s={search_term_string}"},"query-input":"required name=search_term_string"}],"inLanguage":"en-US"},{"@type":"ImageObject","inLanguage":"en-US","@id":"https:\/\/www.visit-ulcinj.com\/blog\/2008\/05\/19\/ismet-karamanaga-is-a-german-language-teacher-in-the-ancient-town-of-ulcinj\/#primaryimage","url":"http:\/\/www.visit-ulcinj.com\/blog\/wp-content\/uploads\/2008\/05\/karmanaga.thumbnail.jpg","contentUrl":"http:\/\/www.visit-ulcinj.com\/blog\/wp-content\/uploads\/2008\/05\/karmanaga.thumbnail.jpg"},{"@type":"WebPage","@id":"https:\/\/www.visit-ulcinj.com\/blog\/2008\/05\/19\/ismet-karamanaga-is-a-german-language-teacher-in-the-ancient-town-of-ulcinj\/#webpage","url":"https:\/\/www.visit-ulcinj.com\/blog\/2008\/05\/19\/ismet-karamanaga-is-a-german-language-teacher-in-the-ancient-town-of-ulcinj\/","name":"Ismet Karamanaga is a German language teacher in the ancient town of Ulcinj - Lajme nga Ulqini","isPartOf":{"@id":"https:\/\/www.visit-ulcinj.com\/blog\/#website"},"primaryImageOfPage":{"@id":"https:\/\/www.visit-ulcinj.com\/blog\/2008\/05\/19\/ismet-karamanaga-is-a-german-language-teacher-in-the-ancient-town-of-ulcinj\/#primaryimage"},"datePublished":"2008-05-19T18:14:06+00:00","dateModified":"2008-05-19T18:23:39+00:00","author":{"@id":"https:\/\/www.visit-ulcinj.com\/blog\/#\/schema\/person\/dcab619c614d3038751c63bc2aadc06d"},"breadcrumb":{"@id":"https:\/\/www.visit-ulcinj.com\/blog\/2008\/05\/19\/ismet-karamanaga-is-a-german-language-teacher-in-the-ancient-town-of-ulcinj\/#breadcrumb"},"inLanguage":"en-US","potentialAction":[{"@type":"ReadAction","target":["https:\/\/www.visit-ulcinj.com\/blog\/2008\/05\/19\/ismet-karamanaga-is-a-german-language-teacher-in-the-ancient-town-of-ulcinj\/"]}]},{"@type":"BreadcrumbList","@id":"https:\/\/www.visit-ulcinj.com\/blog\/2008\/05\/19\/ismet-karamanaga-is-a-german-language-teacher-in-the-ancient-town-of-ulcinj\/#breadcrumb","itemListElement":[{"@type":"ListItem","position":1,"name":"Ismet Karamanaga is a German language teacher in the ancient town of Ulcinj"}]},{"@type":"Person","@id":"https:\/\/www.visit-ulcinj.com\/blog\/#\/schema\/person\/dcab619c614d3038751c63bc2aadc06d","name":"ulqini","sameAs":["http:\/\/www.visit-ulcinj.com"],"url":"https:\/\/www.visit-ulcinj.com\/blog\/author\/admin\/"}]}},"jetpack_featured_media_url":"","jetpack_sharing_enabled":true,"jetpack_shortlink":"https:\/\/wp.me\/pe6lTn-rm","_links":{"self":[{"href":"https:\/\/www.visit-ulcinj.com\/blog\/wp-json\/wp\/v2\/posts\/1696"}],"collection":[{"href":"https:\/\/www.visit-ulcinj.com\/blog\/wp-json\/wp\/v2\/posts"}],"about":[{"href":"https:\/\/www.visit-ulcinj.com\/blog\/wp-json\/wp\/v2\/types\/post"}],"author":[{"embeddable":true,"href":"https:\/\/www.visit-ulcinj.com\/blog\/wp-json\/wp\/v2\/users\/1"}],"replies":[{"embeddable":true,"href":"https:\/\/www.visit-ulcinj.com\/blog\/wp-json\/wp\/v2\/comments?post=1696"}],"version-history":[{"count":0,"href":"https:\/\/www.visit-ulcinj.com\/blog\/wp-json\/wp\/v2\/posts\/1696\/revisions"}],"wp:attachment":[{"href":"https:\/\/www.visit-ulcinj.com\/blog\/wp-json\/wp\/v2\/media?parent=1696"}],"wp:term":[{"taxonomy":"category","embeddable":true,"href":"https:\/\/www.visit-ulcinj.com\/blog\/wp-json\/wp\/v2\/categories?post=1696"},{"taxonomy":"post_tag","embeddable":true,"href":"https:\/\/www.visit-ulcinj.com\/blog\/wp-json\/wp\/v2\/tags?post=1696"}],"curies":[{"name":"wp","href":"https:\/\/api.w.org\/{rel}","templated":true}]}}