{"id":1698,"date":"2008-05-20T08:35:47","date_gmt":"2008-05-20T13:35:47","guid":{"rendered":"http:\/\/www.visit-ulcinj.com\/blog\/?p=1698"},"modified":"2008-05-20T09:28:06","modified_gmt":"2008-05-20T14:28:06","slug":"parlament-bez-prisustva-opozicije-usvojio-tekst-predsjednicke-zakletve","status":"publish","type":"post","link":"https:\/\/www.visit-ulcinj.com\/blog\/2008\/05\/20\/parlament-bez-prisustva-opozicije-usvojio-tekst-predsjednicke-zakletve\/","title":{"rendered":"Parlament bez prisustva opozicije usvojio tekst predsjedni?ke zakletve"},"content":{"rendered":"<p><img loading=\"lazy\" class=\"alignleft\" style=\"float: left;\" src=\"http:\/\/www.vijesti.cg.yu\/_slike\/1211237978.jpg\" alt=\"Mehmet Bardhi\" width=\"290\" height=\"190\" \/><strong>Kad nema za zakon, ima za odluku<\/strong><br \/>\nPodgorica \u2013 Vidjev\u0161i da nema potrebnu dvotre?insku ve?inu za usvajanje predsjedni?ke zakletve zakonom, vladaju?a koalicija je to ju?e uradila skup\u0161tinskom odlukom, nakon vi\u0161e?asovnog ka\u0161njenja.<br \/>\nBez prisustva ve?ine opozicionih stranaka, Odluku o utvr?ivanju teksta zakletve koju ?e predsjednik Crne Gore danas polo\u017eiti pred poslanicima na Cetinju podr\u017eali su poslanici vladaju?e koalicije i Bo\u0161nja?ke stranke. Poslanici Srpske liste, PzP-a i Narodne stranke nijesu ni ulazili u skup\u0161tinsku salu u znak protesta zbog ukidanja direktnih televizijskih prenosa, dok su predstavnici SNP-a i DSS-a napustili sjednicu kada je prihva?eno da se raspravlja o Odluci, a ne o izmjenama Zakona o izboru predsjedniku dr\u017eave..<br \/>\nNajve?u polemiku izazvao je amandman poslanika valadaju?e koalicije Miodraga Vukovi?a i Ivana Brajovi?a kojima je zatra\u017eeno da poslanici umjesto o dopuni Zakona o izboru predsjednika Crne Gore glasaju o predlogu Odluke o utvr?ivanju teksta zakletve. Za usvajanje Odluke potrebna je podr\u0161ka ve?ine poslanika, dok je za izmjene Zakona o izboru predsjednika bila nu\u017ena dvotre?inska podr\u0161ka.<br \/>\nVukovi? je kazao da pravno nije sporno to \u0161to su izmjene Zakona o predsjedniku transformisane u Odluku, jer kao predlaga? akta, na to ima poslovni?ko pravo. On je pojasnio da nigdje ne postoji obaveza da se to pitanje rije\u0161i zakonom i da predlaga? mo\u017ee amandmanima izmijeniti i dopuniti Zakon, pa ?ak i povu?i iz skup\u0161tinske procedure.<br \/>\nVukovi? je kazao da su se predstavnici opozicije ranije saglasili sa Predlogom zakona, ali da je nakon najava da ne?e prisustvovati sjednici bilo jasno da ne?e biti ni dvotre?inske ve?ine. On je rekao da je poslije najave da ni SNP ne?e prisustvovati zasjedanju odlu?eno da se Predlog zakona izmijeni u Odluku.<br \/>\n\u201cNije problem ni u formi ni u sadr\u017eaju, ve? u poku\u0161aju da se prona?e razlog da se ponovo kolektivo bojkotuje parlament. Razlog je za jedne na?en u odluci Javnog servisa, a drugi su sa?ekali ovu promjenu koju smo napravili, ali su\u0161tina ostaje ista\u201d, rekao je Vukovi? i podsjetio da je i Vlada Crne Gore odlukom rije\u0161ila pitanje zakletve premijera i ministara.<br \/>\n\u0160ef poslani?kog kluba SNP-a Velizar Kalu?erovi? optu\u017eio je vladaju?u koaliciju za \u201eproceduralnu i pravnu hajdu?iju\u201c. On je rekao da se pitanje predsjedni?ke zakletve ne mo\u017ee urediti Odlukom, ve? samo izmjenama Zakona i dodao da je za svaku promjenu izbornog zakonodavstva, a pod tim se podrazumijevaju i izmjene Zakona o izboru predsjednika, potrebna dvotre?inska ve?ina u parlamentu.<br \/>\nPoslanik SDP-a Miodrag Ili?kovi? upozorio je da nije postojala obaveza da se zakonom rije\u0161i pitanje predsjedni?ke zakletve, ali da se, ako se ve? krenulo tako, ta materija ne mo\u017ee definisati Odlukom. On je optu\u017eio opoziciju da je opstrukcijom \u017eeljela da onemogu?i inauguraciju predsjednika Crne Gore.<br \/>\nPoslanik DSS-a Ranko Kadi? podsjetio je da je Vukovi? 8. maja dostavio Predlog zakona, ali da se 19. maja predomislio i predlo\u017eio amandman da se umjesto zakona usvoji Odluka. On se zapitao \u0161ta se to u me?uvremenu dogodilo sa Vukovi?em, \u201cosim \u0161to je postao doktor\u201d, aludiraju?i na Vukovi?evu odbranu doktorske disertacije.<a href=\"http:\/\/www.visit-ulcinj.com\/blog\/wp-content\/uploads\/2008\/05\/zuvdija-hodzic.gif\"><img loading=\"lazy\" class=\"alignright attachment wp-att-1699\" style=\"float: right;\" src=\"http:\/\/www.visit-ulcinj.com\/blog\/wp-content\/uploads\/2008\/05\/zuvdija-hodzic.thumbnail.gif\" alt=\"Zuvdija Hod\u017ei?\" width=\"149\" height=\"200\" \/><\/a><br \/>\nPoslanik SNP-a Vasilije Lalo\u0161evi? protestovao je zbog odluke Javnog servisa da ne prenosi skup\u0161tinska zasjedanja, upozoravaju?i da su RTCG i Skup\u0161tina potpisali protokol o direktnim prenosima skup\u0161tinskog zasjedanja, koji reguli\u0161e eventualne probleme izme?u parlamenta i Javnog servisa.<br \/>\n\u201dOvaj protokol i dalje va\u017ei&#8230; Najava ukidanja prenosa ne mo\u017ee se druga?ije tuma?iti nego kao potcjenjivanje parlamenta\u201d, rekao je on.<br \/>\nPoslanici su usvojili i Zakon o zaradama i drugim primanjima dr\u017eavnih i javnih funkcionera i ratifikovali Konvencije o privremenom uvozu i o za\u0161titi i promociji raznolikosti kulturnih izraza.<br \/>\nParlament je konstatovao da je Andrija Popovi? zamijenio Miodraga \u017divkovi?a na mjestu poslanika Liberalne partije. Skup\u0161tina je potvrdila i imenovanje Zuvdije Hod\u017ei?a za ?lana Savjeta Radio-televizije Crne Gore.<br \/>\n<strong>Sa.K<br \/>\nIzvor \/ Vijesti<\/strong><\/p>\n","protected":false},"excerpt":{"rendered":"<p><img loading=\"lazy\" class=\"alignleft\" style=\"float: left;\" src=\"http:\/\/www.vijesti.cg.yu\/_slike\/1211237978.jpg\" alt=\"Mehmet Bardhi\" width=\"140\" height=\"140\" \/><\/p>\n","protected":false},"author":1,"featured_media":0,"comment_status":"open","ping_status":"closed","sticky":false,"template":"","format":"standard","meta":{"spay_email":"","jetpack_publicize_message":"","jetpack_is_tweetstorm":false,"jetpack_publicize_feature_enabled":true},"categories":[6,12],"tags":[3301,347,3304,3303,3302,3300],"jetpack_publicize_connections":[],"yoast_head":"<!-- This site is optimized with the Yoast SEO plugin v19.1 - https:\/\/yoast.com\/wordpress\/plugins\/seo\/ -->\n<title>Parlament bez prisustva opozicije usvojio tekst predsjedni?ke zakletve - Lajme nga Ulqini<\/title>\n<meta name=\"robots\" content=\"index, follow, max-snippet:-1, max-image-preview:large, max-video-preview:-1\" \/>\n<link rel=\"canonical\" href=\"https:\/\/www.visit-ulcinj.com\/blog\/2008\/05\/20\/parlament-bez-prisustva-opozicije-usvojio-tekst-predsjednicke-zakletve\/\" \/>\n<meta property=\"og:locale\" content=\"en_US\" \/>\n<meta property=\"og:type\" content=\"article\" \/>\n<meta property=\"og:title\" content=\"Parlament bez prisustva opozicije usvojio tekst predsjedni?ke zakletve - Lajme nga Ulqini\" \/>\n<meta property=\"og:url\" content=\"https:\/\/www.visit-ulcinj.com\/blog\/2008\/05\/20\/parlament-bez-prisustva-opozicije-usvojio-tekst-predsjednicke-zakletve\/\" \/>\n<meta property=\"og:site_name\" content=\"Lajme nga Ulqini\" \/>\n<meta property=\"article:published_time\" content=\"2008-05-20T13:35:47+00:00\" \/>\n<meta property=\"article:modified_time\" content=\"2008-05-20T14:28:06+00:00\" \/>\n<meta property=\"og:image\" content=\"http:\/\/www.vijesti.cg.yu\/_slike\/1211237978.jpg\" \/>\n<meta name=\"twitter:label1\" content=\"Written by\" \/>\n\t<meta name=\"twitter:data1\" content=\"ulqini\" \/>\n\t<meta name=\"twitter:label2\" content=\"Est. reading time\" \/>\n\t<meta name=\"twitter:data2\" content=\"3 minutes\" \/>\n<script type=\"application\/ld+json\" class=\"yoast-schema-graph\">{\"@context\":\"https:\/\/schema.org\",\"@graph\":[{\"@type\":\"WebSite\",\"@id\":\"https:\/\/www.visit-ulcinj.com\/blog\/#website\",\"url\":\"https:\/\/www.visit-ulcinj.com\/blog\/\",\"name\":\"Lajme nga Ulqini\",\"description\":\"Lajme,Vijesti,Ulqini,Ulqin,Crna Gora,Mali i Zi\",\"potentialAction\":[{\"@type\":\"SearchAction\",\"target\":{\"@type\":\"EntryPoint\",\"urlTemplate\":\"https:\/\/www.visit-ulcinj.com\/blog\/?s={search_term_string}\"},\"query-input\":\"required name=search_term_string\"}],\"inLanguage\":\"en-US\"},{\"@type\":\"ImageObject\",\"inLanguage\":\"en-US\",\"@id\":\"https:\/\/www.visit-ulcinj.com\/blog\/2008\/05\/20\/parlament-bez-prisustva-opozicije-usvojio-tekst-predsjednicke-zakletve\/#primaryimage\",\"url\":\"http:\/\/www.vijesti.cg.yu\/_slike\/1211237978.jpg\",\"contentUrl\":\"http:\/\/www.vijesti.cg.yu\/_slike\/1211237978.jpg\"},{\"@type\":\"WebPage\",\"@id\":\"https:\/\/www.visit-ulcinj.com\/blog\/2008\/05\/20\/parlament-bez-prisustva-opozicije-usvojio-tekst-predsjednicke-zakletve\/#webpage\",\"url\":\"https:\/\/www.visit-ulcinj.com\/blog\/2008\/05\/20\/parlament-bez-prisustva-opozicije-usvojio-tekst-predsjednicke-zakletve\/\",\"name\":\"Parlament bez prisustva opozicije usvojio tekst predsjedni?ke zakletve - Lajme nga Ulqini\",\"isPartOf\":{\"@id\":\"https:\/\/www.visit-ulcinj.com\/blog\/#website\"},\"primaryImageOfPage\":{\"@id\":\"https:\/\/www.visit-ulcinj.com\/blog\/2008\/05\/20\/parlament-bez-prisustva-opozicije-usvojio-tekst-predsjednicke-zakletve\/#primaryimage\"},\"datePublished\":\"2008-05-20T13:35:47+00:00\",\"dateModified\":\"2008-05-20T14:28:06+00:00\",\"author\":{\"@id\":\"https:\/\/www.visit-ulcinj.com\/blog\/#\/schema\/person\/dcab619c614d3038751c63bc2aadc06d\"},\"breadcrumb\":{\"@id\":\"https:\/\/www.visit-ulcinj.com\/blog\/2008\/05\/20\/parlament-bez-prisustva-opozicije-usvojio-tekst-predsjednicke-zakletve\/#breadcrumb\"},\"inLanguage\":\"en-US\",\"potentialAction\":[{\"@type\":\"ReadAction\",\"target\":[\"https:\/\/www.visit-ulcinj.com\/blog\/2008\/05\/20\/parlament-bez-prisustva-opozicije-usvojio-tekst-predsjednicke-zakletve\/\"]}]},{\"@type\":\"BreadcrumbList\",\"@id\":\"https:\/\/www.visit-ulcinj.com\/blog\/2008\/05\/20\/parlament-bez-prisustva-opozicije-usvojio-tekst-predsjednicke-zakletve\/#breadcrumb\",\"itemListElement\":[{\"@type\":\"ListItem\",\"position\":1,\"name\":\"Parlament bez prisustva opozicije usvojio tekst predsjedni?ke zakletve\"}]},{\"@type\":\"Person\",\"@id\":\"https:\/\/www.visit-ulcinj.com\/blog\/#\/schema\/person\/dcab619c614d3038751c63bc2aadc06d\",\"name\":\"ulqini\",\"sameAs\":[\"http:\/\/www.visit-ulcinj.com\"],\"url\":\"https:\/\/www.visit-ulcinj.com\/blog\/author\/admin\/\"}]}<\/script>\n<!-- \/ Yoast SEO plugin. -->","yoast_head_json":{"title":"Parlament bez prisustva opozicije usvojio tekst predsjedni?ke zakletve - Lajme nga Ulqini","robots":{"index":"index","follow":"follow","max-snippet":"max-snippet:-1","max-image-preview":"max-image-preview:large","max-video-preview":"max-video-preview:-1"},"canonical":"https:\/\/www.visit-ulcinj.com\/blog\/2008\/05\/20\/parlament-bez-prisustva-opozicije-usvojio-tekst-predsjednicke-zakletve\/","og_locale":"en_US","og_type":"article","og_title":"Parlament bez prisustva opozicije usvojio tekst predsjedni?ke zakletve - Lajme nga Ulqini","og_url":"https:\/\/www.visit-ulcinj.com\/blog\/2008\/05\/20\/parlament-bez-prisustva-opozicije-usvojio-tekst-predsjednicke-zakletve\/","og_site_name":"Lajme nga Ulqini","article_published_time":"2008-05-20T13:35:47+00:00","article_modified_time":"2008-05-20T14:28:06+00:00","og_image":[{"url":"http:\/\/www.vijesti.cg.yu\/_slike\/1211237978.jpg"}],"twitter_misc":{"Written by":"ulqini","Est. reading time":"3 minutes"},"schema":{"@context":"https:\/\/schema.org","@graph":[{"@type":"WebSite","@id":"https:\/\/www.visit-ulcinj.com\/blog\/#website","url":"https:\/\/www.visit-ulcinj.com\/blog\/","name":"Lajme nga Ulqini","description":"Lajme,Vijesti,Ulqini,Ulqin,Crna Gora,Mali i Zi","potentialAction":[{"@type":"SearchAction","target":{"@type":"EntryPoint","urlTemplate":"https:\/\/www.visit-ulcinj.com\/blog\/?s={search_term_string}"},"query-input":"required name=search_term_string"}],"inLanguage":"en-US"},{"@type":"ImageObject","inLanguage":"en-US","@id":"https:\/\/www.visit-ulcinj.com\/blog\/2008\/05\/20\/parlament-bez-prisustva-opozicije-usvojio-tekst-predsjednicke-zakletve\/#primaryimage","url":"http:\/\/www.vijesti.cg.yu\/_slike\/1211237978.jpg","contentUrl":"http:\/\/www.vijesti.cg.yu\/_slike\/1211237978.jpg"},{"@type":"WebPage","@id":"https:\/\/www.visit-ulcinj.com\/blog\/2008\/05\/20\/parlament-bez-prisustva-opozicije-usvojio-tekst-predsjednicke-zakletve\/#webpage","url":"https:\/\/www.visit-ulcinj.com\/blog\/2008\/05\/20\/parlament-bez-prisustva-opozicije-usvojio-tekst-predsjednicke-zakletve\/","name":"Parlament bez prisustva opozicije usvojio tekst predsjedni?ke zakletve - Lajme nga Ulqini","isPartOf":{"@id":"https:\/\/www.visit-ulcinj.com\/blog\/#website"},"primaryImageOfPage":{"@id":"https:\/\/www.visit-ulcinj.com\/blog\/2008\/05\/20\/parlament-bez-prisustva-opozicije-usvojio-tekst-predsjednicke-zakletve\/#primaryimage"},"datePublished":"2008-05-20T13:35:47+00:00","dateModified":"2008-05-20T14:28:06+00:00","author":{"@id":"https:\/\/www.visit-ulcinj.com\/blog\/#\/schema\/person\/dcab619c614d3038751c63bc2aadc06d"},"breadcrumb":{"@id":"https:\/\/www.visit-ulcinj.com\/blog\/2008\/05\/20\/parlament-bez-prisustva-opozicije-usvojio-tekst-predsjednicke-zakletve\/#breadcrumb"},"inLanguage":"en-US","potentialAction":[{"@type":"ReadAction","target":["https:\/\/www.visit-ulcinj.com\/blog\/2008\/05\/20\/parlament-bez-prisustva-opozicije-usvojio-tekst-predsjednicke-zakletve\/"]}]},{"@type":"BreadcrumbList","@id":"https:\/\/www.visit-ulcinj.com\/blog\/2008\/05\/20\/parlament-bez-prisustva-opozicije-usvojio-tekst-predsjednicke-zakletve\/#breadcrumb","itemListElement":[{"@type":"ListItem","position":1,"name":"Parlament bez prisustva opozicije usvojio tekst predsjedni?ke zakletve"}]},{"@type":"Person","@id":"https:\/\/www.visit-ulcinj.com\/blog\/#\/schema\/person\/dcab619c614d3038751c63bc2aadc06d","name":"ulqini","sameAs":["http:\/\/www.visit-ulcinj.com"],"url":"https:\/\/www.visit-ulcinj.com\/blog\/author\/admin\/"}]}},"jetpack_featured_media_url":"","jetpack_sharing_enabled":true,"jetpack_shortlink":"https:\/\/wp.me\/pe6lTn-ro","_links":{"self":[{"href":"https:\/\/www.visit-ulcinj.com\/blog\/wp-json\/wp\/v2\/posts\/1698"}],"collection":[{"href":"https:\/\/www.visit-ulcinj.com\/blog\/wp-json\/wp\/v2\/posts"}],"about":[{"href":"https:\/\/www.visit-ulcinj.com\/blog\/wp-json\/wp\/v2\/types\/post"}],"author":[{"embeddable":true,"href":"https:\/\/www.visit-ulcinj.com\/blog\/wp-json\/wp\/v2\/users\/1"}],"replies":[{"embeddable":true,"href":"https:\/\/www.visit-ulcinj.com\/blog\/wp-json\/wp\/v2\/comments?post=1698"}],"version-history":[{"count":0,"href":"https:\/\/www.visit-ulcinj.com\/blog\/wp-json\/wp\/v2\/posts\/1698\/revisions"}],"wp:attachment":[{"href":"https:\/\/www.visit-ulcinj.com\/blog\/wp-json\/wp\/v2\/media?parent=1698"}],"wp:term":[{"taxonomy":"category","embeddable":true,"href":"https:\/\/www.visit-ulcinj.com\/blog\/wp-json\/wp\/v2\/categories?post=1698"},{"taxonomy":"post_tag","embeddable":true,"href":"https:\/\/www.visit-ulcinj.com\/blog\/wp-json\/wp\/v2\/tags?post=1698"}],"curies":[{"name":"wp","href":"https:\/\/api.w.org\/{rel}","templated":true}]}}