{"id":16999,"date":"2009-04-08T19:35:48","date_gmt":"2009-04-08T17:35:48","guid":{"rendered":"http:\/\/www.visit-ulcinj.com\/blog\/?p=16999"},"modified":"2009-04-08T19:35:48","modified_gmt":"2009-04-08T17:35:48","slug":"qeveria-e-malit-te-zi-hapi-te-shtunen-tenderet-per-plazhin-e-madh-dhe-aden","status":"publish","type":"post","link":"https:\/\/www.visit-ulcinj.com\/blog\/2009\/04\/08\/qeveria-e-malit-te-zi-hapi-te-shtunen-tenderet-per-plazhin-e-madh-dhe-aden\/","title":{"rendered":"Qeveria e Malit t\u00eb Zi hapi t\u00eb shtun\u00ebn tender\u00ebt p\u00ebr Plazhin e madh dhe Ad\u00ebn"},"content":{"rendered":"<p><strong><a href=\"http:\/\/www.visit-ulcinj.com\/blog\/wp-content\/uploads\/2009\/04\/plazha-e-madhe-ulqin.jpg\"><img loading=\"lazy\" class=\"alignleft size-full wp-image-17000\" title=\"plazha-e-madhe-ulqin\" src=\"http:\/\/www.visit-ulcinj.com\/blog\/wp-content\/uploads\/2009\/04\/plazha-e-madhe-ulqin.jpg\" alt=\"plazha-e-madhe-ulqin\" width=\"570\" height=\"400\" \/><\/a>Priten investitor\u00eb t\u00eb fuqish\u00ebm<\/strong><br \/>\nPodgoric\u00eb \u2013 Qeveria e Malit t\u00eb Zi ka hapur t\u00eb shtun\u00ebn tender\u00ebt p\u00ebr dh\u00ebnien me qira shum\u00ebvje\u00e7are t\u00eb Plazhit t\u00eb Madh dhe Ad\u00ebs.<br \/>\nQeveria i ka ftuar investitor\u00ebt nd\u00ebrkomb\u00ebtar\u00eb me aft\u00ebsi financiare dhe p\u00ebrvoj\u00eb n\u00eb projektim, nd\u00ebrtim, menaxhim dhe marketingun e komplekseve turistike ekskluzive q\u00eb t\u00eb dor\u00ebzojn\u00eb ofertat p\u00ebr zhvillimin e k\u00ebtyre komplekseve dhe marrjen me qira afatgjate t\u00eb Plazhit t\u00eb Madh.<br \/>\nN\u00eb baz\u00eb t\u00eb kushteve t\u00eb tender\u00ebve, t\u00eb drejt\u00eb pjes\u00ebmarrjeje n\u00eb t\u00eb kan\u00eb t\u00eb gjitha firmat apo konzorciumet q\u00eb e blejn\u00eb dokumentacionin e tenderit i cili kushton 50 mij\u00eb euro dhe n\u00ebnshkruajn\u00eb deklarat\u00ebn e besueshm\u00ebris\u00eb.<br \/>\nNj\u00eb nd\u00ebr kushtet e tenderit \u00ebsht\u00eb q\u00eb ofertuesi t\u00eb pakt\u00ebn tri prej tet\u00eb viteve t\u00eb fundit t\u00eb ket\u00eb menaxhuar objektet hotelierike, turistike, rekreative, kulturore, arsimore dhe afariste me sip\u00ebrfaqe prej 200 mij\u00eb metrash katror\u00eb dhe me nj\u00eb vler\u00eb prej t\u00eb pakt\u00ebn 300 milion\u00eb euro.<br \/>\n\u201cPjes\u00ebmarr\u00ebsi n\u00eb tender apo udh\u00ebheq\u00ebsi i konzorciumit duhet t\u00eb ket\u00eb xhiro vjetore prej t\u00eb pakt\u00ebn 400 milion\u00eb euro gjat\u00eb tri viteve t\u00eb fundit\u201d, thuhet n\u00eb kushtet e tenderit.<br \/>\nT\u00eb interesuarit duhet ta dor\u00ebzojn\u00eb dokumentacionin deri m\u00eb 28 maj, kurse ofertat p\u00ebrfundimtare deri m\u00eb 1 shtator.<br \/>\n\u201cKrahas ofert\u00ebs, ofertuesi duhet t\u00eb dor\u00ebzoj\u00eb edhe garancionin bankar p\u00ebr t\u00eb n\u00eb shum\u00eb prej nj\u00eb milion euro, kurse p\u00ebr Ad\u00ebn prej 500 mij\u00eb euro\u201d, kan\u00eb sakt\u00ebsuar nga Qeveria.<br \/>\nN\u00eb thirrjen publike thuhet se q\u00ebllimi i tenderit \u00ebsht\u00eb zhvillimi i Plazhit t\u00eb Madh dhe i Ad\u00ebs si komplekse eksluzive ku p\u00ebrfshihen objekte hotelierike, objekte p\u00ebr pushim dhe sport, vila dhe apartamente p\u00ebr banim, si dhe objekte t\u00eb tjera n\u00eb harmoni me mjedisin natyror t\u00eb paprekur.<br \/>\nPlazhi i Madh ndodhet n\u00eb skajin m\u00eb jugor t\u00eb Malit t\u00eb Zi nd\u00ebrmjet Ulqinit dhe rezervatit natyror Ada. N\u00eb kuad\u00ebr t\u00eb Plazhit t\u00eb Madh \u00ebsht\u00eb plazhi ranor i gjat\u00eb 13 kilometra, me gjer\u00ebsi 60-100 metra, gj\u00eb q\u00eb ofron rast unik p\u00ebr nd\u00ebrtimin e kompleksit turistik t\u00eb p\u00ebrmasave t\u00eb m\u00ebdha.<br \/>\nSip\u00ebrfaqja e p\u00ebrgjithshme p\u00ebr zhvillim \u00ebsht\u00eb 1.35 mij\u00eb hektar\u00eb, kurse Qeveria ofron me qira 903 hektar\u00eb n\u00eb pron\u00ebsi shtet\u00ebrore p\u00ebr nj\u00eb periudh\u00eb prej 90 vjet\u00ebsh.<br \/>\nUjdhesa Ada gjendet n\u00eb gryk\u00ebn e lumit Buna, posedon plazhin e gjat\u00eb 2.7 kilometra dhe t\u00eb gjer\u00eb 30 metra.<br \/>\nN\u00eb kuad\u00ebr t\u00eb k\u00ebtij kompleksi \u00ebsht\u00eb parashikuar nd\u00ebrtimi i 2 500 shtret\u00ebrve, si dhe t\u00eb pakt\u00ebn nj\u00eb hoteli i cili do t\u00eb funksionoj\u00eb sipas standardeve nd\u00ebrkomb\u00ebtare me kat\u00ebr apo pes\u00eb yje, kurse me t\u00eb do t\u00eb menaxhoj\u00eb nj\u00eb operator i njohur turistik.<br \/>\nInteresim p\u00ebr t\u00eb investuar e m\u00eb pas menaxhuar me komplekset turistike Plazhi i Madh dhe Ada kan\u00eb shfaqur shum\u00eb kompani t\u00eb njohura nd\u00ebrkomb\u00ebtare n\u00eb thirrjen publike t\u00eb b\u00ebr\u00eb vitin e kaluar nga Qeveria e Malit t\u00eb Zi.<br \/>\n<strong>Kohapress<\/strong><\/p>\n<!-- vimeo error: not a vimeo video -->\n","protected":false},"excerpt":{"rendered":"<p>Priten investitor\u00eb t\u00eb fuqish\u00ebm Podgoric\u00eb \u2013 Qeveria e Malit t\u00eb Zi ka hapur t\u00eb shtun\u00ebn tender\u00ebt p\u00ebr dh\u00ebnien me qira shum\u00ebvje\u00e7are t\u00eb Plazhit t\u00eb Madh dhe Ad\u00ebs. Qeveria i ka ftuar investitor\u00ebt nd\u00ebrkomb\u00ebtar\u00eb me aft\u00ebsi financiare dhe p\u00ebrvoj\u00eb n\u00eb projektim, nd\u00ebrtim, menaxhim dhe marketingun e komplekseve turistike ekskluzive q\u00eb t\u00eb dor\u00ebzojn\u00eb ofertat p\u00ebr zhvillimin e [&hellip;]<\/p>\n","protected":false},"author":1,"featured_media":0,"comment_status":"open","ping_status":"closed","sticky":false,"template":"","format":"standard","meta":{"spay_email":"","jetpack_publicize_message":"","jetpack_is_tweetstorm":false,"jetpack_publicize_feature_enabled":true},"categories":[15],"tags":[95,8813,200,18],"jetpack_publicize_connections":[],"yoast_head":"<!-- This site is optimized with the Yoast SEO plugin v19.1 - https:\/\/yoast.com\/wordpress\/plugins\/seo\/ -->\n<title>Qeveria e Malit t\u00eb Zi hapi t\u00eb shtun\u00ebn tender\u00ebt p\u00ebr Plazhin e madh dhe Ad\u00ebn - Lajme nga Ulqini<\/title>\n<meta name=\"description\" content=\"Priten investitor\u00eb t\u00eb fuqish\u00ebm Podgoric\u00eb \u2013 Qeveria e Malit t\u00eb Zi ka hapur t\u00eb shtun\u00ebn tender\u00ebt p\u00ebr dh\u00ebnien me qira shum\u00ebvje\u00e7are t\u00eb Plazhit t\u00eb Madh dhe\" \/>\n<meta name=\"robots\" content=\"index, follow, max-snippet:-1, max-image-preview:large, max-video-preview:-1\" \/>\n<link rel=\"canonical\" href=\"https:\/\/www.visit-ulcinj.com\/blog\/2009\/04\/08\/qeveria-e-malit-te-zi-hapi-te-shtunen-tenderet-per-plazhin-e-madh-dhe-aden\/\" \/>\n<meta property=\"og:locale\" content=\"en_US\" \/>\n<meta property=\"og:type\" content=\"article\" \/>\n<meta property=\"og:title\" content=\"Qeveria e Malit t\u00eb Zi hapi t\u00eb shtun\u00ebn tender\u00ebt p\u00ebr Plazhin e madh dhe Ad\u00ebn - Lajme nga Ulqini\" \/>\n<meta property=\"og:description\" content=\"Priten investitor\u00eb t\u00eb fuqish\u00ebm Podgoric\u00eb \u2013 Qeveria e Malit t\u00eb Zi ka hapur t\u00eb shtun\u00ebn tender\u00ebt p\u00ebr dh\u00ebnien me qira shum\u00ebvje\u00e7are t\u00eb Plazhit t\u00eb Madh dhe\" \/>\n<meta property=\"og:url\" content=\"https:\/\/www.visit-ulcinj.com\/blog\/2009\/04\/08\/qeveria-e-malit-te-zi-hapi-te-shtunen-tenderet-per-plazhin-e-madh-dhe-aden\/\" \/>\n<meta property=\"og:site_name\" content=\"Lajme nga Ulqini\" \/>\n<meta property=\"article:published_time\" content=\"2009-04-08T17:35:48+00:00\" \/>\n<meta property=\"og:image\" content=\"http:\/\/www.visit-ulcinj.com\/blog\/wp-content\/uploads\/2009\/04\/plazha-e-madhe-ulqin.jpg\" \/>\n<meta name=\"twitter:label1\" content=\"Written by\" \/>\n\t<meta name=\"twitter:data1\" content=\"ulqini\" \/>\n\t<meta name=\"twitter:label2\" content=\"Est. reading time\" \/>\n\t<meta name=\"twitter:data2\" content=\"2 minutes\" \/>\n<script type=\"application\/ld+json\" class=\"yoast-schema-graph\">{\"@context\":\"https:\/\/schema.org\",\"@graph\":[{\"@type\":\"WebSite\",\"@id\":\"https:\/\/www.visit-ulcinj.com\/blog\/#website\",\"url\":\"https:\/\/www.visit-ulcinj.com\/blog\/\",\"name\":\"Lajme nga Ulqini\",\"description\":\"Lajme,Vijesti,Ulqini,Ulqin,Crna Gora,Mali i Zi\",\"potentialAction\":[{\"@type\":\"SearchAction\",\"target\":{\"@type\":\"EntryPoint\",\"urlTemplate\":\"https:\/\/www.visit-ulcinj.com\/blog\/?s={search_term_string}\"},\"query-input\":\"required name=search_term_string\"}],\"inLanguage\":\"en-US\"},{\"@type\":\"ImageObject\",\"inLanguage\":\"en-US\",\"@id\":\"https:\/\/www.visit-ulcinj.com\/blog\/2009\/04\/08\/qeveria-e-malit-te-zi-hapi-te-shtunen-tenderet-per-plazhin-e-madh-dhe-aden\/#primaryimage\",\"url\":\"https:\/\/www.visit-ulcinj.com\/blog\/wp-content\/uploads\/2009\/04\/plazha-e-madhe-ulqin.jpg\",\"contentUrl\":\"https:\/\/www.visit-ulcinj.com\/blog\/wp-content\/uploads\/2009\/04\/plazha-e-madhe-ulqin.jpg\",\"width\":\"640\",\"height\":\"428\"},{\"@type\":\"WebPage\",\"@id\":\"https:\/\/www.visit-ulcinj.com\/blog\/2009\/04\/08\/qeveria-e-malit-te-zi-hapi-te-shtunen-tenderet-per-plazhin-e-madh-dhe-aden\/#webpage\",\"url\":\"https:\/\/www.visit-ulcinj.com\/blog\/2009\/04\/08\/qeveria-e-malit-te-zi-hapi-te-shtunen-tenderet-per-plazhin-e-madh-dhe-aden\/\",\"name\":\"Qeveria e Malit t\u00eb Zi hapi t\u00eb shtun\u00ebn tender\u00ebt p\u00ebr Plazhin e madh dhe Ad\u00ebn - Lajme nga Ulqini\",\"isPartOf\":{\"@id\":\"https:\/\/www.visit-ulcinj.com\/blog\/#website\"},\"primaryImageOfPage\":{\"@id\":\"https:\/\/www.visit-ulcinj.com\/blog\/2009\/04\/08\/qeveria-e-malit-te-zi-hapi-te-shtunen-tenderet-per-plazhin-e-madh-dhe-aden\/#primaryimage\"},\"datePublished\":\"2009-04-08T17:35:48+00:00\",\"dateModified\":\"2009-04-08T17:35:48+00:00\",\"author\":{\"@id\":\"https:\/\/www.visit-ulcinj.com\/blog\/#\/schema\/person\/dcab619c614d3038751c63bc2aadc06d\"},\"description\":\"Priten investitor\u00eb t\u00eb fuqish\u00ebm Podgoric\u00eb \u2013 Qeveria e Malit t\u00eb Zi ka hapur t\u00eb shtun\u00ebn tender\u00ebt p\u00ebr dh\u00ebnien me qira shum\u00ebvje\u00e7are t\u00eb Plazhit t\u00eb Madh dhe\",\"breadcrumb\":{\"@id\":\"https:\/\/www.visit-ulcinj.com\/blog\/2009\/04\/08\/qeveria-e-malit-te-zi-hapi-te-shtunen-tenderet-per-plazhin-e-madh-dhe-aden\/#breadcrumb\"},\"inLanguage\":\"en-US\",\"potentialAction\":[{\"@type\":\"ReadAction\",\"target\":[\"https:\/\/www.visit-ulcinj.com\/blog\/2009\/04\/08\/qeveria-e-malit-te-zi-hapi-te-shtunen-tenderet-per-plazhin-e-madh-dhe-aden\/\"]}]},{\"@type\":\"BreadcrumbList\",\"@id\":\"https:\/\/www.visit-ulcinj.com\/blog\/2009\/04\/08\/qeveria-e-malit-te-zi-hapi-te-shtunen-tenderet-per-plazhin-e-madh-dhe-aden\/#breadcrumb\",\"itemListElement\":[{\"@type\":\"ListItem\",\"position\":1,\"name\":\"Qeveria e Malit t\u00eb Zi hapi t\u00eb shtun\u00ebn tender\u00ebt p\u00ebr Plazhin e madh dhe Ad\u00ebn\"}]},{\"@type\":\"Person\",\"@id\":\"https:\/\/www.visit-ulcinj.com\/blog\/#\/schema\/person\/dcab619c614d3038751c63bc2aadc06d\",\"name\":\"ulqini\",\"sameAs\":[\"http:\/\/www.visit-ulcinj.com\"],\"url\":\"https:\/\/www.visit-ulcinj.com\/blog\/author\/admin\/\"}]}<\/script>\n<!-- \/ Yoast SEO plugin. -->","yoast_head_json":{"title":"Qeveria e Malit t\u00eb Zi hapi t\u00eb shtun\u00ebn tender\u00ebt p\u00ebr Plazhin e madh dhe Ad\u00ebn - Lajme nga Ulqini","description":"Priten investitor\u00eb t\u00eb fuqish\u00ebm Podgoric\u00eb \u2013 Qeveria e Malit t\u00eb Zi ka hapur t\u00eb shtun\u00ebn tender\u00ebt p\u00ebr dh\u00ebnien me qira shum\u00ebvje\u00e7are t\u00eb Plazhit t\u00eb Madh dhe","robots":{"index":"index","follow":"follow","max-snippet":"max-snippet:-1","max-image-preview":"max-image-preview:large","max-video-preview":"max-video-preview:-1"},"canonical":"https:\/\/www.visit-ulcinj.com\/blog\/2009\/04\/08\/qeveria-e-malit-te-zi-hapi-te-shtunen-tenderet-per-plazhin-e-madh-dhe-aden\/","og_locale":"en_US","og_type":"article","og_title":"Qeveria e Malit t\u00eb Zi hapi t\u00eb shtun\u00ebn tender\u00ebt p\u00ebr Plazhin e madh dhe Ad\u00ebn - Lajme nga Ulqini","og_description":"Priten investitor\u00eb t\u00eb fuqish\u00ebm Podgoric\u00eb \u2013 Qeveria e Malit t\u00eb Zi ka hapur t\u00eb shtun\u00ebn tender\u00ebt p\u00ebr dh\u00ebnien me qira shum\u00ebvje\u00e7are t\u00eb Plazhit t\u00eb Madh dhe","og_url":"https:\/\/www.visit-ulcinj.com\/blog\/2009\/04\/08\/qeveria-e-malit-te-zi-hapi-te-shtunen-tenderet-per-plazhin-e-madh-dhe-aden\/","og_site_name":"Lajme nga Ulqini","article_published_time":"2009-04-08T17:35:48+00:00","og_image":[{"url":"http:\/\/www.visit-ulcinj.com\/blog\/wp-content\/uploads\/2009\/04\/plazha-e-madhe-ulqin.jpg"}],"twitter_misc":{"Written by":"ulqini","Est. reading time":"2 minutes"},"schema":{"@context":"https:\/\/schema.org","@graph":[{"@type":"WebSite","@id":"https:\/\/www.visit-ulcinj.com\/blog\/#website","url":"https:\/\/www.visit-ulcinj.com\/blog\/","name":"Lajme nga Ulqini","description":"Lajme,Vijesti,Ulqini,Ulqin,Crna Gora,Mali i Zi","potentialAction":[{"@type":"SearchAction","target":{"@type":"EntryPoint","urlTemplate":"https:\/\/www.visit-ulcinj.com\/blog\/?s={search_term_string}"},"query-input":"required name=search_term_string"}],"inLanguage":"en-US"},{"@type":"ImageObject","inLanguage":"en-US","@id":"https:\/\/www.visit-ulcinj.com\/blog\/2009\/04\/08\/qeveria-e-malit-te-zi-hapi-te-shtunen-tenderet-per-plazhin-e-madh-dhe-aden\/#primaryimage","url":"https:\/\/www.visit-ulcinj.com\/blog\/wp-content\/uploads\/2009\/04\/plazha-e-madhe-ulqin.jpg","contentUrl":"https:\/\/www.visit-ulcinj.com\/blog\/wp-content\/uploads\/2009\/04\/plazha-e-madhe-ulqin.jpg","width":"640","height":"428"},{"@type":"WebPage","@id":"https:\/\/www.visit-ulcinj.com\/blog\/2009\/04\/08\/qeveria-e-malit-te-zi-hapi-te-shtunen-tenderet-per-plazhin-e-madh-dhe-aden\/#webpage","url":"https:\/\/www.visit-ulcinj.com\/blog\/2009\/04\/08\/qeveria-e-malit-te-zi-hapi-te-shtunen-tenderet-per-plazhin-e-madh-dhe-aden\/","name":"Qeveria e Malit t\u00eb Zi hapi t\u00eb shtun\u00ebn tender\u00ebt p\u00ebr Plazhin e madh dhe Ad\u00ebn - Lajme nga Ulqini","isPartOf":{"@id":"https:\/\/www.visit-ulcinj.com\/blog\/#website"},"primaryImageOfPage":{"@id":"https:\/\/www.visit-ulcinj.com\/blog\/2009\/04\/08\/qeveria-e-malit-te-zi-hapi-te-shtunen-tenderet-per-plazhin-e-madh-dhe-aden\/#primaryimage"},"datePublished":"2009-04-08T17:35:48+00:00","dateModified":"2009-04-08T17:35:48+00:00","author":{"@id":"https:\/\/www.visit-ulcinj.com\/blog\/#\/schema\/person\/dcab619c614d3038751c63bc2aadc06d"},"description":"Priten investitor\u00eb t\u00eb fuqish\u00ebm Podgoric\u00eb \u2013 Qeveria e Malit t\u00eb Zi ka hapur t\u00eb shtun\u00ebn tender\u00ebt p\u00ebr dh\u00ebnien me qira shum\u00ebvje\u00e7are t\u00eb Plazhit t\u00eb Madh dhe","breadcrumb":{"@id":"https:\/\/www.visit-ulcinj.com\/blog\/2009\/04\/08\/qeveria-e-malit-te-zi-hapi-te-shtunen-tenderet-per-plazhin-e-madh-dhe-aden\/#breadcrumb"},"inLanguage":"en-US","potentialAction":[{"@type":"ReadAction","target":["https:\/\/www.visit-ulcinj.com\/blog\/2009\/04\/08\/qeveria-e-malit-te-zi-hapi-te-shtunen-tenderet-per-plazhin-e-madh-dhe-aden\/"]}]},{"@type":"BreadcrumbList","@id":"https:\/\/www.visit-ulcinj.com\/blog\/2009\/04\/08\/qeveria-e-malit-te-zi-hapi-te-shtunen-tenderet-per-plazhin-e-madh-dhe-aden\/#breadcrumb","itemListElement":[{"@type":"ListItem","position":1,"name":"Qeveria e Malit t\u00eb Zi hapi t\u00eb shtun\u00ebn tender\u00ebt p\u00ebr Plazhin e madh dhe Ad\u00ebn"}]},{"@type":"Person","@id":"https:\/\/www.visit-ulcinj.com\/blog\/#\/schema\/person\/dcab619c614d3038751c63bc2aadc06d","name":"ulqini","sameAs":["http:\/\/www.visit-ulcinj.com"],"url":"https:\/\/www.visit-ulcinj.com\/blog\/author\/admin\/"}]}},"jetpack_featured_media_url":"","jetpack_sharing_enabled":true,"jetpack_shortlink":"https:\/\/wp.me\/pe6lTn-4qb","_links":{"self":[{"href":"https:\/\/www.visit-ulcinj.com\/blog\/wp-json\/wp\/v2\/posts\/16999"}],"collection":[{"href":"https:\/\/www.visit-ulcinj.com\/blog\/wp-json\/wp\/v2\/posts"}],"about":[{"href":"https:\/\/www.visit-ulcinj.com\/blog\/wp-json\/wp\/v2\/types\/post"}],"author":[{"embeddable":true,"href":"https:\/\/www.visit-ulcinj.com\/blog\/wp-json\/wp\/v2\/users\/1"}],"replies":[{"embeddable":true,"href":"https:\/\/www.visit-ulcinj.com\/blog\/wp-json\/wp\/v2\/comments?post=16999"}],"version-history":[{"count":0,"href":"https:\/\/www.visit-ulcinj.com\/blog\/wp-json\/wp\/v2\/posts\/16999\/revisions"}],"wp:attachment":[{"href":"https:\/\/www.visit-ulcinj.com\/blog\/wp-json\/wp\/v2\/media?parent=16999"}],"wp:term":[{"taxonomy":"category","embeddable":true,"href":"https:\/\/www.visit-ulcinj.com\/blog\/wp-json\/wp\/v2\/categories?post=16999"},{"taxonomy":"post_tag","embeddable":true,"href":"https:\/\/www.visit-ulcinj.com\/blog\/wp-json\/wp\/v2\/tags?post=16999"}],"curies":[{"name":"wp","href":"https:\/\/api.w.org\/{rel}","templated":true}]}}