{"id":17003,"date":"2009-04-08T19:53:50","date_gmt":"2009-04-08T17:53:50","guid":{"rendered":"http:\/\/www.visit-ulcinj.com\/blog\/?p=17003"},"modified":"2009-04-08T19:53:50","modified_gmt":"2009-04-08T17:53:50","slug":"kater-mandate-per-partite-shqiptare","status":"publish","type":"post","link":"https:\/\/www.visit-ulcinj.com\/blog\/2009\/04\/08\/kater-mandate-per-partite-shqiptare\/","title":{"rendered":"Kat\u00ebr mandate p\u00ebr partit\u00eb shqiptare"},"content":{"rendered":"<p><a href=\"http:\/\/www.visit-ulcinj.com\/blog\/wp-content\/uploads\/2009\/04\/koalicioni-shqiptar-ne-mal-te-zi2.jpg\"><img loading=\"lazy\" class=\"alignleft size-full wp-image-17004\" title=\"koalicioni-shqiptar-ne-mal-te-zi2\" src=\"http:\/\/www.visit-ulcinj.com\/blog\/wp-content\/uploads\/2009\/04\/koalicioni-shqiptar-ne-mal-te-zi2.jpg\" alt=\"koalicioni-shqiptar-ne-mal-te-zi2\" width=\"366\" height=\"506\" srcset=\"https:\/\/www.visit-ulcinj.com\/blog\/wp-content\/uploads\/2009\/04\/koalicioni-shqiptar-ne-mal-te-zi2.jpg 415w, https:\/\/www.visit-ulcinj.com\/blog\/wp-content\/uploads\/2009\/04\/koalicioni-shqiptar-ne-mal-te-zi2-217x300.jpg 217w\" sizes=\"(max-width: 366px) 100vw, 366px\" \/><\/a>Mbetet shpresa se partit\u00eb shqiptare n\u00eb Parlamentin e Malit t\u00eb Zi m\u00eb n\u00eb fund do ta formojn\u00eb Klubin e tyre, gj\u00eb q\u00eb nuk ishte rasti n\u00eb mandatin e deritash\u00ebm si dhe t\u00eb ken\u00eb nj\u00eb konsensus, s\u00eb paku, rreth \u00e7\u00ebshtjeve ky\u00e7e, q\u00eb, poashtu, mungonte deri tani.<br \/>\nT\u00eb diel\u00ebn q\u00eb shkoi u mbajt\u00ebn zgjedhjet e parakohshme parlamentare n\u00eb Mal t\u00eb Zi. Koalicioni n\u00eb pushtet mori 48 vende n\u00eb Parlament. Partit\u00eb e opozit\u00ebs q\u00eb i takojn\u00eb krahut serb n\u00eb Mal t\u00eb Zi, mor\u00ebn gjithsej 28 mandate. Mandatet e tjera (4) u takuan subjekteve nacionale shqiptare<br \/>\nShikuar n\u00eb t\u00ebr\u00ebsi, p\u00ebr ne k\u00ebto zgjedhje mund t\u00eb thuhet se paraqesin nj\u00eb kthes\u00eb sa i p\u00ebrket faktit se, madje, gjasht\u00eb parti dhe koalicione politike n\u00eb nj\u00ebsin\u00eb e madhe zgjedhore, nuk kan\u00eb mundur ta arrijn\u00eb censusin t\u2019i sigurojn\u00eb mandatet, k\u00ebshtu q\u00eb mund t\u00eb thuhet se tashm\u00eb ekziston nj\u00eb pasqyr\u00eb e vendeve n\u00eb Parlament nga e cila jan\u00eb zhdukur subjektet e vogla politike. Pasqyra duket k\u00ebshtu:<\/p>\n<ul>\n<li><strong>I &#8211; Koalicioni p\u00ebr Malin e Zi Europian<\/strong>,<\/li>\n<\/ul>\n<ul>\n<li><strong>II &#8211; Krahu i partive t\u00eb m\u00ebdha opozitare t\u00eb provenjenc\u00ebs serbe (Partia Socialiste Popullore,Demokracia e Re Serbe dhe L\u00ebvizja p\u00ebr Ndryshime)<\/strong><\/li>\n<\/ul>\n<ul>\n<li><strong>III &#8211; Partit\u00eb shqiptare.<\/strong><\/li>\n<\/ul>\n<p>N\u00eb t\u00eb ardhmen kur t\u00eb b\u00ebhet analiza e asaj se si kan\u00eb kaluar partit\u00eb dhe koalicionet shqiptare n\u00eb k\u00ebto zgjedhje, do t\u00eb duhej t\u00eb konstatohej ajo q\u00eb \u00ebsht\u00eb kryesorja, fakti se p\u00ebr t\u00eb par\u00ebn her\u00eb kat\u00ebr subjekte nacionale shqiptare kan\u00eb hyr\u00eb n\u00eb Parlamentin e Malit t\u00eb Zi. Shikuar n\u00eb t\u00ebr\u00ebsi, ky \u00ebsht\u00eb nj\u00eb rezultat i mrekulluesh\u00ebm. Ve\u00e7an\u00ebrisht kur merret n\u00eb konsiderim shembja e Alternativ\u00ebs Shqiptare pak para shpalljes s\u00eb zgjedhjeve dhe dezorientimi i mundsh\u00ebm i votuesve shqiptar\u00eb n\u00eb Mal\u00ebsi. Mir\u00ebpo, elektorati shqiptar ka treguar se \u00ebsht\u00eb m\u00eb koshient dhe largpam\u00ebs se \u00e7far\u00eb mendohet dhe populli \u00ebsht\u00eb ai i cili do t\u00eb na shpie n\u00eb Europ\u00eb.<br \/>\nP\u00ebr nj\u00eb pasqyr\u00eb m\u00eb t\u00eb qart\u00eb duhet t\u00eb disponohet me m\u00eb tep\u00ebr t\u00eb dh\u00ebna sipas rajoneve, ve\u00e7an\u00ebrisht kur \u00ebsht\u00eb fjala p\u00ebr koalicionet. P\u00ebr k\u00ebt\u00eb nevojitet nj\u00eb analiz\u00eb m\u00eb e holl\u00ebsishme. Mir\u00ebpo, qysh tani, mund t\u00eb v\u00ebrehen dy karakteristika t\u00eb zgjedhjeve n\u00eb t\u00ebr\u00ebsi:<\/p>\n<ul>\n<li><strong>1) D\u00ebshtimi i partive dhe koalicioneve t\u00eb vogla q\u00eb i takojn\u00eb nj\u00ebsis\u00eb s\u00eb madhe zgjedhore.<\/strong><\/li>\n<\/ul>\n<ul>\n<li><strong>2) P\u00ebr t\u00eb par\u00ebn her\u00eb n\u00eb Parlamentin e Malit t\u00eb Zi do t\u00eb jen\u00eb kat\u00ebr mandate q\u00eb vijn\u00eb nga partit\u00eb (ose koalicionet) politike shqiptare:<br \/>\n<\/strong><\/li>\n<li><strong>UDSH \u2013 4800 vota, <\/strong><\/li>\n<li><strong>Forca e Re Demokratike \u2013 3100 vota,<br \/>\n<\/strong><\/li>\n<li><strong>Lista Shqiptare \u2013 2900 vota dhe<br \/>\n<\/strong><\/li>\n<li><strong>Koalicioni Shqiptar \u201cPerspektiva\u201d \u2013 2600 vota.<br \/>\n<\/strong><\/li>\n<li><strong>Nga partit\u00eb shqiptare n\u00eb Parlament nuk ka hyr\u00eb PPD e cila ka marr\u00eb 800 vota.<\/strong><\/li>\n<\/ul>\n<p>Mbetet shpresa se partit\u00eb shqiptare n\u00eb Parlamentin e Malit t\u00eb Zi m\u00eb n\u00eb fund do ta formojn\u00eb Klubin e tyre, gj\u00eb q\u00eb nuk ishte rasti n\u00eb mandatin e deritash\u00ebm si dhe t\u00eb ken\u00eb nj\u00eb konsensus, s\u00eb paku, rreth \u00e7\u00ebshtjeve ky\u00e7e, q\u00eb, poashtu, mungonte deri tani.<\/p>\n<p><strong><a href=\"mailto:xhoanaperkaj@yahoo.com\">xhoanaperkaj@yahoo.com<\/a><\/strong><br \/>\n<strong>Xhoana M.Perkaj<br \/>\nKoha Javore<\/strong><\/p>\n","protected":false},"excerpt":{"rendered":"<p>Mbetet shpresa se partit\u00eb shqiptare n\u00eb Parlamentin e Malit t\u00eb Zi m\u00eb n\u00eb fund do ta formojn\u00eb Klubin e tyre, gj\u00eb q\u00eb nuk ishte rasti n\u00eb mandatin e deritash\u00ebm si dhe t\u00eb ken\u00eb nj\u00eb konsensus, s\u00eb paku, rreth \u00e7\u00ebshtjeve ky\u00e7e, q\u00eb, poashtu, mungonte deri tani. T\u00eb diel\u00ebn q\u00eb shkoi u mbajt\u00ebn zgjedhjet e parakohshme parlamentare [&hellip;]<\/p>\n","protected":false},"author":1,"featured_media":0,"comment_status":"open","ping_status":"closed","sticky":false,"template":"","format":"standard","meta":{"spay_email":"","jetpack_publicize_message":"","jetpack_is_tweetstorm":false,"jetpack_publicize_feature_enabled":true},"categories":[13],"tags":[8815,8825,8816,8826,8817,8818,8821,8819,8814,8820,8824,8823,8822],"jetpack_publicize_connections":[],"yoast_head":"<!-- This site is optimized with the Yoast SEO plugin v19.1 - https:\/\/yoast.com\/wordpress\/plugins\/seo\/ -->\n<title>Kat\u00ebr mandate p\u00ebr partit\u00eb shqiptare - Lajme nga Ulqini<\/title>\n<meta name=\"description\" content=\"Mbetet shpresa se partit\u00eb shqiptare n\u00eb Parlamentin e Malit t\u00eb Zi m\u00eb n\u00eb fund do ta formojn\u00eb Klubin e tyre, gj\u00eb q\u00eb nuk ishte rasti n\u00eb mandatin e deritash\u00ebm\" \/>\n<meta name=\"robots\" content=\"index, follow, max-snippet:-1, max-image-preview:large, max-video-preview:-1\" \/>\n<link rel=\"canonical\" href=\"https:\/\/www.visit-ulcinj.com\/blog\/2009\/04\/08\/kater-mandate-per-partite-shqiptare\/\" \/>\n<meta property=\"og:locale\" content=\"en_US\" \/>\n<meta property=\"og:type\" content=\"article\" \/>\n<meta property=\"og:title\" content=\"Kat\u00ebr mandate p\u00ebr partit\u00eb shqiptare - Lajme nga Ulqini\" \/>\n<meta property=\"og:description\" content=\"Mbetet shpresa se partit\u00eb shqiptare n\u00eb Parlamentin e Malit t\u00eb Zi m\u00eb n\u00eb fund do ta formojn\u00eb Klubin e tyre, gj\u00eb q\u00eb nuk ishte rasti n\u00eb mandatin e deritash\u00ebm\" \/>\n<meta property=\"og:url\" content=\"https:\/\/www.visit-ulcinj.com\/blog\/2009\/04\/08\/kater-mandate-per-partite-shqiptare\/\" \/>\n<meta property=\"og:site_name\" content=\"Lajme nga Ulqini\" \/>\n<meta property=\"article:published_time\" content=\"2009-04-08T17:53:50+00:00\" \/>\n<meta property=\"og:image\" content=\"http:\/\/www.visit-ulcinj.com\/blog\/wp-content\/uploads\/2009\/04\/koalicioni-shqiptar-ne-mal-te-zi2.jpg\" \/>\n<meta name=\"twitter:label1\" content=\"Written by\" \/>\n\t<meta name=\"twitter:data1\" content=\"ulqini\" \/>\n\t<meta name=\"twitter:label2\" content=\"Est. reading time\" \/>\n\t<meta name=\"twitter:data2\" content=\"3 minutes\" \/>\n<script type=\"application\/ld+json\" class=\"yoast-schema-graph\">{\"@context\":\"https:\/\/schema.org\",\"@graph\":[{\"@type\":\"WebSite\",\"@id\":\"https:\/\/www.visit-ulcinj.com\/blog\/#website\",\"url\":\"https:\/\/www.visit-ulcinj.com\/blog\/\",\"name\":\"Lajme nga Ulqini\",\"description\":\"Lajme,Vijesti,Ulqini,Ulqin,Crna Gora,Mali i Zi\",\"potentialAction\":[{\"@type\":\"SearchAction\",\"target\":{\"@type\":\"EntryPoint\",\"urlTemplate\":\"https:\/\/www.visit-ulcinj.com\/blog\/?s={search_term_string}\"},\"query-input\":\"required name=search_term_string\"}],\"inLanguage\":\"en-US\"},{\"@type\":\"ImageObject\",\"inLanguage\":\"en-US\",\"@id\":\"https:\/\/www.visit-ulcinj.com\/blog\/2009\/04\/08\/kater-mandate-per-partite-shqiptare\/#primaryimage\",\"url\":\"https:\/\/www.visit-ulcinj.com\/blog\/wp-content\/uploads\/2009\/04\/koalicioni-shqiptar-ne-mal-te-zi2.jpg\",\"contentUrl\":\"https:\/\/www.visit-ulcinj.com\/blog\/wp-content\/uploads\/2009\/04\/koalicioni-shqiptar-ne-mal-te-zi2.jpg\",\"width\":\"415\",\"height\":\"573\"},{\"@type\":\"WebPage\",\"@id\":\"https:\/\/www.visit-ulcinj.com\/blog\/2009\/04\/08\/kater-mandate-per-partite-shqiptare\/#webpage\",\"url\":\"https:\/\/www.visit-ulcinj.com\/blog\/2009\/04\/08\/kater-mandate-per-partite-shqiptare\/\",\"name\":\"Kat\u00ebr mandate p\u00ebr partit\u00eb shqiptare - Lajme nga Ulqini\",\"isPartOf\":{\"@id\":\"https:\/\/www.visit-ulcinj.com\/blog\/#website\"},\"primaryImageOfPage\":{\"@id\":\"https:\/\/www.visit-ulcinj.com\/blog\/2009\/04\/08\/kater-mandate-per-partite-shqiptare\/#primaryimage\"},\"datePublished\":\"2009-04-08T17:53:50+00:00\",\"dateModified\":\"2009-04-08T17:53:50+00:00\",\"author\":{\"@id\":\"https:\/\/www.visit-ulcinj.com\/blog\/#\/schema\/person\/dcab619c614d3038751c63bc2aadc06d\"},\"description\":\"Mbetet shpresa se partit\u00eb shqiptare n\u00eb Parlamentin e Malit t\u00eb Zi m\u00eb n\u00eb fund do ta formojn\u00eb Klubin e tyre, gj\u00eb q\u00eb nuk ishte rasti n\u00eb mandatin e deritash\u00ebm\",\"breadcrumb\":{\"@id\":\"https:\/\/www.visit-ulcinj.com\/blog\/2009\/04\/08\/kater-mandate-per-partite-shqiptare\/#breadcrumb\"},\"inLanguage\":\"en-US\",\"potentialAction\":[{\"@type\":\"ReadAction\",\"target\":[\"https:\/\/www.visit-ulcinj.com\/blog\/2009\/04\/08\/kater-mandate-per-partite-shqiptare\/\"]}]},{\"@type\":\"BreadcrumbList\",\"@id\":\"https:\/\/www.visit-ulcinj.com\/blog\/2009\/04\/08\/kater-mandate-per-partite-shqiptare\/#breadcrumb\",\"itemListElement\":[{\"@type\":\"ListItem\",\"position\":1,\"name\":\"Kat\u00ebr mandate p\u00ebr partit\u00eb shqiptare\"}]},{\"@type\":\"Person\",\"@id\":\"https:\/\/www.visit-ulcinj.com\/blog\/#\/schema\/person\/dcab619c614d3038751c63bc2aadc06d\",\"name\":\"ulqini\",\"sameAs\":[\"http:\/\/www.visit-ulcinj.com\"],\"url\":\"https:\/\/www.visit-ulcinj.com\/blog\/author\/admin\/\"}]}<\/script>\n<!-- \/ Yoast SEO plugin. -->","yoast_head_json":{"title":"Kat\u00ebr mandate p\u00ebr partit\u00eb shqiptare - Lajme nga Ulqini","description":"Mbetet shpresa se partit\u00eb shqiptare n\u00eb Parlamentin e Malit t\u00eb Zi m\u00eb n\u00eb fund do ta formojn\u00eb Klubin e tyre, gj\u00eb q\u00eb nuk ishte rasti n\u00eb mandatin e deritash\u00ebm","robots":{"index":"index","follow":"follow","max-snippet":"max-snippet:-1","max-image-preview":"max-image-preview:large","max-video-preview":"max-video-preview:-1"},"canonical":"https:\/\/www.visit-ulcinj.com\/blog\/2009\/04\/08\/kater-mandate-per-partite-shqiptare\/","og_locale":"en_US","og_type":"article","og_title":"Kat\u00ebr mandate p\u00ebr partit\u00eb shqiptare - Lajme nga Ulqini","og_description":"Mbetet shpresa se partit\u00eb shqiptare n\u00eb Parlamentin e Malit t\u00eb Zi m\u00eb n\u00eb fund do ta formojn\u00eb Klubin e tyre, gj\u00eb q\u00eb nuk ishte rasti n\u00eb mandatin e deritash\u00ebm","og_url":"https:\/\/www.visit-ulcinj.com\/blog\/2009\/04\/08\/kater-mandate-per-partite-shqiptare\/","og_site_name":"Lajme nga Ulqini","article_published_time":"2009-04-08T17:53:50+00:00","og_image":[{"url":"http:\/\/www.visit-ulcinj.com\/blog\/wp-content\/uploads\/2009\/04\/koalicioni-shqiptar-ne-mal-te-zi2.jpg"}],"twitter_misc":{"Written by":"ulqini","Est. reading time":"3 minutes"},"schema":{"@context":"https:\/\/schema.org","@graph":[{"@type":"WebSite","@id":"https:\/\/www.visit-ulcinj.com\/blog\/#website","url":"https:\/\/www.visit-ulcinj.com\/blog\/","name":"Lajme nga Ulqini","description":"Lajme,Vijesti,Ulqini,Ulqin,Crna Gora,Mali i Zi","potentialAction":[{"@type":"SearchAction","target":{"@type":"EntryPoint","urlTemplate":"https:\/\/www.visit-ulcinj.com\/blog\/?s={search_term_string}"},"query-input":"required name=search_term_string"}],"inLanguage":"en-US"},{"@type":"ImageObject","inLanguage":"en-US","@id":"https:\/\/www.visit-ulcinj.com\/blog\/2009\/04\/08\/kater-mandate-per-partite-shqiptare\/#primaryimage","url":"https:\/\/www.visit-ulcinj.com\/blog\/wp-content\/uploads\/2009\/04\/koalicioni-shqiptar-ne-mal-te-zi2.jpg","contentUrl":"https:\/\/www.visit-ulcinj.com\/blog\/wp-content\/uploads\/2009\/04\/koalicioni-shqiptar-ne-mal-te-zi2.jpg","width":"415","height":"573"},{"@type":"WebPage","@id":"https:\/\/www.visit-ulcinj.com\/blog\/2009\/04\/08\/kater-mandate-per-partite-shqiptare\/#webpage","url":"https:\/\/www.visit-ulcinj.com\/blog\/2009\/04\/08\/kater-mandate-per-partite-shqiptare\/","name":"Kat\u00ebr mandate p\u00ebr partit\u00eb shqiptare - Lajme nga Ulqini","isPartOf":{"@id":"https:\/\/www.visit-ulcinj.com\/blog\/#website"},"primaryImageOfPage":{"@id":"https:\/\/www.visit-ulcinj.com\/blog\/2009\/04\/08\/kater-mandate-per-partite-shqiptare\/#primaryimage"},"datePublished":"2009-04-08T17:53:50+00:00","dateModified":"2009-04-08T17:53:50+00:00","author":{"@id":"https:\/\/www.visit-ulcinj.com\/blog\/#\/schema\/person\/dcab619c614d3038751c63bc2aadc06d"},"description":"Mbetet shpresa se partit\u00eb shqiptare n\u00eb Parlamentin e Malit t\u00eb Zi m\u00eb n\u00eb fund do ta formojn\u00eb Klubin e tyre, gj\u00eb q\u00eb nuk ishte rasti n\u00eb mandatin e deritash\u00ebm","breadcrumb":{"@id":"https:\/\/www.visit-ulcinj.com\/blog\/2009\/04\/08\/kater-mandate-per-partite-shqiptare\/#breadcrumb"},"inLanguage":"en-US","potentialAction":[{"@type":"ReadAction","target":["https:\/\/www.visit-ulcinj.com\/blog\/2009\/04\/08\/kater-mandate-per-partite-shqiptare\/"]}]},{"@type":"BreadcrumbList","@id":"https:\/\/www.visit-ulcinj.com\/blog\/2009\/04\/08\/kater-mandate-per-partite-shqiptare\/#breadcrumb","itemListElement":[{"@type":"ListItem","position":1,"name":"Kat\u00ebr mandate p\u00ebr partit\u00eb shqiptare"}]},{"@type":"Person","@id":"https:\/\/www.visit-ulcinj.com\/blog\/#\/schema\/person\/dcab619c614d3038751c63bc2aadc06d","name":"ulqini","sameAs":["http:\/\/www.visit-ulcinj.com"],"url":"https:\/\/www.visit-ulcinj.com\/blog\/author\/admin\/"}]}},"jetpack_featured_media_url":"","jetpack_sharing_enabled":true,"jetpack_shortlink":"https:\/\/wp.me\/pe6lTn-4qf","_links":{"self":[{"href":"https:\/\/www.visit-ulcinj.com\/blog\/wp-json\/wp\/v2\/posts\/17003"}],"collection":[{"href":"https:\/\/www.visit-ulcinj.com\/blog\/wp-json\/wp\/v2\/posts"}],"about":[{"href":"https:\/\/www.visit-ulcinj.com\/blog\/wp-json\/wp\/v2\/types\/post"}],"author":[{"embeddable":true,"href":"https:\/\/www.visit-ulcinj.com\/blog\/wp-json\/wp\/v2\/users\/1"}],"replies":[{"embeddable":true,"href":"https:\/\/www.visit-ulcinj.com\/blog\/wp-json\/wp\/v2\/comments?post=17003"}],"version-history":[{"count":0,"href":"https:\/\/www.visit-ulcinj.com\/blog\/wp-json\/wp\/v2\/posts\/17003\/revisions"}],"wp:attachment":[{"href":"https:\/\/www.visit-ulcinj.com\/blog\/wp-json\/wp\/v2\/media?parent=17003"}],"wp:term":[{"taxonomy":"category","embeddable":true,"href":"https:\/\/www.visit-ulcinj.com\/blog\/wp-json\/wp\/v2\/categories?post=17003"},{"taxonomy":"post_tag","embeddable":true,"href":"https:\/\/www.visit-ulcinj.com\/blog\/wp-json\/wp\/v2\/tags?post=17003"}],"curies":[{"name":"wp","href":"https:\/\/api.w.org\/{rel}","templated":true}]}}