{"id":17006,"date":"2009-04-08T19:59:17","date_gmt":"2009-04-08T17:59:17","guid":{"rendered":"http:\/\/www.visit-ulcinj.com\/blog\/?p=17006"},"modified":"2009-04-08T19:59:17","modified_gmt":"2009-04-08T17:59:17","slug":"populli-sfidon-lideret-ne-mal-te-zi","status":"publish","type":"post","link":"https:\/\/www.visit-ulcinj.com\/blog\/2009\/04\/08\/populli-sfidon-lideret-ne-mal-te-zi\/","title":{"rendered":"Populli sfidon lider\u00ebt n\u00eb Mal t\u00eb Zi"},"content":{"rendered":"<p><a href=\"http:\/\/www.visit-ulcinj.com\/blog\/wp-content\/uploads\/2009\/04\/populli-sfidon-lideret-ne-mal-te-zi.jpg\"><img loading=\"lazy\" class=\"alignleft size-full wp-image-17007\" title=\"populli-sfidon-lideret-ne-mal-te-zi\" src=\"http:\/\/www.visit-ulcinj.com\/blog\/wp-content\/uploads\/2009\/04\/populli-sfidon-lideret-ne-mal-te-zi.jpg\" alt=\"populli-sfidon-lideret-ne-mal-te-zi\" width=\"570\" height=\"370\" \/><\/a>Zgjedhjet e 29 marsit p\u00ebr shqiptar\u00ebt n\u00eb Mal t\u00eb Zi ishin nje sfid\u00eb tjet\u00ebr, nj\u00eb sfid\u00eb ndaj t\u00eb gjith\u00eb atyre q\u00eb mendonin se votat e shqiptar\u00ebve do t\u00eb shp\u00ebrndahen duke rrezikuar mandatet e p\u00ebrfaq\u00ebsuesve shqiptar\u00eb n\u00eb Parlamentin e Malit t\u00eb Zi. Ndodhi ajo q\u00eb as optimist\u00ebt m\u00eb t\u00eb m\u00ebdhenj nuk e prisnin &#8211; fituan kat\u00ebr nga pes\u00eb vendet e mundshme n\u00eb parlament. Votuesit shqiptar\u00eb votuan me nj\u00eb vet\u00ebdije t\u00eb lart\u00eb komb\u00ebtare, duke d\u00ebshmuar se shqiptar\u00ebt jan\u00eb politikisht t\u00eb pjekur dhe se ata din\u00eb t\u00eb marrin vendime t\u00eb r\u00ebnd\u00ebsishme politike.<br \/>\nAt\u00eb q\u00eb lider\u00ebt tan\u00eb politik\u00eb nuk arrit\u00ebn dot ta b\u00ebjn\u00eb &#8211; koalicionin gjithshqiptar, e kuror\u00ebzoi n\u00eb m\u00ebnyr\u00ebn m\u00eb t\u00eb mir\u00eb t\u00eb mundshme p\u00ebr momentin, populli yn\u00eb. Ai veproi me men\u00e7uri, duke vler\u00ebsuar at\u00eb q\u00eb ishte p\u00ebr t\u2019u vler\u00ebsuar dhe duke nd\u00ebshkuar at\u00eb q\u00eb ishte p\u00ebr t\u2019u nd\u00ebshkuar tek lider\u00ebt politik\u00eb dhe partit\u00eb politike. K\u00ebsaj rradhe nuk votuan me eufori, t\u00eb udh\u00ebhequr nga premtimet parazgjedhore apo mashtrimet e \u201cdhuratave t\u00eb Babadimrit\u201d. E kuptuan se vota e tyre kushton m\u00eb shum\u00eb se kaq, se \u00ebsht\u00eb n\u00eb pyetje p\u00ebrfaq\u00ebsimi i denj\u00eb si dhe jeta e tyre dhe e f\u00ebmij\u00ebve t\u00eb tyre.<br \/>\nAjo q\u00eb reflektoi dhe rezultoi me sukses, ishte konkurrenca brendapartiake, nd\u00ebrpartiake si dhe ajo rajonale. U d\u00ebshmua se, jo vet\u00ebm n\u00eb ekonomi por edhe n\u00eb politik\u00eb, konkurrenca \u00ebsht\u00eb ajo q\u00eb i shtyn t\u00eb gjith\u00eb pjes\u00ebmarr\u00ebsit t\u00eb angazhohen maksimalisht p\u00ebr fitore. N\u00eb nj\u00eb gar\u00eb atletike, pjes\u00ebmarr\u00ebsit do t\u00eb vrapojn\u00eb m\u00eb shpejt, sa m\u00eb shpejt q\u00eb vrapon i pari.<br \/>\nK\u00ebsaj rradhe kishim nj\u00eb fushat\u00eb m\u00eb tolerante dhe m\u00eb korrekte. K\u00ebsaj fryme i kontribuan m\u00eb t\u00eb rinjt\u00eb.<br \/>\nL\u00eb p\u00ebr t\u00eb d\u00ebshiruar p\u00ebrpilimi i listave, ku kriter kryesor \u00ebsht\u00eb ai &#8211; \u201cqytetar\u201d, \u201ckatundar\u201d, \u201cmysliman\u201d, \u201ckatolik\u201d etj., duke l\u00ebn\u00eb anash at\u00eb q\u00eb \u00ebsht\u00eb m\u00eb me r\u00ebnd\u00ebsi &#8211; aft\u00ebsit\u00eb , autoritetin e atributet e tjera t\u00eb kandidat\u00ebve, pra CV-t\u00eb e tyre. Ende \u00ebsht\u00eb m\u00eb me r\u00ebnd\u00ebsi prej nga je sesa kush je. Kjo \u00ebsht\u00eb e keqja e t\u00eb gjitha t\u00eb k\u00ebqijave sepse subjektet politike duhet t\u00eb jen\u00eb pionier\u00eb t\u00eb ndryshimeve pozitive, e jo promotor\u00eb t\u00eb ndasive, duke hapur edhe m\u00eb thell\u00eb hendekun ekzistues.<br \/>\nMe siguri me kalimin e koh\u00ebs gjeneratat e reja do t\u2019i tejkalojn\u00eb k\u00ebto, duke favorizuar mbi t\u00eb gjitha aft\u00ebsit\u00eb e kandidat\u00ebve, e jo p\u00ebrkat\u00ebsin\u00eb e tyre, \u00e7far\u00ebdo qofshin ato.<br \/>\nKy fenomen duhet t\u00eb na brengos\u00eb t\u00eb gjith\u00ebve, duke na obliguar p\u00ebr nj\u00eb angazhim m\u00eb t\u00eb madh n\u00eb eliminimin e k\u00ebsaj dukurie negative q\u00eb p\u00ebr fat t\u00eb keq vjen duke u thelluar. Subjektet politike dhe lider\u00ebt e tyre kan\u00eb p\u00ebr detyr\u00eb t\u00eb angazhohen n\u00eb eliminimin e saj, e jo ta ushqejn\u00eb e ta kultivojn\u00eb at\u00eb, duke nd\u00ebrtuar mbi t\u00eb karrier\u00ebn e tyre politike.<br \/>\nPra, kjo nuk don vet\u00ebm koh\u00eb, por edhe vullnet t\u00eb mir\u00eb t\u00eb t\u00eb gjith\u00ebve, e sidomos t\u00eb lider\u00ebve politik\u00eb. Populli k\u00ebt\u00eb e di mir\u00eb, por ata t\u00eb udh\u00ebhequr nga karrierizmi nuk zgjedhin metoda p\u00ebr realizimin e q\u00ebllimeve egoiste sipas paroll\u00ebs \u201cq\u00ebllimi arsyeton mjetin\u201d.<br \/>\nNj\u00eb dukuri tjet\u00ebr negative q\u00eb \u00ebsht\u00eb prezente te subjektet tona politike \u00ebsht\u00eb mosrespektimi, gjegj\u00ebsisht injorimi i grave dhe vajzave, sado t\u00eb afta t\u00eb jen\u00eb ato. Edhe pse ato p\u00ebrb\u00ebjn\u00eb mbi 50% t\u00eb votuesve, jan\u00eb t\u00eb shkolluara e t\u00eb ngritura, duke treguar gjat\u00eb t\u00ebr\u00eb shkollimit dhe pun\u00ebs aft\u00ebsi q\u00eb shpeshher\u00eb i tejkalojn\u00eb ato t\u00eb meshkujve, numri dhe rangimi i tyre \u00ebsht\u00eb vet\u00ebm formal. \u00cbsht\u00eb p\u00ebr t\u00eb ardhur keq p\u00ebr mentalitetin e t\u00eb gjith\u00eb atyre akter\u00ebve q\u00eb pajtohen me k\u00ebt\u00eb gjendje n\u00eb subjektin e tyre politik, por edhe p\u00ebr ato femra qe pajtohen me nj\u00eb rangim t\u00eb till\u00eb.<br \/>\nKjo vazhdon ta p\u00ebrcjell\u00eb femr\u00ebn q\u00eb nga fillet e pluralizmit si nj\u00eb hije e zez\u00eb q\u00eb nuk po i shk\u00ebputet dot, edhe pse shum\u00eb prej tyre japin kontributin e vet q\u00eb nga fillimi i proceseve demokratike, at\u00ebher\u00eb kur shum\u00eb meshkuj nuk e kishin at\u00eb guxim.<br \/>\nN\u00eb subjektet politike shqiptare asnj\u00eb fem\u00ebr nuk \u00ebsht\u00eb n\u00eb vendet udh\u00ebheq\u00ebse e vendimmarr\u00ebse. Megjithat\u00eb e dim\u00eb mir\u00eb se kemi femra t\u00eb shkolluara, t\u00eb afta e t\u00eb ngritura, femra q\u00eb e meritojn\u00eb nj\u00eb vend t\u00eb till\u00eb dhe me t\u00eb cilat duhet t\u00eb krenohemi. Si duket, femrat jan\u00eb zezaket e viteve \u201860 t\u00eb Amerik\u00ebs, se sot e dim\u00eb ku kan\u00eb arritur ata. P\u00ebr \u00e7do ndryshim s\u00eb pari dhe m\u00eb s\u00eb v\u00ebshtiri \u00ebsht\u00eb t\u00eb ndryshosh veten. Ne k\u00ebt\u00eb e arrit\u00ebm, por kemi edhe shum\u00eb pun\u00eb p\u00ebr t\u00eb b\u00ebr\u00eb, pra t\u00eb ndryshojm\u00eb 50 %-shin tjet\u00ebr, mentalitetin e meshkujve.<br \/>\nFemrat vazhdojn\u00eb t\u00eb punojn\u00eb por gjithnj\u00eb prapa skene, duke p\u00ebrkrahur t\u00eb tjer\u00ebt dhe duke ushtruar misionin m\u00eb t\u00eb shenjt\u00eb &#8211; rritjen dhe edukimin e f\u00ebmij\u00ebve, shkollimin e frym\u00ebzimin e tyre p\u00ebr t\u00eb ecur me hapa sa m\u00eb t\u00eb m\u00ebdhenj drejt dituris\u00eb, duke i vet\u00ebdij\u00ebsuar se vet\u00ebm t\u00eb ditur e t\u00eb men\u00e7ur mund t\u2019i kontribojm\u00eb vendit dhe kombit ton\u00eb t\u00eb shtrenjt\u00eb.<br \/>\nMegjith\u00eb t\u00eb metat e shumta, t\u00eb cilat shpresojm\u00eb q\u00eb do t\u00eb korrigjohen n\u00eb zgjedhjet e ardhshme, \u00ebsht\u00eb p\u00ebr t\u2019u admiruar vullneti politik i popullit shqiptar, i cili, megjith\u00ebse i shprehur si shum\u00eb e opcioneve t\u00eb ndara \u2013 tregon unitet dhe premton nj\u00eb t\u00eb ardhme m\u00eb t\u00eb mir\u00eb p\u00ebr t\u00eb gjith\u00eb ne.<\/p>\n<p>(Autore e projektit t\u00eb Revist\u00ebs s\u00eb par\u00eb p\u00ebr femra n\u00eb gjuh\u00ebn shqipe)<br \/>\n<strong>Shefika Gjoni<\/strong><br \/>\n<strong>Koha Javore<\/strong><\/p>\n","protected":false},"excerpt":{"rendered":"<p>Zgjedhjet e 29 marsit p\u00ebr shqiptar\u00ebt n\u00eb Mal t\u00eb Zi ishin nje sfid\u00eb tjet\u00ebr, nj\u00eb sfid\u00eb ndaj t\u00eb gjith\u00eb atyre q\u00eb mendonin se votat e shqiptar\u00ebve do t\u00eb shp\u00ebrndahen duke rrezikuar mandatet e p\u00ebrfaq\u00ebsuesve shqiptar\u00eb n\u00eb Parlamentin e Malit t\u00eb Zi. Ndodhi ajo q\u00eb as optimist\u00ebt m\u00eb t\u00eb m\u00ebdhenj nuk e prisnin &#8211; fituan kat\u00ebr [&hellip;]<\/p>\n","protected":false},"author":1,"featured_media":0,"comment_status":"open","ping_status":"closed","sticky":false,"template":"","format":"standard","meta":{"spay_email":"","jetpack_publicize_message":"","jetpack_is_tweetstorm":false,"jetpack_publicize_feature_enabled":true},"categories":[13],"tags":[8827,1903],"jetpack_publicize_connections":[],"yoast_head":"<!-- This site is optimized with the Yoast SEO plugin v19.1 - https:\/\/yoast.com\/wordpress\/plugins\/seo\/ -->\n<title>Populli sfidon lider\u00ebt n\u00eb Mal t\u00eb Zi - Lajme nga Ulqini<\/title>\n<meta name=\"description\" content=\"Zgjedhjet e 29 marsit p\u00ebr shqiptar\u00ebt n\u00eb Mal t\u00eb Zi ishin nje sfid\u00eb tjet\u00ebr, nj\u00eb sfid\u00eb ndaj t\u00eb gjith\u00eb atyre q\u00eb mendonin se votat e shqiptar\u00ebve do t\u00eb\" \/>\n<meta name=\"robots\" content=\"index, follow, max-snippet:-1, max-image-preview:large, max-video-preview:-1\" \/>\n<link rel=\"canonical\" href=\"https:\/\/www.visit-ulcinj.com\/blog\/2009\/04\/08\/populli-sfidon-lideret-ne-mal-te-zi\/\" \/>\n<meta property=\"og:locale\" content=\"en_US\" \/>\n<meta property=\"og:type\" content=\"article\" \/>\n<meta property=\"og:title\" content=\"Populli sfidon lider\u00ebt n\u00eb Mal t\u00eb Zi - Lajme nga Ulqini\" \/>\n<meta property=\"og:description\" content=\"Zgjedhjet e 29 marsit p\u00ebr shqiptar\u00ebt n\u00eb Mal t\u00eb Zi ishin nje sfid\u00eb tjet\u00ebr, nj\u00eb sfid\u00eb ndaj t\u00eb gjith\u00eb atyre q\u00eb mendonin se votat e shqiptar\u00ebve do t\u00eb\" \/>\n<meta property=\"og:url\" content=\"https:\/\/www.visit-ulcinj.com\/blog\/2009\/04\/08\/populli-sfidon-lideret-ne-mal-te-zi\/\" \/>\n<meta property=\"og:site_name\" content=\"Lajme nga Ulqini\" \/>\n<meta property=\"article:published_time\" content=\"2009-04-08T17:59:17+00:00\" \/>\n<meta property=\"og:image\" content=\"http:\/\/www.visit-ulcinj.com\/blog\/wp-content\/uploads\/2009\/04\/populli-sfidon-lideret-ne-mal-te-zi.jpg\" \/>\n<meta name=\"twitter:label1\" content=\"Written by\" \/>\n\t<meta name=\"twitter:data1\" content=\"ulqini\" \/>\n\t<meta name=\"twitter:label2\" content=\"Est. reading time\" \/>\n\t<meta name=\"twitter:data2\" content=\"5 minutes\" \/>\n<script type=\"application\/ld+json\" class=\"yoast-schema-graph\">{\"@context\":\"https:\/\/schema.org\",\"@graph\":[{\"@type\":\"WebSite\",\"@id\":\"https:\/\/www.visit-ulcinj.com\/blog\/#website\",\"url\":\"https:\/\/www.visit-ulcinj.com\/blog\/\",\"name\":\"Lajme nga Ulqini\",\"description\":\"Lajme,Vijesti,Ulqini,Ulqin,Crna Gora,Mali i Zi\",\"potentialAction\":[{\"@type\":\"SearchAction\",\"target\":{\"@type\":\"EntryPoint\",\"urlTemplate\":\"https:\/\/www.visit-ulcinj.com\/blog\/?s={search_term_string}\"},\"query-input\":\"required name=search_term_string\"}],\"inLanguage\":\"en-US\"},{\"@type\":\"ImageObject\",\"inLanguage\":\"en-US\",\"@id\":\"https:\/\/www.visit-ulcinj.com\/blog\/2009\/04\/08\/populli-sfidon-lideret-ne-mal-te-zi\/#primaryimage\",\"url\":\"https:\/\/www.visit-ulcinj.com\/blog\/wp-content\/uploads\/2009\/04\/populli-sfidon-lideret-ne-mal-te-zi.jpg\",\"contentUrl\":\"https:\/\/www.visit-ulcinj.com\/blog\/wp-content\/uploads\/2009\/04\/populli-sfidon-lideret-ne-mal-te-zi.jpg\",\"width\":\"1024\",\"height\":\"555\"},{\"@type\":\"WebPage\",\"@id\":\"https:\/\/www.visit-ulcinj.com\/blog\/2009\/04\/08\/populli-sfidon-lideret-ne-mal-te-zi\/#webpage\",\"url\":\"https:\/\/www.visit-ulcinj.com\/blog\/2009\/04\/08\/populli-sfidon-lideret-ne-mal-te-zi\/\",\"name\":\"Populli sfidon lider\u00ebt n\u00eb Mal t\u00eb Zi - Lajme nga Ulqini\",\"isPartOf\":{\"@id\":\"https:\/\/www.visit-ulcinj.com\/blog\/#website\"},\"primaryImageOfPage\":{\"@id\":\"https:\/\/www.visit-ulcinj.com\/blog\/2009\/04\/08\/populli-sfidon-lideret-ne-mal-te-zi\/#primaryimage\"},\"datePublished\":\"2009-04-08T17:59:17+00:00\",\"dateModified\":\"2009-04-08T17:59:17+00:00\",\"author\":{\"@id\":\"https:\/\/www.visit-ulcinj.com\/blog\/#\/schema\/person\/dcab619c614d3038751c63bc2aadc06d\"},\"description\":\"Zgjedhjet e 29 marsit p\u00ebr shqiptar\u00ebt n\u00eb Mal t\u00eb Zi ishin nje sfid\u00eb tjet\u00ebr, nj\u00eb sfid\u00eb ndaj t\u00eb gjith\u00eb atyre q\u00eb mendonin se votat e shqiptar\u00ebve do t\u00eb\",\"breadcrumb\":{\"@id\":\"https:\/\/www.visit-ulcinj.com\/blog\/2009\/04\/08\/populli-sfidon-lideret-ne-mal-te-zi\/#breadcrumb\"},\"inLanguage\":\"en-US\",\"potentialAction\":[{\"@type\":\"ReadAction\",\"target\":[\"https:\/\/www.visit-ulcinj.com\/blog\/2009\/04\/08\/populli-sfidon-lideret-ne-mal-te-zi\/\"]}]},{\"@type\":\"BreadcrumbList\",\"@id\":\"https:\/\/www.visit-ulcinj.com\/blog\/2009\/04\/08\/populli-sfidon-lideret-ne-mal-te-zi\/#breadcrumb\",\"itemListElement\":[{\"@type\":\"ListItem\",\"position\":1,\"name\":\"Populli sfidon lider\u00ebt n\u00eb Mal t\u00eb Zi\"}]},{\"@type\":\"Person\",\"@id\":\"https:\/\/www.visit-ulcinj.com\/blog\/#\/schema\/person\/dcab619c614d3038751c63bc2aadc06d\",\"name\":\"ulqini\",\"sameAs\":[\"http:\/\/www.visit-ulcinj.com\"],\"url\":\"https:\/\/www.visit-ulcinj.com\/blog\/author\/admin\/\"}]}<\/script>\n<!-- \/ Yoast SEO plugin. -->","yoast_head_json":{"title":"Populli sfidon lider\u00ebt n\u00eb Mal t\u00eb Zi - Lajme nga Ulqini","description":"Zgjedhjet e 29 marsit p\u00ebr shqiptar\u00ebt n\u00eb Mal t\u00eb Zi ishin nje sfid\u00eb tjet\u00ebr, nj\u00eb sfid\u00eb ndaj t\u00eb gjith\u00eb atyre q\u00eb mendonin se votat e shqiptar\u00ebve do t\u00eb","robots":{"index":"index","follow":"follow","max-snippet":"max-snippet:-1","max-image-preview":"max-image-preview:large","max-video-preview":"max-video-preview:-1"},"canonical":"https:\/\/www.visit-ulcinj.com\/blog\/2009\/04\/08\/populli-sfidon-lideret-ne-mal-te-zi\/","og_locale":"en_US","og_type":"article","og_title":"Populli sfidon lider\u00ebt n\u00eb Mal t\u00eb Zi - Lajme nga Ulqini","og_description":"Zgjedhjet e 29 marsit p\u00ebr shqiptar\u00ebt n\u00eb Mal t\u00eb Zi ishin nje sfid\u00eb tjet\u00ebr, nj\u00eb sfid\u00eb ndaj t\u00eb gjith\u00eb atyre q\u00eb mendonin se votat e shqiptar\u00ebve do t\u00eb","og_url":"https:\/\/www.visit-ulcinj.com\/blog\/2009\/04\/08\/populli-sfidon-lideret-ne-mal-te-zi\/","og_site_name":"Lajme nga Ulqini","article_published_time":"2009-04-08T17:59:17+00:00","og_image":[{"url":"http:\/\/www.visit-ulcinj.com\/blog\/wp-content\/uploads\/2009\/04\/populli-sfidon-lideret-ne-mal-te-zi.jpg"}],"twitter_misc":{"Written by":"ulqini","Est. reading time":"5 minutes"},"schema":{"@context":"https:\/\/schema.org","@graph":[{"@type":"WebSite","@id":"https:\/\/www.visit-ulcinj.com\/blog\/#website","url":"https:\/\/www.visit-ulcinj.com\/blog\/","name":"Lajme nga Ulqini","description":"Lajme,Vijesti,Ulqini,Ulqin,Crna Gora,Mali i Zi","potentialAction":[{"@type":"SearchAction","target":{"@type":"EntryPoint","urlTemplate":"https:\/\/www.visit-ulcinj.com\/blog\/?s={search_term_string}"},"query-input":"required name=search_term_string"}],"inLanguage":"en-US"},{"@type":"ImageObject","inLanguage":"en-US","@id":"https:\/\/www.visit-ulcinj.com\/blog\/2009\/04\/08\/populli-sfidon-lideret-ne-mal-te-zi\/#primaryimage","url":"https:\/\/www.visit-ulcinj.com\/blog\/wp-content\/uploads\/2009\/04\/populli-sfidon-lideret-ne-mal-te-zi.jpg","contentUrl":"https:\/\/www.visit-ulcinj.com\/blog\/wp-content\/uploads\/2009\/04\/populli-sfidon-lideret-ne-mal-te-zi.jpg","width":"1024","height":"555"},{"@type":"WebPage","@id":"https:\/\/www.visit-ulcinj.com\/blog\/2009\/04\/08\/populli-sfidon-lideret-ne-mal-te-zi\/#webpage","url":"https:\/\/www.visit-ulcinj.com\/blog\/2009\/04\/08\/populli-sfidon-lideret-ne-mal-te-zi\/","name":"Populli sfidon lider\u00ebt n\u00eb Mal t\u00eb Zi - Lajme nga Ulqini","isPartOf":{"@id":"https:\/\/www.visit-ulcinj.com\/blog\/#website"},"primaryImageOfPage":{"@id":"https:\/\/www.visit-ulcinj.com\/blog\/2009\/04\/08\/populli-sfidon-lideret-ne-mal-te-zi\/#primaryimage"},"datePublished":"2009-04-08T17:59:17+00:00","dateModified":"2009-04-08T17:59:17+00:00","author":{"@id":"https:\/\/www.visit-ulcinj.com\/blog\/#\/schema\/person\/dcab619c614d3038751c63bc2aadc06d"},"description":"Zgjedhjet e 29 marsit p\u00ebr shqiptar\u00ebt n\u00eb Mal t\u00eb Zi ishin nje sfid\u00eb tjet\u00ebr, nj\u00eb sfid\u00eb ndaj t\u00eb gjith\u00eb atyre q\u00eb mendonin se votat e shqiptar\u00ebve do t\u00eb","breadcrumb":{"@id":"https:\/\/www.visit-ulcinj.com\/blog\/2009\/04\/08\/populli-sfidon-lideret-ne-mal-te-zi\/#breadcrumb"},"inLanguage":"en-US","potentialAction":[{"@type":"ReadAction","target":["https:\/\/www.visit-ulcinj.com\/blog\/2009\/04\/08\/populli-sfidon-lideret-ne-mal-te-zi\/"]}]},{"@type":"BreadcrumbList","@id":"https:\/\/www.visit-ulcinj.com\/blog\/2009\/04\/08\/populli-sfidon-lideret-ne-mal-te-zi\/#breadcrumb","itemListElement":[{"@type":"ListItem","position":1,"name":"Populli sfidon lider\u00ebt n\u00eb Mal t\u00eb Zi"}]},{"@type":"Person","@id":"https:\/\/www.visit-ulcinj.com\/blog\/#\/schema\/person\/dcab619c614d3038751c63bc2aadc06d","name":"ulqini","sameAs":["http:\/\/www.visit-ulcinj.com"],"url":"https:\/\/www.visit-ulcinj.com\/blog\/author\/admin\/"}]}},"jetpack_featured_media_url":"","jetpack_sharing_enabled":true,"jetpack_shortlink":"https:\/\/wp.me\/pe6lTn-4qi","_links":{"self":[{"href":"https:\/\/www.visit-ulcinj.com\/blog\/wp-json\/wp\/v2\/posts\/17006"}],"collection":[{"href":"https:\/\/www.visit-ulcinj.com\/blog\/wp-json\/wp\/v2\/posts"}],"about":[{"href":"https:\/\/www.visit-ulcinj.com\/blog\/wp-json\/wp\/v2\/types\/post"}],"author":[{"embeddable":true,"href":"https:\/\/www.visit-ulcinj.com\/blog\/wp-json\/wp\/v2\/users\/1"}],"replies":[{"embeddable":true,"href":"https:\/\/www.visit-ulcinj.com\/blog\/wp-json\/wp\/v2\/comments?post=17006"}],"version-history":[{"count":0,"href":"https:\/\/www.visit-ulcinj.com\/blog\/wp-json\/wp\/v2\/posts\/17006\/revisions"}],"wp:attachment":[{"href":"https:\/\/www.visit-ulcinj.com\/blog\/wp-json\/wp\/v2\/media?parent=17006"}],"wp:term":[{"taxonomy":"category","embeddable":true,"href":"https:\/\/www.visit-ulcinj.com\/blog\/wp-json\/wp\/v2\/categories?post=17006"},{"taxonomy":"post_tag","embeddable":true,"href":"https:\/\/www.visit-ulcinj.com\/blog\/wp-json\/wp\/v2\/tags?post=17006"}],"curies":[{"name":"wp","href":"https:\/\/api.w.org\/{rel}","templated":true}]}}