{"id":17065,"date":"2009-04-09T19:33:19","date_gmt":"2009-04-09T17:33:19","guid":{"rendered":"http:\/\/www.visit-ulcinj.com\/blog\/?p=17065"},"modified":"2009-04-09T19:52:14","modified_gmt":"2009-04-09T17:52:14","slug":"svi-treba-da-snize-cijene","status":"publish","type":"post","link":"https:\/\/www.visit-ulcinj.com\/blog\/2009\/04\/09\/svi-treba-da-snize-cijene\/","title":{"rendered":"Svi treba da snize cijene"},"content":{"rendered":"<p><strong><a href=\"http:\/\/www.visit-ulcinj.com\/blog\/wp-content\/uploads\/2009\/04\/predsjednik-sektora-hotelijera-pri-crnogorkoskom-turistickom-udruzenju-zarko-radulovic.jpg\"><img loading=\"lazy\" class=\"alignleft size-full wp-image-17068\" title=\"predsjednik-sektora-hotelijera-pri-crnogorkoskom-turistickom-udruzenju-zarko-radulovic\" src=\"http:\/\/www.visit-ulcinj.com\/blog\/wp-content\/uploads\/2009\/04\/predsjednik-sektora-hotelijera-pri-crnogorkoskom-turistickom-udruzenju-zarko-radulovic.jpg\" alt=\"predsjednik-sektora-hotelijera-pri-crnogorkoskom-turistickom-udruzenju-zarko-radulovic\" width=\"352\" height=\"231\" \/><\/a>HOTELIJERI O?EKUJU BRZU PODR\u0160KU VLADE I BANAKA DA BI KVALITETNO PRIPREMILI SEZONU<\/strong><br \/>\nBudva &#8211; Ako je pro\u0161lih godina bila akcija \u201eNeka bude ?isto\u201c, ove sezone trebalo bi da bude \u201cNeka bude jeftinije, ali kvalitetnije\u201c &#8211; poru?io je ju?e predsjednik sektora hotelijera pri Crnogorkoskom turisti?kom udru\u017eenju \u017darko Radulovi?, pozvav\u0161i sve ?inioce turisti?ke privrede, kao i lokalne uprave i dr\u017eavu, da podr\u017ee akciju i snize cijene, kako bi Crna Gora u godini ekonomske krize bila konkurentnija u odnosu na ostale turisti?ke destinacije.<\/p>\n<p>Predstavnici ovog najja?eg turisti?ko-strukovnog udru\u017eenja, vjeruju da ?e Vlada, ve? naredne sedmice, preko banaka obezbijediti kreditni paket aran\u017eman, kako bi pomogla hotelijerima koji se nalaze na rubu likvidnosti.<br \/>\n&#8211; Do kraja ove i po?etka naredne sedmice o?ekujemo konkretne predloge od poslovnih banaka, da bismo obezbijedili neophodana novac za pripremu sezonu, iako ve?ina hotela to ve? radi. Tra\u017ei?emo da se smanje porezi i druge da\u017ebine. Glavni akcenat na\u0161ih aktivnosti je razgovor sa lokalnim upravama primorskih gradova, kako bi se snizile cijene parking servisa, iznajmljivanja pla\u017enog mobilijara, komunalnih i ostalih taksi i svih drugih da\u017ebina koje optere?uju poslovanje &#8211; kazao je predsjednik CTU Predrag Jelu\u0161i?.<\/p>\n<p>On je rekao da probleme likvidnosti hotelske industrije treba ubla\u017eiti kreditnom podr\u0161kom i liberalizacijom anga\u017eovanja sezonske radne snage u turizmu.<br \/>\nJelu\u0161i? se u ime CTU zalo\u017eio za smanjenje stope poreza na dodatu vrijednost za sve usluge u hotelijerstvu i uvo?enje jedinstvene stope od sedam odsto.<br \/>\nOn smatra da bi trebalo smanjiti stopu poreza na dohodak fizi?kih lica i odobriti kreditnu podr\u0161ku za odr\u017eavanje likvidnosti hotela pod povla\u0161?enim uslovima.<\/p>\n<p>Jelu\u0161i? je naglasio da su hotelijeri snizili cijene na prihvatljivi nivo, jer su svjesni krize.<br \/>\n&#8211; Hotelijeri su prvi po?eli korekciju cijena, a akciju su podr\u017eali i restorateri. O?ekujemo i druge sektore da isto u?ine. Zajedni?ki cilj je da po\u0161aljemo poruku da je Crna Gora ove godine i kvalitetom i cijenom prihvatljiva turisti?ka destinacija \u2013 kazao je Jelu\u0161i?.<\/p>\n<p>Radulovi? se nadovezao da \u201e?ak da hotelijeri daju sve d\u017eabe, i pi?e i smje\u0161taj i hranu, Crna Gore je opet skupa destinacija\u201c.<br \/>\n&#8211; Primjera radi u Ulcinju iznajmljivanje kreveta u privatnom smje\u0161taju je ?etiri eura, dok je mobilijar na pla\u017ei od 5 do 25 eura za porodicu &#8211; pitam da li je to normalno. Takvih primjer je mnogo i u ostalim primorskim mjestima, da ne govorimo o cijenama parkinga. To nije logi?no i takve stvari stvaraju utisak da smo skupa destinacija. Ovo je vrijeme kada svi ?inioci turisti?ke ponude moraju biti fleksibilni, pragmati?ni. Ako ispustimo ovu godinu, ne mo\u017eemo vi\u0161e ispraviti \u2013 kazao je Radulovi?.<\/p>\n<p>On je ponovio da ?e hoteli biti puni tokom jula, avgusta i sredine septembra , ali da je glavna bitka i te\u017enja da se produ\u017ei sezona.<br \/>\n&#8211; Ova godina ?e biti karakteristi?na da ?e gost za isti ili manji novac u odnosu na lani, tra\u017eiti vi\u0161e i mi to moramo shvatiti \u2013 kazao je Radulovi?.<\/p>\n<p>Marko ?uri? iz sektora turisti?kih agencija, kazao je da ?e ove sezone pad bukinga sa zapadnoevropskog tr\u017ei\u0161ta biti od 15 do 17 odsto, a sa ruskog do 25 odsto.<br \/>\n&#8211; Prodaja je po?ela u novembru pro\u0161le godine, kada je pad bukinga za Crnu Goru bio ?ak 43 odsto, u januru je taj pad smanjen na 28 odsto, sada taj pad u odnosu na pro\u0161lu sezonu iznosi od 17 do 18 odsto. Sa ruskog tr\u017ei\u0161ta ?emo osjetiti ve?i pad jer oni vrlo kasno ugovaraju kapacitete i kriza je tamo izra\u017eenija. Vjerovatno ova sezona ne?e biti sjajna kao pro\u0161la, ali mo\u017eemo je spasiti, i Crna Gora je, ipak, korak ispred konkurencije &#8211; kazao je ?uri?.<\/p>\n<p>Direktor hotela The Queen of Montenegro Dragan &#8211; Purko Ivan?evi? kazao je da CTU ima stav da treba privremeno ukinuti naplatu eko-takse, ali isto tako da treba zadr\u017eati zabranu uno\u0161enja hrane, uz ocjenu da je hrana kod nas jeftinija nego u zemljama okru\u017eenja.<br \/>\nRestorater Krsto Niklanovi? vjeruje da ?e stopama restoratera koji su prvi snizili cijene, krenuti i ostali, ali nikako to ne smije uticati na kvalitet.<\/p>\n<p><strong>Radulovi?: Bi?e Srba vi\u0161e nego lani<\/strong><\/p>\n<p>Radulovi? je ubije?en da ?e gosti sa srpskog tr\u017ei\u0161ta ove sezone do?i u ve?em broju nego lani<br \/>\n&#8211; Na srbijanskom tr\u017ei\u0161tu je takav imid\u017e da su Crnogorci zna?ajno spustili cijene i da imamo veliko interesovanja sa toga tr\u017ei\u0161ta.<br \/>\nTo nas raduje, i \u017eelimo da radimo na tome da odr\u017eimo tu pozitivnu percepciju koja je u Srbiji trenutno prisutna. Mislim da ?e srpsko tr\u017ei\u0161te da nas sve pozitivno iznenadi, po broju gostiju koje ?e do?i ove godine, jer smo stvorili dobru sliku i stvaramo je jo\u0161 boljom. Srpski tur-operatori su ve? Crnu Goru podigli skoro pri vrhu svoje ponude.<\/p>\n<p>To je logi?no, jer tom gostu ne treba viza, avioprevoz je jeftiniji nego za drugu destinaciju. Osje?am to ve? u mojoj kompaniji. To je zbog toga \u0161to smo spustili cijene i na\u0161li dodirnu ta?ku izme?u kupca i prodavca \u2013 kazao je Radulovi?.<\/p>\n<p><strong>Privatni smje\u0161taj jeftiniji?<\/strong><\/p>\n<p>Predsjednik sektora privatnog smje\u0161taja u CTU Dragan Bo\u0161kovi? vjeruje da ?e izdavaoci soba i apartmana sniziti cijene za 10 do 20 odsto.<br \/>\n&#8211; Privatni smje\u0161taj je najve?a turisti?ka ponuda Crne Gore, jer privu?e oko 300 hiljada gostiju u jednom danu, koliko iznose prognoze da ima kreveta u tom vidu smje\u0161taja. Vlasnici privatnih ku?a su upoznati sa kompletnom situacijom i svi su spremni da snize cijene minimum od 10 do 20 odsto za ovo ljeto \u2013 kazao je Bo\u0161kovi?.<br \/>\n<a href=\"http:\/\/www.vijesti.cg.yu\/index.php?id_pre=301338&amp;godina=2009\"><strong><br \/>\nV.L.<br \/>\nVijesti<\/strong><\/a><\/p>\n<div><object width=\"570\" height=\"375\" data=\"http:\/\/videooglasi.net\/embed-player-280\" type=\"application\/x-shockwave-flash\"><param name=\"src\" value=\"http:\/\/videooglasi.net\/embed-player-280\" \/><\/object><\/div>\n","protected":false},"excerpt":{"rendered":"<p>HOTELIJERI O?EKUJU BRZU PODR\u0160KU VLADE I BANAKA DA BI KVALITETNO PRIPREMILI SEZONU Budva &#8211; Ako je pro\u0161lih godina bila akcija \u201eNeka bude ?isto\u201c, ove sezone trebalo bi da bude \u201cNeka bude jeftinije, ali kvalitetnije\u201c &#8211; poru?io je ju?e predsjednik sektora hotelijera pri Crnogorkoskom turisti?kom udru\u017eenju \u017darko Radulovi?, pozvav\u0161i sve ?inioce turisti?ke privrede, kao i lokalne [&hellip;]<\/p>\n","protected":false},"author":1,"featured_media":0,"comment_status":"open","ping_status":"closed","sticky":false,"template":"","format":"standard","meta":{"spay_email":"","jetpack_publicize_message":"","jetpack_is_tweetstorm":false,"jetpack_publicize_feature_enabled":true},"categories":[8337],"tags":[8851,8850,8852],"jetpack_publicize_connections":[],"yoast_head":"<!-- This site is optimized with the Yoast SEO plugin v19.1 - https:\/\/yoast.com\/wordpress\/plugins\/seo\/ -->\n<title>Svi treba da snize cijene - Lajme nga Ulqini<\/title>\n<meta name=\"description\" content=\"HOTELIJERI O?EKUJU BRZU PODR\u0160KU VLADE I BANAKA DA BI KVALITETNO PRIPREMILI SEZONU Budva - Ako je pro\u0161lih godina bila akcija \u201eNeka bude ?isto\u201c, ove sezone\" \/>\n<meta name=\"robots\" content=\"index, follow, max-snippet:-1, max-image-preview:large, max-video-preview:-1\" \/>\n<link rel=\"canonical\" href=\"https:\/\/www.visit-ulcinj.com\/blog\/2009\/04\/09\/svi-treba-da-snize-cijene\/\" \/>\n<meta property=\"og:locale\" content=\"en_US\" \/>\n<meta property=\"og:type\" content=\"article\" \/>\n<meta property=\"og:title\" content=\"Svi treba da snize cijene - Lajme nga Ulqini\" \/>\n<meta property=\"og:description\" content=\"HOTELIJERI O?EKUJU BRZU PODR\u0160KU VLADE I BANAKA DA BI KVALITETNO PRIPREMILI SEZONU Budva - Ako je pro\u0161lih godina bila akcija \u201eNeka bude ?isto\u201c, ove sezone\" \/>\n<meta property=\"og:url\" content=\"https:\/\/www.visit-ulcinj.com\/blog\/2009\/04\/09\/svi-treba-da-snize-cijene\/\" \/>\n<meta property=\"og:site_name\" content=\"Lajme nga Ulqini\" \/>\n<meta property=\"article:published_time\" content=\"2009-04-09T17:33:19+00:00\" \/>\n<meta property=\"article:modified_time\" content=\"2009-04-09T17:52:14+00:00\" \/>\n<meta property=\"og:image\" content=\"http:\/\/www.visit-ulcinj.com\/blog\/wp-content\/uploads\/2009\/04\/predsjednik-sektora-hotelijera-pri-crnogorkoskom-turistickom-udruzenju-zarko-radulovic.jpg\" \/>\n<meta name=\"twitter:label1\" content=\"Written by\" \/>\n\t<meta name=\"twitter:data1\" content=\"ulqini\" \/>\n\t<meta name=\"twitter:label2\" content=\"Est. reading time\" \/>\n\t<meta name=\"twitter:data2\" content=\"5 minutes\" \/>\n<script type=\"application\/ld+json\" class=\"yoast-schema-graph\">{\"@context\":\"https:\/\/schema.org\",\"@graph\":[{\"@type\":\"WebSite\",\"@id\":\"https:\/\/www.visit-ulcinj.com\/blog\/#website\",\"url\":\"https:\/\/www.visit-ulcinj.com\/blog\/\",\"name\":\"Lajme nga Ulqini\",\"description\":\"Lajme,Vijesti,Ulqini,Ulqin,Crna Gora,Mali i Zi\",\"potentialAction\":[{\"@type\":\"SearchAction\",\"target\":{\"@type\":\"EntryPoint\",\"urlTemplate\":\"https:\/\/www.visit-ulcinj.com\/blog\/?s={search_term_string}\"},\"query-input\":\"required name=search_term_string\"}],\"inLanguage\":\"en-US\"},{\"@type\":\"ImageObject\",\"inLanguage\":\"en-US\",\"@id\":\"https:\/\/www.visit-ulcinj.com\/blog\/2009\/04\/09\/svi-treba-da-snize-cijene\/#primaryimage\",\"url\":\"https:\/\/www.visit-ulcinj.com\/blog\/wp-content\/uploads\/2009\/04\/predsjednik-sektora-hotelijera-pri-crnogorkoskom-turistickom-udruzenju-zarko-radulovic.jpg\",\"contentUrl\":\"https:\/\/www.visit-ulcinj.com\/blog\/wp-content\/uploads\/2009\/04\/predsjednik-sektora-hotelijera-pri-crnogorkoskom-turistickom-udruzenju-zarko-radulovic.jpg\",\"width\":\"290\",\"height\":\"190\"},{\"@type\":\"WebPage\",\"@id\":\"https:\/\/www.visit-ulcinj.com\/blog\/2009\/04\/09\/svi-treba-da-snize-cijene\/#webpage\",\"url\":\"https:\/\/www.visit-ulcinj.com\/blog\/2009\/04\/09\/svi-treba-da-snize-cijene\/\",\"name\":\"Svi treba da snize cijene - Lajme nga Ulqini\",\"isPartOf\":{\"@id\":\"https:\/\/www.visit-ulcinj.com\/blog\/#website\"},\"primaryImageOfPage\":{\"@id\":\"https:\/\/www.visit-ulcinj.com\/blog\/2009\/04\/09\/svi-treba-da-snize-cijene\/#primaryimage\"},\"datePublished\":\"2009-04-09T17:33:19+00:00\",\"dateModified\":\"2009-04-09T17:52:14+00:00\",\"author\":{\"@id\":\"https:\/\/www.visit-ulcinj.com\/blog\/#\/schema\/person\/dcab619c614d3038751c63bc2aadc06d\"},\"description\":\"HOTELIJERI O?EKUJU BRZU PODR\u0160KU VLADE I BANAKA DA BI KVALITETNO PRIPREMILI SEZONU Budva - Ako je pro\u0161lih godina bila akcija \u201eNeka bude ?isto\u201c, ove sezone\",\"breadcrumb\":{\"@id\":\"https:\/\/www.visit-ulcinj.com\/blog\/2009\/04\/09\/svi-treba-da-snize-cijene\/#breadcrumb\"},\"inLanguage\":\"en-US\",\"potentialAction\":[{\"@type\":\"ReadAction\",\"target\":[\"https:\/\/www.visit-ulcinj.com\/blog\/2009\/04\/09\/svi-treba-da-snize-cijene\/\"]}]},{\"@type\":\"BreadcrumbList\",\"@id\":\"https:\/\/www.visit-ulcinj.com\/blog\/2009\/04\/09\/svi-treba-da-snize-cijene\/#breadcrumb\",\"itemListElement\":[{\"@type\":\"ListItem\",\"position\":1,\"name\":\"Svi treba da snize cijene\"}]},{\"@type\":\"Person\",\"@id\":\"https:\/\/www.visit-ulcinj.com\/blog\/#\/schema\/person\/dcab619c614d3038751c63bc2aadc06d\",\"name\":\"ulqini\",\"sameAs\":[\"http:\/\/www.visit-ulcinj.com\"],\"url\":\"https:\/\/www.visit-ulcinj.com\/blog\/author\/admin\/\"}]}<\/script>\n<!-- \/ Yoast SEO plugin. -->","yoast_head_json":{"title":"Svi treba da snize cijene - Lajme nga Ulqini","description":"HOTELIJERI O?EKUJU BRZU PODR\u0160KU VLADE I BANAKA DA BI KVALITETNO PRIPREMILI SEZONU Budva - Ako je pro\u0161lih godina bila akcija \u201eNeka bude ?isto\u201c, ove sezone","robots":{"index":"index","follow":"follow","max-snippet":"max-snippet:-1","max-image-preview":"max-image-preview:large","max-video-preview":"max-video-preview:-1"},"canonical":"https:\/\/www.visit-ulcinj.com\/blog\/2009\/04\/09\/svi-treba-da-snize-cijene\/","og_locale":"en_US","og_type":"article","og_title":"Svi treba da snize cijene - Lajme nga Ulqini","og_description":"HOTELIJERI O?EKUJU BRZU PODR\u0160KU VLADE I BANAKA DA BI KVALITETNO PRIPREMILI SEZONU Budva - Ako je pro\u0161lih godina bila akcija \u201eNeka bude ?isto\u201c, ove sezone","og_url":"https:\/\/www.visit-ulcinj.com\/blog\/2009\/04\/09\/svi-treba-da-snize-cijene\/","og_site_name":"Lajme nga Ulqini","article_published_time":"2009-04-09T17:33:19+00:00","article_modified_time":"2009-04-09T17:52:14+00:00","og_image":[{"url":"http:\/\/www.visit-ulcinj.com\/blog\/wp-content\/uploads\/2009\/04\/predsjednik-sektora-hotelijera-pri-crnogorkoskom-turistickom-udruzenju-zarko-radulovic.jpg"}],"twitter_misc":{"Written by":"ulqini","Est. reading time":"5 minutes"},"schema":{"@context":"https:\/\/schema.org","@graph":[{"@type":"WebSite","@id":"https:\/\/www.visit-ulcinj.com\/blog\/#website","url":"https:\/\/www.visit-ulcinj.com\/blog\/","name":"Lajme nga Ulqini","description":"Lajme,Vijesti,Ulqini,Ulqin,Crna Gora,Mali i Zi","potentialAction":[{"@type":"SearchAction","target":{"@type":"EntryPoint","urlTemplate":"https:\/\/www.visit-ulcinj.com\/blog\/?s={search_term_string}"},"query-input":"required name=search_term_string"}],"inLanguage":"en-US"},{"@type":"ImageObject","inLanguage":"en-US","@id":"https:\/\/www.visit-ulcinj.com\/blog\/2009\/04\/09\/svi-treba-da-snize-cijene\/#primaryimage","url":"https:\/\/www.visit-ulcinj.com\/blog\/wp-content\/uploads\/2009\/04\/predsjednik-sektora-hotelijera-pri-crnogorkoskom-turistickom-udruzenju-zarko-radulovic.jpg","contentUrl":"https:\/\/www.visit-ulcinj.com\/blog\/wp-content\/uploads\/2009\/04\/predsjednik-sektora-hotelijera-pri-crnogorkoskom-turistickom-udruzenju-zarko-radulovic.jpg","width":"290","height":"190"},{"@type":"WebPage","@id":"https:\/\/www.visit-ulcinj.com\/blog\/2009\/04\/09\/svi-treba-da-snize-cijene\/#webpage","url":"https:\/\/www.visit-ulcinj.com\/blog\/2009\/04\/09\/svi-treba-da-snize-cijene\/","name":"Svi treba da snize cijene - Lajme nga Ulqini","isPartOf":{"@id":"https:\/\/www.visit-ulcinj.com\/blog\/#website"},"primaryImageOfPage":{"@id":"https:\/\/www.visit-ulcinj.com\/blog\/2009\/04\/09\/svi-treba-da-snize-cijene\/#primaryimage"},"datePublished":"2009-04-09T17:33:19+00:00","dateModified":"2009-04-09T17:52:14+00:00","author":{"@id":"https:\/\/www.visit-ulcinj.com\/blog\/#\/schema\/person\/dcab619c614d3038751c63bc2aadc06d"},"description":"HOTELIJERI O?EKUJU BRZU PODR\u0160KU VLADE I BANAKA DA BI KVALITETNO PRIPREMILI SEZONU Budva - Ako je pro\u0161lih godina bila akcija \u201eNeka bude ?isto\u201c, ove sezone","breadcrumb":{"@id":"https:\/\/www.visit-ulcinj.com\/blog\/2009\/04\/09\/svi-treba-da-snize-cijene\/#breadcrumb"},"inLanguage":"en-US","potentialAction":[{"@type":"ReadAction","target":["https:\/\/www.visit-ulcinj.com\/blog\/2009\/04\/09\/svi-treba-da-snize-cijene\/"]}]},{"@type":"BreadcrumbList","@id":"https:\/\/www.visit-ulcinj.com\/blog\/2009\/04\/09\/svi-treba-da-snize-cijene\/#breadcrumb","itemListElement":[{"@type":"ListItem","position":1,"name":"Svi treba da snize cijene"}]},{"@type":"Person","@id":"https:\/\/www.visit-ulcinj.com\/blog\/#\/schema\/person\/dcab619c614d3038751c63bc2aadc06d","name":"ulqini","sameAs":["http:\/\/www.visit-ulcinj.com"],"url":"https:\/\/www.visit-ulcinj.com\/blog\/author\/admin\/"}]}},"jetpack_featured_media_url":"","jetpack_sharing_enabled":true,"jetpack_shortlink":"https:\/\/wp.me\/pe6lTn-4rf","_links":{"self":[{"href":"https:\/\/www.visit-ulcinj.com\/blog\/wp-json\/wp\/v2\/posts\/17065"}],"collection":[{"href":"https:\/\/www.visit-ulcinj.com\/blog\/wp-json\/wp\/v2\/posts"}],"about":[{"href":"https:\/\/www.visit-ulcinj.com\/blog\/wp-json\/wp\/v2\/types\/post"}],"author":[{"embeddable":true,"href":"https:\/\/www.visit-ulcinj.com\/blog\/wp-json\/wp\/v2\/users\/1"}],"replies":[{"embeddable":true,"href":"https:\/\/www.visit-ulcinj.com\/blog\/wp-json\/wp\/v2\/comments?post=17065"}],"version-history":[{"count":0,"href":"https:\/\/www.visit-ulcinj.com\/blog\/wp-json\/wp\/v2\/posts\/17065\/revisions"}],"wp:attachment":[{"href":"https:\/\/www.visit-ulcinj.com\/blog\/wp-json\/wp\/v2\/media?parent=17065"}],"wp:term":[{"taxonomy":"category","embeddable":true,"href":"https:\/\/www.visit-ulcinj.com\/blog\/wp-json\/wp\/v2\/categories?post=17065"},{"taxonomy":"post_tag","embeddable":true,"href":"https:\/\/www.visit-ulcinj.com\/blog\/wp-json\/wp\/v2\/tags?post=17065"}],"curies":[{"name":"wp","href":"https:\/\/api.w.org\/{rel}","templated":true}]}}