{"id":17086,"date":"2009-04-09T19:58:05","date_gmt":"2009-04-09T17:58:05","guid":{"rendered":"http:\/\/www.visit-ulcinj.com\/blog\/?p=17086"},"modified":"2009-04-09T19:58:58","modified_gmt":"2009-04-09T17:58:58","slug":"forca-fjala-juaj-do-te-respektohet","status":"publish","type":"post","link":"https:\/\/www.visit-ulcinj.com\/blog\/2009\/04\/09\/forca-fjala-juaj-do-te-respektohet\/","title":{"rendered":"Forca: Fjala Juaj do te respektohet"},"content":{"rendered":"<p><strong><a href=\"http:\/\/www.visit-ulcinj.com\/blog\/wp-content\/uploads\/2009\/04\/nazif-cungu_genc-nimanbegu.jpg\"><img loading=\"lazy\" class=\"alignleft size-full wp-image-17087\" title=\"nazif-cungu_genc-nimanbegu\" src=\"http:\/\/www.visit-ulcinj.com\/blog\/wp-content\/uploads\/2009\/04\/nazif-cungu_genc-nimanbegu.jpg\" alt=\"nazif-cungu_genc-nimanbegu\" width=\"570\" height=\"355\" \/><\/a>T\u00eb nderuar qytetar\u00eb,<\/strong><br \/>\nForca u b\u00eb parti parlamentare\u00a0 dhe p\u00ebr k\u00ebt\u00eb duam t\u00eb fal\u00ebnderojm\u00eb\u00a0 an\u00ebtar\u00ebt dhe simpatizuesit ton\u00eb dhe Forc\u00ebnrinore q\u00eb jan\u00eb angazhuar n\u00eb komisione dhe n\u00eb fushat\u00eb.<br \/>\nIu fal\u00ebnderohem t\u00eb gjith\u00eb votuesve q\u00eb na kan\u00eb besuarvot\u00ebn e tyre dhe q\u00eb b\u00ebn\u00eb t\u00eb mundur q\u00eb Forca e Re Demokratike, p\u00ebr nj\u00eb koh\u00eb t\u00eb shkurt\u00ebr, t\u00eb shnd\u00ebrrohej nga nj\u00eb d\u00ebshir\u00eb e projekt fitoreje n\u00eb nj\u00eb realitet t\u00eb preksh\u00ebm.<br \/>\nAngazhimi i t\u00eb gjith\u00ebve ka ndikuar q\u00eb rezultati yn\u00eb t\u00ebjet mbi 40% m\u00eb i mir\u00eb se n\u00eb vitin 2006. Ky rezultat na inkurajon edhe m\u00eb tep\u00ebr p\u00ebr shkak t\u00eb faktit se gjith\u00eb koh\u00ebn vepruam si opozit\u00eb.<br \/>\nKjo fitore ka vler\u00eb shum\u00eb t\u00eb madhe sepse FORCA \u00ebsht\u00eb prezente n\u00eb t\u00eb gjitha trevat shqiptare, si n\u00eb Ulqin, An\u00eb t\u00eb Malit ,Kraj\u00eb ,Mal\u00ebsi, Plav\u00eb e Guci dhe n\u00eb Rozhaj\u00eb.<br \/>\nSa i p\u00ebrket sken\u00ebs politike shqiptare n\u00eb Mal t\u00eb Zi, ajo ndryshoi vet\u00ebm me FORC\u00cbN.<br \/>\nNe gjithashtu i fal\u00ebnderojm\u00eb edhe te gjith\u00eb votuesit q\u00ebshfryt\u00ebzuan t\u00eb drejt\u00ebn e vet\u00eb dhe k\u00ebtu posa\u00e7\u00ebrisht ato q\u00eb votuan partit\u00eb shqiptare. I fal\u00ebnderojm\u00eb edhe ato q\u00eb nuk e votuan Forc\u00ebn p\u00ebr sjellje korrekte dhe t\u00eb qytet\u00ebruar gjat\u00eb procesit t\u00eb votimit.<br \/>\nP\u00ebrs\u00ebri shprehim gatishm\u00ebri p\u00ebr bashk\u00ebpunim me t\u00eb gjith\u00eb p\u00ebrfaq\u00ebsuesit shqiptar n\u00eb Parlamentin e Malit t\u00eb Zi.<br \/>\nDeputeti i FORC\u00cbS, Genci Nimanbegu do t\u00eb jet n\u00eb sh\u00ebrbimt\u00eb t\u00eb gjith\u00eb qytetar\u00ebve.<br \/>\nJu sigurojm\u00eb se FJALA E JUAJ DO T\u00cb RESPEKTOHET.<br \/>\nEdhe nj\u00eb her\u00eb ju fal\u00ebnderoj dhe urime.<\/p>\n","protected":false},"excerpt":{"rendered":"<p>T\u00eb nderuar qytetar\u00eb, Forca u b\u00eb parti parlamentare\u00a0 dhe p\u00ebr k\u00ebt\u00eb duam t\u00eb fal\u00ebnderojm\u00eb\u00a0 an\u00ebtar\u00ebt dhe simpatizuesit ton\u00eb dhe Forc\u00ebnrinore q\u00eb jan\u00eb angazhuar n\u00eb komisione dhe n\u00eb fushat\u00eb. Iu fal\u00ebnderohem t\u00eb gjith\u00eb votuesve q\u00eb na kan\u00eb besuarvot\u00ebn e tyre dhe q\u00eb b\u00ebn\u00eb t\u00eb mundur q\u00eb Forca e Re Demokratike, p\u00ebr nj\u00eb koh\u00eb t\u00eb shkurt\u00ebr, t\u00eb [&hellip;]<\/p>\n","protected":false},"author":1,"featured_media":0,"comment_status":"open","ping_status":"closed","sticky":false,"template":"","format":"standard","meta":{"spay_email":"","jetpack_publicize_message":"","jetpack_is_tweetstorm":false,"jetpack_publicize_feature_enabled":true},"categories":[5],"tags":[874,8855,1074,8856],"jetpack_publicize_connections":[],"yoast_head":"<!-- This site is optimized with the Yoast SEO plugin v19.1 - https:\/\/yoast.com\/wordpress\/plugins\/seo\/ -->\n<title>Forca: Fjala Juaj do te respektohet - Lajme nga Ulqini<\/title>\n<meta name=\"description\" content=\"T\u00eb nderuar qytetar\u00eb, Forca u b\u00eb parti parlamentare\u00a0 dhe p\u00ebr k\u00ebt\u00eb duam t\u00eb fal\u00ebnderojm\u00eb\u00a0 an\u00ebtar\u00ebt dhe simpatizuesit ton\u00eb dhe Forc\u00ebnrinore q\u00eb jan\u00eb angazhuar\" \/>\n<meta name=\"robots\" content=\"index, follow, max-snippet:-1, max-image-preview:large, max-video-preview:-1\" \/>\n<link rel=\"canonical\" href=\"https:\/\/www.visit-ulcinj.com\/blog\/2009\/04\/09\/forca-fjala-juaj-do-te-respektohet\/\" \/>\n<meta property=\"og:locale\" content=\"en_US\" \/>\n<meta property=\"og:type\" content=\"article\" \/>\n<meta property=\"og:title\" content=\"Forca: Fjala Juaj do te respektohet - Lajme nga Ulqini\" \/>\n<meta property=\"og:description\" content=\"T\u00eb nderuar qytetar\u00eb, Forca u b\u00eb parti parlamentare\u00a0 dhe p\u00ebr k\u00ebt\u00eb duam t\u00eb fal\u00ebnderojm\u00eb\u00a0 an\u00ebtar\u00ebt dhe simpatizuesit ton\u00eb dhe Forc\u00ebnrinore q\u00eb jan\u00eb angazhuar\" \/>\n<meta property=\"og:url\" content=\"https:\/\/www.visit-ulcinj.com\/blog\/2009\/04\/09\/forca-fjala-juaj-do-te-respektohet\/\" \/>\n<meta property=\"og:site_name\" content=\"Lajme nga Ulqini\" \/>\n<meta property=\"article:published_time\" content=\"2009-04-09T17:58:05+00:00\" \/>\n<meta property=\"article:modified_time\" content=\"2009-04-09T17:58:58+00:00\" \/>\n<meta property=\"og:image\" content=\"http:\/\/www.visit-ulcinj.com\/blog\/wp-content\/uploads\/2009\/04\/nazif-cungu_genc-nimanbegu.jpg\" \/>\n<meta name=\"twitter:label1\" content=\"Written by\" \/>\n\t<meta name=\"twitter:data1\" content=\"ulqini\" \/>\n\t<meta name=\"twitter:label2\" content=\"Est. reading time\" \/>\n\t<meta name=\"twitter:data2\" content=\"1 minute\" \/>\n<script type=\"application\/ld+json\" class=\"yoast-schema-graph\">{\"@context\":\"https:\/\/schema.org\",\"@graph\":[{\"@type\":\"WebSite\",\"@id\":\"https:\/\/www.visit-ulcinj.com\/blog\/#website\",\"url\":\"https:\/\/www.visit-ulcinj.com\/blog\/\",\"name\":\"Lajme nga Ulqini\",\"description\":\"Lajme,Vijesti,Ulqini,Ulqin,Crna Gora,Mali i Zi\",\"potentialAction\":[{\"@type\":\"SearchAction\",\"target\":{\"@type\":\"EntryPoint\",\"urlTemplate\":\"https:\/\/www.visit-ulcinj.com\/blog\/?s={search_term_string}\"},\"query-input\":\"required name=search_term_string\"}],\"inLanguage\":\"en-US\"},{\"@type\":\"ImageObject\",\"inLanguage\":\"en-US\",\"@id\":\"https:\/\/www.visit-ulcinj.com\/blog\/2009\/04\/09\/forca-fjala-juaj-do-te-respektohet\/#primaryimage\",\"url\":\"https:\/\/www.visit-ulcinj.com\/blog\/wp-content\/uploads\/2009\/04\/nazif-cungu_genc-nimanbegu.jpg\",\"contentUrl\":\"https:\/\/www.visit-ulcinj.com\/blog\/wp-content\/uploads\/2009\/04\/nazif-cungu_genc-nimanbegu.jpg\",\"width\":\"500\",\"height\":\"335\"},{\"@type\":\"WebPage\",\"@id\":\"https:\/\/www.visit-ulcinj.com\/blog\/2009\/04\/09\/forca-fjala-juaj-do-te-respektohet\/#webpage\",\"url\":\"https:\/\/www.visit-ulcinj.com\/blog\/2009\/04\/09\/forca-fjala-juaj-do-te-respektohet\/\",\"name\":\"Forca: Fjala Juaj do te respektohet - Lajme nga Ulqini\",\"isPartOf\":{\"@id\":\"https:\/\/www.visit-ulcinj.com\/blog\/#website\"},\"primaryImageOfPage\":{\"@id\":\"https:\/\/www.visit-ulcinj.com\/blog\/2009\/04\/09\/forca-fjala-juaj-do-te-respektohet\/#primaryimage\"},\"datePublished\":\"2009-04-09T17:58:05+00:00\",\"dateModified\":\"2009-04-09T17:58:58+00:00\",\"author\":{\"@id\":\"https:\/\/www.visit-ulcinj.com\/blog\/#\/schema\/person\/dcab619c614d3038751c63bc2aadc06d\"},\"description\":\"T\u00eb nderuar qytetar\u00eb, Forca u b\u00eb parti parlamentare\u00a0 dhe p\u00ebr k\u00ebt\u00eb duam t\u00eb fal\u00ebnderojm\u00eb\u00a0 an\u00ebtar\u00ebt dhe simpatizuesit ton\u00eb dhe Forc\u00ebnrinore q\u00eb jan\u00eb angazhuar\",\"breadcrumb\":{\"@id\":\"https:\/\/www.visit-ulcinj.com\/blog\/2009\/04\/09\/forca-fjala-juaj-do-te-respektohet\/#breadcrumb\"},\"inLanguage\":\"en-US\",\"potentialAction\":[{\"@type\":\"ReadAction\",\"target\":[\"https:\/\/www.visit-ulcinj.com\/blog\/2009\/04\/09\/forca-fjala-juaj-do-te-respektohet\/\"]}]},{\"@type\":\"BreadcrumbList\",\"@id\":\"https:\/\/www.visit-ulcinj.com\/blog\/2009\/04\/09\/forca-fjala-juaj-do-te-respektohet\/#breadcrumb\",\"itemListElement\":[{\"@type\":\"ListItem\",\"position\":1,\"name\":\"Forca: Fjala Juaj do te respektohet\"}]},{\"@type\":\"Person\",\"@id\":\"https:\/\/www.visit-ulcinj.com\/blog\/#\/schema\/person\/dcab619c614d3038751c63bc2aadc06d\",\"name\":\"ulqini\",\"sameAs\":[\"http:\/\/www.visit-ulcinj.com\"],\"url\":\"https:\/\/www.visit-ulcinj.com\/blog\/author\/admin\/\"}]}<\/script>\n<!-- \/ Yoast SEO plugin. -->","yoast_head_json":{"title":"Forca: Fjala Juaj do te respektohet - Lajme nga Ulqini","description":"T\u00eb nderuar qytetar\u00eb, Forca u b\u00eb parti parlamentare\u00a0 dhe p\u00ebr k\u00ebt\u00eb duam t\u00eb fal\u00ebnderojm\u00eb\u00a0 an\u00ebtar\u00ebt dhe simpatizuesit ton\u00eb dhe Forc\u00ebnrinore q\u00eb jan\u00eb angazhuar","robots":{"index":"index","follow":"follow","max-snippet":"max-snippet:-1","max-image-preview":"max-image-preview:large","max-video-preview":"max-video-preview:-1"},"canonical":"https:\/\/www.visit-ulcinj.com\/blog\/2009\/04\/09\/forca-fjala-juaj-do-te-respektohet\/","og_locale":"en_US","og_type":"article","og_title":"Forca: Fjala Juaj do te respektohet - Lajme nga Ulqini","og_description":"T\u00eb nderuar qytetar\u00eb, Forca u b\u00eb parti parlamentare\u00a0 dhe p\u00ebr k\u00ebt\u00eb duam t\u00eb fal\u00ebnderojm\u00eb\u00a0 an\u00ebtar\u00ebt dhe simpatizuesit ton\u00eb dhe Forc\u00ebnrinore q\u00eb jan\u00eb angazhuar","og_url":"https:\/\/www.visit-ulcinj.com\/blog\/2009\/04\/09\/forca-fjala-juaj-do-te-respektohet\/","og_site_name":"Lajme nga Ulqini","article_published_time":"2009-04-09T17:58:05+00:00","article_modified_time":"2009-04-09T17:58:58+00:00","og_image":[{"url":"http:\/\/www.visit-ulcinj.com\/blog\/wp-content\/uploads\/2009\/04\/nazif-cungu_genc-nimanbegu.jpg"}],"twitter_misc":{"Written by":"ulqini","Est. reading time":"1 minute"},"schema":{"@context":"https:\/\/schema.org","@graph":[{"@type":"WebSite","@id":"https:\/\/www.visit-ulcinj.com\/blog\/#website","url":"https:\/\/www.visit-ulcinj.com\/blog\/","name":"Lajme nga Ulqini","description":"Lajme,Vijesti,Ulqini,Ulqin,Crna Gora,Mali i Zi","potentialAction":[{"@type":"SearchAction","target":{"@type":"EntryPoint","urlTemplate":"https:\/\/www.visit-ulcinj.com\/blog\/?s={search_term_string}"},"query-input":"required name=search_term_string"}],"inLanguage":"en-US"},{"@type":"ImageObject","inLanguage":"en-US","@id":"https:\/\/www.visit-ulcinj.com\/blog\/2009\/04\/09\/forca-fjala-juaj-do-te-respektohet\/#primaryimage","url":"https:\/\/www.visit-ulcinj.com\/blog\/wp-content\/uploads\/2009\/04\/nazif-cungu_genc-nimanbegu.jpg","contentUrl":"https:\/\/www.visit-ulcinj.com\/blog\/wp-content\/uploads\/2009\/04\/nazif-cungu_genc-nimanbegu.jpg","width":"500","height":"335"},{"@type":"WebPage","@id":"https:\/\/www.visit-ulcinj.com\/blog\/2009\/04\/09\/forca-fjala-juaj-do-te-respektohet\/#webpage","url":"https:\/\/www.visit-ulcinj.com\/blog\/2009\/04\/09\/forca-fjala-juaj-do-te-respektohet\/","name":"Forca: Fjala Juaj do te respektohet - Lajme nga Ulqini","isPartOf":{"@id":"https:\/\/www.visit-ulcinj.com\/blog\/#website"},"primaryImageOfPage":{"@id":"https:\/\/www.visit-ulcinj.com\/blog\/2009\/04\/09\/forca-fjala-juaj-do-te-respektohet\/#primaryimage"},"datePublished":"2009-04-09T17:58:05+00:00","dateModified":"2009-04-09T17:58:58+00:00","author":{"@id":"https:\/\/www.visit-ulcinj.com\/blog\/#\/schema\/person\/dcab619c614d3038751c63bc2aadc06d"},"description":"T\u00eb nderuar qytetar\u00eb, Forca u b\u00eb parti parlamentare\u00a0 dhe p\u00ebr k\u00ebt\u00eb duam t\u00eb fal\u00ebnderojm\u00eb\u00a0 an\u00ebtar\u00ebt dhe simpatizuesit ton\u00eb dhe Forc\u00ebnrinore q\u00eb jan\u00eb angazhuar","breadcrumb":{"@id":"https:\/\/www.visit-ulcinj.com\/blog\/2009\/04\/09\/forca-fjala-juaj-do-te-respektohet\/#breadcrumb"},"inLanguage":"en-US","potentialAction":[{"@type":"ReadAction","target":["https:\/\/www.visit-ulcinj.com\/blog\/2009\/04\/09\/forca-fjala-juaj-do-te-respektohet\/"]}]},{"@type":"BreadcrumbList","@id":"https:\/\/www.visit-ulcinj.com\/blog\/2009\/04\/09\/forca-fjala-juaj-do-te-respektohet\/#breadcrumb","itemListElement":[{"@type":"ListItem","position":1,"name":"Forca: Fjala Juaj do te respektohet"}]},{"@type":"Person","@id":"https:\/\/www.visit-ulcinj.com\/blog\/#\/schema\/person\/dcab619c614d3038751c63bc2aadc06d","name":"ulqini","sameAs":["http:\/\/www.visit-ulcinj.com"],"url":"https:\/\/www.visit-ulcinj.com\/blog\/author\/admin\/"}]}},"jetpack_featured_media_url":"","jetpack_sharing_enabled":true,"jetpack_shortlink":"https:\/\/wp.me\/pe6lTn-4rA","_links":{"self":[{"href":"https:\/\/www.visit-ulcinj.com\/blog\/wp-json\/wp\/v2\/posts\/17086"}],"collection":[{"href":"https:\/\/www.visit-ulcinj.com\/blog\/wp-json\/wp\/v2\/posts"}],"about":[{"href":"https:\/\/www.visit-ulcinj.com\/blog\/wp-json\/wp\/v2\/types\/post"}],"author":[{"embeddable":true,"href":"https:\/\/www.visit-ulcinj.com\/blog\/wp-json\/wp\/v2\/users\/1"}],"replies":[{"embeddable":true,"href":"https:\/\/www.visit-ulcinj.com\/blog\/wp-json\/wp\/v2\/comments?post=17086"}],"version-history":[{"count":0,"href":"https:\/\/www.visit-ulcinj.com\/blog\/wp-json\/wp\/v2\/posts\/17086\/revisions"}],"wp:attachment":[{"href":"https:\/\/www.visit-ulcinj.com\/blog\/wp-json\/wp\/v2\/media?parent=17086"}],"wp:term":[{"taxonomy":"category","embeddable":true,"href":"https:\/\/www.visit-ulcinj.com\/blog\/wp-json\/wp\/v2\/categories?post=17086"},{"taxonomy":"post_tag","embeddable":true,"href":"https:\/\/www.visit-ulcinj.com\/blog\/wp-json\/wp\/v2\/tags?post=17086"}],"curies":[{"name":"wp","href":"https:\/\/api.w.org\/{rel}","templated":true}]}}