{"id":1710,"date":"2008-05-20T09:37:20","date_gmt":"2008-05-20T14:37:20","guid":{"rendered":"http:\/\/www.visit-ulcinj.com\/blog\/?p=1710"},"modified":"2008-06-02T12:27:24","modified_gmt":"2008-06-02T17:27:24","slug":"bosanci-i-hercegovci-sve-vise-odmaraju-u-crnoj-go","status":"publish","type":"post","link":"https:\/\/www.visit-ulcinj.com\/blog\/2008\/05\/20\/bosanci-i-hercegovci-sve-vise-odmaraju-u-crnoj-go\/","title":{"rendered":"Bosanci i Hercegovci sve vi\u0161e odmaraju u Crnoj Gori"},"content":{"rendered":"<p><a href=\"http:\/\/www.visit-ulcinj.com\/blog\/wp-content\/uploads\/2008\/05\/montenegro.jpg\"><img loading=\"lazy\" class=\"alignleft attachment wp-att-1464\" style=\"float: left;\" src=\"http:\/\/www.visit-ulcinj.com\/blog\/wp-content\/uploads\/2008\/05\/montenegro.thumbnail.jpg\" alt=\"Montenegro-Ulcinj\" width=\"163\" height=\"200\" \/><\/a><strong>SARAJEVO<\/strong>&#8211; Crna Gora u ovogodi\u0161njoj sezoni o?ekuje 10 posto vi\u0161e turista nego pro\u0161le godine i 15 posto vi\u0161e prihoda od turizma. Tako su na predstavljanju turisti?ke ponude u sarajevskom hotelu Radon Plaza potvrdili turisti?ki djelatnici susjedne nam zemlje.<br \/>\n<strong>Uz more nude i planine<\/strong><br \/>\nMenad\u017eerica za sajmove u Nacionalnoj turisti?koj organizaciji Crne Gore Ljiljana ?uki? izjavila je da se za predstoje?u turisti?ku sezonu mnogo radilo na prometnoj infrastrukturi, regulaciji vodovoda i ?vrstih otpada, osuvremenjivanju smje\u0161tajnih kapaciteta, a planirana je i izgradnja deset novih hotela. ?uki? je dodala da su pla\u017ee ure?ene i ?iste te da je 18 pla\u017ea ove godine dobilo plavu zastavicu, \u0161to upu?uje na kvalitetu. Donesen je Zakon o sigurnosti hrane, a \u0161to se ti?e cijena one ne odstupaju mnogo od pro\u0161logodi\u0161njih. Iz BiH je lani bilo vi\u0161e od 100.000 turista, a ove godine o?ekuju da ?e ih biti vi\u0161e. Imaju?i u vidu tradicionalno dobru suradnju i cijene?i da su turisti iz BiH uvijek bili me?u brojnijim i rado vi?enim na crnogorskoj rivijeri, posljednjih godina poklanja se posebna pa\u017enja prezentaciji crnogorske turisti?ke ponude u na\u0161oj zemlji. Uz more turisti?ki djelatnici \u017eele integrirati i planinski dio, kao kvalitetnu turisti?ku ponudu, a tu je i niz kulturno-zabavnih manifestacija. Kao kvalitetan turisti?ki proizvod izdvajaju pje\u0161a?enje i rekreaciju u nacionalnim parkovima uz biciklizam i splavarenje.<a href=\"http:\/\/www.visit-ulcinj.com\/blog\/wp-content\/uploads\/2008\/03\/g_2006_08_006774.jpg\"><img loading=\"lazy\" class=\"alignright attachment wp-att-844\" style=\"float: right;\" src=\"http:\/\/www.visit-ulcinj.com\/blog\/wp-content\/uploads\/2008\/03\/g_2006_08_006774.thumbnail.jpg\" alt=\"Copakabana beach ulcinj(2)\" width=\"200\" height=\"133\" \/><\/a><br \/>\n<strong>Crnogorci odu\u0161evljeni Mostarom<\/strong><br \/>\nVeleposlanik Crne Gore u BiH Ramiz Ba\u0161i? naglasio je da sve ve?i broj turista iz Crne Gore posje?uje na\u0161u zemlju i naj?e\u0161?e je to Sarajevo, Mostar, Trebinje i Neum te zimske centre Jahorinu, Bjela\u0161nicu, Igman i Vla\u0161i?. \u201cNije mogu?a turisti?ka suradnja ukoliko ona nije obostrana. Ali postoje i limiti suradnje, prije svega lo\u0161e putne komunikacije izme?u na\u0161ih dr\u017eava. Imamo lo\u0161u komunikaciju u cestovnom prometu, a nemamo ni jedne zrakoplovne linije, samo povremene ?arter letove Banja Luka-Tivat\u201d, kazao je Ba\u0161i?. Dva klju?na putna pravca koja povezuju Crnu Goru i BiH u lo\u0161em su stanju. ?ine sve napore da se na dionici \u0160?epan Polje-Fo?a popravi put. Relacija Trebinje-Herceg Novi treba se popraviti i mogu?e je da ?e ova najkra?a relacija prema crnogorskom moru do po?etka turisti?ke sezone biti zavr\u0161ena.<br \/>\n<strong>Pi\u0161e: R. Dautefendi?<br \/>\nIzvor \/ Dnevni list<\/strong><br \/>\n<a title=\"Holiday accommodation in Ulcinj, Montenegro\" href=\"http:\/\/www.visit-ulcinj.com\/tourism\/\" target=\"_blank\"><img loading=\"lazy\" style=\"vertical-align: middle;\" src=\"http:\/\/www.visit-ulcinj.com\/blog\/wp-content\/uploads\/2008\/05\/holiday-rental-ulcinj_ulqin_montenegro2.jpg\" alt=\"Holiday accommodation in Ulcinj, Montenegro\" width=\"424\" height=\"110\" \/><\/a><\/p>\n<p><strong><\/strong><br \/>\n<!-- vimeo error: not a vimeo video --><\/p>\n<p><span style=\"color: #ffffff;\"><span style=\"color: #333333;\"><span style=\"color: #ffffff;\">Bosanci i Hercegovci sve vi\u0161e odmaraju u Crnoj Gori a naro?ito u Ulcinj.Ulcinj pro\u0161log ljeta bio pose?ivan iz ovih gradova Bosne i Hercegovine.?apljina, ?itluk, \u0160ipovo, \u0160iroki Brijeg, \u017dep?e, \u017divinice, Banja Luka, Banovi?i, Biha?, Bijeljina, Bosanska Gradi\u0161ka, Bosanska Krupa, Bosanski \u0160amac, Bosanski Brod, Bosanski Novi, Br?ko, Bu\u017eim, Bugojno, Cazin, Derventa, Doboj, Donji Vakuf, Drvar, Fo?a, Fojnica, Glamo?, Gora\u017ede, Gornji Vakuf, Gra?anica, Grada?ac, Gradiska, Grahovo, Had\u017ei?i, Ilid\u017ea, Jablanica, Jajce, Kakanj, Klju?, Konjic, Kotor Varo\u0161, Kupres, Lakta\u0161i, Livno, Ljubinje, Ljubu\u0161ki, Lukavac, Maglaj, Modri?a, mostar, Mrkonji? Grad, Neum, Novi Travnik, Od\u017eak, Ora\u0161je, Pale, Prijedor, Prozor, Sanski Most, Sarajevo, Sokolac, Srebrenica, Srebrenik, Stolac, Tesli?, Travnik, Trebinje, tuzla, Velika Kladu\u0161a, Vi\u0161egrad, Visoko, Vitez, Vogo\u0161?a, Zavidovi?i, Zenica, Zvornik.Dobro Do\u0161li u Ulcinj<\/span><br \/>\n<\/span> <\/span><\/p>\n<div class=\"vvqbox vvqvimeo\" style=\"width: 400px; height: 300px;\"><span style=\"color: #333333;\"><\/span><\/div>\n","protected":false},"excerpt":{"rendered":"<p><img loading=\"lazy\" class=\"alignleft attachment wp-att-1464\" style=\"float: left;\" src=\"http:\/\/www.visit-ulcinj.com\/blog\/wp-content\/uploads\/2008\/05\/montenegro.thumbnail.jpg\" alt=\"Montenegro-Ulcinj\" width=\"140\" height=\"140\" \/><\/p>\n","protected":false},"author":1,"featured_media":0,"comment_status":"open","ping_status":"closed","sticky":false,"template":"","format":"standard","meta":{"spay_email":"","jetpack_publicize_message":"","jetpack_is_tweetstorm":false,"jetpack_publicize_feature_enabled":true},"categories":[12,15],"tags":[2227,2228,2229,2230,2231,2232,2233,2234,2235,2238,2236,2237,2240,2241,3315,2243,2242,21,2244,2245,2246,2247,2248,2249,2251,2250,2252,2253,2255,2254,2256,423,2257,2258,2259,2260,2261,2262,2263,2264,2265,2266,2283,2267,2268,2269,2270,2271,2272,1716,2273,2277,2278,2279,2239,2280,2281,2282,2284,2285,2286,2287,1334,3316,19,2274,2275,2276],"jetpack_publicize_connections":[],"yoast_head":"<!-- This site is optimized with the Yoast SEO plugin v19.1 - https:\/\/yoast.com\/wordpress\/plugins\/seo\/ -->\n<title>Bosanci i Hercegovci sve vi\u0161e odmaraju u Crnoj Gori - Lajme nga Ulqini<\/title>\n<meta name=\"robots\" content=\"index, follow, max-snippet:-1, max-image-preview:large, max-video-preview:-1\" \/>\n<link rel=\"canonical\" href=\"https:\/\/www.visit-ulcinj.com\/blog\/2008\/05\/20\/bosanci-i-hercegovci-sve-vise-odmaraju-u-crnoj-go\/\" \/>\n<meta property=\"og:locale\" content=\"en_US\" \/>\n<meta property=\"og:type\" content=\"article\" \/>\n<meta property=\"og:title\" content=\"Bosanci i Hercegovci sve vi\u0161e odmaraju u Crnoj Gori - Lajme nga Ulqini\" \/>\n<meta property=\"og:url\" content=\"https:\/\/www.visit-ulcinj.com\/blog\/2008\/05\/20\/bosanci-i-hercegovci-sve-vise-odmaraju-u-crnoj-go\/\" \/>\n<meta property=\"og:site_name\" content=\"Lajme nga Ulqini\" \/>\n<meta property=\"article:published_time\" content=\"2008-05-20T14:37:20+00:00\" \/>\n<meta property=\"article:modified_time\" content=\"2008-06-02T17:27:24+00:00\" \/>\n<meta property=\"og:image\" content=\"http:\/\/www.visit-ulcinj.com\/blog\/wp-content\/uploads\/2008\/05\/montenegro.thumbnail.jpg\" \/>\n<meta name=\"twitter:label1\" content=\"Written by\" \/>\n\t<meta name=\"twitter:data1\" content=\"ulqini\" \/>\n\t<meta name=\"twitter:label2\" content=\"Est. reading time\" \/>\n\t<meta name=\"twitter:data2\" content=\"3 minutes\" \/>\n<script type=\"application\/ld+json\" class=\"yoast-schema-graph\">{\"@context\":\"https:\/\/schema.org\",\"@graph\":[{\"@type\":\"WebSite\",\"@id\":\"https:\/\/www.visit-ulcinj.com\/blog\/#website\",\"url\":\"https:\/\/www.visit-ulcinj.com\/blog\/\",\"name\":\"Lajme nga Ulqini\",\"description\":\"Lajme,Vijesti,Ulqini,Ulqin,Crna Gora,Mali i Zi\",\"potentialAction\":[{\"@type\":\"SearchAction\",\"target\":{\"@type\":\"EntryPoint\",\"urlTemplate\":\"https:\/\/www.visit-ulcinj.com\/blog\/?s={search_term_string}\"},\"query-input\":\"required name=search_term_string\"}],\"inLanguage\":\"en-US\"},{\"@type\":\"ImageObject\",\"inLanguage\":\"en-US\",\"@id\":\"https:\/\/www.visit-ulcinj.com\/blog\/2008\/05\/20\/bosanci-i-hercegovci-sve-vise-odmaraju-u-crnoj-go\/#primaryimage\",\"url\":\"http:\/\/www.visit-ulcinj.com\/blog\/wp-content\/uploads\/2008\/05\/montenegro.thumbnail.jpg\",\"contentUrl\":\"http:\/\/www.visit-ulcinj.com\/blog\/wp-content\/uploads\/2008\/05\/montenegro.thumbnail.jpg\"},{\"@type\":\"WebPage\",\"@id\":\"https:\/\/www.visit-ulcinj.com\/blog\/2008\/05\/20\/bosanci-i-hercegovci-sve-vise-odmaraju-u-crnoj-go\/#webpage\",\"url\":\"https:\/\/www.visit-ulcinj.com\/blog\/2008\/05\/20\/bosanci-i-hercegovci-sve-vise-odmaraju-u-crnoj-go\/\",\"name\":\"Bosanci i Hercegovci sve vi\u0161e odmaraju u Crnoj Gori - Lajme nga Ulqini\",\"isPartOf\":{\"@id\":\"https:\/\/www.visit-ulcinj.com\/blog\/#website\"},\"primaryImageOfPage\":{\"@id\":\"https:\/\/www.visit-ulcinj.com\/blog\/2008\/05\/20\/bosanci-i-hercegovci-sve-vise-odmaraju-u-crnoj-go\/#primaryimage\"},\"datePublished\":\"2008-05-20T14:37:20+00:00\",\"dateModified\":\"2008-06-02T17:27:24+00:00\",\"author\":{\"@id\":\"https:\/\/www.visit-ulcinj.com\/blog\/#\/schema\/person\/dcab619c614d3038751c63bc2aadc06d\"},\"breadcrumb\":{\"@id\":\"https:\/\/www.visit-ulcinj.com\/blog\/2008\/05\/20\/bosanci-i-hercegovci-sve-vise-odmaraju-u-crnoj-go\/#breadcrumb\"},\"inLanguage\":\"en-US\",\"potentialAction\":[{\"@type\":\"ReadAction\",\"target\":[\"https:\/\/www.visit-ulcinj.com\/blog\/2008\/05\/20\/bosanci-i-hercegovci-sve-vise-odmaraju-u-crnoj-go\/\"]}]},{\"@type\":\"BreadcrumbList\",\"@id\":\"https:\/\/www.visit-ulcinj.com\/blog\/2008\/05\/20\/bosanci-i-hercegovci-sve-vise-odmaraju-u-crnoj-go\/#breadcrumb\",\"itemListElement\":[{\"@type\":\"ListItem\",\"position\":1,\"name\":\"Bosanci i Hercegovci sve vi\u0161e odmaraju u Crnoj Gori\"}]},{\"@type\":\"Person\",\"@id\":\"https:\/\/www.visit-ulcinj.com\/blog\/#\/schema\/person\/dcab619c614d3038751c63bc2aadc06d\",\"name\":\"ulqini\",\"sameAs\":[\"http:\/\/www.visit-ulcinj.com\"],\"url\":\"https:\/\/www.visit-ulcinj.com\/blog\/author\/admin\/\"}]}<\/script>\n<!-- \/ Yoast SEO plugin. -->","yoast_head_json":{"title":"Bosanci i Hercegovci sve vi\u0161e odmaraju u Crnoj Gori - Lajme nga Ulqini","robots":{"index":"index","follow":"follow","max-snippet":"max-snippet:-1","max-image-preview":"max-image-preview:large","max-video-preview":"max-video-preview:-1"},"canonical":"https:\/\/www.visit-ulcinj.com\/blog\/2008\/05\/20\/bosanci-i-hercegovci-sve-vise-odmaraju-u-crnoj-go\/","og_locale":"en_US","og_type":"article","og_title":"Bosanci i Hercegovci sve vi\u0161e odmaraju u Crnoj Gori - Lajme nga Ulqini","og_url":"https:\/\/www.visit-ulcinj.com\/blog\/2008\/05\/20\/bosanci-i-hercegovci-sve-vise-odmaraju-u-crnoj-go\/","og_site_name":"Lajme nga Ulqini","article_published_time":"2008-05-20T14:37:20+00:00","article_modified_time":"2008-06-02T17:27:24+00:00","og_image":[{"url":"http:\/\/www.visit-ulcinj.com\/blog\/wp-content\/uploads\/2008\/05\/montenegro.thumbnail.jpg"}],"twitter_misc":{"Written by":"ulqini","Est. reading time":"3 minutes"},"schema":{"@context":"https:\/\/schema.org","@graph":[{"@type":"WebSite","@id":"https:\/\/www.visit-ulcinj.com\/blog\/#website","url":"https:\/\/www.visit-ulcinj.com\/blog\/","name":"Lajme nga Ulqini","description":"Lajme,Vijesti,Ulqini,Ulqin,Crna Gora,Mali i Zi","potentialAction":[{"@type":"SearchAction","target":{"@type":"EntryPoint","urlTemplate":"https:\/\/www.visit-ulcinj.com\/blog\/?s={search_term_string}"},"query-input":"required name=search_term_string"}],"inLanguage":"en-US"},{"@type":"ImageObject","inLanguage":"en-US","@id":"https:\/\/www.visit-ulcinj.com\/blog\/2008\/05\/20\/bosanci-i-hercegovci-sve-vise-odmaraju-u-crnoj-go\/#primaryimage","url":"http:\/\/www.visit-ulcinj.com\/blog\/wp-content\/uploads\/2008\/05\/montenegro.thumbnail.jpg","contentUrl":"http:\/\/www.visit-ulcinj.com\/blog\/wp-content\/uploads\/2008\/05\/montenegro.thumbnail.jpg"},{"@type":"WebPage","@id":"https:\/\/www.visit-ulcinj.com\/blog\/2008\/05\/20\/bosanci-i-hercegovci-sve-vise-odmaraju-u-crnoj-go\/#webpage","url":"https:\/\/www.visit-ulcinj.com\/blog\/2008\/05\/20\/bosanci-i-hercegovci-sve-vise-odmaraju-u-crnoj-go\/","name":"Bosanci i Hercegovci sve vi\u0161e odmaraju u Crnoj Gori - Lajme nga Ulqini","isPartOf":{"@id":"https:\/\/www.visit-ulcinj.com\/blog\/#website"},"primaryImageOfPage":{"@id":"https:\/\/www.visit-ulcinj.com\/blog\/2008\/05\/20\/bosanci-i-hercegovci-sve-vise-odmaraju-u-crnoj-go\/#primaryimage"},"datePublished":"2008-05-20T14:37:20+00:00","dateModified":"2008-06-02T17:27:24+00:00","author":{"@id":"https:\/\/www.visit-ulcinj.com\/blog\/#\/schema\/person\/dcab619c614d3038751c63bc2aadc06d"},"breadcrumb":{"@id":"https:\/\/www.visit-ulcinj.com\/blog\/2008\/05\/20\/bosanci-i-hercegovci-sve-vise-odmaraju-u-crnoj-go\/#breadcrumb"},"inLanguage":"en-US","potentialAction":[{"@type":"ReadAction","target":["https:\/\/www.visit-ulcinj.com\/blog\/2008\/05\/20\/bosanci-i-hercegovci-sve-vise-odmaraju-u-crnoj-go\/"]}]},{"@type":"BreadcrumbList","@id":"https:\/\/www.visit-ulcinj.com\/blog\/2008\/05\/20\/bosanci-i-hercegovci-sve-vise-odmaraju-u-crnoj-go\/#breadcrumb","itemListElement":[{"@type":"ListItem","position":1,"name":"Bosanci i Hercegovci sve vi\u0161e odmaraju u Crnoj Gori"}]},{"@type":"Person","@id":"https:\/\/www.visit-ulcinj.com\/blog\/#\/schema\/person\/dcab619c614d3038751c63bc2aadc06d","name":"ulqini","sameAs":["http:\/\/www.visit-ulcinj.com"],"url":"https:\/\/www.visit-ulcinj.com\/blog\/author\/admin\/"}]}},"jetpack_featured_media_url":"","jetpack_sharing_enabled":true,"jetpack_shortlink":"https:\/\/wp.me\/pe6lTn-rA","_links":{"self":[{"href":"https:\/\/www.visit-ulcinj.com\/blog\/wp-json\/wp\/v2\/posts\/1710"}],"collection":[{"href":"https:\/\/www.visit-ulcinj.com\/blog\/wp-json\/wp\/v2\/posts"}],"about":[{"href":"https:\/\/www.visit-ulcinj.com\/blog\/wp-json\/wp\/v2\/types\/post"}],"author":[{"embeddable":true,"href":"https:\/\/www.visit-ulcinj.com\/blog\/wp-json\/wp\/v2\/users\/1"}],"replies":[{"embeddable":true,"href":"https:\/\/www.visit-ulcinj.com\/blog\/wp-json\/wp\/v2\/comments?post=1710"}],"version-history":[{"count":0,"href":"https:\/\/www.visit-ulcinj.com\/blog\/wp-json\/wp\/v2\/posts\/1710\/revisions"}],"wp:attachment":[{"href":"https:\/\/www.visit-ulcinj.com\/blog\/wp-json\/wp\/v2\/media?parent=1710"}],"wp:term":[{"taxonomy":"category","embeddable":true,"href":"https:\/\/www.visit-ulcinj.com\/blog\/wp-json\/wp\/v2\/categories?post=1710"},{"taxonomy":"post_tag","embeddable":true,"href":"https:\/\/www.visit-ulcinj.com\/blog\/wp-json\/wp\/v2\/tags?post=1710"}],"curies":[{"name":"wp","href":"https:\/\/api.w.org\/{rel}","templated":true}]}}