{"id":1711,"date":"2008-05-20T12:43:48","date_gmt":"2008-05-20T17:43:48","guid":{"rendered":"http:\/\/www.visit-ulcinj.com\/blog\/?p=1711"},"modified":"2008-05-20T13:28:43","modified_gmt":"2008-05-20T18:28:43","slug":"sukses-i-klubit-te-karatese-albulena-ne-kampionatin-e-malit-te-zi","status":"publish","type":"post","link":"https:\/\/www.visit-ulcinj.com\/blog\/2008\/05\/20\/sukses-i-klubit-te-karatese-albulena-ne-kampionatin-e-malit-te-zi\/","title":{"rendered":"Sukses i klubit t\u00eb karates\u00eb &#8220;Albulena&#8221; n\u00eb kampionatin e Malit t\u00eb Zi"},"content":{"rendered":"<p><a href=\"http:\/\/www.visit-ulcinj.com\/blog\/wp-content\/uploads\/2008\/03\/albulena.jpg\"><img loading=\"lazy\" class=\"alignleft attachment wp-att-794\" style=\"float: left;\" src=\"http:\/\/www.visit-ulcinj.com\/blog\/wp-content\/uploads\/2008\/03\/albulena.thumbnail.jpg\" alt=\"kk\\&quot;Albulena\" width=\"200\" height=\"151\" \/><\/a><strong>Kat\u00ebr kampion\u00eb<\/strong><br \/>\nSipas drejtuesve t\u00eb KK &#8220;Albulena&#8221;, rezultati d\u00ebshmon se garuesit e rinj t\u00eb k\u00ebtij klubi jan\u00eb duke ecur hapave t\u00eb kampion\u00ebve t\u00eb vjet\u00ebr t\u00eb &#8220;Albulena&#8221;-s.<br \/>\nDhjet\u00eb medalje t\u00eb fituara, prej t\u00eb cilave kat\u00ebr t\u00eb arta, dy t\u00eb argjendta dhe kat\u00ebr t\u00eb bronzta, \u00ebsht\u00eb bilanci i Klubit t\u00eb Karates\u00eb &#8220;Albulena&#8221; n\u00eb Kampionatin e Malit t\u00eb Zi n\u00eb Karate p\u00ebr pionier\u00eb t\u00eb vjet\u00ebr dhe shpresa n\u00eb luftra individuale, i cili u mbajt t\u00eb diel\u00ebn n\u00eb Podgoric\u00eb.<br \/>\nKampion\u00eb t\u00eb Malit t\u00eb Zi u shpall\u00ebn Ardit Astafa n\u00eb kategorin\u00eb -40kg, Sretena Gjuriq (+45), Nikoll\u00eb Hoti (-55) dhe Xheneta Vu\u00e7iq (+57), n\u00ebnkampion\u00eb Arta Llazori (-55) dhe Armin Nuti (+60), kurse medalje t\u00eb bronzta fituan Besnik Adoviq (+65), Nikolla Jovanoviq (-60), Lindita Hoxhiq (-45) dhe Vanesa Nuhi (-40).<br \/>\nK\u00ebt\u00eb rezultat t\u00eb arritur drejtuesit e KK &#8220;Albulena&#8221; ia atribuojn\u00eb edhe pun\u00ebs s\u00eb madhe dhe st\u00ebrvitjeve serioze q\u00eb garuesit e k\u00ebtij klubi zhvilluan dy muajt e fundit n\u00ebn kujdesin e trajner\u00ebve t\u00eb rinj, Jasmin Hot dhe Anel Beganoviq.<br \/>\nSipas drejtuesve t\u00eb k\u00ebtij klubi, rezultati d\u00ebshmon edhe se garuesit e rinj t\u00eb k\u00ebtij klubi jan\u00eb duke ecur hapave t\u00eb kampion\u00ebve t\u00eb vjet\u00ebr t\u00eb &#8220;Albulena&#8221;-s.<br \/>\nDrejtuesit e KK &#8220;Albulena&#8221; e vler\u00ebsojn\u00eb sukses shum\u00eb t\u00eb madh faktin q\u00eb kan\u00eb dhjet\u00eb garues q\u00eb do t\u00eb mbrojn\u00eb ngjyrat e Malit t\u00eb Zi n\u00eb aren\u00ebn nd\u00ebrkomb\u00ebtare.<br \/>\n<strong>(Kohapress)<\/strong><\/p>\n<p><strong>KTO JAN VIDEO T\u00cb ULQINIT T\u00cb LASHT JAN P\u00cbR TU SHIQUAR SE KAN VLER  HISTORIKE<\/strong><\/p>\n<!--YouTube Error: bad URL entered-->\n","protected":false},"excerpt":{"rendered":"<p><img loading=\"lazy\" class=\"alignleft attachment wp-att-794\" style=\"float: left;\" src=\"http:\/\/www.visit-ulcinj.com\/blog\/wp-content\/uploads\/2008\/03\/albulena.thumbnail.jpg\" alt=\"kk\\&quot;Albulena\" width=\"140\" height=\"140\" \/><\/p>\n","protected":false},"author":1,"featured_media":0,"comment_status":"open","ping_status":"closed","sticky":false,"template":"","format":"standard","meta":{"spay_email":"","jetpack_publicize_message":"","jetpack_is_tweetstorm":false,"jetpack_publicize_feature_enabled":true},"categories":[12,3],"tags":[771],"jetpack_publicize_connections":[],"yoast_head":"<!-- This site is optimized with the Yoast SEO plugin v19.1 - https:\/\/yoast.com\/wordpress\/plugins\/seo\/ -->\n<title>Sukses i klubit t\u00eb karates\u00eb &quot;Albulena&quot; n\u00eb kampionatin e Malit t\u00eb Zi - Lajme nga Ulqini<\/title>\n<meta name=\"robots\" content=\"index, follow, max-snippet:-1, max-image-preview:large, max-video-preview:-1\" \/>\n<link rel=\"canonical\" href=\"https:\/\/www.visit-ulcinj.com\/blog\/2008\/05\/20\/sukses-i-klubit-te-karatese-albulena-ne-kampionatin-e-malit-te-zi\/\" \/>\n<meta property=\"og:locale\" content=\"en_US\" \/>\n<meta property=\"og:type\" content=\"article\" \/>\n<meta property=\"og:title\" content=\"Sukses i klubit t\u00eb karates\u00eb &quot;Albulena&quot; n\u00eb kampionatin e Malit t\u00eb Zi - Lajme nga Ulqini\" \/>\n<meta property=\"og:url\" content=\"https:\/\/www.visit-ulcinj.com\/blog\/2008\/05\/20\/sukses-i-klubit-te-karatese-albulena-ne-kampionatin-e-malit-te-zi\/\" \/>\n<meta property=\"og:site_name\" content=\"Lajme nga Ulqini\" \/>\n<meta property=\"article:published_time\" content=\"2008-05-20T17:43:48+00:00\" \/>\n<meta property=\"article:modified_time\" content=\"2008-05-20T18:28:43+00:00\" \/>\n<meta property=\"og:image\" content=\"http:\/\/www.visit-ulcinj.com\/blog\/wp-content\/uploads\/2008\/03\/albulena.thumbnail.jpg\" \/>\n<meta name=\"twitter:label1\" content=\"Written by\" \/>\n\t<meta name=\"twitter:data1\" content=\"ulqini\" \/>\n\t<meta name=\"twitter:label2\" content=\"Est. reading time\" \/>\n\t<meta name=\"twitter:data2\" content=\"1 minute\" \/>\n<script type=\"application\/ld+json\" class=\"yoast-schema-graph\">{\"@context\":\"https:\/\/schema.org\",\"@graph\":[{\"@type\":\"WebSite\",\"@id\":\"https:\/\/www.visit-ulcinj.com\/blog\/#website\",\"url\":\"https:\/\/www.visit-ulcinj.com\/blog\/\",\"name\":\"Lajme nga Ulqini\",\"description\":\"Lajme,Vijesti,Ulqini,Ulqin,Crna Gora,Mali i Zi\",\"potentialAction\":[{\"@type\":\"SearchAction\",\"target\":{\"@type\":\"EntryPoint\",\"urlTemplate\":\"https:\/\/www.visit-ulcinj.com\/blog\/?s={search_term_string}\"},\"query-input\":\"required name=search_term_string\"}],\"inLanguage\":\"en-US\"},{\"@type\":\"ImageObject\",\"inLanguage\":\"en-US\",\"@id\":\"https:\/\/www.visit-ulcinj.com\/blog\/2008\/05\/20\/sukses-i-klubit-te-karatese-albulena-ne-kampionatin-e-malit-te-zi\/#primaryimage\",\"url\":\"http:\/\/www.visit-ulcinj.com\/blog\/wp-content\/uploads\/2008\/03\/albulena.thumbnail.jpg\",\"contentUrl\":\"http:\/\/www.visit-ulcinj.com\/blog\/wp-content\/uploads\/2008\/03\/albulena.thumbnail.jpg\"},{\"@type\":\"WebPage\",\"@id\":\"https:\/\/www.visit-ulcinj.com\/blog\/2008\/05\/20\/sukses-i-klubit-te-karatese-albulena-ne-kampionatin-e-malit-te-zi\/#webpage\",\"url\":\"https:\/\/www.visit-ulcinj.com\/blog\/2008\/05\/20\/sukses-i-klubit-te-karatese-albulena-ne-kampionatin-e-malit-te-zi\/\",\"name\":\"Sukses i klubit t\u00eb karates\u00eb \\\"Albulena\\\" n\u00eb kampionatin e Malit t\u00eb Zi - Lajme nga Ulqini\",\"isPartOf\":{\"@id\":\"https:\/\/www.visit-ulcinj.com\/blog\/#website\"},\"primaryImageOfPage\":{\"@id\":\"https:\/\/www.visit-ulcinj.com\/blog\/2008\/05\/20\/sukses-i-klubit-te-karatese-albulena-ne-kampionatin-e-malit-te-zi\/#primaryimage\"},\"datePublished\":\"2008-05-20T17:43:48+00:00\",\"dateModified\":\"2008-05-20T18:28:43+00:00\",\"author\":{\"@id\":\"https:\/\/www.visit-ulcinj.com\/blog\/#\/schema\/person\/dcab619c614d3038751c63bc2aadc06d\"},\"breadcrumb\":{\"@id\":\"https:\/\/www.visit-ulcinj.com\/blog\/2008\/05\/20\/sukses-i-klubit-te-karatese-albulena-ne-kampionatin-e-malit-te-zi\/#breadcrumb\"},\"inLanguage\":\"en-US\",\"potentialAction\":[{\"@type\":\"ReadAction\",\"target\":[\"https:\/\/www.visit-ulcinj.com\/blog\/2008\/05\/20\/sukses-i-klubit-te-karatese-albulena-ne-kampionatin-e-malit-te-zi\/\"]}]},{\"@type\":\"BreadcrumbList\",\"@id\":\"https:\/\/www.visit-ulcinj.com\/blog\/2008\/05\/20\/sukses-i-klubit-te-karatese-albulena-ne-kampionatin-e-malit-te-zi\/#breadcrumb\",\"itemListElement\":[{\"@type\":\"ListItem\",\"position\":1,\"name\":\"Sukses i klubit t\u00eb karates\u00eb &#8220;Albulena&#8221; n\u00eb kampionatin e Malit t\u00eb Zi\"}]},{\"@type\":\"Person\",\"@id\":\"https:\/\/www.visit-ulcinj.com\/blog\/#\/schema\/person\/dcab619c614d3038751c63bc2aadc06d\",\"name\":\"ulqini\",\"sameAs\":[\"http:\/\/www.visit-ulcinj.com\"],\"url\":\"https:\/\/www.visit-ulcinj.com\/blog\/author\/admin\/\"}]}<\/script>\n<!-- \/ Yoast SEO plugin. -->","yoast_head_json":{"title":"Sukses i klubit t\u00eb karates\u00eb \"Albulena\" n\u00eb kampionatin e Malit t\u00eb Zi - Lajme nga Ulqini","robots":{"index":"index","follow":"follow","max-snippet":"max-snippet:-1","max-image-preview":"max-image-preview:large","max-video-preview":"max-video-preview:-1"},"canonical":"https:\/\/www.visit-ulcinj.com\/blog\/2008\/05\/20\/sukses-i-klubit-te-karatese-albulena-ne-kampionatin-e-malit-te-zi\/","og_locale":"en_US","og_type":"article","og_title":"Sukses i klubit t\u00eb karates\u00eb \"Albulena\" n\u00eb kampionatin e Malit t\u00eb Zi - Lajme nga Ulqini","og_url":"https:\/\/www.visit-ulcinj.com\/blog\/2008\/05\/20\/sukses-i-klubit-te-karatese-albulena-ne-kampionatin-e-malit-te-zi\/","og_site_name":"Lajme nga Ulqini","article_published_time":"2008-05-20T17:43:48+00:00","article_modified_time":"2008-05-20T18:28:43+00:00","og_image":[{"url":"http:\/\/www.visit-ulcinj.com\/blog\/wp-content\/uploads\/2008\/03\/albulena.thumbnail.jpg"}],"twitter_misc":{"Written by":"ulqini","Est. reading time":"1 minute"},"schema":{"@context":"https:\/\/schema.org","@graph":[{"@type":"WebSite","@id":"https:\/\/www.visit-ulcinj.com\/blog\/#website","url":"https:\/\/www.visit-ulcinj.com\/blog\/","name":"Lajme nga Ulqini","description":"Lajme,Vijesti,Ulqini,Ulqin,Crna Gora,Mali i Zi","potentialAction":[{"@type":"SearchAction","target":{"@type":"EntryPoint","urlTemplate":"https:\/\/www.visit-ulcinj.com\/blog\/?s={search_term_string}"},"query-input":"required name=search_term_string"}],"inLanguage":"en-US"},{"@type":"ImageObject","inLanguage":"en-US","@id":"https:\/\/www.visit-ulcinj.com\/blog\/2008\/05\/20\/sukses-i-klubit-te-karatese-albulena-ne-kampionatin-e-malit-te-zi\/#primaryimage","url":"http:\/\/www.visit-ulcinj.com\/blog\/wp-content\/uploads\/2008\/03\/albulena.thumbnail.jpg","contentUrl":"http:\/\/www.visit-ulcinj.com\/blog\/wp-content\/uploads\/2008\/03\/albulena.thumbnail.jpg"},{"@type":"WebPage","@id":"https:\/\/www.visit-ulcinj.com\/blog\/2008\/05\/20\/sukses-i-klubit-te-karatese-albulena-ne-kampionatin-e-malit-te-zi\/#webpage","url":"https:\/\/www.visit-ulcinj.com\/blog\/2008\/05\/20\/sukses-i-klubit-te-karatese-albulena-ne-kampionatin-e-malit-te-zi\/","name":"Sukses i klubit t\u00eb karates\u00eb \"Albulena\" n\u00eb kampionatin e Malit t\u00eb Zi - Lajme nga Ulqini","isPartOf":{"@id":"https:\/\/www.visit-ulcinj.com\/blog\/#website"},"primaryImageOfPage":{"@id":"https:\/\/www.visit-ulcinj.com\/blog\/2008\/05\/20\/sukses-i-klubit-te-karatese-albulena-ne-kampionatin-e-malit-te-zi\/#primaryimage"},"datePublished":"2008-05-20T17:43:48+00:00","dateModified":"2008-05-20T18:28:43+00:00","author":{"@id":"https:\/\/www.visit-ulcinj.com\/blog\/#\/schema\/person\/dcab619c614d3038751c63bc2aadc06d"},"breadcrumb":{"@id":"https:\/\/www.visit-ulcinj.com\/blog\/2008\/05\/20\/sukses-i-klubit-te-karatese-albulena-ne-kampionatin-e-malit-te-zi\/#breadcrumb"},"inLanguage":"en-US","potentialAction":[{"@type":"ReadAction","target":["https:\/\/www.visit-ulcinj.com\/blog\/2008\/05\/20\/sukses-i-klubit-te-karatese-albulena-ne-kampionatin-e-malit-te-zi\/"]}]},{"@type":"BreadcrumbList","@id":"https:\/\/www.visit-ulcinj.com\/blog\/2008\/05\/20\/sukses-i-klubit-te-karatese-albulena-ne-kampionatin-e-malit-te-zi\/#breadcrumb","itemListElement":[{"@type":"ListItem","position":1,"name":"Sukses i klubit t\u00eb karates\u00eb &#8220;Albulena&#8221; n\u00eb kampionatin e Malit t\u00eb Zi"}]},{"@type":"Person","@id":"https:\/\/www.visit-ulcinj.com\/blog\/#\/schema\/person\/dcab619c614d3038751c63bc2aadc06d","name":"ulqini","sameAs":["http:\/\/www.visit-ulcinj.com"],"url":"https:\/\/www.visit-ulcinj.com\/blog\/author\/admin\/"}]}},"jetpack_featured_media_url":"","jetpack_sharing_enabled":true,"jetpack_shortlink":"https:\/\/wp.me\/pe6lTn-rB","_links":{"self":[{"href":"https:\/\/www.visit-ulcinj.com\/blog\/wp-json\/wp\/v2\/posts\/1711"}],"collection":[{"href":"https:\/\/www.visit-ulcinj.com\/blog\/wp-json\/wp\/v2\/posts"}],"about":[{"href":"https:\/\/www.visit-ulcinj.com\/blog\/wp-json\/wp\/v2\/types\/post"}],"author":[{"embeddable":true,"href":"https:\/\/www.visit-ulcinj.com\/blog\/wp-json\/wp\/v2\/users\/1"}],"replies":[{"embeddable":true,"href":"https:\/\/www.visit-ulcinj.com\/blog\/wp-json\/wp\/v2\/comments?post=1711"}],"version-history":[{"count":0,"href":"https:\/\/www.visit-ulcinj.com\/blog\/wp-json\/wp\/v2\/posts\/1711\/revisions"}],"wp:attachment":[{"href":"https:\/\/www.visit-ulcinj.com\/blog\/wp-json\/wp\/v2\/media?parent=1711"}],"wp:term":[{"taxonomy":"category","embeddable":true,"href":"https:\/\/www.visit-ulcinj.com\/blog\/wp-json\/wp\/v2\/categories?post=1711"},{"taxonomy":"post_tag","embeddable":true,"href":"https:\/\/www.visit-ulcinj.com\/blog\/wp-json\/wp\/v2\/tags?post=1711"}],"curies":[{"name":"wp","href":"https:\/\/api.w.org\/{rel}","templated":true}]}}