{"id":17116,"date":"2009-04-10T12:25:21","date_gmt":"2009-04-10T10:25:21","guid":{"rendered":"http:\/\/www.visit-ulcinj.com\/blog\/?p=17116"},"modified":"2009-04-10T12:25:21","modified_gmt":"2009-04-10T10:25:21","slug":"aida-adela-nuk-perballet","status":"publish","type":"post","link":"https:\/\/www.visit-ulcinj.com\/blog\/2009\/04\/10\/aida-adela-nuk-perballet\/","title":{"rendered":"Aida : Adela nuk p\u00ebrballet"},"content":{"rendered":"<p><em><span class=\"newsdate\"><a href=\"http:\/\/www.visit-ulcinj.com\/blog\/wp-content\/uploads\/2009\/04\/taniaida.jpg\"><img loading=\"lazy\" class=\"alignleft size-full wp-image-17117\" title=\"tani-aida-big-brother-albania-2\" src=\"http:\/\/www.visit-ulcinj.com\/blog\/wp-content\/uploads\/2009\/04\/taniaida.jpg\" alt=\"tani-aida-big-brother-albania-2\" width=\"300\" height=\"205\" \/><\/a>05\/04\/09 16:30<\/span><\/em><\/p>\n<p>Aida diskuton me Dritanin n\u00eb lidhje me debatin e djesh\u00ebm me Adel\u00ebn, p\u00ebr indiferenc\u00ebn q\u00eb tregoi ajo kur Aida shikonte nj\u00eb foto t\u00eb t\u00eb atit. Ajo mendon se n\u00ebse do t\u2019i kishin rolet e kund\u00ebrta, pra ajo t\u2019ia b\u00ebnt\u00eb k\u00ebt\u00eb Adel\u00ebs, t\u00eb gjith\u00eb do t\u2019i ishin sulur e do ta kishin p\u00ebrdorur si nj\u00eb arsye p\u00ebr ta nominuar, nd\u00ebrkoh\u00eb Adela nuk doli n\u00eb nominim. \u201cNuk ka m\u00eb t\u00eb verb\u00ebr se ai q\u00eb nuk d\u00ebshiron t\u00eb shoh\u00eb\u201d-thot\u00eb ajo. Dritani mendon se cdo gj\u00eb \u00ebsht\u00eb relative dhe varet nga k\u00ebndv\u00ebshtrimi q\u00eb e sheh. Ai e pyet se si e interpreton ajo faktin q\u00eb ka dal\u00eb gjasht\u00eb her\u00eb n\u00eb nominim, si nj\u00eb lojtare t\u00eb pad\u00ebshiruar apo si lojtare t\u00eb fort\u00eb. Aida mendon se si nj\u00eb lojtare t\u00eb fort\u00eb sepse mendon se \u00ebsht\u00eb p\u00ebrballur me ata q\u00eb i jan\u00eb kund\u00ebrv\u00ebn\u00eb. Ajo shton se nuk ka m\u00eb keq se ai q\u00eb t\u00eb sulmon mbas shpine, nd\u00ebrsa ata q\u00eb t\u00eb sulmojn\u00eb ball\u00eb p\u00ebr ball\u00eb, jan\u00eb lojtar\u00eb t\u00eb v\u00ebrtet\u00eb. Sipas saj, Adela \u00ebsht\u00eb nj\u00eb lojtare q\u00eb nuk p\u00ebrballet.<\/p>\n","protected":false},"excerpt":{"rendered":"<p>05\/04\/09 16:30 Aida diskuton me Dritanin n\u00eb lidhje me debatin e djesh\u00ebm me Adel\u00ebn, p\u00ebr indiferenc\u00ebn q\u00eb tregoi ajo kur Aida shikonte nj\u00eb foto t\u00eb t\u00eb atit. Ajo mendon se n\u00ebse do t\u2019i kishin rolet e kund\u00ebrta, pra ajo t\u2019ia b\u00ebnt\u00eb k\u00ebt\u00eb Adel\u00ebs, t\u00eb gjith\u00eb do t\u2019i ishin sulur e do ta kishin p\u00ebrdorur si [&hellip;]<\/p>\n","protected":false},"author":1,"featured_media":0,"comment_status":"open","ping_status":"closed","sticky":false,"template":"","format":"standard","meta":{"spay_email":"","jetpack_publicize_message":"","jetpack_is_tweetstorm":false,"jetpack_publicize_feature_enabled":true},"categories":[6502],"tags":[6529,6537,5057,6506,6516,6712,7129,6522,6521,6891,6693,6887],"jetpack_publicize_connections":[],"yoast_head":"<!-- This site is optimized with the Yoast SEO plugin v19.1 - https:\/\/yoast.com\/wordpress\/plugins\/seo\/ -->\n<title>Aida : Adela nuk p\u00c3\u00abrballet | Big Brother Albania 2<\/title>\n<meta name=\"description\" content=\"Big Brother Albania 2 - Aida diskuton me Dritanin n\u00c3\u00ab lidhje me debatin e djesh\u00c3\u00abm me Adel\u00c3\u00abn, p\u00c3\u00abr indiferenc\u00c3\u00abn q\u00c3\u00ab tregoi ajo kur Aida shikonte nj\u00c3\u00ab foto t\u00c3\u00ab t\u00c3\u00ab atit\" \/>\n<meta name=\"robots\" content=\"index, follow, max-snippet:-1, max-image-preview:large, max-video-preview:-1\" \/>\n<link rel=\"canonical\" href=\"https:\/\/www.visit-ulcinj.com\/blog\/2009\/04\/10\/aida-adela-nuk-perballet\/\" \/>\n<meta property=\"og:locale\" content=\"en_US\" \/>\n<meta property=\"og:type\" content=\"article\" \/>\n<meta property=\"og:title\" content=\"Aida : Adela nuk p\u00c3\u00abrballet | Big Brother Albania 2\" \/>\n<meta property=\"og:description\" content=\"Big Brother Albania 2 - Aida diskuton me Dritanin n\u00c3\u00ab lidhje me debatin e djesh\u00c3\u00abm me Adel\u00c3\u00abn, p\u00c3\u00abr indiferenc\u00c3\u00abn q\u00c3\u00ab tregoi ajo kur Aida shikonte nj\u00c3\u00ab foto t\u00c3\u00ab t\u00c3\u00ab atit\" \/>\n<meta property=\"og:url\" content=\"https:\/\/www.visit-ulcinj.com\/blog\/2009\/04\/10\/aida-adela-nuk-perballet\/\" \/>\n<meta property=\"og:site_name\" content=\"Lajme nga Ulqini\" \/>\n<meta property=\"article:published_time\" content=\"2009-04-10T10:25:21+00:00\" \/>\n<meta property=\"og:image\" content=\"http:\/\/www.visit-ulcinj.com\/blog\/wp-content\/uploads\/2009\/04\/taniaida.jpg\" \/>\n<meta name=\"twitter:label1\" content=\"Written by\" \/>\n\t<meta name=\"twitter:data1\" content=\"ulqini\" \/>\n\t<meta name=\"twitter:label2\" content=\"Est. reading time\" \/>\n\t<meta name=\"twitter:data2\" content=\"1 minute\" \/>\n<script type=\"application\/ld+json\" class=\"yoast-schema-graph\">{\"@context\":\"https:\/\/schema.org\",\"@graph\":[{\"@type\":\"WebSite\",\"@id\":\"https:\/\/www.visit-ulcinj.com\/blog\/#website\",\"url\":\"https:\/\/www.visit-ulcinj.com\/blog\/\",\"name\":\"Lajme nga Ulqini\",\"description\":\"Lajme,Vijesti,Ulqini,Ulqin,Crna Gora,Mali i Zi\",\"potentialAction\":[{\"@type\":\"SearchAction\",\"target\":{\"@type\":\"EntryPoint\",\"urlTemplate\":\"https:\/\/www.visit-ulcinj.com\/blog\/?s={search_term_string}\"},\"query-input\":\"required name=search_term_string\"}],\"inLanguage\":\"en-US\"},{\"@type\":\"ImageObject\",\"inLanguage\":\"en-US\",\"@id\":\"https:\/\/www.visit-ulcinj.com\/blog\/2009\/04\/10\/aida-adela-nuk-perballet\/#primaryimage\",\"url\":\"http:\/\/www.visit-ulcinj.com\/blog\/wp-content\/uploads\/2009\/04\/taniaida.jpg\",\"contentUrl\":\"http:\/\/www.visit-ulcinj.com\/blog\/wp-content\/uploads\/2009\/04\/taniaida.jpg\"},{\"@type\":\"WebPage\",\"@id\":\"https:\/\/www.visit-ulcinj.com\/blog\/2009\/04\/10\/aida-adela-nuk-perballet\/#webpage\",\"url\":\"https:\/\/www.visit-ulcinj.com\/blog\/2009\/04\/10\/aida-adela-nuk-perballet\/\",\"name\":\"Aida : Adela nuk p\u00c3\u00abrballet | Big Brother Albania 2\",\"isPartOf\":{\"@id\":\"https:\/\/www.visit-ulcinj.com\/blog\/#website\"},\"primaryImageOfPage\":{\"@id\":\"https:\/\/www.visit-ulcinj.com\/blog\/2009\/04\/10\/aida-adela-nuk-perballet\/#primaryimage\"},\"datePublished\":\"2009-04-10T10:25:21+00:00\",\"dateModified\":\"2009-04-10T10:25:21+00:00\",\"author\":{\"@id\":\"https:\/\/www.visit-ulcinj.com\/blog\/#\/schema\/person\/dcab619c614d3038751c63bc2aadc06d\"},\"description\":\"Big Brother Albania 2 - Aida diskuton me Dritanin n\u00c3\u00ab lidhje me debatin e djesh\u00c3\u00abm me Adel\u00c3\u00abn, p\u00c3\u00abr indiferenc\u00c3\u00abn q\u00c3\u00ab tregoi ajo kur Aida shikonte nj\u00c3\u00ab foto t\u00c3\u00ab t\u00c3\u00ab atit\",\"breadcrumb\":{\"@id\":\"https:\/\/www.visit-ulcinj.com\/blog\/2009\/04\/10\/aida-adela-nuk-perballet\/#breadcrumb\"},\"inLanguage\":\"en-US\",\"potentialAction\":[{\"@type\":\"ReadAction\",\"target\":[\"https:\/\/www.visit-ulcinj.com\/blog\/2009\/04\/10\/aida-adela-nuk-perballet\/\"]}]},{\"@type\":\"BreadcrumbList\",\"@id\":\"https:\/\/www.visit-ulcinj.com\/blog\/2009\/04\/10\/aida-adela-nuk-perballet\/#breadcrumb\",\"itemListElement\":[{\"@type\":\"ListItem\",\"position\":1,\"name\":\"Aida : Adela nuk p\u00ebrballet\"}]},{\"@type\":\"Person\",\"@id\":\"https:\/\/www.visit-ulcinj.com\/blog\/#\/schema\/person\/dcab619c614d3038751c63bc2aadc06d\",\"name\":\"ulqini\",\"sameAs\":[\"http:\/\/www.visit-ulcinj.com\"],\"url\":\"https:\/\/www.visit-ulcinj.com\/blog\/author\/admin\/\"}]}<\/script>\n<!-- \/ Yoast SEO plugin. -->","yoast_head_json":{"title":"Aida : Adela nuk p\u00c3\u00abrballet | Big Brother Albania 2","description":"Big Brother Albania 2 - Aida diskuton me Dritanin n\u00c3\u00ab lidhje me debatin e djesh\u00c3\u00abm me Adel\u00c3\u00abn, p\u00c3\u00abr indiferenc\u00c3\u00abn q\u00c3\u00ab tregoi ajo kur Aida shikonte nj\u00c3\u00ab foto t\u00c3\u00ab t\u00c3\u00ab atit","robots":{"index":"index","follow":"follow","max-snippet":"max-snippet:-1","max-image-preview":"max-image-preview:large","max-video-preview":"max-video-preview:-1"},"canonical":"https:\/\/www.visit-ulcinj.com\/blog\/2009\/04\/10\/aida-adela-nuk-perballet\/","og_locale":"en_US","og_type":"article","og_title":"Aida : Adela nuk p\u00c3\u00abrballet | Big Brother Albania 2","og_description":"Big Brother Albania 2 - Aida diskuton me Dritanin n\u00c3\u00ab lidhje me debatin e djesh\u00c3\u00abm me Adel\u00c3\u00abn, p\u00c3\u00abr indiferenc\u00c3\u00abn q\u00c3\u00ab tregoi ajo kur Aida shikonte nj\u00c3\u00ab foto t\u00c3\u00ab t\u00c3\u00ab atit","og_url":"https:\/\/www.visit-ulcinj.com\/blog\/2009\/04\/10\/aida-adela-nuk-perballet\/","og_site_name":"Lajme nga Ulqini","article_published_time":"2009-04-10T10:25:21+00:00","og_image":[{"url":"http:\/\/www.visit-ulcinj.com\/blog\/wp-content\/uploads\/2009\/04\/taniaida.jpg"}],"twitter_misc":{"Written by":"ulqini","Est. reading time":"1 minute"},"schema":{"@context":"https:\/\/schema.org","@graph":[{"@type":"WebSite","@id":"https:\/\/www.visit-ulcinj.com\/blog\/#website","url":"https:\/\/www.visit-ulcinj.com\/blog\/","name":"Lajme nga Ulqini","description":"Lajme,Vijesti,Ulqini,Ulqin,Crna Gora,Mali i Zi","potentialAction":[{"@type":"SearchAction","target":{"@type":"EntryPoint","urlTemplate":"https:\/\/www.visit-ulcinj.com\/blog\/?s={search_term_string}"},"query-input":"required name=search_term_string"}],"inLanguage":"en-US"},{"@type":"ImageObject","inLanguage":"en-US","@id":"https:\/\/www.visit-ulcinj.com\/blog\/2009\/04\/10\/aida-adela-nuk-perballet\/#primaryimage","url":"http:\/\/www.visit-ulcinj.com\/blog\/wp-content\/uploads\/2009\/04\/taniaida.jpg","contentUrl":"http:\/\/www.visit-ulcinj.com\/blog\/wp-content\/uploads\/2009\/04\/taniaida.jpg"},{"@type":"WebPage","@id":"https:\/\/www.visit-ulcinj.com\/blog\/2009\/04\/10\/aida-adela-nuk-perballet\/#webpage","url":"https:\/\/www.visit-ulcinj.com\/blog\/2009\/04\/10\/aida-adela-nuk-perballet\/","name":"Aida : Adela nuk p\u00c3\u00abrballet | Big Brother Albania 2","isPartOf":{"@id":"https:\/\/www.visit-ulcinj.com\/blog\/#website"},"primaryImageOfPage":{"@id":"https:\/\/www.visit-ulcinj.com\/blog\/2009\/04\/10\/aida-adela-nuk-perballet\/#primaryimage"},"datePublished":"2009-04-10T10:25:21+00:00","dateModified":"2009-04-10T10:25:21+00:00","author":{"@id":"https:\/\/www.visit-ulcinj.com\/blog\/#\/schema\/person\/dcab619c614d3038751c63bc2aadc06d"},"description":"Big Brother Albania 2 - Aida diskuton me Dritanin n\u00c3\u00ab lidhje me debatin e djesh\u00c3\u00abm me Adel\u00c3\u00abn, p\u00c3\u00abr indiferenc\u00c3\u00abn q\u00c3\u00ab tregoi ajo kur Aida shikonte nj\u00c3\u00ab foto t\u00c3\u00ab t\u00c3\u00ab atit","breadcrumb":{"@id":"https:\/\/www.visit-ulcinj.com\/blog\/2009\/04\/10\/aida-adela-nuk-perballet\/#breadcrumb"},"inLanguage":"en-US","potentialAction":[{"@type":"ReadAction","target":["https:\/\/www.visit-ulcinj.com\/blog\/2009\/04\/10\/aida-adela-nuk-perballet\/"]}]},{"@type":"BreadcrumbList","@id":"https:\/\/www.visit-ulcinj.com\/blog\/2009\/04\/10\/aida-adela-nuk-perballet\/#breadcrumb","itemListElement":[{"@type":"ListItem","position":1,"name":"Aida : Adela nuk p\u00ebrballet"}]},{"@type":"Person","@id":"https:\/\/www.visit-ulcinj.com\/blog\/#\/schema\/person\/dcab619c614d3038751c63bc2aadc06d","name":"ulqini","sameAs":["http:\/\/www.visit-ulcinj.com"],"url":"https:\/\/www.visit-ulcinj.com\/blog\/author\/admin\/"}]}},"jetpack_featured_media_url":"","jetpack_sharing_enabled":true,"jetpack_shortlink":"https:\/\/wp.me\/pe6lTn-4s4","_links":{"self":[{"href":"https:\/\/www.visit-ulcinj.com\/blog\/wp-json\/wp\/v2\/posts\/17116"}],"collection":[{"href":"https:\/\/www.visit-ulcinj.com\/blog\/wp-json\/wp\/v2\/posts"}],"about":[{"href":"https:\/\/www.visit-ulcinj.com\/blog\/wp-json\/wp\/v2\/types\/post"}],"author":[{"embeddable":true,"href":"https:\/\/www.visit-ulcinj.com\/blog\/wp-json\/wp\/v2\/users\/1"}],"replies":[{"embeddable":true,"href":"https:\/\/www.visit-ulcinj.com\/blog\/wp-json\/wp\/v2\/comments?post=17116"}],"version-history":[{"count":0,"href":"https:\/\/www.visit-ulcinj.com\/blog\/wp-json\/wp\/v2\/posts\/17116\/revisions"}],"wp:attachment":[{"href":"https:\/\/www.visit-ulcinj.com\/blog\/wp-json\/wp\/v2\/media?parent=17116"}],"wp:term":[{"taxonomy":"category","embeddable":true,"href":"https:\/\/www.visit-ulcinj.com\/blog\/wp-json\/wp\/v2\/categories?post=17116"},{"taxonomy":"post_tag","embeddable":true,"href":"https:\/\/www.visit-ulcinj.com\/blog\/wp-json\/wp\/v2\/tags?post=17116"}],"curies":[{"name":"wp","href":"https:\/\/api.w.org\/{rel}","templated":true}]}}