{"id":17119,"date":"2009-04-10T12:27:35","date_gmt":"2009-04-10T10:27:35","guid":{"rendered":"http:\/\/www.visit-ulcinj.com\/blog\/?p=17119"},"modified":"2009-04-10T12:27:36","modified_gmt":"2009-04-10T10:27:36","slug":"adelajda-banoret-e-rinj-na-njohin","status":"publish","type":"post","link":"https:\/\/www.visit-ulcinj.com\/blog\/2009\/04\/10\/adelajda-banoret-e-rinj-na-njohin\/","title":{"rendered":"Adelajda : Banor\u00ebt e rinj na njohin"},"content":{"rendered":"<p><em><span class=\"newsdate\"><a href=\"http:\/\/www.visit-ulcinj.com\/blog\/wp-content\/uploads\/2009\/04\/adela-per-te-rinjt.jpg\"><img loading=\"lazy\" class=\"alignleft size-full wp-image-17120\" title=\"adela-per-te-rinjt-big-brother-albania-2\" src=\"http:\/\/www.visit-ulcinj.com\/blog\/wp-content\/uploads\/2009\/04\/adela-per-te-rinjt.jpg\" alt=\"adela-per-te-rinjt-big-brother-albania-2\" width=\"300\" height=\"205\" \/><\/a>05\/04\/09 17:55<\/span><\/em><\/p>\n<p>Dritani dhe Adela komentojn\u00eb banor\u00ebt e rinj. Adela pyet p\u00ebr Arin se si i duket atij, pasi asaj i b\u00ebn p\u00ebrshtypje q\u00eb ai flet shum\u00eb dhe i duket tip ngacmues e provokues. Ai e pyet p\u00ebr banoren e re, Jun\u00ebn, dhe ajo thot\u00eb se qesh t\u00ebr\u00eb koh\u00ebn, m\u00eb shum\u00eb sec duhet. Dritani mendon se banor\u00ebt e rinj jan\u00eb njohur q\u00eb m\u00eb par\u00eb dhe kan\u00eb ardhur me nj\u00eb mendje t\u00eb tre e jan\u00eb t\u00eb kthjell\u00ebt p\u00ebr cdo gj\u00eb. Adela ka v\u00ebn\u00eb re se ata jan\u00eb m\u00eb t\u00eb t\u00ebrhequr kundrejt banor\u00ebve t\u00eb vjet\u00ebr e m\u00eb t\u00eb bashkuar mes tyre. Sipas saj, edhe p\u00ebrgjigjet ata i japin si t\u00eb menduara q\u00eb m\u00eb par\u00eb. Ajo shprehet se situata \u00ebsht\u00eb b\u00ebr\u00eb keq, nd\u00ebrsa ai e interpreton si interesante. Dritani shprehet se vajza e re nuk i p\u00eblqen sepse nuk sheh n\u00eb sy kur bisedon me dik\u00eb. Ata tregojn\u00eb se t\u00eb tre banor\u00ebt e rinj jan\u00eb me nivel, por \u00ebsht\u00eb fillimi dhe m\u00eb pas do t\u00eb b\u00ebhen si ata. Adelajda mendon se banor\u00ebt e rinj jan\u00eb futur se ndoshta ata nuk jan\u00eb m\u00eb interesant\u00eb si n\u00eb fillim dhe i kan\u00eb futur p\u00ebr t\u2019i zgjuar pak. Dritani e mendon thjesht\u00eb si nj\u00eb pjes\u00eb t\u00eb loj\u00ebs.<\/p>\n","protected":false},"excerpt":{"rendered":"<p>05\/04\/09 17:55 Dritani dhe Adela komentojn\u00eb banor\u00ebt e rinj. Adela pyet p\u00ebr Arin se si i duket atij, pasi asaj i b\u00ebn p\u00ebrshtypje q\u00eb ai flet shum\u00eb dhe i duket tip ngacmues e provokues. Ai e pyet p\u00ebr banoren e re, Jun\u00ebn, dhe ajo thot\u00eb se qesh t\u00ebr\u00eb koh\u00ebn, m\u00eb shum\u00eb sec duhet. Dritani mendon [&hellip;]<\/p>\n","protected":false},"author":1,"featured_media":0,"comment_status":"open","ping_status":"closed","sticky":false,"template":"","format":"standard","meta":{"spay_email":"","jetpack_publicize_message":"","jetpack_is_tweetstorm":false,"jetpack_publicize_feature_enabled":true},"categories":[6502],"tags":[6529,8775,8857,5057,6506,6516,6712,7129,6521,6891,6693,6887],"jetpack_publicize_connections":[],"yoast_head":"<!-- This site is optimized with the Yoast SEO plugin v19.1 - https:\/\/yoast.com\/wordpress\/plugins\/seo\/ -->\n<title>Adelajda : Banor\u00c3\u00abt e rinj na njohin | Big Brother Albania 2<\/title>\n<meta name=\"description\" content=\"Big Brother Albania 2 - Dritani dhe Adela komentojn\u00c3\u00ab banor\u00c3\u00abt e rinj. Adela pyet p\u00c3\u00abr Arin se si i duket atij, pasi asaj i b\u00c3\u00abn p\u00c3\u00abrshtypje q\u00c3\u00ab ai flet shum\u00c3\u00ab dhe i duket tip ngacmues e provokues.\" \/>\n<meta name=\"robots\" content=\"index, follow, max-snippet:-1, max-image-preview:large, max-video-preview:-1\" \/>\n<link rel=\"canonical\" href=\"https:\/\/www.visit-ulcinj.com\/blog\/2009\/04\/10\/adelajda-banoret-e-rinj-na-njohin\/\" \/>\n<meta property=\"og:locale\" content=\"en_US\" \/>\n<meta property=\"og:type\" content=\"article\" \/>\n<meta property=\"og:title\" content=\"Adelajda : Banor\u00c3\u00abt e rinj na njohin | Big Brother Albania 2\" \/>\n<meta property=\"og:description\" content=\"Big Brother Albania 2 - Dritani dhe Adela komentojn\u00c3\u00ab banor\u00c3\u00abt e rinj. Adela pyet p\u00c3\u00abr Arin se si i duket atij, pasi asaj i b\u00c3\u00abn p\u00c3\u00abrshtypje q\u00c3\u00ab ai flet shum\u00c3\u00ab dhe i duket tip ngacmues e provokues.\" \/>\n<meta property=\"og:url\" content=\"https:\/\/www.visit-ulcinj.com\/blog\/2009\/04\/10\/adelajda-banoret-e-rinj-na-njohin\/\" \/>\n<meta property=\"og:site_name\" content=\"Lajme nga Ulqini\" \/>\n<meta property=\"article:published_time\" content=\"2009-04-10T10:27:35+00:00\" \/>\n<meta property=\"article:modified_time\" content=\"2009-04-10T10:27:36+00:00\" \/>\n<meta property=\"og:image\" content=\"http:\/\/www.visit-ulcinj.com\/blog\/wp-content\/uploads\/2009\/04\/adela-per-te-rinjt.jpg\" \/>\n<meta name=\"twitter:label1\" content=\"Written by\" \/>\n\t<meta name=\"twitter:data1\" content=\"ulqini\" \/>\n\t<meta name=\"twitter:label2\" content=\"Est. reading time\" \/>\n\t<meta name=\"twitter:data2\" content=\"1 minute\" \/>\n<script type=\"application\/ld+json\" class=\"yoast-schema-graph\">{\"@context\":\"https:\/\/schema.org\",\"@graph\":[{\"@type\":\"WebSite\",\"@id\":\"https:\/\/www.visit-ulcinj.com\/blog\/#website\",\"url\":\"https:\/\/www.visit-ulcinj.com\/blog\/\",\"name\":\"Lajme nga Ulqini\",\"description\":\"Lajme,Vijesti,Ulqini,Ulqin,Crna Gora,Mali i Zi\",\"potentialAction\":[{\"@type\":\"SearchAction\",\"target\":{\"@type\":\"EntryPoint\",\"urlTemplate\":\"https:\/\/www.visit-ulcinj.com\/blog\/?s={search_term_string}\"},\"query-input\":\"required name=search_term_string\"}],\"inLanguage\":\"en-US\"},{\"@type\":\"ImageObject\",\"inLanguage\":\"en-US\",\"@id\":\"https:\/\/www.visit-ulcinj.com\/blog\/2009\/04\/10\/adelajda-banoret-e-rinj-na-njohin\/#primaryimage\",\"url\":\"http:\/\/www.visit-ulcinj.com\/blog\/wp-content\/uploads\/2009\/04\/adela-per-te-rinjt.jpg\",\"contentUrl\":\"http:\/\/www.visit-ulcinj.com\/blog\/wp-content\/uploads\/2009\/04\/adela-per-te-rinjt.jpg\"},{\"@type\":\"WebPage\",\"@id\":\"https:\/\/www.visit-ulcinj.com\/blog\/2009\/04\/10\/adelajda-banoret-e-rinj-na-njohin\/#webpage\",\"url\":\"https:\/\/www.visit-ulcinj.com\/blog\/2009\/04\/10\/adelajda-banoret-e-rinj-na-njohin\/\",\"name\":\"Adelajda : Banor\u00c3\u00abt e rinj na njohin | Big Brother Albania 2\",\"isPartOf\":{\"@id\":\"https:\/\/www.visit-ulcinj.com\/blog\/#website\"},\"primaryImageOfPage\":{\"@id\":\"https:\/\/www.visit-ulcinj.com\/blog\/2009\/04\/10\/adelajda-banoret-e-rinj-na-njohin\/#primaryimage\"},\"datePublished\":\"2009-04-10T10:27:35+00:00\",\"dateModified\":\"2009-04-10T10:27:36+00:00\",\"author\":{\"@id\":\"https:\/\/www.visit-ulcinj.com\/blog\/#\/schema\/person\/dcab619c614d3038751c63bc2aadc06d\"},\"description\":\"Big Brother Albania 2 - Dritani dhe Adela komentojn\u00c3\u00ab banor\u00c3\u00abt e rinj. Adela pyet p\u00c3\u00abr Arin se si i duket atij, pasi asaj i b\u00c3\u00abn p\u00c3\u00abrshtypje q\u00c3\u00ab ai flet shum\u00c3\u00ab dhe i duket tip ngacmues e provokues.\",\"breadcrumb\":{\"@id\":\"https:\/\/www.visit-ulcinj.com\/blog\/2009\/04\/10\/adelajda-banoret-e-rinj-na-njohin\/#breadcrumb\"},\"inLanguage\":\"en-US\",\"potentialAction\":[{\"@type\":\"ReadAction\",\"target\":[\"https:\/\/www.visit-ulcinj.com\/blog\/2009\/04\/10\/adelajda-banoret-e-rinj-na-njohin\/\"]}]},{\"@type\":\"BreadcrumbList\",\"@id\":\"https:\/\/www.visit-ulcinj.com\/blog\/2009\/04\/10\/adelajda-banoret-e-rinj-na-njohin\/#breadcrumb\",\"itemListElement\":[{\"@type\":\"ListItem\",\"position\":1,\"name\":\"Adelajda : Banor\u00ebt e rinj na njohin\"}]},{\"@type\":\"Person\",\"@id\":\"https:\/\/www.visit-ulcinj.com\/blog\/#\/schema\/person\/dcab619c614d3038751c63bc2aadc06d\",\"name\":\"ulqini\",\"sameAs\":[\"http:\/\/www.visit-ulcinj.com\"],\"url\":\"https:\/\/www.visit-ulcinj.com\/blog\/author\/admin\/\"}]}<\/script>\n<!-- \/ Yoast SEO plugin. -->","yoast_head_json":{"title":"Adelajda : Banor\u00c3\u00abt e rinj na njohin | Big Brother Albania 2","description":"Big Brother Albania 2 - Dritani dhe Adela komentojn\u00c3\u00ab banor\u00c3\u00abt e rinj. Adela pyet p\u00c3\u00abr Arin se si i duket atij, pasi asaj i b\u00c3\u00abn p\u00c3\u00abrshtypje q\u00c3\u00ab ai flet shum\u00c3\u00ab dhe i duket tip ngacmues e provokues.","robots":{"index":"index","follow":"follow","max-snippet":"max-snippet:-1","max-image-preview":"max-image-preview:large","max-video-preview":"max-video-preview:-1"},"canonical":"https:\/\/www.visit-ulcinj.com\/blog\/2009\/04\/10\/adelajda-banoret-e-rinj-na-njohin\/","og_locale":"en_US","og_type":"article","og_title":"Adelajda : Banor\u00c3\u00abt e rinj na njohin | Big Brother Albania 2","og_description":"Big Brother Albania 2 - Dritani dhe Adela komentojn\u00c3\u00ab banor\u00c3\u00abt e rinj. Adela pyet p\u00c3\u00abr Arin se si i duket atij, pasi asaj i b\u00c3\u00abn p\u00c3\u00abrshtypje q\u00c3\u00ab ai flet shum\u00c3\u00ab dhe i duket tip ngacmues e provokues.","og_url":"https:\/\/www.visit-ulcinj.com\/blog\/2009\/04\/10\/adelajda-banoret-e-rinj-na-njohin\/","og_site_name":"Lajme nga Ulqini","article_published_time":"2009-04-10T10:27:35+00:00","article_modified_time":"2009-04-10T10:27:36+00:00","og_image":[{"url":"http:\/\/www.visit-ulcinj.com\/blog\/wp-content\/uploads\/2009\/04\/adela-per-te-rinjt.jpg"}],"twitter_misc":{"Written by":"ulqini","Est. reading time":"1 minute"},"schema":{"@context":"https:\/\/schema.org","@graph":[{"@type":"WebSite","@id":"https:\/\/www.visit-ulcinj.com\/blog\/#website","url":"https:\/\/www.visit-ulcinj.com\/blog\/","name":"Lajme nga Ulqini","description":"Lajme,Vijesti,Ulqini,Ulqin,Crna Gora,Mali i Zi","potentialAction":[{"@type":"SearchAction","target":{"@type":"EntryPoint","urlTemplate":"https:\/\/www.visit-ulcinj.com\/blog\/?s={search_term_string}"},"query-input":"required name=search_term_string"}],"inLanguage":"en-US"},{"@type":"ImageObject","inLanguage":"en-US","@id":"https:\/\/www.visit-ulcinj.com\/blog\/2009\/04\/10\/adelajda-banoret-e-rinj-na-njohin\/#primaryimage","url":"http:\/\/www.visit-ulcinj.com\/blog\/wp-content\/uploads\/2009\/04\/adela-per-te-rinjt.jpg","contentUrl":"http:\/\/www.visit-ulcinj.com\/blog\/wp-content\/uploads\/2009\/04\/adela-per-te-rinjt.jpg"},{"@type":"WebPage","@id":"https:\/\/www.visit-ulcinj.com\/blog\/2009\/04\/10\/adelajda-banoret-e-rinj-na-njohin\/#webpage","url":"https:\/\/www.visit-ulcinj.com\/blog\/2009\/04\/10\/adelajda-banoret-e-rinj-na-njohin\/","name":"Adelajda : Banor\u00c3\u00abt e rinj na njohin | Big Brother Albania 2","isPartOf":{"@id":"https:\/\/www.visit-ulcinj.com\/blog\/#website"},"primaryImageOfPage":{"@id":"https:\/\/www.visit-ulcinj.com\/blog\/2009\/04\/10\/adelajda-banoret-e-rinj-na-njohin\/#primaryimage"},"datePublished":"2009-04-10T10:27:35+00:00","dateModified":"2009-04-10T10:27:36+00:00","author":{"@id":"https:\/\/www.visit-ulcinj.com\/blog\/#\/schema\/person\/dcab619c614d3038751c63bc2aadc06d"},"description":"Big Brother Albania 2 - Dritani dhe Adela komentojn\u00c3\u00ab banor\u00c3\u00abt e rinj. Adela pyet p\u00c3\u00abr Arin se si i duket atij, pasi asaj i b\u00c3\u00abn p\u00c3\u00abrshtypje q\u00c3\u00ab ai flet shum\u00c3\u00ab dhe i duket tip ngacmues e provokues.","breadcrumb":{"@id":"https:\/\/www.visit-ulcinj.com\/blog\/2009\/04\/10\/adelajda-banoret-e-rinj-na-njohin\/#breadcrumb"},"inLanguage":"en-US","potentialAction":[{"@type":"ReadAction","target":["https:\/\/www.visit-ulcinj.com\/blog\/2009\/04\/10\/adelajda-banoret-e-rinj-na-njohin\/"]}]},{"@type":"BreadcrumbList","@id":"https:\/\/www.visit-ulcinj.com\/blog\/2009\/04\/10\/adelajda-banoret-e-rinj-na-njohin\/#breadcrumb","itemListElement":[{"@type":"ListItem","position":1,"name":"Adelajda : Banor\u00ebt e rinj na njohin"}]},{"@type":"Person","@id":"https:\/\/www.visit-ulcinj.com\/blog\/#\/schema\/person\/dcab619c614d3038751c63bc2aadc06d","name":"ulqini","sameAs":["http:\/\/www.visit-ulcinj.com"],"url":"https:\/\/www.visit-ulcinj.com\/blog\/author\/admin\/"}]}},"jetpack_featured_media_url":"","jetpack_sharing_enabled":true,"jetpack_shortlink":"https:\/\/wp.me\/pe6lTn-4s7","_links":{"self":[{"href":"https:\/\/www.visit-ulcinj.com\/blog\/wp-json\/wp\/v2\/posts\/17119"}],"collection":[{"href":"https:\/\/www.visit-ulcinj.com\/blog\/wp-json\/wp\/v2\/posts"}],"about":[{"href":"https:\/\/www.visit-ulcinj.com\/blog\/wp-json\/wp\/v2\/types\/post"}],"author":[{"embeddable":true,"href":"https:\/\/www.visit-ulcinj.com\/blog\/wp-json\/wp\/v2\/users\/1"}],"replies":[{"embeddable":true,"href":"https:\/\/www.visit-ulcinj.com\/blog\/wp-json\/wp\/v2\/comments?post=17119"}],"version-history":[{"count":0,"href":"https:\/\/www.visit-ulcinj.com\/blog\/wp-json\/wp\/v2\/posts\/17119\/revisions"}],"wp:attachment":[{"href":"https:\/\/www.visit-ulcinj.com\/blog\/wp-json\/wp\/v2\/media?parent=17119"}],"wp:term":[{"taxonomy":"category","embeddable":true,"href":"https:\/\/www.visit-ulcinj.com\/blog\/wp-json\/wp\/v2\/categories?post=17119"},{"taxonomy":"post_tag","embeddable":true,"href":"https:\/\/www.visit-ulcinj.com\/blog\/wp-json\/wp\/v2\/tags?post=17119"}],"curies":[{"name":"wp","href":"https:\/\/api.w.org\/{rel}","templated":true}]}}