{"id":17123,"date":"2009-04-10T12:30:31","date_gmt":"2009-04-10T10:30:31","guid":{"rendered":"http:\/\/www.visit-ulcinj.com\/blog\/?p=17123"},"modified":"2009-04-10T12:30:31","modified_gmt":"2009-04-10T10:30:31","slug":"adelajda-dhe-mimoza-ti-nuk-me-mbron-asnjehere","status":"publish","type":"post","link":"https:\/\/www.visit-ulcinj.com\/blog\/2009\/04\/10\/adelajda-dhe-mimoza-ti-nuk-me-mbron-asnjehere\/","title":{"rendered":"Adelajda dhe Mimoza : Ti nuk m\u00eb mbron asnj\u00ebher\u00eb"},"content":{"rendered":"<p><em><span class=\"newsdate\"><a href=\"http:\/\/www.visit-ulcinj.com\/blog\/wp-content\/uploads\/2009\/04\/adelamoza-debat.jpg\"><img loading=\"lazy\" class=\"alignleft size-full wp-image-17124\" title=\"adelamoza-debat-big-brother-albania-2\" src=\"http:\/\/www.visit-ulcinj.com\/blog\/wp-content\/uploads\/2009\/04\/adelamoza-debat.jpg\" alt=\"adelamoza-debat-big-brother-albania-2\" width=\"300\" height=\"205\" \/><\/a>05\/04\/09 20:00<\/span><\/em><\/p>\n<p>Adel\u00ebs i vjen inat me Moz\u00ebn se pas cdo konflikti q\u00eb ka ajo me Ad\u00ebn, ajo mban an\u00ebn e saj. Moza i kthehet se kjo nuk \u00ebsht\u00eb e v\u00ebrtet\u00eb por i b\u00ebn ashtu si e sheh ajo t\u00eb arsyeshme. Adi i thot\u00eb Adel\u00ebs se po flet gabim tani. Sipas tij, Moza nuk ka lidhje fare me z\u00ebnkat q\u00eb b\u00ebn ajo me Adi\u00ebn. Moza nuk ka pse t\u00eb zgjedh\u00eb se me k\u00eb t\u00eb rrij\u00eb vet\u00ebm se ia k\u00ebrkon ajo. Sipas tij, k\u00ebto zgjedhje b\u00ebhen vet\u00ebm n\u00eb debate shum\u00eb t\u00eb m\u00ebdhaja. Adela k\u00ebmb\u00ebngul se Moza gjithmon\u00eb e justifikon Aid\u00ebn dhe ndaj ndjehet e l\u00ebnduar. Ajo i thot\u00eb Moz\u00ebs se asnj\u00ebher\u00eb nuk i ka th\u00ebn\u00eb se Aida e teproi me t\u00eb, por gjithmon\u00eb mundohet t\u00eb gjej\u00eb defektet te ajo. Adela mendon se Aida po p\u00ebrdor m\u00ebnyra shum\u00eb t\u00eb ulta vet\u00ebm p\u00ebr t\u2019i b\u00ebr\u00eb keq.<\/p>\n","protected":false},"excerpt":{"rendered":"<p>05\/04\/09 20:00 Adel\u00ebs i vjen inat me Moz\u00ebn se pas cdo konflikti q\u00eb ka ajo me Ad\u00ebn, ajo mban an\u00ebn e saj. Moza i kthehet se kjo nuk \u00ebsht\u00eb e v\u00ebrtet\u00eb por i b\u00ebn ashtu si e sheh ajo t\u00eb arsyeshme. Adi i thot\u00eb Adel\u00ebs se po flet gabim tani. Sipas tij, Moza nuk ka [&hellip;]<\/p>\n","protected":false},"author":1,"featured_media":0,"comment_status":"open","ping_status":"closed","sticky":false,"template":"","format":"standard","meta":{"spay_email":"","jetpack_publicize_message":"","jetpack_is_tweetstorm":false,"jetpack_publicize_feature_enabled":true},"categories":[6502],"tags":[6529,6537,5057,6506,6516,6712,7129,6544,6891,6693,6887],"jetpack_publicize_connections":[],"yoast_head":"<!-- This site is optimized with the Yoast SEO plugin v19.1 - https:\/\/yoast.com\/wordpress\/plugins\/seo\/ -->\n<title>Adelajda dhe Mimoza : Ti nuk m\u00c3\u00ab mbron asnj\u00c3\u00abher\u00c3\u00ab | Big Brother Albania 2<\/title>\n<meta name=\"description\" content=\"Big Brother Albania 2 - Adel\u00c3\u00abs i vjen inat me Moz\u00c3\u00abn se pas cdo konflikti q\u00c3\u00ab ka ajo me Ad\u00c3\u00abn, ajo mban an\u00c3\u00abn e saj. Moza i kthehet se kjo nuk \u00c3\u00absht\u00c3\u00ab e v\u00c3\u00abrtet\u00c3\u00ab por i b\u00c3\u00abn ashtu si e sheh ajo t\u00c3\u00ab arsyeshme.\" \/>\n<meta name=\"robots\" content=\"index, follow, max-snippet:-1, max-image-preview:large, max-video-preview:-1\" \/>\n<link rel=\"canonical\" href=\"https:\/\/www.visit-ulcinj.com\/blog\/2009\/04\/10\/adelajda-dhe-mimoza-ti-nuk-me-mbron-asnjehere\/\" \/>\n<meta property=\"og:locale\" content=\"en_US\" \/>\n<meta property=\"og:type\" content=\"article\" \/>\n<meta property=\"og:title\" content=\"Adelajda dhe Mimoza : Ti nuk m\u00c3\u00ab mbron asnj\u00c3\u00abher\u00c3\u00ab | Big Brother Albania 2\" \/>\n<meta property=\"og:description\" content=\"Big Brother Albania 2 - Adel\u00c3\u00abs i vjen inat me Moz\u00c3\u00abn se pas cdo konflikti q\u00c3\u00ab ka ajo me Ad\u00c3\u00abn, ajo mban an\u00c3\u00abn e saj. Moza i kthehet se kjo nuk \u00c3\u00absht\u00c3\u00ab e v\u00c3\u00abrtet\u00c3\u00ab por i b\u00c3\u00abn ashtu si e sheh ajo t\u00c3\u00ab arsyeshme.\" \/>\n<meta property=\"og:url\" content=\"https:\/\/www.visit-ulcinj.com\/blog\/2009\/04\/10\/adelajda-dhe-mimoza-ti-nuk-me-mbron-asnjehere\/\" \/>\n<meta property=\"og:site_name\" content=\"Lajme nga Ulqini\" \/>\n<meta property=\"article:published_time\" content=\"2009-04-10T10:30:31+00:00\" \/>\n<meta property=\"og:image\" content=\"http:\/\/www.visit-ulcinj.com\/blog\/wp-content\/uploads\/2009\/04\/adelamoza-debat.jpg\" \/>\n<meta name=\"twitter:label1\" content=\"Written by\" \/>\n\t<meta name=\"twitter:data1\" content=\"ulqini\" \/>\n\t<meta name=\"twitter:label2\" content=\"Est. reading time\" \/>\n\t<meta name=\"twitter:data2\" content=\"1 minute\" \/>\n<script type=\"application\/ld+json\" class=\"yoast-schema-graph\">{\"@context\":\"https:\/\/schema.org\",\"@graph\":[{\"@type\":\"WebSite\",\"@id\":\"https:\/\/www.visit-ulcinj.com\/blog\/#website\",\"url\":\"https:\/\/www.visit-ulcinj.com\/blog\/\",\"name\":\"Lajme nga Ulqini\",\"description\":\"Lajme,Vijesti,Ulqini,Ulqin,Crna Gora,Mali i Zi\",\"potentialAction\":[{\"@type\":\"SearchAction\",\"target\":{\"@type\":\"EntryPoint\",\"urlTemplate\":\"https:\/\/www.visit-ulcinj.com\/blog\/?s={search_term_string}\"},\"query-input\":\"required name=search_term_string\"}],\"inLanguage\":\"en-US\"},{\"@type\":\"ImageObject\",\"inLanguage\":\"en-US\",\"@id\":\"https:\/\/www.visit-ulcinj.com\/blog\/2009\/04\/10\/adelajda-dhe-mimoza-ti-nuk-me-mbron-asnjehere\/#primaryimage\",\"url\":\"http:\/\/www.visit-ulcinj.com\/blog\/wp-content\/uploads\/2009\/04\/adelamoza-debat.jpg\",\"contentUrl\":\"http:\/\/www.visit-ulcinj.com\/blog\/wp-content\/uploads\/2009\/04\/adelamoza-debat.jpg\"},{\"@type\":\"WebPage\",\"@id\":\"https:\/\/www.visit-ulcinj.com\/blog\/2009\/04\/10\/adelajda-dhe-mimoza-ti-nuk-me-mbron-asnjehere\/#webpage\",\"url\":\"https:\/\/www.visit-ulcinj.com\/blog\/2009\/04\/10\/adelajda-dhe-mimoza-ti-nuk-me-mbron-asnjehere\/\",\"name\":\"Adelajda dhe Mimoza : Ti nuk m\u00c3\u00ab mbron asnj\u00c3\u00abher\u00c3\u00ab | Big Brother Albania 2\",\"isPartOf\":{\"@id\":\"https:\/\/www.visit-ulcinj.com\/blog\/#website\"},\"primaryImageOfPage\":{\"@id\":\"https:\/\/www.visit-ulcinj.com\/blog\/2009\/04\/10\/adelajda-dhe-mimoza-ti-nuk-me-mbron-asnjehere\/#primaryimage\"},\"datePublished\":\"2009-04-10T10:30:31+00:00\",\"dateModified\":\"2009-04-10T10:30:31+00:00\",\"author\":{\"@id\":\"https:\/\/www.visit-ulcinj.com\/blog\/#\/schema\/person\/dcab619c614d3038751c63bc2aadc06d\"},\"description\":\"Big Brother Albania 2 - Adel\u00c3\u00abs i vjen inat me Moz\u00c3\u00abn se pas cdo konflikti q\u00c3\u00ab ka ajo me Ad\u00c3\u00abn, ajo mban an\u00c3\u00abn e saj. Moza i kthehet se kjo nuk \u00c3\u00absht\u00c3\u00ab e v\u00c3\u00abrtet\u00c3\u00ab por i b\u00c3\u00abn ashtu si e sheh ajo t\u00c3\u00ab arsyeshme.\",\"breadcrumb\":{\"@id\":\"https:\/\/www.visit-ulcinj.com\/blog\/2009\/04\/10\/adelajda-dhe-mimoza-ti-nuk-me-mbron-asnjehere\/#breadcrumb\"},\"inLanguage\":\"en-US\",\"potentialAction\":[{\"@type\":\"ReadAction\",\"target\":[\"https:\/\/www.visit-ulcinj.com\/blog\/2009\/04\/10\/adelajda-dhe-mimoza-ti-nuk-me-mbron-asnjehere\/\"]}]},{\"@type\":\"BreadcrumbList\",\"@id\":\"https:\/\/www.visit-ulcinj.com\/blog\/2009\/04\/10\/adelajda-dhe-mimoza-ti-nuk-me-mbron-asnjehere\/#breadcrumb\",\"itemListElement\":[{\"@type\":\"ListItem\",\"position\":1,\"name\":\"Adelajda dhe Mimoza : Ti nuk m\u00eb mbron asnj\u00ebher\u00eb\"}]},{\"@type\":\"Person\",\"@id\":\"https:\/\/www.visit-ulcinj.com\/blog\/#\/schema\/person\/dcab619c614d3038751c63bc2aadc06d\",\"name\":\"ulqini\",\"sameAs\":[\"http:\/\/www.visit-ulcinj.com\"],\"url\":\"https:\/\/www.visit-ulcinj.com\/blog\/author\/admin\/\"}]}<\/script>\n<!-- \/ Yoast SEO plugin. -->","yoast_head_json":{"title":"Adelajda dhe Mimoza : Ti nuk m\u00c3\u00ab mbron asnj\u00c3\u00abher\u00c3\u00ab | Big Brother Albania 2","description":"Big Brother Albania 2 - Adel\u00c3\u00abs i vjen inat me Moz\u00c3\u00abn se pas cdo konflikti q\u00c3\u00ab ka ajo me Ad\u00c3\u00abn, ajo mban an\u00c3\u00abn e saj. Moza i kthehet se kjo nuk \u00c3\u00absht\u00c3\u00ab e v\u00c3\u00abrtet\u00c3\u00ab por i b\u00c3\u00abn ashtu si e sheh ajo t\u00c3\u00ab arsyeshme.","robots":{"index":"index","follow":"follow","max-snippet":"max-snippet:-1","max-image-preview":"max-image-preview:large","max-video-preview":"max-video-preview:-1"},"canonical":"https:\/\/www.visit-ulcinj.com\/blog\/2009\/04\/10\/adelajda-dhe-mimoza-ti-nuk-me-mbron-asnjehere\/","og_locale":"en_US","og_type":"article","og_title":"Adelajda dhe Mimoza : Ti nuk m\u00c3\u00ab mbron asnj\u00c3\u00abher\u00c3\u00ab | Big Brother Albania 2","og_description":"Big Brother Albania 2 - Adel\u00c3\u00abs i vjen inat me Moz\u00c3\u00abn se pas cdo konflikti q\u00c3\u00ab ka ajo me Ad\u00c3\u00abn, ajo mban an\u00c3\u00abn e saj. Moza i kthehet se kjo nuk \u00c3\u00absht\u00c3\u00ab e v\u00c3\u00abrtet\u00c3\u00ab por i b\u00c3\u00abn ashtu si e sheh ajo t\u00c3\u00ab arsyeshme.","og_url":"https:\/\/www.visit-ulcinj.com\/blog\/2009\/04\/10\/adelajda-dhe-mimoza-ti-nuk-me-mbron-asnjehere\/","og_site_name":"Lajme nga Ulqini","article_published_time":"2009-04-10T10:30:31+00:00","og_image":[{"url":"http:\/\/www.visit-ulcinj.com\/blog\/wp-content\/uploads\/2009\/04\/adelamoza-debat.jpg"}],"twitter_misc":{"Written by":"ulqini","Est. reading time":"1 minute"},"schema":{"@context":"https:\/\/schema.org","@graph":[{"@type":"WebSite","@id":"https:\/\/www.visit-ulcinj.com\/blog\/#website","url":"https:\/\/www.visit-ulcinj.com\/blog\/","name":"Lajme nga Ulqini","description":"Lajme,Vijesti,Ulqini,Ulqin,Crna Gora,Mali i Zi","potentialAction":[{"@type":"SearchAction","target":{"@type":"EntryPoint","urlTemplate":"https:\/\/www.visit-ulcinj.com\/blog\/?s={search_term_string}"},"query-input":"required name=search_term_string"}],"inLanguage":"en-US"},{"@type":"ImageObject","inLanguage":"en-US","@id":"https:\/\/www.visit-ulcinj.com\/blog\/2009\/04\/10\/adelajda-dhe-mimoza-ti-nuk-me-mbron-asnjehere\/#primaryimage","url":"http:\/\/www.visit-ulcinj.com\/blog\/wp-content\/uploads\/2009\/04\/adelamoza-debat.jpg","contentUrl":"http:\/\/www.visit-ulcinj.com\/blog\/wp-content\/uploads\/2009\/04\/adelamoza-debat.jpg"},{"@type":"WebPage","@id":"https:\/\/www.visit-ulcinj.com\/blog\/2009\/04\/10\/adelajda-dhe-mimoza-ti-nuk-me-mbron-asnjehere\/#webpage","url":"https:\/\/www.visit-ulcinj.com\/blog\/2009\/04\/10\/adelajda-dhe-mimoza-ti-nuk-me-mbron-asnjehere\/","name":"Adelajda dhe Mimoza : Ti nuk m\u00c3\u00ab mbron asnj\u00c3\u00abher\u00c3\u00ab | Big Brother Albania 2","isPartOf":{"@id":"https:\/\/www.visit-ulcinj.com\/blog\/#website"},"primaryImageOfPage":{"@id":"https:\/\/www.visit-ulcinj.com\/blog\/2009\/04\/10\/adelajda-dhe-mimoza-ti-nuk-me-mbron-asnjehere\/#primaryimage"},"datePublished":"2009-04-10T10:30:31+00:00","dateModified":"2009-04-10T10:30:31+00:00","author":{"@id":"https:\/\/www.visit-ulcinj.com\/blog\/#\/schema\/person\/dcab619c614d3038751c63bc2aadc06d"},"description":"Big Brother Albania 2 - Adel\u00c3\u00abs i vjen inat me Moz\u00c3\u00abn se pas cdo konflikti q\u00c3\u00ab ka ajo me Ad\u00c3\u00abn, ajo mban an\u00c3\u00abn e saj. Moza i kthehet se kjo nuk \u00c3\u00absht\u00c3\u00ab e v\u00c3\u00abrtet\u00c3\u00ab por i b\u00c3\u00abn ashtu si e sheh ajo t\u00c3\u00ab arsyeshme.","breadcrumb":{"@id":"https:\/\/www.visit-ulcinj.com\/blog\/2009\/04\/10\/adelajda-dhe-mimoza-ti-nuk-me-mbron-asnjehere\/#breadcrumb"},"inLanguage":"en-US","potentialAction":[{"@type":"ReadAction","target":["https:\/\/www.visit-ulcinj.com\/blog\/2009\/04\/10\/adelajda-dhe-mimoza-ti-nuk-me-mbron-asnjehere\/"]}]},{"@type":"BreadcrumbList","@id":"https:\/\/www.visit-ulcinj.com\/blog\/2009\/04\/10\/adelajda-dhe-mimoza-ti-nuk-me-mbron-asnjehere\/#breadcrumb","itemListElement":[{"@type":"ListItem","position":1,"name":"Adelajda dhe Mimoza : Ti nuk m\u00eb mbron asnj\u00ebher\u00eb"}]},{"@type":"Person","@id":"https:\/\/www.visit-ulcinj.com\/blog\/#\/schema\/person\/dcab619c614d3038751c63bc2aadc06d","name":"ulqini","sameAs":["http:\/\/www.visit-ulcinj.com"],"url":"https:\/\/www.visit-ulcinj.com\/blog\/author\/admin\/"}]}},"jetpack_featured_media_url":"","jetpack_sharing_enabled":true,"jetpack_shortlink":"https:\/\/wp.me\/pe6lTn-4sb","_links":{"self":[{"href":"https:\/\/www.visit-ulcinj.com\/blog\/wp-json\/wp\/v2\/posts\/17123"}],"collection":[{"href":"https:\/\/www.visit-ulcinj.com\/blog\/wp-json\/wp\/v2\/posts"}],"about":[{"href":"https:\/\/www.visit-ulcinj.com\/blog\/wp-json\/wp\/v2\/types\/post"}],"author":[{"embeddable":true,"href":"https:\/\/www.visit-ulcinj.com\/blog\/wp-json\/wp\/v2\/users\/1"}],"replies":[{"embeddable":true,"href":"https:\/\/www.visit-ulcinj.com\/blog\/wp-json\/wp\/v2\/comments?post=17123"}],"version-history":[{"count":0,"href":"https:\/\/www.visit-ulcinj.com\/blog\/wp-json\/wp\/v2\/posts\/17123\/revisions"}],"wp:attachment":[{"href":"https:\/\/www.visit-ulcinj.com\/blog\/wp-json\/wp\/v2\/media?parent=17123"}],"wp:term":[{"taxonomy":"category","embeddable":true,"href":"https:\/\/www.visit-ulcinj.com\/blog\/wp-json\/wp\/v2\/categories?post=17123"},{"taxonomy":"post_tag","embeddable":true,"href":"https:\/\/www.visit-ulcinj.com\/blog\/wp-json\/wp\/v2\/tags?post=17123"}],"curies":[{"name":"wp","href":"https:\/\/api.w.org\/{rel}","templated":true}]}}