{"id":17126,"date":"2009-04-10T12:33:08","date_gmt":"2009-04-10T10:33:08","guid":{"rendered":"http:\/\/www.visit-ulcinj.com\/blog\/?p=17126"},"modified":"2009-04-10T12:33:58","modified_gmt":"2009-04-10T10:33:58","slug":"bjordi-dhe-mimoza-adeles-i-duhet-mbeshtetja-jote","status":"publish","type":"post","link":"https:\/\/www.visit-ulcinj.com\/blog\/2009\/04\/10\/bjordi-dhe-mimoza-adeles-i-duhet-mbeshtetja-jote\/","title":{"rendered":"Bjordi dhe Mimoza : Adel\u00ebs i duhet mb\u00ebshtetja jote"},"content":{"rendered":"<p><em><span class=\"newsdate\"><a href=\"http:\/\/www.visit-ulcinj.com\/blog\/wp-content\/uploads\/2009\/04\/bjordimoza.jpg\"><img loading=\"lazy\" class=\"alignleft size-full wp-image-17127\" title=\"bjordi-mimoza-big-brother-albania-2\" src=\"http:\/\/www.visit-ulcinj.com\/blog\/wp-content\/uploads\/2009\/04\/bjordimoza.jpg\" alt=\"bjordi-mimoza-big-brother-albania-2\" width=\"300\" height=\"205\" \/><\/a>05\/04\/09 21:30<\/span><\/em><\/p>\n<p>Bjordi k\u00ebshillon Moz\u00ebn se nuk po sillet mir\u00eb dhe duhet ta ndryshoj\u00eb pak sjelljen. Ai i thot\u00eb se ajo nuk i kupton shum\u00eb gj\u00ebra. Moza e fton q\u00eb ta tregoj\u00eb m\u00eb qart\u00eb at\u00eb q\u00eb do t\u00eb thot\u00eb. Bjordi tregon se Adela v\u00ebrtet\u00eb shprehet gabim, por Aida v\u00ebrtet\u00eb po e b\u00ebn t\u00eb ndjehet keq. Ai mendon se Moza duhet t\u00eb rrij\u00eb m\u00eb af\u00ebr me t\u00eb edhe kur ajo e ka gabim sepse \u00ebsht\u00eb nj\u00eb shoqe e saj. Moza i thot\u00eb se e kupton se ajo ndjehet keq p\u00ebr situat\u00ebn n\u00eb t\u00eb cil\u00ebn ndodhet dhe po p\u00ebrpiqet t\u2019i q\u00ebndroj\u00eb af\u00ebr, por edhe Aid\u00ebn e ka shoqe. Bjordi i thot\u00eb se Adela vet\u00ebm at\u00eb ka shoqe k\u00ebtu brenda dhe i duhet mb\u00ebshtetja e saj cdokoh\u00eb. Ai tregon se Adela n\u00eb k\u00ebt\u00eb koh\u00eb po ndjehet e sulmuar nga t\u00eb gjith\u00eb e ndaj shpesh reagon keq.<\/p>\n","protected":false},"excerpt":{"rendered":"<p>05\/04\/09 21:30 Bjordi k\u00ebshillon Moz\u00ebn se nuk po sillet mir\u00eb dhe duhet ta ndryshoj\u00eb pak sjelljen. Ai i thot\u00eb se ajo nuk i kupton shum\u00eb gj\u00ebra. Moza e fton q\u00eb ta tregoj\u00eb m\u00eb qart\u00eb at\u00eb q\u00eb do t\u00eb thot\u00eb. Bjordi tregon se Adela v\u00ebrtet\u00eb shprehet gabim, por Aida v\u00ebrtet\u00eb po e b\u00ebn t\u00eb ndjehet keq. [&hellip;]<\/p>\n","protected":false},"author":1,"featured_media":0,"comment_status":"open","ping_status":"closed","sticky":false,"template":"","format":"standard","meta":{"spay_email":"","jetpack_publicize_message":"","jetpack_is_tweetstorm":false,"jetpack_publicize_feature_enabled":true},"categories":[6502],"tags":[6529,6537,5057,6506,6516,6712,7129,6522,6544,6891,6693,6887],"jetpack_publicize_connections":[],"yoast_head":"<!-- This site is optimized with the Yoast SEO plugin v19.1 - https:\/\/yoast.com\/wordpress\/plugins\/seo\/ -->\n<title>Bjordi dhe Mimoza : Adel\u00c3\u00abs i duhet mb\u00c3\u00abshtetja jote | Big Brother Albania 2<\/title>\n<meta name=\"description\" content=\"Big Brother Albania 2 - Bjordi k\u00c3\u00abshillon Moz\u00c3\u00abn se nuk po sillet mir\u00c3\u00ab dhe duhet ta ndryshoj\u00c3\u00ab pak sjelljen. Ai i thot\u00c3\u00ab se ajo nuk i kupton shum\u00c3\u00ab gj\u00c3\u00abra.\" \/>\n<meta name=\"robots\" content=\"index, follow, max-snippet:-1, max-image-preview:large, max-video-preview:-1\" \/>\n<link rel=\"canonical\" href=\"https:\/\/www.visit-ulcinj.com\/blog\/2009\/04\/10\/bjordi-dhe-mimoza-adeles-i-duhet-mbeshtetja-jote\/\" \/>\n<meta property=\"og:locale\" content=\"en_US\" \/>\n<meta property=\"og:type\" content=\"article\" \/>\n<meta property=\"og:title\" content=\"Bjordi dhe Mimoza : Adel\u00c3\u00abs i duhet mb\u00c3\u00abshtetja jote | Big Brother Albania 2\" \/>\n<meta property=\"og:description\" content=\"Big Brother Albania 2 - Bjordi k\u00c3\u00abshillon Moz\u00c3\u00abn se nuk po sillet mir\u00c3\u00ab dhe duhet ta ndryshoj\u00c3\u00ab pak sjelljen. Ai i thot\u00c3\u00ab se ajo nuk i kupton shum\u00c3\u00ab gj\u00c3\u00abra.\" \/>\n<meta property=\"og:url\" content=\"https:\/\/www.visit-ulcinj.com\/blog\/2009\/04\/10\/bjordi-dhe-mimoza-adeles-i-duhet-mbeshtetja-jote\/\" \/>\n<meta property=\"og:site_name\" content=\"Lajme nga Ulqini\" \/>\n<meta property=\"article:published_time\" content=\"2009-04-10T10:33:08+00:00\" \/>\n<meta property=\"article:modified_time\" content=\"2009-04-10T10:33:58+00:00\" \/>\n<meta property=\"og:image\" content=\"http:\/\/www.visit-ulcinj.com\/blog\/wp-content\/uploads\/2009\/04\/bjordimoza.jpg\" \/>\n<meta name=\"twitter:label1\" content=\"Written by\" \/>\n\t<meta name=\"twitter:data1\" content=\"ulqini\" \/>\n\t<meta name=\"twitter:label2\" content=\"Est. reading time\" \/>\n\t<meta name=\"twitter:data2\" content=\"1 minute\" \/>\n<script type=\"application\/ld+json\" class=\"yoast-schema-graph\">{\"@context\":\"https:\/\/schema.org\",\"@graph\":[{\"@type\":\"WebSite\",\"@id\":\"https:\/\/www.visit-ulcinj.com\/blog\/#website\",\"url\":\"https:\/\/www.visit-ulcinj.com\/blog\/\",\"name\":\"Lajme nga Ulqini\",\"description\":\"Lajme,Vijesti,Ulqini,Ulqin,Crna Gora,Mali i Zi\",\"potentialAction\":[{\"@type\":\"SearchAction\",\"target\":{\"@type\":\"EntryPoint\",\"urlTemplate\":\"https:\/\/www.visit-ulcinj.com\/blog\/?s={search_term_string}\"},\"query-input\":\"required name=search_term_string\"}],\"inLanguage\":\"en-US\"},{\"@type\":\"ImageObject\",\"inLanguage\":\"en-US\",\"@id\":\"https:\/\/www.visit-ulcinj.com\/blog\/2009\/04\/10\/bjordi-dhe-mimoza-adeles-i-duhet-mbeshtetja-jote\/#primaryimage\",\"url\":\"http:\/\/www.visit-ulcinj.com\/blog\/wp-content\/uploads\/2009\/04\/bjordimoza.jpg\",\"contentUrl\":\"http:\/\/www.visit-ulcinj.com\/blog\/wp-content\/uploads\/2009\/04\/bjordimoza.jpg\"},{\"@type\":\"WebPage\",\"@id\":\"https:\/\/www.visit-ulcinj.com\/blog\/2009\/04\/10\/bjordi-dhe-mimoza-adeles-i-duhet-mbeshtetja-jote\/#webpage\",\"url\":\"https:\/\/www.visit-ulcinj.com\/blog\/2009\/04\/10\/bjordi-dhe-mimoza-adeles-i-duhet-mbeshtetja-jote\/\",\"name\":\"Bjordi dhe Mimoza : Adel\u00c3\u00abs i duhet mb\u00c3\u00abshtetja jote | Big Brother Albania 2\",\"isPartOf\":{\"@id\":\"https:\/\/www.visit-ulcinj.com\/blog\/#website\"},\"primaryImageOfPage\":{\"@id\":\"https:\/\/www.visit-ulcinj.com\/blog\/2009\/04\/10\/bjordi-dhe-mimoza-adeles-i-duhet-mbeshtetja-jote\/#primaryimage\"},\"datePublished\":\"2009-04-10T10:33:08+00:00\",\"dateModified\":\"2009-04-10T10:33:58+00:00\",\"author\":{\"@id\":\"https:\/\/www.visit-ulcinj.com\/blog\/#\/schema\/person\/dcab619c614d3038751c63bc2aadc06d\"},\"description\":\"Big Brother Albania 2 - Bjordi k\u00c3\u00abshillon Moz\u00c3\u00abn se nuk po sillet mir\u00c3\u00ab dhe duhet ta ndryshoj\u00c3\u00ab pak sjelljen. Ai i thot\u00c3\u00ab se ajo nuk i kupton shum\u00c3\u00ab gj\u00c3\u00abra.\",\"breadcrumb\":{\"@id\":\"https:\/\/www.visit-ulcinj.com\/blog\/2009\/04\/10\/bjordi-dhe-mimoza-adeles-i-duhet-mbeshtetja-jote\/#breadcrumb\"},\"inLanguage\":\"en-US\",\"potentialAction\":[{\"@type\":\"ReadAction\",\"target\":[\"https:\/\/www.visit-ulcinj.com\/blog\/2009\/04\/10\/bjordi-dhe-mimoza-adeles-i-duhet-mbeshtetja-jote\/\"]}]},{\"@type\":\"BreadcrumbList\",\"@id\":\"https:\/\/www.visit-ulcinj.com\/blog\/2009\/04\/10\/bjordi-dhe-mimoza-adeles-i-duhet-mbeshtetja-jote\/#breadcrumb\",\"itemListElement\":[{\"@type\":\"ListItem\",\"position\":1,\"name\":\"Bjordi dhe Mimoza : Adel\u00ebs i duhet mb\u00ebshtetja jote\"}]},{\"@type\":\"Person\",\"@id\":\"https:\/\/www.visit-ulcinj.com\/blog\/#\/schema\/person\/dcab619c614d3038751c63bc2aadc06d\",\"name\":\"ulqini\",\"sameAs\":[\"http:\/\/www.visit-ulcinj.com\"],\"url\":\"https:\/\/www.visit-ulcinj.com\/blog\/author\/admin\/\"}]}<\/script>\n<!-- \/ Yoast SEO plugin. -->","yoast_head_json":{"title":"Bjordi dhe Mimoza : Adel\u00c3\u00abs i duhet mb\u00c3\u00abshtetja jote | Big Brother Albania 2","description":"Big Brother Albania 2 - Bjordi k\u00c3\u00abshillon Moz\u00c3\u00abn se nuk po sillet mir\u00c3\u00ab dhe duhet ta ndryshoj\u00c3\u00ab pak sjelljen. Ai i thot\u00c3\u00ab se ajo nuk i kupton shum\u00c3\u00ab gj\u00c3\u00abra.","robots":{"index":"index","follow":"follow","max-snippet":"max-snippet:-1","max-image-preview":"max-image-preview:large","max-video-preview":"max-video-preview:-1"},"canonical":"https:\/\/www.visit-ulcinj.com\/blog\/2009\/04\/10\/bjordi-dhe-mimoza-adeles-i-duhet-mbeshtetja-jote\/","og_locale":"en_US","og_type":"article","og_title":"Bjordi dhe Mimoza : Adel\u00c3\u00abs i duhet mb\u00c3\u00abshtetja jote | Big Brother Albania 2","og_description":"Big Brother Albania 2 - Bjordi k\u00c3\u00abshillon Moz\u00c3\u00abn se nuk po sillet mir\u00c3\u00ab dhe duhet ta ndryshoj\u00c3\u00ab pak sjelljen. Ai i thot\u00c3\u00ab se ajo nuk i kupton shum\u00c3\u00ab gj\u00c3\u00abra.","og_url":"https:\/\/www.visit-ulcinj.com\/blog\/2009\/04\/10\/bjordi-dhe-mimoza-adeles-i-duhet-mbeshtetja-jote\/","og_site_name":"Lajme nga Ulqini","article_published_time":"2009-04-10T10:33:08+00:00","article_modified_time":"2009-04-10T10:33:58+00:00","og_image":[{"url":"http:\/\/www.visit-ulcinj.com\/blog\/wp-content\/uploads\/2009\/04\/bjordimoza.jpg"}],"twitter_misc":{"Written by":"ulqini","Est. reading time":"1 minute"},"schema":{"@context":"https:\/\/schema.org","@graph":[{"@type":"WebSite","@id":"https:\/\/www.visit-ulcinj.com\/blog\/#website","url":"https:\/\/www.visit-ulcinj.com\/blog\/","name":"Lajme nga Ulqini","description":"Lajme,Vijesti,Ulqini,Ulqin,Crna Gora,Mali i Zi","potentialAction":[{"@type":"SearchAction","target":{"@type":"EntryPoint","urlTemplate":"https:\/\/www.visit-ulcinj.com\/blog\/?s={search_term_string}"},"query-input":"required name=search_term_string"}],"inLanguage":"en-US"},{"@type":"ImageObject","inLanguage":"en-US","@id":"https:\/\/www.visit-ulcinj.com\/blog\/2009\/04\/10\/bjordi-dhe-mimoza-adeles-i-duhet-mbeshtetja-jote\/#primaryimage","url":"http:\/\/www.visit-ulcinj.com\/blog\/wp-content\/uploads\/2009\/04\/bjordimoza.jpg","contentUrl":"http:\/\/www.visit-ulcinj.com\/blog\/wp-content\/uploads\/2009\/04\/bjordimoza.jpg"},{"@type":"WebPage","@id":"https:\/\/www.visit-ulcinj.com\/blog\/2009\/04\/10\/bjordi-dhe-mimoza-adeles-i-duhet-mbeshtetja-jote\/#webpage","url":"https:\/\/www.visit-ulcinj.com\/blog\/2009\/04\/10\/bjordi-dhe-mimoza-adeles-i-duhet-mbeshtetja-jote\/","name":"Bjordi dhe Mimoza : Adel\u00c3\u00abs i duhet mb\u00c3\u00abshtetja jote | Big Brother Albania 2","isPartOf":{"@id":"https:\/\/www.visit-ulcinj.com\/blog\/#website"},"primaryImageOfPage":{"@id":"https:\/\/www.visit-ulcinj.com\/blog\/2009\/04\/10\/bjordi-dhe-mimoza-adeles-i-duhet-mbeshtetja-jote\/#primaryimage"},"datePublished":"2009-04-10T10:33:08+00:00","dateModified":"2009-04-10T10:33:58+00:00","author":{"@id":"https:\/\/www.visit-ulcinj.com\/blog\/#\/schema\/person\/dcab619c614d3038751c63bc2aadc06d"},"description":"Big Brother Albania 2 - Bjordi k\u00c3\u00abshillon Moz\u00c3\u00abn se nuk po sillet mir\u00c3\u00ab dhe duhet ta ndryshoj\u00c3\u00ab pak sjelljen. Ai i thot\u00c3\u00ab se ajo nuk i kupton shum\u00c3\u00ab gj\u00c3\u00abra.","breadcrumb":{"@id":"https:\/\/www.visit-ulcinj.com\/blog\/2009\/04\/10\/bjordi-dhe-mimoza-adeles-i-duhet-mbeshtetja-jote\/#breadcrumb"},"inLanguage":"en-US","potentialAction":[{"@type":"ReadAction","target":["https:\/\/www.visit-ulcinj.com\/blog\/2009\/04\/10\/bjordi-dhe-mimoza-adeles-i-duhet-mbeshtetja-jote\/"]}]},{"@type":"BreadcrumbList","@id":"https:\/\/www.visit-ulcinj.com\/blog\/2009\/04\/10\/bjordi-dhe-mimoza-adeles-i-duhet-mbeshtetja-jote\/#breadcrumb","itemListElement":[{"@type":"ListItem","position":1,"name":"Bjordi dhe Mimoza : Adel\u00ebs i duhet mb\u00ebshtetja jote"}]},{"@type":"Person","@id":"https:\/\/www.visit-ulcinj.com\/blog\/#\/schema\/person\/dcab619c614d3038751c63bc2aadc06d","name":"ulqini","sameAs":["http:\/\/www.visit-ulcinj.com"],"url":"https:\/\/www.visit-ulcinj.com\/blog\/author\/admin\/"}]}},"jetpack_featured_media_url":"","jetpack_sharing_enabled":true,"jetpack_shortlink":"https:\/\/wp.me\/pe6lTn-4se","_links":{"self":[{"href":"https:\/\/www.visit-ulcinj.com\/blog\/wp-json\/wp\/v2\/posts\/17126"}],"collection":[{"href":"https:\/\/www.visit-ulcinj.com\/blog\/wp-json\/wp\/v2\/posts"}],"about":[{"href":"https:\/\/www.visit-ulcinj.com\/blog\/wp-json\/wp\/v2\/types\/post"}],"author":[{"embeddable":true,"href":"https:\/\/www.visit-ulcinj.com\/blog\/wp-json\/wp\/v2\/users\/1"}],"replies":[{"embeddable":true,"href":"https:\/\/www.visit-ulcinj.com\/blog\/wp-json\/wp\/v2\/comments?post=17126"}],"version-history":[{"count":0,"href":"https:\/\/www.visit-ulcinj.com\/blog\/wp-json\/wp\/v2\/posts\/17126\/revisions"}],"wp:attachment":[{"href":"https:\/\/www.visit-ulcinj.com\/blog\/wp-json\/wp\/v2\/media?parent=17126"}],"wp:term":[{"taxonomy":"category","embeddable":true,"href":"https:\/\/www.visit-ulcinj.com\/blog\/wp-json\/wp\/v2\/categories?post=17126"},{"taxonomy":"post_tag","embeddable":true,"href":"https:\/\/www.visit-ulcinj.com\/blog\/wp-json\/wp\/v2\/tags?post=17126"}],"curies":[{"name":"wp","href":"https:\/\/api.w.org\/{rel}","templated":true}]}}