{"id":17130,"date":"2009-04-10T12:45:34","date_gmt":"2009-04-10T10:45:34","guid":{"rendered":"http:\/\/www.visit-ulcinj.com\/blog\/?p=17130"},"modified":"2009-04-10T12:45:34","modified_gmt":"2009-04-10T10:45:34","slug":"bjordi-dhe-adela-jam-duke-e-kaluar-masen","status":"publish","type":"post","link":"https:\/\/www.visit-ulcinj.com\/blog\/2009\/04\/10\/bjordi-dhe-adela-jam-duke-e-kaluar-masen\/","title":{"rendered":"Bjordi dhe Adela : Jam duke e kaluar mas\u00ebn"},"content":{"rendered":"<p><em><span class=\"newsdate\"><a href=\"http:\/\/www.visit-ulcinj.com\/blog\/wp-content\/uploads\/2009\/04\/adelajdabjordi-copy.jpg\"><img loading=\"lazy\" class=\"alignleft size-full wp-image-17131\" title=\"adelajdabjordi-big-brother-albania-2\" src=\"http:\/\/www.visit-ulcinj.com\/blog\/wp-content\/uploads\/2009\/04\/adelajdabjordi-copy.jpg\" alt=\"adelajdabjordi-big-brother-albania-2\" width=\"300\" height=\"205\" \/><\/a>06\/04\/09 01:40<\/span><\/em><\/p>\n<p>T\u00eb ulur n\u00eb divanet n\u00eb zon\u00ebn e ndjenjies, Bjordi ka mb\u00ebshtetur kok\u00ebn n\u00eb preh\u00ebrin e Adelajdes. Ajo i ka th\u00ebn\u00eb se duhet t\u00eb ngrihej, por Bjordi nuk ka pranuar dhe ka th\u00ebn\u00eb se nuk do ta b\u00ebnte, pa i dh\u00ebn\u00eb nj\u00eb arsye t\u00eb q\u00ebndrueshme. \u201cJam duke e kaluar mas\u00ebn!\u201d \u2013 i ka th\u00ebn\u00eb Adelajda. Ajo ka shtuar se po dilte shum\u00eb jasht\u00eb gj\u00ebrave q\u00eb b\u00ebnte p\u00ebrpara. \u201cNuk i kam b\u00ebr\u00eb asnj\u00ebher\u00eb k\u00ebto gj\u00ebra!\u201d \u2013 ka th\u00ebn\u00eb ajo. \u201cT\u00eb p\u00eblqen kjo q\u00eb po b\u00ebn? \u2013 e ka pyetur Bjordi. Adelajda i \u00ebsht\u00eb p\u00ebrgjigjur se p\u00eblqimi nuk ka fare lidhje me k\u00ebt\u00eb gj\u00eb, por pas insistimeve t\u00eb tij, ka shtuar se ndjehet mir\u00eb, por p\u00ebrsa i p\u00ebrket c\u00ebshtjes n\u00ebse i p\u00eblqen apo jo, e v\u00ebrteta ishte se ndihej n\u00eb siklet, sepse po dilte shum\u00eb nga vetja. Bjordi e ka pyetur s\u00ebrish a po i p\u00eblqente q\u00eb po dilte nga vetja dhe sa qejf kishte ajo ta b\u00ebnte k\u00ebt\u00eb. Ajo s\u00ebrish i \u00ebsht\u00eb p\u00ebrgjigjur q\u00eb e p\u00eblqyera apo qejfi nuk kishin lidhje dhe i ka shpjeguar se nj\u00ebr\u00ebzit q\u00eb e njohin mir\u00eb dhe shohin k\u00ebt\u00eb ndryshim t\u00eb sajin, fillimisht cuditen pastaj nuk u vjen mir\u00eb. \u201cE l\u00ebm\u00eb k\u00ebt\u00eb muhabet, se s\u2019kam fuqi!\u201d \u2013 i ka th\u00ebn\u00eb Bjordi, &#8211; Ti thua nj\u00eb or\u00eb nuk e b\u00ebj, nuk e b\u00ebj, pastaj e b\u00ebn!\u201d.<\/p>\n","protected":false},"excerpt":{"rendered":"<p>06\/04\/09 01:40 T\u00eb ulur n\u00eb divanet n\u00eb zon\u00ebn e ndjenjies, Bjordi ka mb\u00ebshtetur kok\u00ebn n\u00eb preh\u00ebrin e Adelajdes. Ajo i ka th\u00ebn\u00eb se duhet t\u00eb ngrihej, por Bjordi nuk ka pranuar dhe ka th\u00ebn\u00eb se nuk do ta b\u00ebnte, pa i dh\u00ebn\u00eb nj\u00eb arsye t\u00eb q\u00ebndrueshme. \u201cJam duke e kaluar mas\u00ebn!\u201d \u2013 i ka th\u00ebn\u00eb [&hellip;]<\/p>\n","protected":false},"author":1,"featured_media":0,"comment_status":"open","ping_status":"closed","sticky":false,"template":"","format":"standard","meta":{"spay_email":"","jetpack_publicize_message":"","jetpack_is_tweetstorm":false,"jetpack_publicize_feature_enabled":true},"categories":[6502],"tags":[6529,6537,5057,6506,6516,6712,7129,6522,6544,6891,6693,6887],"jetpack_publicize_connections":[],"yoast_head":"<!-- This site is optimized with the Yoast SEO plugin v19.1 - https:\/\/yoast.com\/wordpress\/plugins\/seo\/ -->\n<title>Bjordi dhe Adela : Jam duke e kaluar mas\u00c3\u00abn | Big Brother Albania 2<\/title>\n<meta name=\"description\" content=\"Big Brother Albania 2 - T\u00c3\u00ab ulur n\u00c3\u00ab divanet n\u00c3\u00ab zon\u00c3\u00abn e ndjenjies, Bjordi ka mb\u00c3\u00abshtetur kok\u00c3\u00abn n\u00c3\u00ab preh\u00c3\u00abrin e Adelajdes. Ajo i ka th\u00c3\u00abn\u00c3\u00ab se duhet t\u00c3\u00ab ngrihej,\" \/>\n<meta name=\"robots\" content=\"index, follow, max-snippet:-1, max-image-preview:large, max-video-preview:-1\" \/>\n<link rel=\"canonical\" href=\"https:\/\/www.visit-ulcinj.com\/blog\/2009\/04\/10\/bjordi-dhe-adela-jam-duke-e-kaluar-masen\/\" \/>\n<meta property=\"og:locale\" content=\"en_US\" \/>\n<meta property=\"og:type\" content=\"article\" \/>\n<meta property=\"og:title\" content=\"Bjordi dhe Adela : Jam duke e kaluar mas\u00c3\u00abn | Big Brother Albania 2\" \/>\n<meta property=\"og:description\" content=\"Big Brother Albania 2 - T\u00c3\u00ab ulur n\u00c3\u00ab divanet n\u00c3\u00ab zon\u00c3\u00abn e ndjenjies, Bjordi ka mb\u00c3\u00abshtetur kok\u00c3\u00abn n\u00c3\u00ab preh\u00c3\u00abrin e Adelajdes. Ajo i ka th\u00c3\u00abn\u00c3\u00ab se duhet t\u00c3\u00ab ngrihej,\" \/>\n<meta property=\"og:url\" content=\"https:\/\/www.visit-ulcinj.com\/blog\/2009\/04\/10\/bjordi-dhe-adela-jam-duke-e-kaluar-masen\/\" \/>\n<meta property=\"og:site_name\" content=\"Lajme nga Ulqini\" \/>\n<meta property=\"article:published_time\" content=\"2009-04-10T10:45:34+00:00\" \/>\n<meta property=\"og:image\" content=\"http:\/\/www.visit-ulcinj.com\/blog\/wp-content\/uploads\/2009\/04\/adelajdabjordi-copy.jpg\" \/>\n<meta name=\"twitter:label1\" content=\"Written by\" \/>\n\t<meta name=\"twitter:data1\" content=\"ulqini\" \/>\n\t<meta name=\"twitter:label2\" content=\"Est. reading time\" \/>\n\t<meta name=\"twitter:data2\" content=\"1 minute\" \/>\n<script type=\"application\/ld+json\" class=\"yoast-schema-graph\">{\"@context\":\"https:\/\/schema.org\",\"@graph\":[{\"@type\":\"WebSite\",\"@id\":\"https:\/\/www.visit-ulcinj.com\/blog\/#website\",\"url\":\"https:\/\/www.visit-ulcinj.com\/blog\/\",\"name\":\"Lajme nga Ulqini\",\"description\":\"Lajme,Vijesti,Ulqini,Ulqin,Crna Gora,Mali i Zi\",\"potentialAction\":[{\"@type\":\"SearchAction\",\"target\":{\"@type\":\"EntryPoint\",\"urlTemplate\":\"https:\/\/www.visit-ulcinj.com\/blog\/?s={search_term_string}\"},\"query-input\":\"required name=search_term_string\"}],\"inLanguage\":\"en-US\"},{\"@type\":\"ImageObject\",\"inLanguage\":\"en-US\",\"@id\":\"https:\/\/www.visit-ulcinj.com\/blog\/2009\/04\/10\/bjordi-dhe-adela-jam-duke-e-kaluar-masen\/#primaryimage\",\"url\":\"http:\/\/www.visit-ulcinj.com\/blog\/wp-content\/uploads\/2009\/04\/adelajdabjordi-copy.jpg\",\"contentUrl\":\"http:\/\/www.visit-ulcinj.com\/blog\/wp-content\/uploads\/2009\/04\/adelajdabjordi-copy.jpg\"},{\"@type\":\"WebPage\",\"@id\":\"https:\/\/www.visit-ulcinj.com\/blog\/2009\/04\/10\/bjordi-dhe-adela-jam-duke-e-kaluar-masen\/#webpage\",\"url\":\"https:\/\/www.visit-ulcinj.com\/blog\/2009\/04\/10\/bjordi-dhe-adela-jam-duke-e-kaluar-masen\/\",\"name\":\"Bjordi dhe Adela : Jam duke e kaluar mas\u00c3\u00abn | Big Brother Albania 2\",\"isPartOf\":{\"@id\":\"https:\/\/www.visit-ulcinj.com\/blog\/#website\"},\"primaryImageOfPage\":{\"@id\":\"https:\/\/www.visit-ulcinj.com\/blog\/2009\/04\/10\/bjordi-dhe-adela-jam-duke-e-kaluar-masen\/#primaryimage\"},\"datePublished\":\"2009-04-10T10:45:34+00:00\",\"dateModified\":\"2009-04-10T10:45:34+00:00\",\"author\":{\"@id\":\"https:\/\/www.visit-ulcinj.com\/blog\/#\/schema\/person\/dcab619c614d3038751c63bc2aadc06d\"},\"description\":\"Big Brother Albania 2 - T\u00c3\u00ab ulur n\u00c3\u00ab divanet n\u00c3\u00ab zon\u00c3\u00abn e ndjenjies, Bjordi ka mb\u00c3\u00abshtetur kok\u00c3\u00abn n\u00c3\u00ab preh\u00c3\u00abrin e Adelajdes. Ajo i ka th\u00c3\u00abn\u00c3\u00ab se duhet t\u00c3\u00ab ngrihej,\",\"breadcrumb\":{\"@id\":\"https:\/\/www.visit-ulcinj.com\/blog\/2009\/04\/10\/bjordi-dhe-adela-jam-duke-e-kaluar-masen\/#breadcrumb\"},\"inLanguage\":\"en-US\",\"potentialAction\":[{\"@type\":\"ReadAction\",\"target\":[\"https:\/\/www.visit-ulcinj.com\/blog\/2009\/04\/10\/bjordi-dhe-adela-jam-duke-e-kaluar-masen\/\"]}]},{\"@type\":\"BreadcrumbList\",\"@id\":\"https:\/\/www.visit-ulcinj.com\/blog\/2009\/04\/10\/bjordi-dhe-adela-jam-duke-e-kaluar-masen\/#breadcrumb\",\"itemListElement\":[{\"@type\":\"ListItem\",\"position\":1,\"name\":\"Bjordi dhe Adela : Jam duke e kaluar mas\u00ebn\"}]},{\"@type\":\"Person\",\"@id\":\"https:\/\/www.visit-ulcinj.com\/blog\/#\/schema\/person\/dcab619c614d3038751c63bc2aadc06d\",\"name\":\"ulqini\",\"sameAs\":[\"http:\/\/www.visit-ulcinj.com\"],\"url\":\"https:\/\/www.visit-ulcinj.com\/blog\/author\/admin\/\"}]}<\/script>\n<!-- \/ Yoast SEO plugin. -->","yoast_head_json":{"title":"Bjordi dhe Adela : Jam duke e kaluar mas\u00c3\u00abn | Big Brother Albania 2","description":"Big Brother Albania 2 - T\u00c3\u00ab ulur n\u00c3\u00ab divanet n\u00c3\u00ab zon\u00c3\u00abn e ndjenjies, Bjordi ka mb\u00c3\u00abshtetur kok\u00c3\u00abn n\u00c3\u00ab preh\u00c3\u00abrin e Adelajdes. Ajo i ka th\u00c3\u00abn\u00c3\u00ab se duhet t\u00c3\u00ab ngrihej,","robots":{"index":"index","follow":"follow","max-snippet":"max-snippet:-1","max-image-preview":"max-image-preview:large","max-video-preview":"max-video-preview:-1"},"canonical":"https:\/\/www.visit-ulcinj.com\/blog\/2009\/04\/10\/bjordi-dhe-adela-jam-duke-e-kaluar-masen\/","og_locale":"en_US","og_type":"article","og_title":"Bjordi dhe Adela : Jam duke e kaluar mas\u00c3\u00abn | Big Brother Albania 2","og_description":"Big Brother Albania 2 - T\u00c3\u00ab ulur n\u00c3\u00ab divanet n\u00c3\u00ab zon\u00c3\u00abn e ndjenjies, Bjordi ka mb\u00c3\u00abshtetur kok\u00c3\u00abn n\u00c3\u00ab preh\u00c3\u00abrin e Adelajdes. Ajo i ka th\u00c3\u00abn\u00c3\u00ab se duhet t\u00c3\u00ab ngrihej,","og_url":"https:\/\/www.visit-ulcinj.com\/blog\/2009\/04\/10\/bjordi-dhe-adela-jam-duke-e-kaluar-masen\/","og_site_name":"Lajme nga Ulqini","article_published_time":"2009-04-10T10:45:34+00:00","og_image":[{"url":"http:\/\/www.visit-ulcinj.com\/blog\/wp-content\/uploads\/2009\/04\/adelajdabjordi-copy.jpg"}],"twitter_misc":{"Written by":"ulqini","Est. reading time":"1 minute"},"schema":{"@context":"https:\/\/schema.org","@graph":[{"@type":"WebSite","@id":"https:\/\/www.visit-ulcinj.com\/blog\/#website","url":"https:\/\/www.visit-ulcinj.com\/blog\/","name":"Lajme nga Ulqini","description":"Lajme,Vijesti,Ulqini,Ulqin,Crna Gora,Mali i Zi","potentialAction":[{"@type":"SearchAction","target":{"@type":"EntryPoint","urlTemplate":"https:\/\/www.visit-ulcinj.com\/blog\/?s={search_term_string}"},"query-input":"required name=search_term_string"}],"inLanguage":"en-US"},{"@type":"ImageObject","inLanguage":"en-US","@id":"https:\/\/www.visit-ulcinj.com\/blog\/2009\/04\/10\/bjordi-dhe-adela-jam-duke-e-kaluar-masen\/#primaryimage","url":"http:\/\/www.visit-ulcinj.com\/blog\/wp-content\/uploads\/2009\/04\/adelajdabjordi-copy.jpg","contentUrl":"http:\/\/www.visit-ulcinj.com\/blog\/wp-content\/uploads\/2009\/04\/adelajdabjordi-copy.jpg"},{"@type":"WebPage","@id":"https:\/\/www.visit-ulcinj.com\/blog\/2009\/04\/10\/bjordi-dhe-adela-jam-duke-e-kaluar-masen\/#webpage","url":"https:\/\/www.visit-ulcinj.com\/blog\/2009\/04\/10\/bjordi-dhe-adela-jam-duke-e-kaluar-masen\/","name":"Bjordi dhe Adela : Jam duke e kaluar mas\u00c3\u00abn | Big Brother Albania 2","isPartOf":{"@id":"https:\/\/www.visit-ulcinj.com\/blog\/#website"},"primaryImageOfPage":{"@id":"https:\/\/www.visit-ulcinj.com\/blog\/2009\/04\/10\/bjordi-dhe-adela-jam-duke-e-kaluar-masen\/#primaryimage"},"datePublished":"2009-04-10T10:45:34+00:00","dateModified":"2009-04-10T10:45:34+00:00","author":{"@id":"https:\/\/www.visit-ulcinj.com\/blog\/#\/schema\/person\/dcab619c614d3038751c63bc2aadc06d"},"description":"Big Brother Albania 2 - T\u00c3\u00ab ulur n\u00c3\u00ab divanet n\u00c3\u00ab zon\u00c3\u00abn e ndjenjies, Bjordi ka mb\u00c3\u00abshtetur kok\u00c3\u00abn n\u00c3\u00ab preh\u00c3\u00abrin e Adelajdes. Ajo i ka th\u00c3\u00abn\u00c3\u00ab se duhet t\u00c3\u00ab ngrihej,","breadcrumb":{"@id":"https:\/\/www.visit-ulcinj.com\/blog\/2009\/04\/10\/bjordi-dhe-adela-jam-duke-e-kaluar-masen\/#breadcrumb"},"inLanguage":"en-US","potentialAction":[{"@type":"ReadAction","target":["https:\/\/www.visit-ulcinj.com\/blog\/2009\/04\/10\/bjordi-dhe-adela-jam-duke-e-kaluar-masen\/"]}]},{"@type":"BreadcrumbList","@id":"https:\/\/www.visit-ulcinj.com\/blog\/2009\/04\/10\/bjordi-dhe-adela-jam-duke-e-kaluar-masen\/#breadcrumb","itemListElement":[{"@type":"ListItem","position":1,"name":"Bjordi dhe Adela : Jam duke e kaluar mas\u00ebn"}]},{"@type":"Person","@id":"https:\/\/www.visit-ulcinj.com\/blog\/#\/schema\/person\/dcab619c614d3038751c63bc2aadc06d","name":"ulqini","sameAs":["http:\/\/www.visit-ulcinj.com"],"url":"https:\/\/www.visit-ulcinj.com\/blog\/author\/admin\/"}]}},"jetpack_featured_media_url":"","jetpack_sharing_enabled":true,"jetpack_shortlink":"https:\/\/wp.me\/pe6lTn-4si","_links":{"self":[{"href":"https:\/\/www.visit-ulcinj.com\/blog\/wp-json\/wp\/v2\/posts\/17130"}],"collection":[{"href":"https:\/\/www.visit-ulcinj.com\/blog\/wp-json\/wp\/v2\/posts"}],"about":[{"href":"https:\/\/www.visit-ulcinj.com\/blog\/wp-json\/wp\/v2\/types\/post"}],"author":[{"embeddable":true,"href":"https:\/\/www.visit-ulcinj.com\/blog\/wp-json\/wp\/v2\/users\/1"}],"replies":[{"embeddable":true,"href":"https:\/\/www.visit-ulcinj.com\/blog\/wp-json\/wp\/v2\/comments?post=17130"}],"version-history":[{"count":0,"href":"https:\/\/www.visit-ulcinj.com\/blog\/wp-json\/wp\/v2\/posts\/17130\/revisions"}],"wp:attachment":[{"href":"https:\/\/www.visit-ulcinj.com\/blog\/wp-json\/wp\/v2\/media?parent=17130"}],"wp:term":[{"taxonomy":"category","embeddable":true,"href":"https:\/\/www.visit-ulcinj.com\/blog\/wp-json\/wp\/v2\/categories?post=17130"},{"taxonomy":"post_tag","embeddable":true,"href":"https:\/\/www.visit-ulcinj.com\/blog\/wp-json\/wp\/v2\/tags?post=17130"}],"curies":[{"name":"wp","href":"https:\/\/api.w.org\/{rel}","templated":true}]}}