{"id":17133,"date":"2009-04-10T12:50:23","date_gmt":"2009-04-10T10:50:23","guid":{"rendered":"http:\/\/www.visit-ulcinj.com\/blog\/?p=17133"},"modified":"2009-04-10T12:50:23","modified_gmt":"2009-04-10T10:50:23","slug":"opinione-per-arin","status":"publish","type":"post","link":"https:\/\/www.visit-ulcinj.com\/blog\/2009\/04\/10\/opinione-per-arin\/","title":{"rendered":"Opinione p\u00ebr Arin"},"content":{"rendered":"<p><em><span class=\"newsdate\"><a href=\"http:\/\/www.visit-ulcinj.com\/blog\/wp-content\/uploads\/2009\/04\/ari-duke-diskutuar-copy.jpg\"><img loading=\"lazy\" class=\"alignleft size-full wp-image-17134\" title=\"ari-duke-diskutuar-copy\" src=\"http:\/\/www.visit-ulcinj.com\/blog\/wp-content\/uploads\/2009\/04\/ari-duke-diskutuar-copy.jpg\" alt=\"ari-duke-diskutuar-copy\" width=\"300\" height=\"205\" \/><\/a>06\/04\/09 01:50<\/span><\/em><\/p>\n<p>\u201cSa shum\u00eb q\u00eb flet!\u201d \u2013 i ka th\u00ebn\u00eb Adelajda Bjordit p\u00ebr Arin, nd\u00ebrsa ishin ulur pran\u00eb nj\u00ebri-tjetrit n\u00eb divan. Ajo ka shtuar se ai flet e flet pa pushim. \u201c\u00c7far\u00eb mund t\u00eb b\u00ebj\u00eb tjet\u00ebr?\u201d \u2013 ka th\u00ebn\u00eb Bjordi. \u201cT\u00eb d\u00ebgjoj\u00eb!\u201d i \u00ebsht\u00eb p\u00ebrgjigjur ajo. Nd\u00ebrsa pak m\u00eb von\u00eb dhe vet\u00ebm pak metra m\u00eb tutje, Anjeza i ka th\u00ebn\u00eb Qetsorit se i p\u00eblqente kur fliste Ari, jo vet\u00ebm p\u00ebr temat, m\u00ebnyr\u00ebn, por edhe p\u00ebr argumentet q\u00eb jepte. \u201cKe k\u00ebnaq\u00ebsi ta d\u00ebgjosh!\u201d \u2013 ka th\u00ebn\u00eb ajo.Qetsori \u00ebsht\u00eb bashkuar me mendimin e saj, duke i th\u00ebn\u00eb se Ari ishte shum\u00eb i p\u00ebrgatitur.<\/p>\n","protected":false},"excerpt":{"rendered":"<p>06\/04\/09 01:50 \u201cSa shum\u00eb q\u00eb flet!\u201d \u2013 i ka th\u00ebn\u00eb Adelajda Bjordit p\u00ebr Arin, nd\u00ebrsa ishin ulur pran\u00eb nj\u00ebri-tjetrit n\u00eb divan. Ajo ka shtuar se ai flet e flet pa pushim. \u201c\u00c7far\u00eb mund t\u00eb b\u00ebj\u00eb tjet\u00ebr?\u201d \u2013 ka th\u00ebn\u00eb Bjordi. \u201cT\u00eb d\u00ebgjoj\u00eb!\u201d i \u00ebsht\u00eb p\u00ebrgjigjur ajo. Nd\u00ebrsa pak m\u00eb von\u00eb dhe vet\u00ebm pak metra m\u00eb [&hellip;]<\/p>\n","protected":false},"author":1,"featured_media":0,"comment_status":"open","ping_status":"closed","sticky":false,"template":"","format":"standard","meta":{"spay_email":"","jetpack_publicize_message":"","jetpack_is_tweetstorm":false,"jetpack_publicize_feature_enabled":true},"categories":[6502],"tags":[8784,8775,5057,6506,6516,6712,7129,6522,6900,6891,6693,6887],"jetpack_publicize_connections":[],"yoast_head":"<!-- This site is optimized with the Yoast SEO plugin v19.1 - https:\/\/yoast.com\/wordpress\/plugins\/seo\/ -->\n<title>Opinione p\u00c3\u00abr Arin | Big Brother Albania 2<\/title>\n<meta name=\"description\" content=\"Big Brother Albania 2 - \u00e2\u20ac\u0153Sa shum\u00c3\u00ab q\u00c3\u00ab flet!\u00e2\u20ac\u009d \u00e2\u20ac\u201c i ka th\u00c3\u00abn\u00c3\u00ab Adelajda Bjordit p\u00c3\u00abr Arin, nd\u00c3\u00abrsa ishin ulur pran\u00c3\u00ab nj\u00c3\u00abri-tjetrit n\u00c3\u00ab divan. Ajo ka shtuar se ai flet e flet pa pushim.\" \/>\n<meta name=\"robots\" content=\"index, follow, max-snippet:-1, max-image-preview:large, max-video-preview:-1\" \/>\n<link rel=\"canonical\" href=\"https:\/\/www.visit-ulcinj.com\/blog\/2009\/04\/10\/opinione-per-arin\/\" \/>\n<meta property=\"og:locale\" content=\"en_US\" \/>\n<meta property=\"og:type\" content=\"article\" \/>\n<meta property=\"og:title\" content=\"Opinione p\u00c3\u00abr Arin | Big Brother Albania 2\" \/>\n<meta property=\"og:description\" content=\"Big Brother Albania 2 - \u00e2\u20ac\u0153Sa shum\u00c3\u00ab q\u00c3\u00ab flet!\u00e2\u20ac\u009d \u00e2\u20ac\u201c i ka th\u00c3\u00abn\u00c3\u00ab Adelajda Bjordit p\u00c3\u00abr Arin, nd\u00c3\u00abrsa ishin ulur pran\u00c3\u00ab nj\u00c3\u00abri-tjetrit n\u00c3\u00ab divan. Ajo ka shtuar se ai flet e flet pa pushim.\" \/>\n<meta property=\"og:url\" content=\"https:\/\/www.visit-ulcinj.com\/blog\/2009\/04\/10\/opinione-per-arin\/\" \/>\n<meta property=\"og:site_name\" content=\"Lajme nga Ulqini\" \/>\n<meta property=\"article:published_time\" content=\"2009-04-10T10:50:23+00:00\" \/>\n<meta property=\"og:image\" content=\"http:\/\/www.visit-ulcinj.com\/blog\/wp-content\/uploads\/2009\/04\/ari-duke-diskutuar-copy.jpg\" \/>\n<meta name=\"twitter:label1\" content=\"Written by\" \/>\n\t<meta name=\"twitter:data1\" content=\"ulqini\" \/>\n\t<meta name=\"twitter:label2\" content=\"Est. reading time\" \/>\n\t<meta name=\"twitter:data2\" content=\"1 minute\" \/>\n<script type=\"application\/ld+json\" class=\"yoast-schema-graph\">{\"@context\":\"https:\/\/schema.org\",\"@graph\":[{\"@type\":\"WebSite\",\"@id\":\"https:\/\/www.visit-ulcinj.com\/blog\/#website\",\"url\":\"https:\/\/www.visit-ulcinj.com\/blog\/\",\"name\":\"Lajme nga Ulqini\",\"description\":\"Lajme,Vijesti,Ulqini,Ulqin,Crna Gora,Mali i Zi\",\"potentialAction\":[{\"@type\":\"SearchAction\",\"target\":{\"@type\":\"EntryPoint\",\"urlTemplate\":\"https:\/\/www.visit-ulcinj.com\/blog\/?s={search_term_string}\"},\"query-input\":\"required name=search_term_string\"}],\"inLanguage\":\"en-US\"},{\"@type\":\"ImageObject\",\"inLanguage\":\"en-US\",\"@id\":\"https:\/\/www.visit-ulcinj.com\/blog\/2009\/04\/10\/opinione-per-arin\/#primaryimage\",\"url\":\"http:\/\/www.visit-ulcinj.com\/blog\/wp-content\/uploads\/2009\/04\/ari-duke-diskutuar-copy.jpg\",\"contentUrl\":\"http:\/\/www.visit-ulcinj.com\/blog\/wp-content\/uploads\/2009\/04\/ari-duke-diskutuar-copy.jpg\"},{\"@type\":\"WebPage\",\"@id\":\"https:\/\/www.visit-ulcinj.com\/blog\/2009\/04\/10\/opinione-per-arin\/#webpage\",\"url\":\"https:\/\/www.visit-ulcinj.com\/blog\/2009\/04\/10\/opinione-per-arin\/\",\"name\":\"Opinione p\u00c3\u00abr Arin | Big Brother Albania 2\",\"isPartOf\":{\"@id\":\"https:\/\/www.visit-ulcinj.com\/blog\/#website\"},\"primaryImageOfPage\":{\"@id\":\"https:\/\/www.visit-ulcinj.com\/blog\/2009\/04\/10\/opinione-per-arin\/#primaryimage\"},\"datePublished\":\"2009-04-10T10:50:23+00:00\",\"dateModified\":\"2009-04-10T10:50:23+00:00\",\"author\":{\"@id\":\"https:\/\/www.visit-ulcinj.com\/blog\/#\/schema\/person\/dcab619c614d3038751c63bc2aadc06d\"},\"description\":\"Big Brother Albania 2 - \u00e2\u20ac\u0153Sa shum\u00c3\u00ab q\u00c3\u00ab flet!\u00e2\u20ac\u009d \u00e2\u20ac\u201c i ka th\u00c3\u00abn\u00c3\u00ab Adelajda Bjordit p\u00c3\u00abr Arin, nd\u00c3\u00abrsa ishin ulur pran\u00c3\u00ab nj\u00c3\u00abri-tjetrit n\u00c3\u00ab divan. Ajo ka shtuar se ai flet e flet pa pushim.\",\"breadcrumb\":{\"@id\":\"https:\/\/www.visit-ulcinj.com\/blog\/2009\/04\/10\/opinione-per-arin\/#breadcrumb\"},\"inLanguage\":\"en-US\",\"potentialAction\":[{\"@type\":\"ReadAction\",\"target\":[\"https:\/\/www.visit-ulcinj.com\/blog\/2009\/04\/10\/opinione-per-arin\/\"]}]},{\"@type\":\"BreadcrumbList\",\"@id\":\"https:\/\/www.visit-ulcinj.com\/blog\/2009\/04\/10\/opinione-per-arin\/#breadcrumb\",\"itemListElement\":[{\"@type\":\"ListItem\",\"position\":1,\"name\":\"Opinione p\u00ebr Arin\"}]},{\"@type\":\"Person\",\"@id\":\"https:\/\/www.visit-ulcinj.com\/blog\/#\/schema\/person\/dcab619c614d3038751c63bc2aadc06d\",\"name\":\"ulqini\",\"sameAs\":[\"http:\/\/www.visit-ulcinj.com\"],\"url\":\"https:\/\/www.visit-ulcinj.com\/blog\/author\/admin\/\"}]}<\/script>\n<!-- \/ Yoast SEO plugin. -->","yoast_head_json":{"title":"Opinione p\u00c3\u00abr Arin | Big Brother Albania 2","description":"Big Brother Albania 2 - \u00e2\u20ac\u0153Sa shum\u00c3\u00ab q\u00c3\u00ab flet!\u00e2\u20ac\u009d \u00e2\u20ac\u201c i ka th\u00c3\u00abn\u00c3\u00ab Adelajda Bjordit p\u00c3\u00abr Arin, nd\u00c3\u00abrsa ishin ulur pran\u00c3\u00ab nj\u00c3\u00abri-tjetrit n\u00c3\u00ab divan. Ajo ka shtuar se ai flet e flet pa pushim.","robots":{"index":"index","follow":"follow","max-snippet":"max-snippet:-1","max-image-preview":"max-image-preview:large","max-video-preview":"max-video-preview:-1"},"canonical":"https:\/\/www.visit-ulcinj.com\/blog\/2009\/04\/10\/opinione-per-arin\/","og_locale":"en_US","og_type":"article","og_title":"Opinione p\u00c3\u00abr Arin | Big Brother Albania 2","og_description":"Big Brother Albania 2 - \u00e2\u20ac\u0153Sa shum\u00c3\u00ab q\u00c3\u00ab flet!\u00e2\u20ac\u009d \u00e2\u20ac\u201c i ka th\u00c3\u00abn\u00c3\u00ab Adelajda Bjordit p\u00c3\u00abr Arin, nd\u00c3\u00abrsa ishin ulur pran\u00c3\u00ab nj\u00c3\u00abri-tjetrit n\u00c3\u00ab divan. Ajo ka shtuar se ai flet e flet pa pushim.","og_url":"https:\/\/www.visit-ulcinj.com\/blog\/2009\/04\/10\/opinione-per-arin\/","og_site_name":"Lajme nga Ulqini","article_published_time":"2009-04-10T10:50:23+00:00","og_image":[{"url":"http:\/\/www.visit-ulcinj.com\/blog\/wp-content\/uploads\/2009\/04\/ari-duke-diskutuar-copy.jpg"}],"twitter_misc":{"Written by":"ulqini","Est. reading time":"1 minute"},"schema":{"@context":"https:\/\/schema.org","@graph":[{"@type":"WebSite","@id":"https:\/\/www.visit-ulcinj.com\/blog\/#website","url":"https:\/\/www.visit-ulcinj.com\/blog\/","name":"Lajme nga Ulqini","description":"Lajme,Vijesti,Ulqini,Ulqin,Crna Gora,Mali i Zi","potentialAction":[{"@type":"SearchAction","target":{"@type":"EntryPoint","urlTemplate":"https:\/\/www.visit-ulcinj.com\/blog\/?s={search_term_string}"},"query-input":"required name=search_term_string"}],"inLanguage":"en-US"},{"@type":"ImageObject","inLanguage":"en-US","@id":"https:\/\/www.visit-ulcinj.com\/blog\/2009\/04\/10\/opinione-per-arin\/#primaryimage","url":"http:\/\/www.visit-ulcinj.com\/blog\/wp-content\/uploads\/2009\/04\/ari-duke-diskutuar-copy.jpg","contentUrl":"http:\/\/www.visit-ulcinj.com\/blog\/wp-content\/uploads\/2009\/04\/ari-duke-diskutuar-copy.jpg"},{"@type":"WebPage","@id":"https:\/\/www.visit-ulcinj.com\/blog\/2009\/04\/10\/opinione-per-arin\/#webpage","url":"https:\/\/www.visit-ulcinj.com\/blog\/2009\/04\/10\/opinione-per-arin\/","name":"Opinione p\u00c3\u00abr Arin | Big Brother Albania 2","isPartOf":{"@id":"https:\/\/www.visit-ulcinj.com\/blog\/#website"},"primaryImageOfPage":{"@id":"https:\/\/www.visit-ulcinj.com\/blog\/2009\/04\/10\/opinione-per-arin\/#primaryimage"},"datePublished":"2009-04-10T10:50:23+00:00","dateModified":"2009-04-10T10:50:23+00:00","author":{"@id":"https:\/\/www.visit-ulcinj.com\/blog\/#\/schema\/person\/dcab619c614d3038751c63bc2aadc06d"},"description":"Big Brother Albania 2 - \u00e2\u20ac\u0153Sa shum\u00c3\u00ab q\u00c3\u00ab flet!\u00e2\u20ac\u009d \u00e2\u20ac\u201c i ka th\u00c3\u00abn\u00c3\u00ab Adelajda Bjordit p\u00c3\u00abr Arin, nd\u00c3\u00abrsa ishin ulur pran\u00c3\u00ab nj\u00c3\u00abri-tjetrit n\u00c3\u00ab divan. Ajo ka shtuar se ai flet e flet pa pushim.","breadcrumb":{"@id":"https:\/\/www.visit-ulcinj.com\/blog\/2009\/04\/10\/opinione-per-arin\/#breadcrumb"},"inLanguage":"en-US","potentialAction":[{"@type":"ReadAction","target":["https:\/\/www.visit-ulcinj.com\/blog\/2009\/04\/10\/opinione-per-arin\/"]}]},{"@type":"BreadcrumbList","@id":"https:\/\/www.visit-ulcinj.com\/blog\/2009\/04\/10\/opinione-per-arin\/#breadcrumb","itemListElement":[{"@type":"ListItem","position":1,"name":"Opinione p\u00ebr Arin"}]},{"@type":"Person","@id":"https:\/\/www.visit-ulcinj.com\/blog\/#\/schema\/person\/dcab619c614d3038751c63bc2aadc06d","name":"ulqini","sameAs":["http:\/\/www.visit-ulcinj.com"],"url":"https:\/\/www.visit-ulcinj.com\/blog\/author\/admin\/"}]}},"jetpack_featured_media_url":"","jetpack_sharing_enabled":true,"jetpack_shortlink":"https:\/\/wp.me\/pe6lTn-4sl","_links":{"self":[{"href":"https:\/\/www.visit-ulcinj.com\/blog\/wp-json\/wp\/v2\/posts\/17133"}],"collection":[{"href":"https:\/\/www.visit-ulcinj.com\/blog\/wp-json\/wp\/v2\/posts"}],"about":[{"href":"https:\/\/www.visit-ulcinj.com\/blog\/wp-json\/wp\/v2\/types\/post"}],"author":[{"embeddable":true,"href":"https:\/\/www.visit-ulcinj.com\/blog\/wp-json\/wp\/v2\/users\/1"}],"replies":[{"embeddable":true,"href":"https:\/\/www.visit-ulcinj.com\/blog\/wp-json\/wp\/v2\/comments?post=17133"}],"version-history":[{"count":0,"href":"https:\/\/www.visit-ulcinj.com\/blog\/wp-json\/wp\/v2\/posts\/17133\/revisions"}],"wp:attachment":[{"href":"https:\/\/www.visit-ulcinj.com\/blog\/wp-json\/wp\/v2\/media?parent=17133"}],"wp:term":[{"taxonomy":"category","embeddable":true,"href":"https:\/\/www.visit-ulcinj.com\/blog\/wp-json\/wp\/v2\/categories?post=17133"},{"taxonomy":"post_tag","embeddable":true,"href":"https:\/\/www.visit-ulcinj.com\/blog\/wp-json\/wp\/v2\/tags?post=17133"}],"curies":[{"name":"wp","href":"https:\/\/api.w.org\/{rel}","templated":true}]}}