{"id":17136,"date":"2009-04-10T12:52:54","date_gmt":"2009-04-10T10:52:54","guid":{"rendered":"http:\/\/www.visit-ulcinj.com\/blog\/?p=17136"},"modified":"2009-04-10T12:52:54","modified_gmt":"2009-04-10T10:52:54","slug":"adelajda-eshte-fati-ai-qe-vendos","status":"publish","type":"post","link":"https:\/\/www.visit-ulcinj.com\/blog\/2009\/04\/10\/adelajda-eshte-fati-ai-qe-vendos\/","title":{"rendered":"Adelajda : \u00cbsht\u00eb fati ai q\u00eb vendos"},"content":{"rendered":"<p><em><span class=\"newsdate\"><a href=\"http:\/\/www.visit-ulcinj.com\/blog\/wp-content\/uploads\/2009\/04\/debati-per-fene.jpg\"><img loading=\"lazy\" class=\"alignleft size-full wp-image-17137\" title=\"debati-per-fene-big-brother-albania-2\" src=\"http:\/\/www.visit-ulcinj.com\/blog\/wp-content\/uploads\/2009\/04\/debati-per-fene.jpg\" alt=\"debati-per-fene-big-brother-albania-2\" width=\"300\" height=\"205\" \/><\/a>06\/04\/09 02:33<\/span><\/em><\/p>\n<p>Adelajda e ka pyetur Arin n\u00ebse ai besonte n\u00eb nj\u00eb fuqi t\u00eb mbinatyrshme, pa marr\u00eb parasysh k\u00ebtu besimet e ndryshme dhe ai i \u00ebsht\u00eb p\u00ebrgjigjur se shpeshher\u00eb, kur gj\u00ebrat apo situatat kalojn\u00eb p\u00ebrtej shpjegimeve t\u00eb tij, apo gjen qet\u00ebsi dhe shpres\u00eb n\u00eb besimin e ekzistenc\u00ebs s\u00eb bot\u00ebs s\u00eb p\u00ebrtejme, ai sheh si p\u00ebrgjigje pik\u00ebrisht pranin\u00eb e nj\u00eb fuqie t\u00eb mbinatyrshme. \u201cUn\u00eb besoj n\u00eb zot! &#8211; ka th\u00ebn\u00eb ai, -kam shum\u00eb respekt p\u00ebr fet\u00eb, por nuk u besoj formateve q\u00eb m\u00eb jan\u00eb ofruar, librave q\u00eb i ka shkruar dikush e m\u2019i jep mua t\u2019i lexoj!\u201d. Adelajda e ka pyetur n\u00ebse ai beson se gj\u00ebrat kan\u00eb ndodhur, ndodhin dhe do t\u00eb ndodhin vetvetiu, apo sepse \u00ebsht\u00eb dikush q\u00eb i komandon. Ari i \u00ebsht\u00eb p\u00ebrgjigjur se ai nuk e besonte kurr\u00eb k\u00ebt\u00eb, q\u00eb t\u00eb ishte dikush q\u00eb i komandonte gj\u00ebrat dhe n\u00ebse kjo do t\u00eb ishte e v\u00ebrtet\u00eb, at\u00ebher\u00eb ky dikush do t\u00eb ishte fajtori p\u00ebr t\u00eb gjitha posht\u00ebrsit\u00eb e k\u00ebsaj bote. \u201cN\u00ebse qenka ai q\u00eb na ka krijuar k\u00ebshtu, ose ai paska nj\u00eb q\u00ebllim cinik ndaj nesh, ose nuk ka ditur ta b\u00ebj\u00eb mir\u00eb!\u201d- ka th\u00ebn\u00eb Ari. Adelajda ka marr\u00eb si shembull nj\u00eb pal\u00eb pantallona q\u00eb njeriu i zgjedh vet, i qep vet, i shkurton n\u00ebse i mbushet mendja ta b\u00ebj\u00eb dhe i djeg apo i zhduk fare, sepse nuk i p\u00eblqejn\u00eb m\u00eb; ato jan\u00eb t\u00eb vetat dhe ai mund t\u00eb b\u00ebj\u00eb \u00e7\u2019t\u00eb doj\u00eb. N\u00eb analogji me k\u00ebt\u00eb ajo ka th\u00ebn\u00eb:\u201dA nuk mendon se dhe ai ka t\u00eb drejt\u00eb t\u00eb b\u00ebj\u00eb \u00e7\u2019t\u00eb doj\u00eb me ne, p\u00ebrsa koh\u00eb q\u00eb jemi krijesa t\u00eb tij?\u201d Adelajda ka vazhduar duke pyetur n\u00ebse do t\u00eb ishte m\u00eb mir\u00eb dhe m\u00eb leht\u00ebsuese q\u00eb p\u00ebr gjith\u00eb ato t\u00eb k\u00ebqija q\u00eb po kalon njer\u00ebzimi sot, q\u00eb ai kishte p\u00ebrmendur, shkaktari t\u00eb ishte dikush tjet\u00ebr dhe jo njer\u00ebzit. Ai \u00ebsht\u00eb shprehur se p\u00ebrsa u p\u00ebrkiste besimeve t\u00eb ndryshme, m\u00eb shum\u00eb e gjente veten m\u00eb pran\u00eb fes\u00eb budiste, sepse ajo t\u00eb m\u00ebsonte t\u00eb respektoje natyr\u00ebn p\u00ebrreth, pasi besimi baz\u00eb i saj ishte inkarnimi p\u00ebr 7 her\u00eb rresht n\u00eb jogjallesa e gjallesa t\u00eb ndryshme. Dhe sipas tij, isht\u00eb fati ai q\u00eb i vendoste gj\u00ebrat.<\/p>\n","protected":false},"excerpt":{"rendered":"<p>06\/04\/09 02:33 Adelajda e ka pyetur Arin n\u00ebse ai besonte n\u00eb nj\u00eb fuqi t\u00eb mbinatyrshme, pa marr\u00eb parasysh k\u00ebtu besimet e ndryshme dhe ai i \u00ebsht\u00eb p\u00ebrgjigjur se shpeshher\u00eb, kur gj\u00ebrat apo situatat kalojn\u00eb p\u00ebrtej shpjegimeve t\u00eb tij, apo gjen qet\u00ebsi dhe shpres\u00eb n\u00eb besimin e ekzistenc\u00ebs s\u00eb bot\u00ebs s\u00eb p\u00ebrtejme, ai sheh si p\u00ebrgjigje [&hellip;]<\/p>\n","protected":false},"author":1,"featured_media":0,"comment_status":"open","ping_status":"closed","sticky":false,"template":"","format":"standard","meta":{"spay_email":"","jetpack_publicize_message":"","jetpack_is_tweetstorm":false,"jetpack_publicize_feature_enabled":true},"categories":[6502],"tags":[6529,8775,5057,6506,6516,6712,7129,6544,6891,6693,6887],"jetpack_publicize_connections":[],"yoast_head":"<!-- This site is optimized with the Yoast SEO plugin v19.1 - https:\/\/yoast.com\/wordpress\/plugins\/seo\/ -->\n<title>Adelajda : \u00c3\u2039sht\u00c3\u00ab fati ai q\u00c3\u00ab vendos | Big Brother Albania 2<\/title>\n<meta name=\"description\" content=\"Big Brother Albania 2 - Adelajda e ka pyetur Arin n\u00c3\u00abse ai besonte n\u00c3\u00ab nj\u00c3\u00ab fuqi t\u00c3\u00ab mbinatyrshme, pa marr\u00c3\u00ab parasysh k\u00c3\u00abtu besimet e ndryshme dhe ai i \u00c3\u00absht\u00c3\u00ab p\u00c3\u00abrgjigjur se shpeshher\" \/>\n<meta name=\"robots\" content=\"index, follow, max-snippet:-1, max-image-preview:large, max-video-preview:-1\" \/>\n<link rel=\"canonical\" href=\"https:\/\/www.visit-ulcinj.com\/blog\/2009\/04\/10\/adelajda-eshte-fati-ai-qe-vendos\/\" \/>\n<meta property=\"og:locale\" content=\"en_US\" \/>\n<meta property=\"og:type\" content=\"article\" \/>\n<meta property=\"og:title\" content=\"Adelajda : \u00c3\u2039sht\u00c3\u00ab fati ai q\u00c3\u00ab vendos | Big Brother Albania 2\" \/>\n<meta property=\"og:description\" content=\"Big Brother Albania 2 - Adelajda e ka pyetur Arin n\u00c3\u00abse ai besonte n\u00c3\u00ab nj\u00c3\u00ab fuqi t\u00c3\u00ab mbinatyrshme, pa marr\u00c3\u00ab parasysh k\u00c3\u00abtu besimet e ndryshme dhe ai i \u00c3\u00absht\u00c3\u00ab p\u00c3\u00abrgjigjur se shpeshher\" \/>\n<meta property=\"og:url\" content=\"https:\/\/www.visit-ulcinj.com\/blog\/2009\/04\/10\/adelajda-eshte-fati-ai-qe-vendos\/\" \/>\n<meta property=\"og:site_name\" content=\"Lajme nga Ulqini\" \/>\n<meta property=\"article:published_time\" content=\"2009-04-10T10:52:54+00:00\" \/>\n<meta property=\"og:image\" content=\"http:\/\/www.visit-ulcinj.com\/blog\/wp-content\/uploads\/2009\/04\/debati-per-fene.jpg\" \/>\n<meta name=\"twitter:label1\" content=\"Written by\" \/>\n\t<meta name=\"twitter:data1\" content=\"ulqini\" \/>\n\t<meta name=\"twitter:label2\" content=\"Est. reading time\" \/>\n\t<meta name=\"twitter:data2\" content=\"2 minutes\" \/>\n<script type=\"application\/ld+json\" class=\"yoast-schema-graph\">{\"@context\":\"https:\/\/schema.org\",\"@graph\":[{\"@type\":\"WebSite\",\"@id\":\"https:\/\/www.visit-ulcinj.com\/blog\/#website\",\"url\":\"https:\/\/www.visit-ulcinj.com\/blog\/\",\"name\":\"Lajme nga Ulqini\",\"description\":\"Lajme,Vijesti,Ulqini,Ulqin,Crna Gora,Mali i Zi\",\"potentialAction\":[{\"@type\":\"SearchAction\",\"target\":{\"@type\":\"EntryPoint\",\"urlTemplate\":\"https:\/\/www.visit-ulcinj.com\/blog\/?s={search_term_string}\"},\"query-input\":\"required name=search_term_string\"}],\"inLanguage\":\"en-US\"},{\"@type\":\"ImageObject\",\"inLanguage\":\"en-US\",\"@id\":\"https:\/\/www.visit-ulcinj.com\/blog\/2009\/04\/10\/adelajda-eshte-fati-ai-qe-vendos\/#primaryimage\",\"url\":\"http:\/\/www.visit-ulcinj.com\/blog\/wp-content\/uploads\/2009\/04\/debati-per-fene.jpg\",\"contentUrl\":\"http:\/\/www.visit-ulcinj.com\/blog\/wp-content\/uploads\/2009\/04\/debati-per-fene.jpg\"},{\"@type\":\"WebPage\",\"@id\":\"https:\/\/www.visit-ulcinj.com\/blog\/2009\/04\/10\/adelajda-eshte-fati-ai-qe-vendos\/#webpage\",\"url\":\"https:\/\/www.visit-ulcinj.com\/blog\/2009\/04\/10\/adelajda-eshte-fati-ai-qe-vendos\/\",\"name\":\"Adelajda : \u00c3\u2039sht\u00c3\u00ab fati ai q\u00c3\u00ab vendos | Big Brother Albania 2\",\"isPartOf\":{\"@id\":\"https:\/\/www.visit-ulcinj.com\/blog\/#website\"},\"primaryImageOfPage\":{\"@id\":\"https:\/\/www.visit-ulcinj.com\/blog\/2009\/04\/10\/adelajda-eshte-fati-ai-qe-vendos\/#primaryimage\"},\"datePublished\":\"2009-04-10T10:52:54+00:00\",\"dateModified\":\"2009-04-10T10:52:54+00:00\",\"author\":{\"@id\":\"https:\/\/www.visit-ulcinj.com\/blog\/#\/schema\/person\/dcab619c614d3038751c63bc2aadc06d\"},\"description\":\"Big Brother Albania 2 - Adelajda e ka pyetur Arin n\u00c3\u00abse ai besonte n\u00c3\u00ab nj\u00c3\u00ab fuqi t\u00c3\u00ab mbinatyrshme, pa marr\u00c3\u00ab parasysh k\u00c3\u00abtu besimet e ndryshme dhe ai i \u00c3\u00absht\u00c3\u00ab p\u00c3\u00abrgjigjur se shpeshher\",\"breadcrumb\":{\"@id\":\"https:\/\/www.visit-ulcinj.com\/blog\/2009\/04\/10\/adelajda-eshte-fati-ai-qe-vendos\/#breadcrumb\"},\"inLanguage\":\"en-US\",\"potentialAction\":[{\"@type\":\"ReadAction\",\"target\":[\"https:\/\/www.visit-ulcinj.com\/blog\/2009\/04\/10\/adelajda-eshte-fati-ai-qe-vendos\/\"]}]},{\"@type\":\"BreadcrumbList\",\"@id\":\"https:\/\/www.visit-ulcinj.com\/blog\/2009\/04\/10\/adelajda-eshte-fati-ai-qe-vendos\/#breadcrumb\",\"itemListElement\":[{\"@type\":\"ListItem\",\"position\":1,\"name\":\"Adelajda : \u00cbsht\u00eb fati ai q\u00eb vendos\"}]},{\"@type\":\"Person\",\"@id\":\"https:\/\/www.visit-ulcinj.com\/blog\/#\/schema\/person\/dcab619c614d3038751c63bc2aadc06d\",\"name\":\"ulqini\",\"sameAs\":[\"http:\/\/www.visit-ulcinj.com\"],\"url\":\"https:\/\/www.visit-ulcinj.com\/blog\/author\/admin\/\"}]}<\/script>\n<!-- \/ Yoast SEO plugin. -->","yoast_head_json":{"title":"Adelajda : \u00c3\u2039sht\u00c3\u00ab fati ai q\u00c3\u00ab vendos | Big Brother Albania 2","description":"Big Brother Albania 2 - Adelajda e ka pyetur Arin n\u00c3\u00abse ai besonte n\u00c3\u00ab nj\u00c3\u00ab fuqi t\u00c3\u00ab mbinatyrshme, pa marr\u00c3\u00ab parasysh k\u00c3\u00abtu besimet e ndryshme dhe ai i \u00c3\u00absht\u00c3\u00ab p\u00c3\u00abrgjigjur se shpeshher","robots":{"index":"index","follow":"follow","max-snippet":"max-snippet:-1","max-image-preview":"max-image-preview:large","max-video-preview":"max-video-preview:-1"},"canonical":"https:\/\/www.visit-ulcinj.com\/blog\/2009\/04\/10\/adelajda-eshte-fati-ai-qe-vendos\/","og_locale":"en_US","og_type":"article","og_title":"Adelajda : \u00c3\u2039sht\u00c3\u00ab fati ai q\u00c3\u00ab vendos | Big Brother Albania 2","og_description":"Big Brother Albania 2 - Adelajda e ka pyetur Arin n\u00c3\u00abse ai besonte n\u00c3\u00ab nj\u00c3\u00ab fuqi t\u00c3\u00ab mbinatyrshme, pa marr\u00c3\u00ab parasysh k\u00c3\u00abtu besimet e ndryshme dhe ai i \u00c3\u00absht\u00c3\u00ab p\u00c3\u00abrgjigjur se shpeshher","og_url":"https:\/\/www.visit-ulcinj.com\/blog\/2009\/04\/10\/adelajda-eshte-fati-ai-qe-vendos\/","og_site_name":"Lajme nga Ulqini","article_published_time":"2009-04-10T10:52:54+00:00","og_image":[{"url":"http:\/\/www.visit-ulcinj.com\/blog\/wp-content\/uploads\/2009\/04\/debati-per-fene.jpg"}],"twitter_misc":{"Written by":"ulqini","Est. reading time":"2 minutes"},"schema":{"@context":"https:\/\/schema.org","@graph":[{"@type":"WebSite","@id":"https:\/\/www.visit-ulcinj.com\/blog\/#website","url":"https:\/\/www.visit-ulcinj.com\/blog\/","name":"Lajme nga Ulqini","description":"Lajme,Vijesti,Ulqini,Ulqin,Crna Gora,Mali i Zi","potentialAction":[{"@type":"SearchAction","target":{"@type":"EntryPoint","urlTemplate":"https:\/\/www.visit-ulcinj.com\/blog\/?s={search_term_string}"},"query-input":"required name=search_term_string"}],"inLanguage":"en-US"},{"@type":"ImageObject","inLanguage":"en-US","@id":"https:\/\/www.visit-ulcinj.com\/blog\/2009\/04\/10\/adelajda-eshte-fati-ai-qe-vendos\/#primaryimage","url":"http:\/\/www.visit-ulcinj.com\/blog\/wp-content\/uploads\/2009\/04\/debati-per-fene.jpg","contentUrl":"http:\/\/www.visit-ulcinj.com\/blog\/wp-content\/uploads\/2009\/04\/debati-per-fene.jpg"},{"@type":"WebPage","@id":"https:\/\/www.visit-ulcinj.com\/blog\/2009\/04\/10\/adelajda-eshte-fati-ai-qe-vendos\/#webpage","url":"https:\/\/www.visit-ulcinj.com\/blog\/2009\/04\/10\/adelajda-eshte-fati-ai-qe-vendos\/","name":"Adelajda : \u00c3\u2039sht\u00c3\u00ab fati ai q\u00c3\u00ab vendos | Big Brother Albania 2","isPartOf":{"@id":"https:\/\/www.visit-ulcinj.com\/blog\/#website"},"primaryImageOfPage":{"@id":"https:\/\/www.visit-ulcinj.com\/blog\/2009\/04\/10\/adelajda-eshte-fati-ai-qe-vendos\/#primaryimage"},"datePublished":"2009-04-10T10:52:54+00:00","dateModified":"2009-04-10T10:52:54+00:00","author":{"@id":"https:\/\/www.visit-ulcinj.com\/blog\/#\/schema\/person\/dcab619c614d3038751c63bc2aadc06d"},"description":"Big Brother Albania 2 - Adelajda e ka pyetur Arin n\u00c3\u00abse ai besonte n\u00c3\u00ab nj\u00c3\u00ab fuqi t\u00c3\u00ab mbinatyrshme, pa marr\u00c3\u00ab parasysh k\u00c3\u00abtu besimet e ndryshme dhe ai i \u00c3\u00absht\u00c3\u00ab p\u00c3\u00abrgjigjur se shpeshher","breadcrumb":{"@id":"https:\/\/www.visit-ulcinj.com\/blog\/2009\/04\/10\/adelajda-eshte-fati-ai-qe-vendos\/#breadcrumb"},"inLanguage":"en-US","potentialAction":[{"@type":"ReadAction","target":["https:\/\/www.visit-ulcinj.com\/blog\/2009\/04\/10\/adelajda-eshte-fati-ai-qe-vendos\/"]}]},{"@type":"BreadcrumbList","@id":"https:\/\/www.visit-ulcinj.com\/blog\/2009\/04\/10\/adelajda-eshte-fati-ai-qe-vendos\/#breadcrumb","itemListElement":[{"@type":"ListItem","position":1,"name":"Adelajda : \u00cbsht\u00eb fati ai q\u00eb vendos"}]},{"@type":"Person","@id":"https:\/\/www.visit-ulcinj.com\/blog\/#\/schema\/person\/dcab619c614d3038751c63bc2aadc06d","name":"ulqini","sameAs":["http:\/\/www.visit-ulcinj.com"],"url":"https:\/\/www.visit-ulcinj.com\/blog\/author\/admin\/"}]}},"jetpack_featured_media_url":"","jetpack_sharing_enabled":true,"jetpack_shortlink":"https:\/\/wp.me\/pe6lTn-4so","_links":{"self":[{"href":"https:\/\/www.visit-ulcinj.com\/blog\/wp-json\/wp\/v2\/posts\/17136"}],"collection":[{"href":"https:\/\/www.visit-ulcinj.com\/blog\/wp-json\/wp\/v2\/posts"}],"about":[{"href":"https:\/\/www.visit-ulcinj.com\/blog\/wp-json\/wp\/v2\/types\/post"}],"author":[{"embeddable":true,"href":"https:\/\/www.visit-ulcinj.com\/blog\/wp-json\/wp\/v2\/users\/1"}],"replies":[{"embeddable":true,"href":"https:\/\/www.visit-ulcinj.com\/blog\/wp-json\/wp\/v2\/comments?post=17136"}],"version-history":[{"count":0,"href":"https:\/\/www.visit-ulcinj.com\/blog\/wp-json\/wp\/v2\/posts\/17136\/revisions"}],"wp:attachment":[{"href":"https:\/\/www.visit-ulcinj.com\/blog\/wp-json\/wp\/v2\/media?parent=17136"}],"wp:term":[{"taxonomy":"category","embeddable":true,"href":"https:\/\/www.visit-ulcinj.com\/blog\/wp-json\/wp\/v2\/categories?post=17136"},{"taxonomy":"post_tag","embeddable":true,"href":"https:\/\/www.visit-ulcinj.com\/blog\/wp-json\/wp\/v2\/tags?post=17136"}],"curies":[{"name":"wp","href":"https:\/\/api.w.org\/{rel}","templated":true}]}}